{"id":11678,"date":"2024-07-03T18:32:06","date_gmt":"2024-07-03T18:32:06","guid":{"rendered":"https:\/\/blog.oobj.com.br\/?p=11678"},"modified":"2025-11-17T10:51:42","modified_gmt":"2025-11-17T13:51:42","slug":"reforma-tributaria-e-seus-efeitos-a-longo-prazo","status":"publish","type":"post","link":"https:\/\/site.avalarabrasil.com.br\/reforma-tributaria\/reforma-tributaria-e-seus-efeitos-a-longo-prazo\/","title":{"rendered":"Reforma Tribut\u00e1ria: como est\u00e1 a aprova\u00e7\u00e3o e seus efeitos a longo prazo"},"content":{"rendered":"\n<p><span style=\"font-weight: 400;\">A Reforma Tribut\u00e1ria em curso representa um grande marco na estrutura fiscal do Brasil, introduzindo grandes mudan\u00e7as que impactam empresas e cidad\u00e3os.&nbsp;<\/span><\/p>\n\n\n\n<p><span style=\"font-weight: 400;\">Pensando em auxiliar nesse processo de mudan\u00e7as, preparamos um artigo completo para entender como est\u00e1 a aprova\u00e7\u00e3o, seus efeitos a longo prazo e como a sua empresa precisa se preparar para essa mudan\u00e7a:&nbsp;<\/span><\/p>\n\n\n\n<h2 class=\"wp-block-heading\"><b>O que \u00e9 a reforma tribut\u00e1ria?&nbsp;<\/b><\/h2>\n\n\n\n<p><span style=\"font-weight: 400;\">No Brasil, o objetivo principal \u00e9 simplificar o atual sistema, que \u00e9 considerado um dos mais <\/span><span style=\"font-weight: 400;\">complexos<\/span><span style=\"font-weight: 400;\"> do mundo.<\/span><\/p>\n\n\n\n<p><span style=\"font-weight: 400;\">Em m\u00e9dia, s\u00e3o criadas 46 novas regras tribut\u00e1rias a cada dia \u00fatil, e 320 mil regras tribut\u00e1rias existentes atualmente.&nbsp;<\/span><\/p>\n\n\n\n<p><span style=\"font-weight: 400;\">Esse n\u00famero expressivo de normas evidencia a complexidade do sistema tribut\u00e1rio brasileiro e o desafio constante para as empresas se manterem atualizadas e em conformidade.<\/span><\/p>\n\n\n\n<p><span style=\"font-weight: 400;\">Por isso, as propostas de reforma buscam eliminar a sobreposi\u00e7\u00e3o de tributos, reduzir a burocracia e promover uma distribui\u00e7\u00e3o mais justa da carga tribut\u00e1ria entre cidad\u00e3os e empresas.<\/span><\/p>\n\n\n\n<p><span style=\"font-weight: 400;\">A necessidade de uma nova reforma tribut\u00e1ria \u00e9 evidente: o sistema atual \u00e9 criticado por ser ineficiente e por criar distor\u00e7\u00f5es econ\u00f4micas.&nbsp;<\/span><\/p>\n\n\n\n<p><span style=\"font-weight: 400;\">As empresas gastam uma grande quantidade de recursos apenas para cumprir obriga\u00e7\u00f5es fiscais, o que diminui a competitividade e o crescimento econ\u00f4mico.&nbsp;<\/span><\/p>\n\n\n\n<p><span style=\"font-weight: 400;\">Al\u00e9m disso, a complexidade do sistema acaba promovendo a sonega\u00e7\u00e3o e dificultando a fiscaliza\u00e7\u00e3o.<\/span><\/p>\n\n\n\n<h2 class=\"wp-block-heading\"><b>Como est\u00e1 a aprova\u00e7\u00e3o da Reforma Tribut\u00e1ria?<\/b><\/h2>\n\n\n\n<p><span style=\"font-weight: 400;\">A proposta da reforma tribut\u00e1ria prev\u00ea a simplifica\u00e7\u00e3o na forma como s\u00e3o cobrados os tributos no pa\u00eds, para isso, unifica <a href=\"https:\/\/blog.oobj.com.br\/reforma-tributaria-icms\/\">ICMS<\/a>, ISS, IPI, PIS e COFINS criando o Imposto Sobre o Valor Agregado (IVA) Dual. Confira as principais propostas e mudan\u00e7as:&nbsp;<\/span><\/p>\n\n\n\n<h3 class=\"wp-block-heading\"><b>Principais propostas e mudan\u00e7as<\/b><\/h3>\n\n\n\n<p><span style=\"font-weight: 400;\">Em 2023, foi&nbsp; entregue a primeira proposta de regulamenta\u00e7\u00e3o da reforma tribut\u00e1ria, um projeto que define as regras desse processo.&nbsp;<\/span><\/p>\n\n\n\n<p><span style=\"font-weight: 400;\">Essa etapa \u00e9 importante porque demonstra a preocupa\u00e7\u00e3o com uma reforma que verdadeiramente funcione e estabelece as normas a serem seguidas.<\/span><\/p>\n\n\n\n<p><span style=\"font-weight: 400;\">A<\/span><span style=\"font-weight: 400;\">s propostas atuais de reforma tribut\u00e1ria incluem a cria\u00e7\u00e3o de um imposto \u00fanico sobre valor agregado (IVA), que substituiria v\u00e1rios tributos federais, estaduais e municipais, visando simplificar a cobran\u00e7a de impostos e reduzir a carga burocr\u00e1tica.<\/span><\/p>\n\n\n\n<p><span style=\"font-weight: 400;\">Para refrescar a mem\u00f3ria, a reforma foi aprovada no ano passado, e alguns pontos seriam discutidos no futuro.&nbsp;<\/span><\/p>\n\n\n\n<p><span style=\"font-weight: 400;\">Um desses pontos \u00e9 a al\u00edquota do novo IVA, onde o projeto de lei, que agora segue para o Congresso, cont\u00e9m mais de 300 p\u00e1ginas e quase 500 artigos. Confira os principais pontos:&nbsp;<\/span><\/p>\n\n\n\n<ul class=\"wp-block-list\">\n<li><b>Al\u00edquota do novo IVA: <\/b><span style=\"font-weight: 400;\">entre 25,7% e 27,3%, com uma m\u00e9dia aproximada de 26,5%. Ser\u00e1 definida posteriormente.<\/span><\/li>\n\n\n\n<li><b>Cashback do povo:<\/b><span style=\"font-weight: 400;\"> devolver\u00e1 at\u00e9 50% dos tributos de luz, \u00e1gua, esgoto e g\u00e1s natural e at\u00e9 100% no g\u00e1s. Benefici\u00e1rios s\u00e3o aqueles com renda per capita de at\u00e9 meio sal\u00e1rio-m\u00ednimo e inscritos no CAD \u00fanico.<\/span><\/li>\n\n\n\n<li><b>Redu\u00e7\u00e3o em 30% das al\u00edquotas de IBS e CBS:<\/b><span style=\"font-weight: 400;\"> em 18 profiss\u00f5es regulamentadas de presta\u00e7\u00e3o de servi\u00e7o. Considerando a al\u00edquota m\u00e9dia de 26,5%, esses profissionais seriam tributados em 18,6%. As profiss\u00f5es incluem administradores, advogados, arquitetos e urbanistas, contabilistas, economistas, engenheiros, entre outros.<\/span><\/li>\n\n\n\n<li><b>Defini\u00e7\u00e3o dos produtos\/produ\u00e7\u00f5es\/bens e servi\u00e7os com al\u00edquota 0 ou reduzida em 60%:<\/b><span style=\"font-weight: 400;\"> Exemplos de al\u00edquota zero incluem arroz, manteiga, leite, feij\u00f5es, caf\u00e9 e \u00f3leo de soja.<\/span><\/li>\n\n\n\n<li><b>Al\u00edquota maior:<\/b><span style=\"font-weight: 400;\"> definida posteriormente por lei ordin\u00e1ria, para ve\u00edculos e produtos danosos \u00e0 sa\u00fade. Exemplos incluem ve\u00edculos poluentes, bebidas alco\u00f3licas e cigarros.<\/span><\/li>\n\n\n\n<li><b>Regras para regulamenta\u00e7\u00e3o, interpreta\u00e7\u00e3o, obriga\u00e7\u00f5es acess\u00f3rias, fiscaliza\u00e7\u00e3o e constitui\u00e7\u00e3o do cr\u00e9dito tribut\u00e1rio do IBS e da CBS: <\/b><span style=\"font-weight: 400;\">bem como as regras de transi\u00e7\u00e3o, reequil\u00edbrio de contratos e utiliza\u00e7\u00e3o de saldos credores apurados no regime anterior para os dois tributos.<\/span><\/li>\n<\/ul>\n\n\n\n<h2 class=\"wp-block-heading\"><b>Quais tributos ser\u00e3o extintos com a reforma tribut\u00e1ria?<\/b><\/h2>\n\n\n\n<p><span style=\"font-weight: 400;\">A reforma tribut\u00e1ria prop\u00f5e a extin\u00e7\u00e3o de diversos tributos, tanto a n\u00edvel federal quanto local, visando simplificar o sistema tribut\u00e1rio brasileiro. Vejamos quais s\u00e3o eles:<\/span><\/p>\n\n\n\n<h3 class=\"wp-block-heading\"><strong>Tributos federais que ser\u00e3o extintos<\/strong><\/h3>\n\n\n\n<p><span style=\"font-weight: 400;\">Os tributos federais a serem extintos s\u00e3o o Programa de Integra\u00e7\u00e3o Social (PIS) e a Contribui\u00e7\u00e3o para o Financiamento da Seguridade Social (Cofins).&nbsp;<\/span><\/p>\n\n\n\n<p><span style=\"font-weight: 400;\">Em seu lugar, ser\u00e1 implementada a Contribui\u00e7\u00e3o sobre Bens e Servi\u00e7os (CBS), que ser\u00e1 arrecadada pela Uni\u00e3o.&nbsp;<\/span><\/p>\n\n\n\n<p><span style=\"font-weight: 400;\">Inicialmente, cogitou-se incorporar o Imposto sobre Produtos Industrializados (IPI) \u00e0 CBS, por\u00e9m, foi decidido deix\u00e1-lo incidindo apenas sobre mercadorias concorrentes \u00e0s produzidas na Zona Franca de Manaus.<\/span><\/p>\n\n\n\n<h3 class=\"wp-block-heading\"><b>Tributos locais que ser\u00e3o extintos<\/b><\/h3>\n\n\n\n<p><span style=\"font-weight: 400;\">Al\u00e9m dos tributos federais, dois impostos locais ser\u00e3o extintos: o Imposto sobre a Circula\u00e7\u00e3o de Mercadorias e Servi\u00e7os (ICMS), administrado pelos estados; e o Imposto sobre Servi\u00e7os (ISS), arrecadado pelos munic\u00edpios.&nbsp;<\/span><\/p>\n\n\n\n<p><span style=\"font-weight: 400;\">Em seu lugar, ser\u00e1 institu\u00eddo o Imposto sobre Bens e Servi\u00e7os (IBS), promovendo uma maior harmoniza\u00e7\u00e3o tribut\u00e1ria entre os entes federativos.<\/span><\/p>\n\n\n\n<h2 class=\"wp-block-heading\"><b>Quais s\u00e3o os impactos da reforma tribut\u00e1ria?<\/b><\/h2>\n\n\n\n<p><span style=\"font-weight: 400;\">A reforma tribut\u00e1ria promete trazer v\u00e1rias mudan\u00e7as para a economia brasileira, afetando tanto empresas quanto consumidores. Confira os principais impactos da mudan\u00e7a:<\/span><\/p>\n\n\n\n<h3 class=\"wp-block-heading\"><b>Simplifica\u00e7\u00e3o do sistema tribut\u00e1rio<\/b><\/h3>\n\n\n\n<p><span style=\"font-weight: 400;\">A unifica\u00e7\u00e3o de diversos impostos em um \u00fanico Imposto sobre Valor Agregado (IVA) ir\u00e1 reduzir a complexidade do sistema tribut\u00e1rio atual.&nbsp;<\/span><\/p>\n\n\n\n<p><span style=\"font-weight: 400;\">Essa unifica\u00e7\u00e3o diminuir\u00e1 o tempo e os recursos necess\u00e1rios para o cumprimento das obriga\u00e7\u00f5es fiscais, aumentando a efici\u00eancia das empresas.<\/span><\/p>\n\n\n\n<h3 class=\"wp-block-heading\"><b>Redu\u00e7\u00e3o da burocracia<\/b><\/h3>\n\n\n\n<p><span style=\"font-weight: 400;\">Com menos tributos para gerenciar e apurar, as empresas poder\u00e3o reduzir os custos administrativos. <\/span><\/p>\n\n\n\n<p><span style=\"font-weight: 400;\">A proposta pode ser ainda mais ben\u00e9fica&nbsp; para pequenas e m\u00e9dias empresas, que muitas vezes sofrem com a complexidade do sistema atual.<\/span><\/p>\n\n\n\n<h3 class=\"wp-block-heading\"><b>Aumento da competitividade<\/b><\/h3>\n\n\n\n<p><span style=\"font-weight: 400;\">A redu\u00e7\u00e3o dos custos operacionais e a simplifica\u00e7\u00e3o tribut\u00e1ria podem tornar as empresas brasileiras mais competitivas tanto no mercado interno quanto no externo. <\/span><\/p>\n\n\n\n<p><span style=\"font-weight: 400;\">Com menos tempo e recursos gastos em burocracia, as empresas podem focar mais em inova\u00e7\u00e3o e crescimento.<\/span><\/p>\n\n\n\n<h3 class=\"wp-block-heading\"><b>Distribui\u00e7\u00e3o mais justa da carga tribut\u00e1ria<\/b><\/h3>\n\n\n\n<p><span style=\"font-weight: 400;\">A reforma visa distribuir a carga tribut\u00e1ria de forma mais equitativa entre os diversos setores da economia.&nbsp;<\/span><\/p>\n\n\n\n<p><span style=\"font-weight: 400;\">Ou seja, produtos essenciais, como alimentos b\u00e1sicos, ter\u00e3o al\u00edquota zero ou reduzida, beneficiando diretamente os consumidores.<\/span><\/p>\n\n\n\n<h2 class=\"wp-block-heading\"><b>Quais s\u00e3o os seus efeitos a longo prazo?<\/b><\/h2>\n\n\n\n<p><span style=\"font-weight: 400;\">A simplifica\u00e7\u00e3o do sistema tribut\u00e1rio deve reduzir os custos de conformidade para as empresas, liberando recursos para investimentos e inova\u00e7\u00e3o.<\/span> <span style=\"font-weight: 400;\">&nbsp;<\/span><\/p>\n\n\n\n<p><span style=\"font-weight: 400;\">Al\u00e9m disso, a tributa\u00e7\u00e3o justa e eficiente pode aumentar a arrecada\u00e7\u00e3o sem elevar a carga tribut\u00e1ria geral, permitindo mais investimentos em infraestrutura e servi\u00e7os p\u00fablicos.<\/span><\/p>\n\n\n\n<h2 class=\"wp-block-heading\"><b>Como a minha empresa pode se preparar para a Reforma Tribut\u00e1ria?<\/b><\/h2>\n\n\n\n<p><span style=\"font-weight: 400;\">Durante o per\u00edodo de transi\u00e7\u00e3o, ser\u00e1 necess\u00e1rio operar sob duas perspectivas tribut\u00e1rias: a atual e a nova. Isso exigir\u00e1 um esfor\u00e7o maior para garantir a conformidade, minimizando os impactos negativos.&nbsp;<\/span><\/p>\n\n\n\n<p><span style=\"font-weight: 400;\">As empresas devem adotar medidas estrat\u00e9gicas para analisar os poss\u00edveis impactos da reforma tribut\u00e1ria em suas opera\u00e7\u00f5es.<\/span><\/p>\n\n\n\n<p><span style=\"font-weight: 400;\">Para isso, \u00e9 necess\u00e1rio entender as mudan\u00e7as que afetar\u00e3o a carga tribut\u00e1ria, os custos e os processos internos, al\u00e9m de capacitar a equipe para entender as novas regras e procedimentos tribut\u00e1rios.&nbsp;<\/span><\/p>\n\n\n\n<p>A Avalara apoia empresas na jornada de conformidade tribut\u00e1ria, com solu\u00e7\u00f5es que automatizam o c\u00e1lculo de tributos, a emiss\u00e3o de documentos fiscais e o controle das obriga\u00e7\u00f5es acess\u00f3rias.<br>Com tecnologia integrada e atualiza\u00e7\u00f5es cont\u00ednuas, suas opera\u00e7\u00f5es permanecem alinhadas \u00e0 legisla\u00e7\u00e3o e preparadas para o novo modelo tribut\u00e1rio brasileiro.<\/p>\n\n\n\n<p>Conhe\u00e7a as solu\u00e7\u00f5es da Avalara e descubra como a automa\u00e7\u00e3o pode tornar sua rotina fiscal mais eficiente e segura durante a Reforma Tribut\u00e1ria.<\/p>\n\n\n\n<style>\n  .custom-button {\n    font-family: Arial, sans-serif;\n    background-color: #FA6400; \/* Laranja Avalara *\/\n    color: #ffffff;\n    border: none;\n    border-radius: 20px;\n    padding: 12px 24px;\n    font-size: 14px;\n    font-weight: bold;\n    text-align: center;\n    letter-spacing: normal;\n    display: inline-block;\n    text-decoration: none;\n    width: fit-content;\n    margin: 0 auto;\n    transition: background-color 0.3s ease, transform 0.2s ease;\n  }\n\n  .custom-button:hover {\n    background-color: #d95500; \/* tom um pouco mais escuro no hover *\/\n    transform: translateY(-2px);\n  }\n\n  .button-container {\n    text-align: center;\n  }\n<\/style>\n\n<div class=\"button-container\">\n  <a href=\"https:\/\/www.avalara.com\/br\/pt\/index.html?ref=descomplica-reforma-tributaria\" class=\"custom-button\">\n    \u3164Saiba mais\u3164\n  <\/a>\n<\/div>\n\n\n\n\n<p><\/p>\n","protected":false},"excerpt":{"rendered":"<p>A Reforma Tribut\u00e1ria em curso representa um grande marco na estrutura fiscal do Brasil, introduzindo grandes mudan\u00e7as que impactam empresas e cidad\u00e3os.&nbsp; Pensando em auxiliar [&hellip;]<\/p>\n","protected":false},"author":2,"featured_media":11681,"comment_status":"open","ping_status":"closed","sticky":false,"template":"","format":"standard","meta":{"footnotes":""},"categories":[3],"tags":[],"class_list":["post-11678","post","type-post","status-publish","format-standard","has-post-thumbnail","hentry","category-reforma-tributaria"],"yoast_head":"<!-- This site is optimized with the Yoast SEO plugin v27.0 - https:\/\/yoast.com\/product\/yoast-seo-wordpress\/ -->\n<title>Reforma Tribut\u00e1ria: como est\u00e1 a aprova\u00e7\u00e3o e seus efeitos a longo prazo<\/title>\n<meta name=\"description\" content=\"Reforma Tribut\u00e1ria: entenda o que \u00e9, o processo de aprova\u00e7\u00e3o e os efeitos a longo prazo para a economia e empresas no Brasil.\" \/>\n<meta name=\"robots\" content=\"index, follow, max-snippet:-1, max-image-preview:large, max-video-preview:-1\" \/>\n<link rel=\"canonical\" href=\"https:\/\/site.avalarabrasil.com.br\/reforma-tributaria\/reforma-tributaria-e-seus-efeitos-a-longo-prazo\/\" \/>\n<meta property=\"og:locale\" content=\"pt_BR\" \/>\n<meta property=\"og:type\" content=\"article\" \/>\n<meta property=\"og:title\" content=\"Reforma Tribut\u00e1ria: como est\u00e1 a aprova\u00e7\u00e3o e seus efeitos a longo prazo\" \/>\n<meta property=\"og:description\" content=\"Reforma Tribut\u00e1ria: entenda o que \u00e9, o processo de aprova\u00e7\u00e3o e os efeitos a longo prazo para a economia e empresas no Brasil.\" \/>\n<meta property=\"og:url\" content=\"https:\/\/site.avalarabrasil.com.br\/reforma-tributaria\/reforma-tributaria-e-seus-efeitos-a-longo-prazo\/\" \/>\n<meta property=\"og:site_name\" content=\"Descomplica Reforma Tribut\u00e1ria\" \/>\n<meta property=\"article:published_time\" content=\"2024-07-03T18:32:06+00:00\" \/>\n<meta property=\"article:modified_time\" content=\"2025-11-17T13:51:42+00:00\" \/>\n<meta property=\"og:image\" content=\"https:\/\/site.avalarabrasil.com.br\/reforma-tributaria\/wp-content\/uploads\/2024\/07\/reforma-tributaria.png\" \/>\n\t<meta property=\"og:image:width\" content=\"650\" \/>\n\t<meta property=\"og:image:height\" content=\"365\" \/>\n\t<meta property=\"og:image:type\" content=\"image\/png\" \/>\n<meta name=\"author\" content=\"Camila Nabosne\" \/>\n<meta name=\"twitter:card\" content=\"summary_large_image\" \/>\n<meta name=\"twitter:label1\" content=\"Escrito por\" \/>\n\t<meta name=\"twitter:data1\" content=\"Camila Nabosne\" \/>\n\t<meta name=\"twitter:label2\" content=\"Est. tempo de leitura\" \/>\n\t<meta name=\"twitter:data2\" content=\"7 minutos\" \/>\n<script type=\"application\/ld+json\" class=\"yoast-schema-graph\">{\"@context\":\"https:\/\/schema.org\",\"@graph\":[{\"@type\":\"Article\",\"@id\":\"https:\/\/site.avalarabrasil.com.br\/reforma-tributaria\/reforma-tributaria-e-seus-efeitos-a-longo-prazo\/#article\",\"isPartOf\":{\"@id\":\"https:\/\/site.avalarabrasil.com.br\/reforma-tributaria\/reforma-tributaria-e-seus-efeitos-a-longo-prazo\/\"},\"author\":{\"name\":\"Camila Nabosne\",\"@id\":\"https:\/\/site.avalarabrasil.com.br\/reforma-tributaria\/#\/schema\/person\/de5858a1b3c67568fd25d7180083992d\"},\"headline\":\"Reforma Tribut\u00e1ria: como est\u00e1 a aprova\u00e7\u00e3o e seus efeitos a longo prazo\",\"datePublished\":\"2024-07-03T18:32:06+00:00\",\"dateModified\":\"2025-11-17T13:51:42+00:00\",\"mainEntityOfPage\":{\"@id\":\"https:\/\/site.avalarabrasil.com.br\/reforma-tributaria\/reforma-tributaria-e-seus-efeitos-a-longo-prazo\/\"},\"wordCount\":1335,\"commentCount\":0,\"publisher\":{\"@id\":\"https:\/\/site.avalarabrasil.com.br\/reforma-tributaria\/#organization\"},\"image\":{\"@id\":\"https:\/\/site.avalarabrasil.com.br\/reforma-tributaria\/reforma-tributaria-e-seus-efeitos-a-longo-prazo\/#primaryimage\"},\"thumbnailUrl\":\"https:\/\/site.avalarabrasil.com.br\/reforma-tributaria\/wp-content\/uploads\/2024\/07\/reforma-tributaria.png\",\"articleSection\":[\"Reforma Tribut\u00e1ria\"],\"inLanguage\":\"pt-BR\",\"potentialAction\":[{\"@type\":\"CommentAction\",\"name\":\"Comment\",\"target\":[\"https:\/\/site.avalarabrasil.com.br\/reforma-tributaria\/reforma-tributaria-e-seus-efeitos-a-longo-prazo\/#respond\"]}]},{\"@type\":\"WebPage\",\"@id\":\"https:\/\/site.avalarabrasil.com.br\/reforma-tributaria\/reforma-tributaria-e-seus-efeitos-a-longo-prazo\/\",\"url\":\"https:\/\/site.avalarabrasil.com.br\/reforma-tributaria\/reforma-tributaria-e-seus-efeitos-a-longo-prazo\/\",\"name\":\"Reforma Tribut\u00e1ria: como est\u00e1 a aprova\u00e7\u00e3o e seus efeitos a longo prazo\",\"isPartOf\":{\"@id\":\"https:\/\/site.avalarabrasil.com.br\/reforma-tributaria\/#website\"},\"primaryImageOfPage\":{\"@id\":\"https:\/\/site.avalarabrasil.com.br\/reforma-tributaria\/reforma-tributaria-e-seus-efeitos-a-longo-prazo\/#primaryimage\"},\"image\":{\"@id\":\"https:\/\/site.avalarabrasil.com.br\/reforma-tributaria\/reforma-tributaria-e-seus-efeitos-a-longo-prazo\/#primaryimage\"},\"thumbnailUrl\":\"https:\/\/site.avalarabrasil.com.br\/reforma-tributaria\/wp-content\/uploads\/2024\/07\/reforma-tributaria.png\",\"datePublished\":\"2024-07-03T18:32:06+00:00\",\"dateModified\":\"2025-11-17T13:51:42+00:00\",\"description\":\"Reforma Tribut\u00e1ria: entenda o que \u00e9, o processo de aprova\u00e7\u00e3o e os efeitos a longo prazo para a economia e empresas no Brasil.\",\"breadcrumb\":{\"@id\":\"https:\/\/site.avalarabrasil.com.br\/reforma-tributaria\/reforma-tributaria-e-seus-efeitos-a-longo-prazo\/#breadcrumb\"},\"inLanguage\":\"pt-BR\",\"potentialAction\":[{\"@type\":\"ReadAction\",\"target\":[\"https:\/\/site.avalarabrasil.com.br\/reforma-tributaria\/reforma-tributaria-e-seus-efeitos-a-longo-prazo\/\"]}]},{\"@type\":\"ImageObject\",\"inLanguage\":\"pt-BR\",\"@id\":\"https:\/\/site.avalarabrasil.com.br\/reforma-tributaria\/reforma-tributaria-e-seus-efeitos-a-longo-prazo\/#primaryimage\",\"url\":\"https:\/\/site.avalarabrasil.com.br\/reforma-tributaria\/wp-content\/uploads\/2024\/07\/reforma-tributaria.png\",\"contentUrl\":\"https:\/\/site.avalarabrasil.com.br\/reforma-tributaria\/wp-content\/uploads\/2024\/07\/reforma-tributaria.png\",\"width\":650,\"height\":365,\"caption\":\"reforma tribut\u00e1ria\"},{\"@type\":\"BreadcrumbList\",\"@id\":\"https:\/\/site.avalarabrasil.com.br\/reforma-tributaria\/reforma-tributaria-e-seus-efeitos-a-longo-prazo\/#breadcrumb\",\"itemListElement\":[{\"@type\":\"ListItem\",\"position\":1,\"name\":\"In\u00edcio\",\"item\":\"https:\/\/site.avalarabrasil.com.br\/reforma-tributaria\/\"},{\"@type\":\"ListItem\",\"position\":2,\"name\":\"Reforma Tribut\u00e1ria: como est\u00e1 a aprova\u00e7\u00e3o e seus efeitos a longo prazo\"}]},{\"@type\":\"WebSite\",\"@id\":\"https:\/\/site.avalarabrasil.com.br\/reforma-tributaria\/#website\",\"url\":\"https:\/\/site.avalarabrasil.com.br\/reforma-tributaria\/\",\"name\":\"Descomplica Reforma Tribut\u00e1ria\",\"description\":\"Entenda o impacto da Reforma Tribut\u00e1ria no seu neg\u00f3cio. No Descomplica Reforma Tribut\u00e1ria, voc\u00ea encontra not\u00edcias, legisla\u00e7\u00e3o e orienta\u00e7\u00f5es pr\u00e1ticas para empresas.\",\"publisher\":{\"@id\":\"https:\/\/site.avalarabrasil.com.br\/reforma-tributaria\/#organization\"},\"alternateName\":\"Reforma Tribut\u00e1ria Avalara\",\"potentialAction\":[{\"@type\":\"SearchAction\",\"target\":{\"@type\":\"EntryPoint\",\"urlTemplate\":\"https:\/\/site.avalarabrasil.com.br\/reforma-tributaria\/?s={search_term_string}\"},\"query-input\":{\"@type\":\"PropertyValueSpecification\",\"valueRequired\":true,\"valueName\":\"search_term_string\"}}],\"inLanguage\":\"pt-BR\"},{\"@type\":\"Organization\",\"@id\":\"https:\/\/site.avalarabrasil.com.br\/reforma-tributaria\/#organization\",\"name\":\"Descomplica Reforma Tribut\u00e1ria\",\"url\":\"https:\/\/site.avalarabrasil.com.br\/reforma-tributaria\/\",\"logo\":{\"@type\":\"ImageObject\",\"inLanguage\":\"pt-BR\",\"@id\":\"https:\/\/site.avalarabrasil.com.br\/reforma-tributaria\/#\/schema\/logo\/image\/\",\"url\":\"https:\/\/site.avalarabrasil.com.br\/reforma-tributaria\/wp-content\/uploads\/2025\/11\/avalara.png\",\"contentUrl\":\"https:\/\/site.avalarabrasil.com.br\/reforma-tributaria\/wp-content\/uploads\/2025\/11\/avalara.png\",\"width\":1200,\"height\":675,\"caption\":\"Descomplica Reforma Tribut\u00e1ria\"},\"image\":{\"@id\":\"https:\/\/site.avalarabrasil.com.br\/reforma-tributaria\/#\/schema\/logo\/image\/\"}},{\"@type\":\"Person\",\"@id\":\"https:\/\/site.avalarabrasil.com.br\/reforma-tributaria\/#\/schema\/person\/de5858a1b3c67568fd25d7180083992d\",\"name\":\"Camila Nabosne\",\"image\":{\"@type\":\"ImageObject\",\"inLanguage\":\"pt-BR\",\"@id\":\"https:\/\/site.avalarabrasil.com.br\/reforma-tributaria\/#\/schema\/person\/image\/\",\"url\":\"https:\/\/site.avalarabrasil.com.br\/reforma-tributaria\/wp-content\/litespeed\/avatar\/0a8eaaf31c4400af2573088d03d0fcb5.jpg?ver=1777386826\",\"contentUrl\":\"https:\/\/site.avalarabrasil.com.br\/reforma-tributaria\/wp-content\/litespeed\/avatar\/0a8eaaf31c4400af2573088d03d0fcb5.jpg?ver=1777386826\",\"caption\":\"Camila Nabosne\"},\"url\":\"https:\/\/site.avalarabrasil.com.br\/reforma-tributaria\/author\/camila-nabosne\/\"}]}<\/script>\n<!-- \/ Yoast SEO plugin. -->","yoast_head_json":{"title":"Reforma Tribut\u00e1ria: como est\u00e1 a aprova\u00e7\u00e3o e seus efeitos a longo prazo","description":"Reforma Tribut\u00e1ria: entenda o que \u00e9, o processo de aprova\u00e7\u00e3o e os efeitos a longo prazo para a economia e empresas no Brasil.","robots":{"index":"index","follow":"follow","max-snippet":"max-snippet:-1","max-image-preview":"max-image-preview:large","max-video-preview":"max-video-preview:-1"},"canonical":"https:\/\/site.avalarabrasil.com.br\/reforma-tributaria\/reforma-tributaria-e-seus-efeitos-a-longo-prazo\/","og_locale":"pt_BR","og_type":"article","og_title":"Reforma Tribut\u00e1ria: como est\u00e1 a aprova\u00e7\u00e3o e seus efeitos a longo prazo","og_description":"Reforma Tribut\u00e1ria: entenda o que \u00e9, o processo de aprova\u00e7\u00e3o e os efeitos a longo prazo para a economia e empresas no Brasil.","og_url":"https:\/\/site.avalarabrasil.com.br\/reforma-tributaria\/reforma-tributaria-e-seus-efeitos-a-longo-prazo\/","og_site_name":"Descomplica Reforma Tribut\u00e1ria","article_published_time":"2024-07-03T18:32:06+00:00","article_modified_time":"2025-11-17T13:51:42+00:00","og_image":[{"width":650,"height":365,"url":"https:\/\/site.avalarabrasil.com.br\/reforma-tributaria\/wp-content\/uploads\/2024\/07\/reforma-tributaria.png","type":"image\/png"}],"author":"Camila Nabosne","twitter_card":"summary_large_image","twitter_misc":{"Escrito por":"Camila Nabosne","Est. tempo de leitura":"7 minutos"},"schema":{"@context":"https:\/\/schema.org","@graph":[{"@type":"Article","@id":"https:\/\/site.avalarabrasil.com.br\/reforma-tributaria\/reforma-tributaria-e-seus-efeitos-a-longo-prazo\/#article","isPartOf":{"@id":"https:\/\/site.avalarabrasil.com.br\/reforma-tributaria\/reforma-tributaria-e-seus-efeitos-a-longo-prazo\/"},"author":{"name":"Camila Nabosne","@id":"https:\/\/site.avalarabrasil.com.br\/reforma-tributaria\/#\/schema\/person\/de5858a1b3c67568fd25d7180083992d"},"headline":"Reforma Tribut\u00e1ria: como est\u00e1 a aprova\u00e7\u00e3o e seus efeitos a longo prazo","datePublished":"2024-07-03T18:32:06+00:00","dateModified":"2025-11-17T13:51:42+00:00","mainEntityOfPage":{"@id":"https:\/\/site.avalarabrasil.com.br\/reforma-tributaria\/reforma-tributaria-e-seus-efeitos-a-longo-prazo\/"},"wordCount":1335,"commentCount":0,"publisher":{"@id":"https:\/\/site.avalarabrasil.com.br\/reforma-tributaria\/#organization"},"image":{"@id":"https:\/\/site.avalarabrasil.com.br\/reforma-tributaria\/reforma-tributaria-e-seus-efeitos-a-longo-prazo\/#primaryimage"},"thumbnailUrl":"https:\/\/site.avalarabrasil.com.br\/reforma-tributaria\/wp-content\/uploads\/2024\/07\/reforma-tributaria.png","articleSection":["Reforma Tribut\u00e1ria"],"inLanguage":"pt-BR","potentialAction":[{"@type":"CommentAction","name":"Comment","target":["https:\/\/site.avalarabrasil.com.br\/reforma-tributaria\/reforma-tributaria-e-seus-efeitos-a-longo-prazo\/#respond"]}]},{"@type":"WebPage","@id":"https:\/\/site.avalarabrasil.com.br\/reforma-tributaria\/reforma-tributaria-e-seus-efeitos-a-longo-prazo\/","url":"https:\/\/site.avalarabrasil.com.br\/reforma-tributaria\/reforma-tributaria-e-seus-efeitos-a-longo-prazo\/","name":"Reforma Tribut\u00e1ria: como est\u00e1 a aprova\u00e7\u00e3o e seus efeitos a longo prazo","isPartOf":{"@id":"https:\/\/site.avalarabrasil.com.br\/reforma-tributaria\/#website"},"primaryImageOfPage":{"@id":"https:\/\/site.avalarabrasil.com.br\/reforma-tributaria\/reforma-tributaria-e-seus-efeitos-a-longo-prazo\/#primaryimage"},"image":{"@id":"https:\/\/site.avalarabrasil.com.br\/reforma-tributaria\/reforma-tributaria-e-seus-efeitos-a-longo-prazo\/#primaryimage"},"thumbnailUrl":"https:\/\/site.avalarabrasil.com.br\/reforma-tributaria\/wp-content\/uploads\/2024\/07\/reforma-tributaria.png","datePublished":"2024-07-03T18:32:06+00:00","dateModified":"2025-11-17T13:51:42+00:00","description":"Reforma Tribut\u00e1ria: entenda o que \u00e9, o processo de aprova\u00e7\u00e3o e os efeitos a longo prazo para a economia e empresas no Brasil.","breadcrumb":{"@id":"https:\/\/site.avalarabrasil.com.br\/reforma-tributaria\/reforma-tributaria-e-seus-efeitos-a-longo-prazo\/#breadcrumb"},"inLanguage":"pt-BR","potentialAction":[{"@type":"ReadAction","target":["https:\/\/site.avalarabrasil.com.br\/reforma-tributaria\/reforma-tributaria-e-seus-efeitos-a-longo-prazo\/"]}]},{"@type":"ImageObject","inLanguage":"pt-BR","@id":"https:\/\/site.avalarabrasil.com.br\/reforma-tributaria\/reforma-tributaria-e-seus-efeitos-a-longo-prazo\/#primaryimage","url":"https:\/\/site.avalarabrasil.com.br\/reforma-tributaria\/wp-content\/uploads\/2024\/07\/reforma-tributaria.png","contentUrl":"https:\/\/site.avalarabrasil.com.br\/reforma-tributaria\/wp-content\/uploads\/2024\/07\/reforma-tributaria.png","width":650,"height":365,"caption":"reforma tribut\u00e1ria"},{"@type":"BreadcrumbList","@id":"https:\/\/site.avalarabrasil.com.br\/reforma-tributaria\/reforma-tributaria-e-seus-efeitos-a-longo-prazo\/#breadcrumb","itemListElement":[{"@type":"ListItem","position":1,"name":"In\u00edcio","item":"https:\/\/site.avalarabrasil.com.br\/reforma-tributaria\/"},{"@type":"ListItem","position":2,"name":"Reforma Tribut\u00e1ria: como est\u00e1 a aprova\u00e7\u00e3o e seus efeitos a longo prazo"}]},{"@type":"WebSite","@id":"https:\/\/site.avalarabrasil.com.br\/reforma-tributaria\/#website","url":"https:\/\/site.avalarabrasil.com.br\/reforma-tributaria\/","name":"Descomplica Reforma Tribut\u00e1ria","description":"Entenda o impacto da Reforma Tribut\u00e1ria no seu neg\u00f3cio. No Descomplica Reforma Tribut\u00e1ria, voc\u00ea encontra not\u00edcias, legisla\u00e7\u00e3o e orienta\u00e7\u00f5es pr\u00e1ticas para empresas.","publisher":{"@id":"https:\/\/site.avalarabrasil.com.br\/reforma-tributaria\/#organization"},"alternateName":"Reforma Tribut\u00e1ria Avalara","potentialAction":[{"@type":"SearchAction","target":{"@type":"EntryPoint","urlTemplate":"https:\/\/site.avalarabrasil.com.br\/reforma-tributaria\/?s={search_term_string}"},"query-input":{"@type":"PropertyValueSpecification","valueRequired":true,"valueName":"search_term_string"}}],"inLanguage":"pt-BR"},{"@type":"Organization","@id":"https:\/\/site.avalarabrasil.com.br\/reforma-tributaria\/#organization","name":"Descomplica Reforma Tribut\u00e1ria","url":"https:\/\/site.avalarabrasil.com.br\/reforma-tributaria\/","logo":{"@type":"ImageObject","inLanguage":"pt-BR","@id":"https:\/\/site.avalarabrasil.com.br\/reforma-tributaria\/#\/schema\/logo\/image\/","url":"https:\/\/site.avalarabrasil.com.br\/reforma-tributaria\/wp-content\/uploads\/2025\/11\/avalara.png","contentUrl":"https:\/\/site.avalarabrasil.com.br\/reforma-tributaria\/wp-content\/uploads\/2025\/11\/avalara.png","width":1200,"height":675,"caption":"Descomplica Reforma Tribut\u00e1ria"},"image":{"@id":"https:\/\/site.avalarabrasil.com.br\/reforma-tributaria\/#\/schema\/logo\/image\/"}},{"@type":"Person","@id":"https:\/\/site.avalarabrasil.com.br\/reforma-tributaria\/#\/schema\/person\/de5858a1b3c67568fd25d7180083992d","name":"Camila Nabosne","image":{"@type":"ImageObject","inLanguage":"pt-BR","@id":"https:\/\/site.avalarabrasil.com.br\/reforma-tributaria\/#\/schema\/person\/image\/","url":"https:\/\/site.avalarabrasil.com.br\/reforma-tributaria\/wp-content\/litespeed\/avatar\/0a8eaaf31c4400af2573088d03d0fcb5.jpg?ver=1777386826","contentUrl":"https:\/\/site.avalarabrasil.com.br\/reforma-tributaria\/wp-content\/litespeed\/avatar\/0a8eaaf31c4400af2573088d03d0fcb5.jpg?ver=1777386826","caption":"Camila Nabosne"},"url":"https:\/\/site.avalarabrasil.com.br\/reforma-tributaria\/author\/camila-nabosne\/"}]}},"_links":{"self":[{"href":"https:\/\/site.avalarabrasil.com.br\/reforma-tributaria\/wp-json\/wp\/v2\/posts\/11678","targetHints":{"allow":["GET"]}}],"collection":[{"href":"https:\/\/site.avalarabrasil.com.br\/reforma-tributaria\/wp-json\/wp\/v2\/posts"}],"about":[{"href":"https:\/\/site.avalarabrasil.com.br\/reforma-tributaria\/wp-json\/wp\/v2\/types\/post"}],"author":[{"embeddable":true,"href":"https:\/\/site.avalarabrasil.com.br\/reforma-tributaria\/wp-json\/wp\/v2\/users\/2"}],"replies":[{"embeddable":true,"href":"https:\/\/site.avalarabrasil.com.br\/reforma-tributaria\/wp-json\/wp\/v2\/comments?post=11678"}],"version-history":[{"count":1,"href":"https:\/\/site.avalarabrasil.com.br\/reforma-tributaria\/wp-json\/wp\/v2\/posts\/11678\/revisions"}],"predecessor-version":[{"id":15549,"href":"https:\/\/site.avalarabrasil.com.br\/reforma-tributaria\/wp-json\/wp\/v2\/posts\/11678\/revisions\/15549"}],"wp:featuredmedia":[{"embeddable":true,"href":"https:\/\/site.avalarabrasil.com.br\/reforma-tributaria\/wp-json\/wp\/v2\/media\/11681"}],"wp:attachment":[{"href":"https:\/\/site.avalarabrasil.com.br\/reforma-tributaria\/wp-json\/wp\/v2\/media?parent=11678"}],"wp:term":[{"taxonomy":"category","embeddable":true,"href":"https:\/\/site.avalarabrasil.com.br\/reforma-tributaria\/wp-json\/wp\/v2\/categories?post=11678"},{"taxonomy":"post_tag","embeddable":true,"href":"https:\/\/site.avalarabrasil.com.br\/reforma-tributaria\/wp-json\/wp\/v2\/tags?post=11678"}],"curies":[{"name":"wp","href":"https:\/\/api.w.org\/{rel}","templated":true}]}}