{"id":12892,"date":"2024-08-07T09:40:44","date_gmt":"2024-08-07T12:40:44","guid":{"rendered":"https:\/\/oobj.com.br\/?p=12892"},"modified":"2025-11-17T10:57:40","modified_gmt":"2025-11-17T13:57:40","slug":"nota-tecnica-2024-002-versao-1-0-adequacoes-nfe-nfce","status":"publish","type":"post","link":"https:\/\/site.avalarabrasil.com.br\/reforma-tributaria\/nota-tecnica-2024-002-versao-1-0-adequacoes-nfe-nfce\/","title":{"rendered":"Projeto Reforma Tribut\u00e1ria do Consumo &#8211; Adequa\u00e7\u00f5es NFe \/ NFCe Nota T\u00e9cnica 2024.002 \u2013 Vers\u00e3o 1.0"},"content":{"rendered":"\n<p>A Nota T\u00e9cnica NT-RT 2024.002 vers\u00e3o 1.00&nbsp; divulgada em 01 de Agosto de 2024 trata das&nbsp; adapta\u00e7\u00f5es necess\u00e1rias nos sistemas de emiss\u00e3o de Documentos Fiscais eletr\u00f4nicos (DFe), como NFe e NFCe, para acomodar as mudan\u00e7as introduzidas pela Reforma Tribut\u00e1ria do Consumo.&nbsp;<\/p>\n\n\n\n<p>As infraestruturas respons\u00e1veis pela autoriza\u00e7\u00e3o de Documentos Fiscais Eletr\u00f4nicos (DFe) nas Unidades Federadas e Munic\u00edpios, assim como as aplica\u00e7\u00f5es e sistemas utilizados pelos contribuintes, precisam de pelo menos um ano para desenvolver as altera\u00e7\u00f5es necess\u00e1rias. <\/p>\n\n\n\n<p>Por isso, a Nota T\u00e9cnica (NT) ser\u00e1 implantada em produ\u00e7\u00e3o a partir de 31\/10\/2025, com a opera\u00e7\u00e3o efetiva iniciando em 01\/01\/2026. Confira:&nbsp;<\/p>\n\n\n\n<h2 class=\"wp-block-heading\"><strong>Objetivo<\/strong><\/h2>\n\n\n\n<p>A NT foi elaborada para atender \u00e0 necessidade de adapta\u00e7\u00e3o dos sistemas autorizadores de DFe dos estados, Distrito Federal e munic\u00edpios ao novo leiaute padronizado que incluir\u00e1 informa\u00e7\u00f5es sobre o Imposto sobre Bens e Servi\u00e7os (IBS), Contribui\u00e7\u00e3o sobre Bens e Servi\u00e7os (CBS) e Imposto Seletivo (IS).&nbsp;<\/p>\n\n\n\n<h2 class=\"wp-block-heading\"><strong>Prazos<\/strong><\/h2>\n\n\n\n<p>O prazo previsto para a implementa\u00e7\u00e3o das mudan\u00e7as trazidas pela&nbsp; NT 2024.002 s\u00e3o:&nbsp;<\/p>\n\n\n\n<ul class=\"wp-block-list\">\n<li><strong>Ambiente de Homologa\u00e7\u00e3o (ambiente de teste das empresas): <\/strong>01\/09\/2025<\/li>\n\n\n\n<li><strong>Ambiente de Produ\u00e7\u00e3o<\/strong>: 31\/10\/2025<\/li>\n<\/ul>\n\n\n\n<h2 class=\"wp-block-heading\"><strong>Tipos b\u00e1sicos da tributa\u00e7\u00e3o<\/strong><\/h2>\n\n\n\n<p>Introdu\u00e7\u00e3o de um novo arquivo &#8220;DFeTiposBasicos_v1.00.xsd&#8221; para padronizar a previs\u00e3o de campos para tributa\u00e7\u00e3o de IBS e CBS, que ser\u00e1 utilizado em todos os documentos fiscais eletr\u00f4nicos, incluindo a NFe e NFCe.<\/p>\n\n\n\n<p>O documento estabelece de maneira organizada a previs\u00e3o dos campos a serem preenchidos para o registro das informa\u00e7\u00f5es relacionadas \u00e0 tributa\u00e7\u00e3o do IBS e da CBS em um tipo complexo referenciado no layout padr\u00e3o da NFe e NFCe, conforme a estrutura apresentada no item 5.1. da NT.&nbsp;<\/p>\n\n\n\n<p>Esse arquivo tamb\u00e9m ser\u00e1 empregado nos outros documentos fiscais eletr\u00f4nicos.<\/p>\n\n\n\n<h2 class=\"wp-block-heading\"><strong>C\u00f3digo situa\u00e7\u00e3o tribut\u00e1ria e c\u00f3digo de classifica\u00e7\u00e3o da tributa\u00e7\u00e3o<\/strong><\/h2>\n\n\n\n<p>As informa\u00e7\u00f5es do grupo de IBS, CBS e IS vinculadas aos itens do documento fiscal devem ser classificadas de acordo com o C\u00f3digo de Situa\u00e7\u00e3o Tribut\u00e1ria (CST) e o C\u00f3digo de Classifica\u00e7\u00e3o Tribut\u00e1ria (cClassTrib) do IBS, CBS e IS.&nbsp;<\/p>\n\n\n\n<p>As duas tabelas ser\u00e3o disponibilizadas nos portais nacionais dos documentos fiscais eletr\u00f4nicos, e as ocorr\u00eancias previstas para preenchimento estar\u00e3o alinhadas com as disposi\u00e7\u00f5es legais da Reforma Tribut\u00e1ria.<\/p>\n\n\n\n<p>&nbsp;Junto a essas tabelas, ser\u00e3o publicados indicadores de obrigatoriedade de preenchimento dos grupos de informa\u00e7\u00f5es do IBS, CBS e IS nos itens da DFe. Essas configura\u00e7\u00f5es vinculam dinamicamente os CST e cClassTrib \u00e0s Regras de Valida\u00e7\u00e3o descritas na NT.&nbsp;<\/p>\n\n\n\n<h2 class=\"wp-block-heading\"><strong>Finalidades de d\u00e9bito e cr\u00e9dito da NFe<\/strong><\/h2>\n\n\n\n<p>Introdu\u00e7\u00e3o das finalidades de emiss\u00e3o &#8220;Nota de D\u00e9bito&#8221; e &#8220;Nota de Cr\u00e9dito&#8221; na NFe modelo 55 para ajustar informa\u00e7\u00f5es comerciais registradas nos documentos fiscais.&nbsp;<\/p>\n\n\n\n<p>Notas de D\u00e9bito e Cr\u00e9dito s\u00e3o nomes de instrumentos utilizados mundialmente para documentar situa\u00e7\u00f5es cont\u00e1beis onde \u00e9 necess\u00e1rio corrigir informa\u00e7\u00f5es comerciais que foram registradas em um documento, que no Brasil \u00e9 a Nota Fiscal.<\/p>\n\n\n\n<p>Essas finalidades s\u00e3o usadas para registrar aumentos ou redu\u00e7\u00f5es no imposto devido\u200b.&nbsp;<\/p>\n\n\n\n<h2 class=\"wp-block-heading\"><strong>Altera\u00e7\u00f5es no Arquivo XML da NFe<\/strong><\/h2>\n\n\n\n<p>Inser\u00e7\u00e3o de novos campos no leiaute da NFe e NFCe para incluir informa\u00e7\u00f5es sobre IBS, CBS e IS. Detalhamento das disposi\u00e7\u00f5es dos campos para cada tipo de imposto, incluindo al\u00edquotas, bases de c\u00e1lculo e valores\u200b:&nbsp;&nbsp;<\/p>\n\n\n\n<ul class=\"wp-block-list\">\n<li>Leiaute do IBS da UF, contemplando IBS, CBS e Imposto Seletivo;<\/li>\n\n\n\n<li>Inser\u00e7\u00e3o dos novos campos de informa\u00e7\u00e3o no leiaute da NFe e NFCe;<\/li>\n\n\n\n<li>Disposi\u00e7\u00e3o dos campos do Imposto Seletivo;<\/li>\n\n\n\n<li>Imposto de Bens e Servi\u00e7os \u2013 IBS das UFs e Munic\u00edpios<\/li>\n\n\n\n<li>Disposi\u00e7\u00e3o dos campos do IBS da UF<\/li>\n\n\n\n<li>Disposi\u00e7\u00e3o dos campos do IBS dos Munic\u00edpios<\/li>\n\n\n\n<li>Disposi\u00e7\u00e3o dos campos da CBS<\/li>\n\n\n\n<li>Disposi\u00e7\u00e3o dos campos do IBS Monof\u00e1sico<\/li>\n\n\n\n<li>Disposi\u00e7\u00e3o dos campos totalizadores<\/li>\n<\/ul>\n\n\n\n<h2 class=\"wp-block-heading\"><strong>Regras de valida\u00e7\u00e3o<\/strong><\/h2>\n\n\n\n<p>A Nota T\u00e9cnica exibe um quadro que cont\u00e9m regras de valida\u00e7\u00e3o relacionadas ao IBS e CBS, referentes aos seguintes grupos:<\/p>\n\n\n\n<ul class=\"wp-block-list\">\n<li>Grupo B. Identifica\u00e7\u00e3o da Nota Fiscal eletr\u00f4nica<\/li>\n\n\n\n<li>Grupo UB. Informa\u00e7\u00f5es dos tributos IBS \/ CBS e Imposto Seletivo<\/li>\n\n\n\n<li>Grupo W03. Total da NF-e \u2013 IBS \/ CBS \/ IS<\/li>\n<\/ul>\n\n\n\n<h2 class=\"wp-block-heading\"><strong>Eventos<\/strong><\/h2>\n\n\n\n<p>Foram criados os seguintes eventos na nota t\u00e9cnica:<\/p>\n\n\n\n<ul class=\"wp-block-list\">\n<li>Decurso de Prazo de Internaliza\u00e7\u00e3o na \u00c1rea de Livre Com\u00e9rcio \u2013 ALC ou Zona Franca de Manaus \u2013 ZFM;<\/li>\n\n\n\n<li>Cancelamento do Evento Decurso de Prazo de Internaliza\u00e7\u00e3o na \u00c1rea de Livre Com\u00e9rcio \u2013 ALC ou Zona Franca de Manaus \u2013 ZFM;<\/li>\n\n\n\n<li>&nbsp;Solicita\u00e7\u00e3o de Apropria\u00e7\u00e3o de Cr\u00e9dito Presumido<\/li>\n\n\n\n<li>Cancelamento do Evento Solicita\u00e7\u00e3o de Apropria\u00e7\u00e3o de Cr\u00e9dito Presumido;<\/li>\n\n\n\n<li>Destina\u00e7\u00e3o de Item para Consumo Pessoal;<\/li>\n\n\n\n<li>Cancelamento do Evento Destina\u00e7\u00e3o de Item para Consumo Pessoal;<\/li>\n\n\n\n<li>Imobiliza\u00e7\u00e3o de Item;<\/li>\n\n\n\n<li>Cancelamento do Evento Imobiliza\u00e7\u00e3o de Item;<\/li>\n\n\n\n<li>Solicita\u00e7\u00e3o de Apropria\u00e7\u00e3o de Cr\u00e9dito de Combust\u00edvel;<\/li>\n\n\n\n<li>Cancelamento do Evento Solicita\u00e7\u00e3o de Apropria\u00e7\u00e3o de Cr\u00e9dito de Combust\u00edvel;<\/li>\n<\/ul>\n\n\n\n<h2 class=\"wp-block-heading\"><strong>DANFE<\/strong><\/h2>\n\n\n\n<p>Est\u00e3o sendo avaliadas modifica\u00e7\u00f5es no DANFE para mostrar informa\u00e7\u00f5es sobre os novos tributos, que ser\u00e3o divulgadas em uma nova vers\u00e3o desta Nota T\u00e9cnica.<\/p>\n\n\n\n<p>Para conferir a Nota T\u00e9cnica completa, <a href=\"https:\/\/dfe-portal.svrs.rs.gov.br\/Nfe\/Documentos\">clique aqui.&nbsp;<\/a><\/p>\n\n\n\n<h2 class=\"wp-block-heading\"><strong>Sobre a <\/strong>Avalara<\/h2>\n\n\n\n<p>A Avalara apoia empresas na jornada de conformidade tribut\u00e1ria, com solu\u00e7\u00f5es que automatizam o c\u00e1lculo de tributos, a emiss\u00e3o de documentos fiscais e o controle das obriga\u00e7\u00f5es acess\u00f3rias.<\/p>\n\n\n\n<p>&nbsp;Com tecnologia integrada e atualiza\u00e7\u00f5es cont\u00ednuas, suas opera\u00e7\u00f5es permanecem alinhadas \u00e0 legisla\u00e7\u00e3o e preparadas para o novo modelo tribut\u00e1rio brasileiro.<\/p>\n\n\n\n<p>Conhe\u00e7a as solu\u00e7\u00f5es da Avalara e descubra como a automa\u00e7\u00e3o pode tornar sua rotina fiscal mais eficiente e segura durante a Reforma Tribut\u00e1ria.<\/p>\n\n\n\n<style>\n  .custom-button {\n    font-family: Arial, sans-serif;\n    background-color: #FA6400; \/* Laranja Avalara *\/\n    color: #ffffff;\n    border: none;\n    border-radius: 20px;\n    padding: 12px 24px;\n    font-size: 14px;\n    font-weight: bold;\n    text-align: center;\n    letter-spacing: normal;\n    display: inline-block;\n    text-decoration: none;\n    width: fit-content;\n    margin: 0 auto;\n    transition: background-color 0.3s ease, transform 0.2s ease;\n  }\n\n  .custom-button:hover {\n    background-color: #d95500; \/* tom um pouco mais escuro no hover *\/\n    transform: translateY(-2px);\n  }\n\n  .button-container {\n    text-align: center;\n  }\n<\/style>\n\n<div class=\"button-container\">\n  <a href=\"https:\/\/www.avalara.com\/br\/pt\/index.html?ref=descomplica-reforma-tributaria\" class=\"custom-button\">\n    \u3164Saiba mais\u3164\n  <\/a>\n<\/div>\n\n\n","protected":false},"excerpt":{"rendered":"<p>A Nota T\u00e9cnica NT-RT 2024.002 vers\u00e3o 1.00&nbsp; divulgada em 01 de Agosto de 2024 trata das&nbsp; adapta\u00e7\u00f5es necess\u00e1rias nos sistemas de emiss\u00e3o de Documentos Fiscais [&hellip;]<\/p>\n","protected":false},"author":2,"featured_media":12894,"comment_status":"open","ping_status":"open","sticky":false,"template":"","format":"standard","meta":{"footnotes":""},"categories":[4,3],"tags":[],"class_list":["post-12892","post","type-post","status-publish","format-standard","has-post-thumbnail","hentry","category-nota-tecnica","category-reforma-tributaria"],"yoast_head":"<!-- This site is optimized with the Yoast SEO plugin v27.0 - https:\/\/yoast.com\/product\/yoast-seo-wordpress\/ -->\n<title>Projeto Reforma Tribut\u00e1ria do Consumo - Adequa\u00e7\u00f5es NFe \/ NFCe Nota T\u00e9cnica 2024.002 \u2013 Vers\u00e3o 1.0 - Descomplica Reforma Tribut\u00e1ria<\/title>\n<meta name=\"description\" content=\"Divulgada a NT 2024.002 que traz adequa\u00e7\u00f5es nos sistemas de emiss\u00e3o de NFe e NFCe \u00e0s mudan\u00e7as da Reforma Tribut\u00e1ria do Consumo. Saiba mais:\" \/>\n<meta name=\"robots\" content=\"index, follow, max-snippet:-1, max-image-preview:large, max-video-preview:-1\" \/>\n<link rel=\"canonical\" href=\"https:\/\/site.avalarabrasil.com.br\/reforma-tributaria\/nota-tecnica-2024-002-versao-1-0-adequacoes-nfe-nfce\/\" \/>\n<meta property=\"og:locale\" content=\"pt_BR\" \/>\n<meta property=\"og:type\" content=\"article\" \/>\n<meta property=\"og:title\" content=\"Projeto Reforma Tribut\u00e1ria do Consumo - Adequa\u00e7\u00f5es NFe \/ NFCe Nota T\u00e9cnica 2024.002 \u2013 Vers\u00e3o 1.0 - Descomplica Reforma Tribut\u00e1ria\" \/>\n<meta property=\"og:description\" content=\"Divulgada a NT 2024.002 que traz adequa\u00e7\u00f5es nos sistemas de emiss\u00e3o de NFe e NFCe \u00e0s mudan\u00e7as da Reforma Tribut\u00e1ria do Consumo. Saiba mais:\" \/>\n<meta property=\"og:url\" content=\"https:\/\/site.avalarabrasil.com.br\/reforma-tributaria\/nota-tecnica-2024-002-versao-1-0-adequacoes-nfe-nfce\/\" \/>\n<meta property=\"og:site_name\" content=\"Descomplica Reforma Tribut\u00e1ria\" \/>\n<meta property=\"article:published_time\" content=\"2024-08-07T12:40:44+00:00\" \/>\n<meta property=\"article:modified_time\" content=\"2025-11-17T13:57:40+00:00\" \/>\n<meta property=\"og:image\" content=\"https:\/\/site.avalarabrasil.com.br\/reforma-tributaria\/wp-content\/uploads\/2024\/08\/NT-adequacoes-NFe-NFCe-scaled-1.jpg\" \/>\n\t<meta property=\"og:image:width\" content=\"2560\" \/>\n\t<meta property=\"og:image:height\" content=\"1709\" \/>\n\t<meta property=\"og:image:type\" content=\"image\/jpeg\" \/>\n<meta name=\"author\" content=\"Camila Nabosne\" \/>\n<meta name=\"twitter:card\" content=\"summary_large_image\" \/>\n<meta name=\"twitter:label1\" content=\"Escrito por\" \/>\n\t<meta name=\"twitter:data1\" content=\"Camila Nabosne\" \/>\n\t<meta name=\"twitter:label2\" content=\"Est. tempo de leitura\" \/>\n\t<meta name=\"twitter:data2\" content=\"5 minutos\" \/>\n<script type=\"application\/ld+json\" class=\"yoast-schema-graph\">{\"@context\":\"https:\/\/schema.org\",\"@graph\":[{\"@type\":\"Article\",\"@id\":\"https:\/\/site.avalarabrasil.com.br\/reforma-tributaria\/nota-tecnica-2024-002-versao-1-0-adequacoes-nfe-nfce\/#article\",\"isPartOf\":{\"@id\":\"https:\/\/site.avalarabrasil.com.br\/reforma-tributaria\/nota-tecnica-2024-002-versao-1-0-adequacoes-nfe-nfce\/\"},\"author\":{\"name\":\"Camila Nabosne\",\"@id\":\"https:\/\/site.avalarabrasil.com.br\/reforma-tributaria\/#\/schema\/person\/de5858a1b3c67568fd25d7180083992d\"},\"headline\":\"Projeto Reforma Tribut\u00e1ria do Consumo &#8211; Adequa\u00e7\u00f5es NFe \/ NFCe Nota T\u00e9cnica 2024.002 \u2013 Vers\u00e3o 1.0\",\"datePublished\":\"2024-08-07T12:40:44+00:00\",\"dateModified\":\"2025-11-17T13:57:40+00:00\",\"mainEntityOfPage\":{\"@id\":\"https:\/\/site.avalarabrasil.com.br\/reforma-tributaria\/nota-tecnica-2024-002-versao-1-0-adequacoes-nfe-nfce\/\"},\"wordCount\":993,\"commentCount\":0,\"publisher\":{\"@id\":\"https:\/\/site.avalarabrasil.com.br\/reforma-tributaria\/#organization\"},\"image\":{\"@id\":\"https:\/\/site.avalarabrasil.com.br\/reforma-tributaria\/nota-tecnica-2024-002-versao-1-0-adequacoes-nfe-nfce\/#primaryimage\"},\"thumbnailUrl\":\"https:\/\/site.avalarabrasil.com.br\/reforma-tributaria\/wp-content\/uploads\/2024\/08\/NT-adequacoes-NFe-NFCe-scaled-1.jpg\",\"articleSection\":[\"Nota t\u00e9cnica\",\"Reforma Tribut\u00e1ria\"],\"inLanguage\":\"pt-BR\",\"potentialAction\":[{\"@type\":\"CommentAction\",\"name\":\"Comment\",\"target\":[\"https:\/\/site.avalarabrasil.com.br\/reforma-tributaria\/nota-tecnica-2024-002-versao-1-0-adequacoes-nfe-nfce\/#respond\"]}]},{\"@type\":\"WebPage\",\"@id\":\"https:\/\/site.avalarabrasil.com.br\/reforma-tributaria\/nota-tecnica-2024-002-versao-1-0-adequacoes-nfe-nfce\/\",\"url\":\"https:\/\/site.avalarabrasil.com.br\/reforma-tributaria\/nota-tecnica-2024-002-versao-1-0-adequacoes-nfe-nfce\/\",\"name\":\"Projeto Reforma Tribut\u00e1ria do Consumo - Adequa\u00e7\u00f5es NFe \/ NFCe Nota T\u00e9cnica 2024.002 \u2013 Vers\u00e3o 1.0 - Descomplica Reforma Tribut\u00e1ria\",\"isPartOf\":{\"@id\":\"https:\/\/site.avalarabrasil.com.br\/reforma-tributaria\/#website\"},\"primaryImageOfPage\":{\"@id\":\"https:\/\/site.avalarabrasil.com.br\/reforma-tributaria\/nota-tecnica-2024-002-versao-1-0-adequacoes-nfe-nfce\/#primaryimage\"},\"image\":{\"@id\":\"https:\/\/site.avalarabrasil.com.br\/reforma-tributaria\/nota-tecnica-2024-002-versao-1-0-adequacoes-nfe-nfce\/#primaryimage\"},\"thumbnailUrl\":\"https:\/\/site.avalarabrasil.com.br\/reforma-tributaria\/wp-content\/uploads\/2024\/08\/NT-adequacoes-NFe-NFCe-scaled-1.jpg\",\"datePublished\":\"2024-08-07T12:40:44+00:00\",\"dateModified\":\"2025-11-17T13:57:40+00:00\",\"description\":\"Divulgada a NT 2024.002 que traz adequa\u00e7\u00f5es nos sistemas de emiss\u00e3o de NFe e NFCe \u00e0s mudan\u00e7as da Reforma Tribut\u00e1ria do Consumo. Saiba mais:\",\"breadcrumb\":{\"@id\":\"https:\/\/site.avalarabrasil.com.br\/reforma-tributaria\/nota-tecnica-2024-002-versao-1-0-adequacoes-nfe-nfce\/#breadcrumb\"},\"inLanguage\":\"pt-BR\",\"potentialAction\":[{\"@type\":\"ReadAction\",\"target\":[\"https:\/\/site.avalarabrasil.com.br\/reforma-tributaria\/nota-tecnica-2024-002-versao-1-0-adequacoes-nfe-nfce\/\"]}]},{\"@type\":\"ImageObject\",\"inLanguage\":\"pt-BR\",\"@id\":\"https:\/\/site.avalarabrasil.com.br\/reforma-tributaria\/nota-tecnica-2024-002-versao-1-0-adequacoes-nfe-nfce\/#primaryimage\",\"url\":\"https:\/\/site.avalarabrasil.com.br\/reforma-tributaria\/wp-content\/uploads\/2024\/08\/NT-adequacoes-NFe-NFCe-scaled-1.jpg\",\"contentUrl\":\"https:\/\/site.avalarabrasil.com.br\/reforma-tributaria\/wp-content\/uploads\/2024\/08\/NT-adequacoes-NFe-NFCe-scaled-1.jpg\",\"width\":2560,\"height\":1709,\"caption\":\"NT adequa\u00e7\u00f5es NFe NFCe\"},{\"@type\":\"BreadcrumbList\",\"@id\":\"https:\/\/site.avalarabrasil.com.br\/reforma-tributaria\/nota-tecnica-2024-002-versao-1-0-adequacoes-nfe-nfce\/#breadcrumb\",\"itemListElement\":[{\"@type\":\"ListItem\",\"position\":1,\"name\":\"In\u00edcio\",\"item\":\"https:\/\/site.avalarabrasil.com.br\/reforma-tributaria\/\"},{\"@type\":\"ListItem\",\"position\":2,\"name\":\"Projeto Reforma Tribut\u00e1ria do Consumo &#8211; Adequa\u00e7\u00f5es NFe \/ NFCe Nota T\u00e9cnica 2024.002 \u2013 Vers\u00e3o 1.0\"}]},{\"@type\":\"WebSite\",\"@id\":\"https:\/\/site.avalarabrasil.com.br\/reforma-tributaria\/#website\",\"url\":\"https:\/\/site.avalarabrasil.com.br\/reforma-tributaria\/\",\"name\":\"Descomplica Reforma Tribut\u00e1ria\",\"description\":\"Entenda o impacto da Reforma Tribut\u00e1ria no seu neg\u00f3cio. No Descomplica Reforma Tribut\u00e1ria, voc\u00ea encontra not\u00edcias, legisla\u00e7\u00e3o e orienta\u00e7\u00f5es pr\u00e1ticas para empresas.\",\"publisher\":{\"@id\":\"https:\/\/site.avalarabrasil.com.br\/reforma-tributaria\/#organization\"},\"alternateName\":\"Reforma Tribut\u00e1ria Avalara\",\"potentialAction\":[{\"@type\":\"SearchAction\",\"target\":{\"@type\":\"EntryPoint\",\"urlTemplate\":\"https:\/\/site.avalarabrasil.com.br\/reforma-tributaria\/?s={search_term_string}\"},\"query-input\":{\"@type\":\"PropertyValueSpecification\",\"valueRequired\":true,\"valueName\":\"search_term_string\"}}],\"inLanguage\":\"pt-BR\"},{\"@type\":\"Organization\",\"@id\":\"https:\/\/site.avalarabrasil.com.br\/reforma-tributaria\/#organization\",\"name\":\"Descomplica Reforma Tribut\u00e1ria\",\"url\":\"https:\/\/site.avalarabrasil.com.br\/reforma-tributaria\/\",\"logo\":{\"@type\":\"ImageObject\",\"inLanguage\":\"pt-BR\",\"@id\":\"https:\/\/site.avalarabrasil.com.br\/reforma-tributaria\/#\/schema\/logo\/image\/\",\"url\":\"https:\/\/site.avalarabrasil.com.br\/reforma-tributaria\/wp-content\/uploads\/2025\/11\/avalara.png\",\"contentUrl\":\"https:\/\/site.avalarabrasil.com.br\/reforma-tributaria\/wp-content\/uploads\/2025\/11\/avalara.png\",\"width\":1200,\"height\":675,\"caption\":\"Descomplica Reforma Tribut\u00e1ria\"},\"image\":{\"@id\":\"https:\/\/site.avalarabrasil.com.br\/reforma-tributaria\/#\/schema\/logo\/image\/\"}},{\"@type\":\"Person\",\"@id\":\"https:\/\/site.avalarabrasil.com.br\/reforma-tributaria\/#\/schema\/person\/de5858a1b3c67568fd25d7180083992d\",\"name\":\"Camila Nabosne\",\"image\":{\"@type\":\"ImageObject\",\"inLanguage\":\"pt-BR\",\"@id\":\"https:\/\/site.avalarabrasil.com.br\/reforma-tributaria\/#\/schema\/person\/image\/\",\"url\":\"https:\/\/site.avalarabrasil.com.br\/reforma-tributaria\/wp-content\/litespeed\/avatar\/0a8eaaf31c4400af2573088d03d0fcb5.jpg?ver=1777386826\",\"contentUrl\":\"https:\/\/site.avalarabrasil.com.br\/reforma-tributaria\/wp-content\/litespeed\/avatar\/0a8eaaf31c4400af2573088d03d0fcb5.jpg?ver=1777386826\",\"caption\":\"Camila Nabosne\"},\"url\":\"https:\/\/site.avalarabrasil.com.br\/reforma-tributaria\/author\/camila-nabosne\/\"}]}<\/script>\n<!-- \/ Yoast SEO plugin. -->","yoast_head_json":{"title":"Projeto Reforma Tribut\u00e1ria do Consumo - Adequa\u00e7\u00f5es NFe \/ NFCe Nota T\u00e9cnica 2024.002 \u2013 Vers\u00e3o 1.0 - Descomplica Reforma Tribut\u00e1ria","description":"Divulgada a NT 2024.002 que traz adequa\u00e7\u00f5es nos sistemas de emiss\u00e3o de NFe e NFCe \u00e0s mudan\u00e7as da Reforma Tribut\u00e1ria do Consumo. Saiba mais:","robots":{"index":"index","follow":"follow","max-snippet":"max-snippet:-1","max-image-preview":"max-image-preview:large","max-video-preview":"max-video-preview:-1"},"canonical":"https:\/\/site.avalarabrasil.com.br\/reforma-tributaria\/nota-tecnica-2024-002-versao-1-0-adequacoes-nfe-nfce\/","og_locale":"pt_BR","og_type":"article","og_title":"Projeto Reforma Tribut\u00e1ria do Consumo - Adequa\u00e7\u00f5es NFe \/ NFCe Nota T\u00e9cnica 2024.002 \u2013 Vers\u00e3o 1.0 - Descomplica Reforma Tribut\u00e1ria","og_description":"Divulgada a NT 2024.002 que traz adequa\u00e7\u00f5es nos sistemas de emiss\u00e3o de NFe e NFCe \u00e0s mudan\u00e7as da Reforma Tribut\u00e1ria do Consumo. Saiba mais:","og_url":"https:\/\/site.avalarabrasil.com.br\/reforma-tributaria\/nota-tecnica-2024-002-versao-1-0-adequacoes-nfe-nfce\/","og_site_name":"Descomplica Reforma Tribut\u00e1ria","article_published_time":"2024-08-07T12:40:44+00:00","article_modified_time":"2025-11-17T13:57:40+00:00","og_image":[{"width":2560,"height":1709,"url":"https:\/\/site.avalarabrasil.com.br\/reforma-tributaria\/wp-content\/uploads\/2024\/08\/NT-adequacoes-NFe-NFCe-scaled-1.jpg","type":"image\/jpeg"}],"author":"Camila Nabosne","twitter_card":"summary_large_image","twitter_misc":{"Escrito por":"Camila Nabosne","Est. tempo de leitura":"5 minutos"},"schema":{"@context":"https:\/\/schema.org","@graph":[{"@type":"Article","@id":"https:\/\/site.avalarabrasil.com.br\/reforma-tributaria\/nota-tecnica-2024-002-versao-1-0-adequacoes-nfe-nfce\/#article","isPartOf":{"@id":"https:\/\/site.avalarabrasil.com.br\/reforma-tributaria\/nota-tecnica-2024-002-versao-1-0-adequacoes-nfe-nfce\/"},"author":{"name":"Camila Nabosne","@id":"https:\/\/site.avalarabrasil.com.br\/reforma-tributaria\/#\/schema\/person\/de5858a1b3c67568fd25d7180083992d"},"headline":"Projeto Reforma Tribut\u00e1ria do Consumo &#8211; Adequa\u00e7\u00f5es NFe \/ NFCe Nota T\u00e9cnica 2024.002 \u2013 Vers\u00e3o 1.0","datePublished":"2024-08-07T12:40:44+00:00","dateModified":"2025-11-17T13:57:40+00:00","mainEntityOfPage":{"@id":"https:\/\/site.avalarabrasil.com.br\/reforma-tributaria\/nota-tecnica-2024-002-versao-1-0-adequacoes-nfe-nfce\/"},"wordCount":993,"commentCount":0,"publisher":{"@id":"https:\/\/site.avalarabrasil.com.br\/reforma-tributaria\/#organization"},"image":{"@id":"https:\/\/site.avalarabrasil.com.br\/reforma-tributaria\/nota-tecnica-2024-002-versao-1-0-adequacoes-nfe-nfce\/#primaryimage"},"thumbnailUrl":"https:\/\/site.avalarabrasil.com.br\/reforma-tributaria\/wp-content\/uploads\/2024\/08\/NT-adequacoes-NFe-NFCe-scaled-1.jpg","articleSection":["Nota t\u00e9cnica","Reforma Tribut\u00e1ria"],"inLanguage":"pt-BR","potentialAction":[{"@type":"CommentAction","name":"Comment","target":["https:\/\/site.avalarabrasil.com.br\/reforma-tributaria\/nota-tecnica-2024-002-versao-1-0-adequacoes-nfe-nfce\/#respond"]}]},{"@type":"WebPage","@id":"https:\/\/site.avalarabrasil.com.br\/reforma-tributaria\/nota-tecnica-2024-002-versao-1-0-adequacoes-nfe-nfce\/","url":"https:\/\/site.avalarabrasil.com.br\/reforma-tributaria\/nota-tecnica-2024-002-versao-1-0-adequacoes-nfe-nfce\/","name":"Projeto Reforma Tribut\u00e1ria do Consumo - Adequa\u00e7\u00f5es NFe \/ NFCe Nota T\u00e9cnica 2024.002 \u2013 Vers\u00e3o 1.0 - Descomplica Reforma Tribut\u00e1ria","isPartOf":{"@id":"https:\/\/site.avalarabrasil.com.br\/reforma-tributaria\/#website"},"primaryImageOfPage":{"@id":"https:\/\/site.avalarabrasil.com.br\/reforma-tributaria\/nota-tecnica-2024-002-versao-1-0-adequacoes-nfe-nfce\/#primaryimage"},"image":{"@id":"https:\/\/site.avalarabrasil.com.br\/reforma-tributaria\/nota-tecnica-2024-002-versao-1-0-adequacoes-nfe-nfce\/#primaryimage"},"thumbnailUrl":"https:\/\/site.avalarabrasil.com.br\/reforma-tributaria\/wp-content\/uploads\/2024\/08\/NT-adequacoes-NFe-NFCe-scaled-1.jpg","datePublished":"2024-08-07T12:40:44+00:00","dateModified":"2025-11-17T13:57:40+00:00","description":"Divulgada a NT 2024.002 que traz adequa\u00e7\u00f5es nos sistemas de emiss\u00e3o de NFe e NFCe \u00e0s mudan\u00e7as da Reforma Tribut\u00e1ria do Consumo. Saiba mais:","breadcrumb":{"@id":"https:\/\/site.avalarabrasil.com.br\/reforma-tributaria\/nota-tecnica-2024-002-versao-1-0-adequacoes-nfe-nfce\/#breadcrumb"},"inLanguage":"pt-BR","potentialAction":[{"@type":"ReadAction","target":["https:\/\/site.avalarabrasil.com.br\/reforma-tributaria\/nota-tecnica-2024-002-versao-1-0-adequacoes-nfe-nfce\/"]}]},{"@type":"ImageObject","inLanguage":"pt-BR","@id":"https:\/\/site.avalarabrasil.com.br\/reforma-tributaria\/nota-tecnica-2024-002-versao-1-0-adequacoes-nfe-nfce\/#primaryimage","url":"https:\/\/site.avalarabrasil.com.br\/reforma-tributaria\/wp-content\/uploads\/2024\/08\/NT-adequacoes-NFe-NFCe-scaled-1.jpg","contentUrl":"https:\/\/site.avalarabrasil.com.br\/reforma-tributaria\/wp-content\/uploads\/2024\/08\/NT-adequacoes-NFe-NFCe-scaled-1.jpg","width":2560,"height":1709,"caption":"NT adequa\u00e7\u00f5es NFe NFCe"},{"@type":"BreadcrumbList","@id":"https:\/\/site.avalarabrasil.com.br\/reforma-tributaria\/nota-tecnica-2024-002-versao-1-0-adequacoes-nfe-nfce\/#breadcrumb","itemListElement":[{"@type":"ListItem","position":1,"name":"In\u00edcio","item":"https:\/\/site.avalarabrasil.com.br\/reforma-tributaria\/"},{"@type":"ListItem","position":2,"name":"Projeto Reforma Tribut\u00e1ria do Consumo &#8211; Adequa\u00e7\u00f5es NFe \/ NFCe Nota T\u00e9cnica 2024.002 \u2013 Vers\u00e3o 1.0"}]},{"@type":"WebSite","@id":"https:\/\/site.avalarabrasil.com.br\/reforma-tributaria\/#website","url":"https:\/\/site.avalarabrasil.com.br\/reforma-tributaria\/","name":"Descomplica Reforma Tribut\u00e1ria","description":"Entenda o impacto da Reforma Tribut\u00e1ria no seu neg\u00f3cio. No Descomplica Reforma Tribut\u00e1ria, voc\u00ea encontra not\u00edcias, legisla\u00e7\u00e3o e orienta\u00e7\u00f5es pr\u00e1ticas para empresas.","publisher":{"@id":"https:\/\/site.avalarabrasil.com.br\/reforma-tributaria\/#organization"},"alternateName":"Reforma Tribut\u00e1ria Avalara","potentialAction":[{"@type":"SearchAction","target":{"@type":"EntryPoint","urlTemplate":"https:\/\/site.avalarabrasil.com.br\/reforma-tributaria\/?s={search_term_string}"},"query-input":{"@type":"PropertyValueSpecification","valueRequired":true,"valueName":"search_term_string"}}],"inLanguage":"pt-BR"},{"@type":"Organization","@id":"https:\/\/site.avalarabrasil.com.br\/reforma-tributaria\/#organization","name":"Descomplica Reforma Tribut\u00e1ria","url":"https:\/\/site.avalarabrasil.com.br\/reforma-tributaria\/","logo":{"@type":"ImageObject","inLanguage":"pt-BR","@id":"https:\/\/site.avalarabrasil.com.br\/reforma-tributaria\/#\/schema\/logo\/image\/","url":"https:\/\/site.avalarabrasil.com.br\/reforma-tributaria\/wp-content\/uploads\/2025\/11\/avalara.png","contentUrl":"https:\/\/site.avalarabrasil.com.br\/reforma-tributaria\/wp-content\/uploads\/2025\/11\/avalara.png","width":1200,"height":675,"caption":"Descomplica Reforma Tribut\u00e1ria"},"image":{"@id":"https:\/\/site.avalarabrasil.com.br\/reforma-tributaria\/#\/schema\/logo\/image\/"}},{"@type":"Person","@id":"https:\/\/site.avalarabrasil.com.br\/reforma-tributaria\/#\/schema\/person\/de5858a1b3c67568fd25d7180083992d","name":"Camila Nabosne","image":{"@type":"ImageObject","inLanguage":"pt-BR","@id":"https:\/\/site.avalarabrasil.com.br\/reforma-tributaria\/#\/schema\/person\/image\/","url":"https:\/\/site.avalarabrasil.com.br\/reforma-tributaria\/wp-content\/litespeed\/avatar\/0a8eaaf31c4400af2573088d03d0fcb5.jpg?ver=1777386826","contentUrl":"https:\/\/site.avalarabrasil.com.br\/reforma-tributaria\/wp-content\/litespeed\/avatar\/0a8eaaf31c4400af2573088d03d0fcb5.jpg?ver=1777386826","caption":"Camila Nabosne"},"url":"https:\/\/site.avalarabrasil.com.br\/reforma-tributaria\/author\/camila-nabosne\/"}]}},"_links":{"self":[{"href":"https:\/\/site.avalarabrasil.com.br\/reforma-tributaria\/wp-json\/wp\/v2\/posts\/12892","targetHints":{"allow":["GET"]}}],"collection":[{"href":"https:\/\/site.avalarabrasil.com.br\/reforma-tributaria\/wp-json\/wp\/v2\/posts"}],"about":[{"href":"https:\/\/site.avalarabrasil.com.br\/reforma-tributaria\/wp-json\/wp\/v2\/types\/post"}],"author":[{"embeddable":true,"href":"https:\/\/site.avalarabrasil.com.br\/reforma-tributaria\/wp-json\/wp\/v2\/users\/2"}],"replies":[{"embeddable":true,"href":"https:\/\/site.avalarabrasil.com.br\/reforma-tributaria\/wp-json\/wp\/v2\/comments?post=12892"}],"version-history":[{"count":1,"href":"https:\/\/site.avalarabrasil.com.br\/reforma-tributaria\/wp-json\/wp\/v2\/posts\/12892\/revisions"}],"predecessor-version":[{"id":15551,"href":"https:\/\/site.avalarabrasil.com.br\/reforma-tributaria\/wp-json\/wp\/v2\/posts\/12892\/revisions\/15551"}],"wp:featuredmedia":[{"embeddable":true,"href":"https:\/\/site.avalarabrasil.com.br\/reforma-tributaria\/wp-json\/wp\/v2\/media\/12894"}],"wp:attachment":[{"href":"https:\/\/site.avalarabrasil.com.br\/reforma-tributaria\/wp-json\/wp\/v2\/media?parent=12892"}],"wp:term":[{"taxonomy":"category","embeddable":true,"href":"https:\/\/site.avalarabrasil.com.br\/reforma-tributaria\/wp-json\/wp\/v2\/categories?post=12892"},{"taxonomy":"post_tag","embeddable":true,"href":"https:\/\/site.avalarabrasil.com.br\/reforma-tributaria\/wp-json\/wp\/v2\/tags?post=12892"}],"curies":[{"name":"wp","href":"https:\/\/api.w.org\/{rel}","templated":true}]}}