{"id":12923,"date":"2024-08-19T10:13:56","date_gmt":"2024-08-19T13:13:56","guid":{"rendered":"https:\/\/oobj.com.br\/?p=12923"},"modified":"2025-11-17T11:00:51","modified_gmt":"2025-11-17T14:00:51","slug":"reforma-tributaria-sap-ecc-s4hana-impactos-estrategias-adaptacao","status":"publish","type":"post","link":"https:\/\/site.avalarabrasil.com.br\/reforma-tributaria\/reforma-tributaria-sap-ecc-s4hana-impactos-estrategias-adaptacao\/","title":{"rendered":"Reforma Tribut\u00e1ria no SAP ECC e S4HANA: impactos e estrat\u00e9gias para adapta\u00e7\u00e3o"},"content":{"rendered":"\n<p>A <a href=\"https:\/\/site.avalarabrasil.com.br\/reforma-tributaria\/legislacao\/reforma-tributaria-atualizacoes\/\">reforma tribut\u00e1ria<\/a> \u00e9 um tema recorrente e relevante para o ambiente empresarial brasileiro, especialmente quando se considera a complexidade e a carga burocr\u00e1tica do sistema tribut\u00e1rio atual.&nbsp;<\/p>\n\n\n\n<p>O objetivo principal dessa reforma \u00e9 simplificar e unificar diversos impostos sobre o consumo, como PIS, Cofins, IPI, <a href=\"https:\/\/site.avalarabrasil.com.br\/reforma-tributaria\/legislacao\/reforma-tributaria-icms\/\">ICMS<\/a> e CBS nos pr\u00f3ximos dez anos.&nbsp;<\/p>\n\n\n\n<p>Essa transforma\u00e7\u00e3o busca promover maior transpar\u00eancia, efici\u00eancia e reduzir a complexidade fiscal, por\u00e9m traz implica\u00e7\u00f5es nos sistemas SAP ECC e S4HANA. Entenda:&nbsp;<\/p>\n\n\n\n<h2 class=\"wp-block-heading\">Quais s\u00e3o os objetivos da reforma tribut\u00e1ria?&nbsp;<\/h2>\n\n\n\n<p>A <a href=\"https:\/\/site.avalarabrasil.com.br\/reforma-tributaria\/legislacao\/reforma-tributaria-e-seus-efeitos-a-longo-prazo\/\">reforma tribut\u00e1ria<\/a> proposta pelo governo brasileiro busca simplificar o sistema tribut\u00e1rio, consolidando v\u00e1rios tributos sobre o consumo em menos impostos.&nbsp; O novo texto visa&nbsp;facilitar o cumprimento das obriga\u00e7\u00f5es fiscais pelas empresas.<\/p>\n\n\n\n<h3 class=\"wp-block-heading\">Quais s\u00e3o os desafios da implementa\u00e7\u00e3o?&nbsp;<\/h3>\n\n\n\n<p>A transi\u00e7\u00e3o para o novo sistema envolve a adapta\u00e7\u00e3o de processos internos e sistemas de gest\u00e3o, como o SAP, para atender \u00e0s novas exig\u00eancias.<\/p>\n\n\n\n<p>A atualiza\u00e7\u00e3o de m\u00f3dulos fiscais, a cria\u00e7\u00e3o de novos grupos tribut\u00e1rios e os ajustes t\u00e9cnicos para a emiss\u00e3o de notas fiscais est\u00e3o inclu\u00eddos nesse processo.<\/p>\n\n\n\n<h2 class=\"wp-block-heading\">Quais s\u00e3o os impactos nos sistemas SAP ECC e S4HANA?&nbsp;<\/h2>\n\n\n\n<h3 class=\"wp-block-heading\">Atualiza\u00e7\u00e3o de ferramentas e m\u00f3dulos<\/h3>\n\n\n\n<p>Ser\u00e1 necess\u00e1rio atualizar diversos m\u00f3dulos e ferramentas dentro do SAP. Entre as necessidades que precisar\u00e3o de ajustes, destacam-se:<\/p>\n\n\n\n<ul class=\"wp-block-list\">\n<li>Determina\u00e7\u00e3o de IVA (Imposto sobre Valor Agregado)<\/li>\n\n\n\n<li>Automa\u00e7\u00e3o de entrada de faturas<\/li>\n<\/ul>\n\n\n\n<h3 class=\"wp-block-heading\">Integra\u00e7\u00e3o com solu\u00e7\u00f5es externas<\/h3>\n\n\n\n<p>A vers\u00e3o p\u00fablica em nuvem do SAP n\u00e3o suportar\u00e1 alguns dos impostos, exigindo a integra\u00e7\u00e3o com mecanismos de c\u00e1lculo externos.&nbsp;<\/p>\n\n\n\n<p>Por isso, para se manter em conformidade, as empresas precisam adotar medidas estrat\u00e9gicas e se anteciparem para n\u00e3o sofrerem impactos negativos quando a mudan\u00e7a chegar.<\/p>\n\n\n\n<h2 class=\"wp-block-heading\">Prepara\u00e7\u00e3o, ferramentas e parcerias para a transi\u00e7\u00e3o da reforma tribut\u00e1ria<\/h2>\n\n\n\n<h3 class=\"wp-block-heading\">Revis\u00e3o de par\u00e2metros fiscais<\/h3>\n\n\n\n<p>As empresas v\u00e3o precisar revisar seus par\u00e2metros fiscais e sistemas, assegurando que todos os processos estejam alinhados com as novas exig\u00eancias fiscais, principalmente neste momento, em que ser\u00e1 preciso trabalhar sobre as duas perspectivas.&nbsp;<\/p>\n\n\n\n<h3 class=\"wp-block-heading\">Motor de C\u00e1lculo para SAP&nbsp;<\/h3>\n\n\n\n<p>O motor de c\u00e1lculo para SAP \u00e9 uma ferramenta essencial para automatizar processos fiscais, ajudando a integrar novos impostos e ajustar as opera\u00e7\u00f5es de acordo com a legisla\u00e7\u00e3o vigente.<\/p>\n\n\n\n<p>Esse motor mant\u00e9m uma base de dados atualizada de regras tribut\u00e1rias federais e estaduais, que s\u00e3o atualizadas diariamente.<\/p>\n\n\n\n<h3 class=\"wp-block-heading\">Parcerias estrat\u00e9gicas<\/h3>\n\n\n\n<p>Nesse momento, a parceria com a Avalara \u00e9 fundamental, garantindo suporte e atualiza\u00e7\u00e3o constante para que o sistema esteja em dia e em conformidade com a nova legisla\u00e7\u00e3o.<\/p>\n\n\n\n<p>A mensageria desempenha um papel importante nessa transi\u00e7\u00e3o, garantindo que as opera\u00e7\u00f5es continuem sem interrup\u00e7\u00f5es.&nbsp;<\/p>\n\n\n\n<p>Com a Avalara cuidando da implementa\u00e7\u00e3o das novas regras, a empresa pode operar de forma tranquila, assegurando conformidade fiscal e continuidade da opera\u00e7\u00e3o.<\/p>\n\n\n\n<h2 class=\"wp-block-heading\">Quais s\u00e3o as estrat\u00e9gias de adapta\u00e7\u00e3o?<\/h2>\n\n\n\n<h3 class=\"wp-block-heading\">Monitoramento cont\u00ednuo<\/h3>\n\n\n\n<p>\u00c9 essencial manter um monitoramento cont\u00ednuo das mudan\u00e7as legislativas e atualizar os sistemas regularmente para garantir conformidade.&nbsp;<\/p>\n\n\n\n<p>Por isso, o ideal \u00e9 utilizar ferramentas de monitoramento fiscal que alertem sobre altera\u00e7\u00f5es na legisla\u00e7\u00e3o que podem ajudar a empresa a se manter atualizada e evitar problemas de conformidade.<\/p>\n\n\n\n<p>Outra solu\u00e7\u00e3o \u00e9 contar com uma mensageria que esteja em constante atualiza\u00e7\u00e3o, assegurando que todas as atualiza\u00e7\u00f5es ser\u00e3o feitas de forma autom\u00e1tica, fazendo com que a sua opera\u00e7\u00e3o n\u00e3o precise parar.&nbsp;<\/p>\n\n\n\n<h3 class=\"wp-block-heading\">Automa\u00e7\u00e3o de processos<\/h3>\n\n\n\n<p><a href=\"https:\/\/site.avalarabrasil.com.br\/reforma-tributaria\/gestao\/gestao-de-notas-fiscais\/\">Automatizar os processos<\/a> fiscais pode ser uma excelente forma de reduzir erros e aumentar a efici\u00eancia operacional.&nbsp;<\/p>\n\n\n\n<p>Solu\u00e7\u00f5es que automatizam a entrada de faturas, o c\u00e1lculo de impostos e a emiss\u00e3o de notas fiscais tornam o cumprimento das obriga\u00e7\u00f5es fiscais mais simples e preciso.&nbsp;<\/p>\n\n\n\n<p>A automa\u00e7\u00e3o permite que os funcion\u00e1rios dediquem mais tempo a tarefas estrat\u00e9gicas, em vez de tarefas repetitivas e sujeitas a erros humanos, garantindo assim maior efici\u00eancia nos processos.<\/p>\n\n\n\n<h2 class=\"wp-block-heading\">Como a Avalara pode ajudar a minha empresa?\u00a0<\/h2>\n\n\n\n<p>A reforma tribut\u00e1ria brasileira apresenta desafios e oportunidades para as empresas, e a simplifica\u00e7\u00e3o do sistema fiscal ir\u00e1 reduzir a burocracia e os custos operacionais, mas exige uma prepara\u00e7\u00e3o cuidadosa e a adapta\u00e7\u00e3o de sistemas de gest\u00e3o.&nbsp;<\/p>\n\n\n\n<p>Empresas que investirem em tecnologia e se prepararem adequadamente estar\u00e3o melhor posicionadas para aproveitar os benef\u00edcios da nova legisla\u00e7\u00e3o.<\/p>\n\n\n\n<p>A Avalara apoia empresas na jornada de conformidade tribut\u00e1ria, com solu\u00e7\u00f5es que automatizam o c\u00e1lculo de tributos, a emiss\u00e3o de documentos fiscais e o controle das obriga\u00e7\u00f5es acess\u00f3rias.<\/p>\n\n\n\n<p>Com tecnologia integrada e atualiza\u00e7\u00f5es cont\u00ednuas, suas opera\u00e7\u00f5es permanecem alinhadas \u00e0 legisla\u00e7\u00e3o e preparadas para o novo modelo tribut\u00e1rio brasileiro.<\/p>\n\n\n\n<p>Conhe\u00e7a as solu\u00e7\u00f5es da Avalara e descubra como a automa\u00e7\u00e3o pode tornar sua rotina fiscal mais eficiente e segura durante a Reforma Tribut\u00e1ria.<\/p>\n\n\n\n<style>\n  .custom-button {\n    font-family: Arial, sans-serif;\n    background-color: #FA6400; \/* Laranja Avalara *\/\n    color: #ffffff;\n    border: none;\n    border-radius: 20px;\n    padding: 12px 24px;\n    font-size: 14px;\n    font-weight: bold;\n    text-align: center;\n    letter-spacing: normal;\n    display: inline-block;\n    text-decoration: none;\n    width: fit-content;\n    margin: 0 auto;\n    transition: background-color 0.3s ease, transform 0.2s ease;\n  }\n\n  .custom-button:hover {\n    background-color: #d95500; \/* tom um pouco mais escuro no hover *\/\n    transform: translateY(-2px);\n  }\n\n  .button-container {\n    text-align: center;\n  }\n<\/style>\n\n<div class=\"button-container\">\n  <a href=\"https:\/\/www.avalara.com\/br\/pt\/index.html?ref=descomplica-reforma-tributaria\" class=\"custom-button\">\n    \u3164Saiba mais\u3164\n  <\/a>\n<\/div>\n\n\n","protected":false},"excerpt":{"rendered":"<p>A reforma tribut\u00e1ria \u00e9 um tema recorrente e relevante para o ambiente empresarial brasileiro, especialmente quando se considera a complexidade e a carga burocr\u00e1tica do [&hellip;]<\/p>\n","protected":false},"author":2,"featured_media":12924,"comment_status":"open","ping_status":"open","sticky":false,"template":"","format":"standard","meta":{"footnotes":""},"categories":[3],"tags":[],"class_list":["post-12923","post","type-post","status-publish","format-standard","has-post-thumbnail","hentry","category-reforma-tributaria"],"yoast_head":"<!-- This site is optimized with the Yoast SEO plugin v27.0 - https:\/\/yoast.com\/product\/yoast-seo-wordpress\/ -->\n<title>Reforma Tribut\u00e1ria no SAP ECC e S4HANA: impactos e estrat\u00e9gias para adapta\u00e7\u00e3o - Descomplica Reforma Tribut\u00e1ria<\/title>\n<meta name=\"description\" content=\"Saiba como a reforma tribut\u00e1ria impacta os sistemas SAP ECC e S4HANA e descubra estrat\u00e9gias para adapta\u00e7\u00e3o \u00e0s novas exig\u00eancias fiscais:\" \/>\n<meta name=\"robots\" content=\"index, follow, max-snippet:-1, max-image-preview:large, max-video-preview:-1\" \/>\n<link rel=\"canonical\" href=\"https:\/\/site.avalarabrasil.com.br\/reforma-tributaria\/reforma-tributaria-sap-ecc-s4hana-impactos-estrategias-adaptacao\/\" \/>\n<meta property=\"og:locale\" content=\"pt_BR\" \/>\n<meta property=\"og:type\" content=\"article\" \/>\n<meta property=\"og:title\" content=\"Reforma Tribut\u00e1ria no SAP ECC e S4HANA: impactos e estrat\u00e9gias para adapta\u00e7\u00e3o - Descomplica Reforma Tribut\u00e1ria\" \/>\n<meta property=\"og:description\" content=\"Saiba como a reforma tribut\u00e1ria impacta os sistemas SAP ECC e S4HANA e descubra estrat\u00e9gias para adapta\u00e7\u00e3o \u00e0s novas exig\u00eancias fiscais:\" \/>\n<meta property=\"og:url\" content=\"https:\/\/site.avalarabrasil.com.br\/reforma-tributaria\/reforma-tributaria-sap-ecc-s4hana-impactos-estrategias-adaptacao\/\" \/>\n<meta property=\"og:site_name\" content=\"Descomplica Reforma Tribut\u00e1ria\" \/>\n<meta property=\"article:published_time\" content=\"2024-08-19T13:13:56+00:00\" \/>\n<meta property=\"article:modified_time\" content=\"2025-11-17T14:00:51+00:00\" \/>\n<meta property=\"og:image\" content=\"https:\/\/site.avalarabrasil.com.br\/reforma-tributaria\/wp-content\/uploads\/2024\/08\/reforma-tributaria-sap-scaled-1.jpg\" \/>\n\t<meta property=\"og:image:width\" content=\"2560\" \/>\n\t<meta property=\"og:image:height\" content=\"2100\" \/>\n\t<meta property=\"og:image:type\" content=\"image\/jpeg\" \/>\n<meta name=\"author\" content=\"Camila Nabosne\" \/>\n<meta name=\"twitter:card\" content=\"summary_large_image\" \/>\n<meta name=\"twitter:label1\" content=\"Escrito por\" \/>\n\t<meta name=\"twitter:data1\" content=\"Camila Nabosne\" \/>\n\t<meta name=\"twitter:label2\" content=\"Est. tempo de leitura\" \/>\n\t<meta name=\"twitter:data2\" content=\"5 minutos\" \/>\n<script type=\"application\/ld+json\" class=\"yoast-schema-graph\">{\"@context\":\"https:\/\/schema.org\",\"@graph\":[{\"@type\":\"Article\",\"@id\":\"https:\/\/site.avalarabrasil.com.br\/reforma-tributaria\/reforma-tributaria-sap-ecc-s4hana-impactos-estrategias-adaptacao\/#article\",\"isPartOf\":{\"@id\":\"https:\/\/site.avalarabrasil.com.br\/reforma-tributaria\/reforma-tributaria-sap-ecc-s4hana-impactos-estrategias-adaptacao\/\"},\"author\":{\"name\":\"Camila Nabosne\",\"@id\":\"https:\/\/site.avalarabrasil.com.br\/reforma-tributaria\/#\/schema\/person\/de5858a1b3c67568fd25d7180083992d\"},\"headline\":\"Reforma Tribut\u00e1ria no SAP ECC e S4HANA: impactos e estrat\u00e9gias para adapta\u00e7\u00e3o\",\"datePublished\":\"2024-08-19T13:13:56+00:00\",\"dateModified\":\"2025-11-17T14:00:51+00:00\",\"mainEntityOfPage\":{\"@id\":\"https:\/\/site.avalarabrasil.com.br\/reforma-tributaria\/reforma-tributaria-sap-ecc-s4hana-impactos-estrategias-adaptacao\/\"},\"wordCount\":875,\"commentCount\":0,\"publisher\":{\"@id\":\"https:\/\/site.avalarabrasil.com.br\/reforma-tributaria\/#organization\"},\"image\":{\"@id\":\"https:\/\/site.avalarabrasil.com.br\/reforma-tributaria\/reforma-tributaria-sap-ecc-s4hana-impactos-estrategias-adaptacao\/#primaryimage\"},\"thumbnailUrl\":\"https:\/\/site.avalarabrasil.com.br\/reforma-tributaria\/wp-content\/uploads\/2024\/08\/reforma-tributaria-sap-scaled-1.jpg\",\"articleSection\":[\"Reforma Tribut\u00e1ria\"],\"inLanguage\":\"pt-BR\",\"potentialAction\":[{\"@type\":\"CommentAction\",\"name\":\"Comment\",\"target\":[\"https:\/\/site.avalarabrasil.com.br\/reforma-tributaria\/reforma-tributaria-sap-ecc-s4hana-impactos-estrategias-adaptacao\/#respond\"]}]},{\"@type\":\"WebPage\",\"@id\":\"https:\/\/site.avalarabrasil.com.br\/reforma-tributaria\/reforma-tributaria-sap-ecc-s4hana-impactos-estrategias-adaptacao\/\",\"url\":\"https:\/\/site.avalarabrasil.com.br\/reforma-tributaria\/reforma-tributaria-sap-ecc-s4hana-impactos-estrategias-adaptacao\/\",\"name\":\"Reforma Tribut\u00e1ria no SAP ECC e S4HANA: impactos e estrat\u00e9gias para adapta\u00e7\u00e3o - Descomplica Reforma Tribut\u00e1ria\",\"isPartOf\":{\"@id\":\"https:\/\/site.avalarabrasil.com.br\/reforma-tributaria\/#website\"},\"primaryImageOfPage\":{\"@id\":\"https:\/\/site.avalarabrasil.com.br\/reforma-tributaria\/reforma-tributaria-sap-ecc-s4hana-impactos-estrategias-adaptacao\/#primaryimage\"},\"image\":{\"@id\":\"https:\/\/site.avalarabrasil.com.br\/reforma-tributaria\/reforma-tributaria-sap-ecc-s4hana-impactos-estrategias-adaptacao\/#primaryimage\"},\"thumbnailUrl\":\"https:\/\/site.avalarabrasil.com.br\/reforma-tributaria\/wp-content\/uploads\/2024\/08\/reforma-tributaria-sap-scaled-1.jpg\",\"datePublished\":\"2024-08-19T13:13:56+00:00\",\"dateModified\":\"2025-11-17T14:00:51+00:00\",\"description\":\"Saiba como a reforma tribut\u00e1ria impacta os sistemas SAP ECC e S4HANA e descubra estrat\u00e9gias para adapta\u00e7\u00e3o \u00e0s novas exig\u00eancias fiscais:\",\"breadcrumb\":{\"@id\":\"https:\/\/site.avalarabrasil.com.br\/reforma-tributaria\/reforma-tributaria-sap-ecc-s4hana-impactos-estrategias-adaptacao\/#breadcrumb\"},\"inLanguage\":\"pt-BR\",\"potentialAction\":[{\"@type\":\"ReadAction\",\"target\":[\"https:\/\/site.avalarabrasil.com.br\/reforma-tributaria\/reforma-tributaria-sap-ecc-s4hana-impactos-estrategias-adaptacao\/\"]}]},{\"@type\":\"ImageObject\",\"inLanguage\":\"pt-BR\",\"@id\":\"https:\/\/site.avalarabrasil.com.br\/reforma-tributaria\/reforma-tributaria-sap-ecc-s4hana-impactos-estrategias-adaptacao\/#primaryimage\",\"url\":\"https:\/\/site.avalarabrasil.com.br\/reforma-tributaria\/wp-content\/uploads\/2024\/08\/reforma-tributaria-sap-scaled-1.jpg\",\"contentUrl\":\"https:\/\/site.avalarabrasil.com.br\/reforma-tributaria\/wp-content\/uploads\/2024\/08\/reforma-tributaria-sap-scaled-1.jpg\",\"width\":2560,\"height\":2100,\"caption\":\"Reforma tribut\u00e1ria SAP\"},{\"@type\":\"BreadcrumbList\",\"@id\":\"https:\/\/site.avalarabrasil.com.br\/reforma-tributaria\/reforma-tributaria-sap-ecc-s4hana-impactos-estrategias-adaptacao\/#breadcrumb\",\"itemListElement\":[{\"@type\":\"ListItem\",\"position\":1,\"name\":\"In\u00edcio\",\"item\":\"https:\/\/site.avalarabrasil.com.br\/reforma-tributaria\/\"},{\"@type\":\"ListItem\",\"position\":2,\"name\":\"Reforma Tribut\u00e1ria no SAP ECC e S4HANA: impactos e estrat\u00e9gias para adapta\u00e7\u00e3o\"}]},{\"@type\":\"WebSite\",\"@id\":\"https:\/\/site.avalarabrasil.com.br\/reforma-tributaria\/#website\",\"url\":\"https:\/\/site.avalarabrasil.com.br\/reforma-tributaria\/\",\"name\":\"Descomplica Reforma Tribut\u00e1ria\",\"description\":\"Entenda o impacto da Reforma Tribut\u00e1ria no seu neg\u00f3cio. No Descomplica Reforma Tribut\u00e1ria, voc\u00ea encontra not\u00edcias, legisla\u00e7\u00e3o e orienta\u00e7\u00f5es pr\u00e1ticas para empresas.\",\"publisher\":{\"@id\":\"https:\/\/site.avalarabrasil.com.br\/reforma-tributaria\/#organization\"},\"alternateName\":\"Reforma Tribut\u00e1ria Avalara\",\"potentialAction\":[{\"@type\":\"SearchAction\",\"target\":{\"@type\":\"EntryPoint\",\"urlTemplate\":\"https:\/\/site.avalarabrasil.com.br\/reforma-tributaria\/?s={search_term_string}\"},\"query-input\":{\"@type\":\"PropertyValueSpecification\",\"valueRequired\":true,\"valueName\":\"search_term_string\"}}],\"inLanguage\":\"pt-BR\"},{\"@type\":\"Organization\",\"@id\":\"https:\/\/site.avalarabrasil.com.br\/reforma-tributaria\/#organization\",\"name\":\"Descomplica Reforma Tribut\u00e1ria\",\"url\":\"https:\/\/site.avalarabrasil.com.br\/reforma-tributaria\/\",\"logo\":{\"@type\":\"ImageObject\",\"inLanguage\":\"pt-BR\",\"@id\":\"https:\/\/site.avalarabrasil.com.br\/reforma-tributaria\/#\/schema\/logo\/image\/\",\"url\":\"https:\/\/site.avalarabrasil.com.br\/reforma-tributaria\/wp-content\/uploads\/2025\/11\/avalara.png\",\"contentUrl\":\"https:\/\/site.avalarabrasil.com.br\/reforma-tributaria\/wp-content\/uploads\/2025\/11\/avalara.png\",\"width\":1200,\"height\":675,\"caption\":\"Descomplica Reforma Tribut\u00e1ria\"},\"image\":{\"@id\":\"https:\/\/site.avalarabrasil.com.br\/reforma-tributaria\/#\/schema\/logo\/image\/\"}},{\"@type\":\"Person\",\"@id\":\"https:\/\/site.avalarabrasil.com.br\/reforma-tributaria\/#\/schema\/person\/de5858a1b3c67568fd25d7180083992d\",\"name\":\"Camila Nabosne\",\"image\":{\"@type\":\"ImageObject\",\"inLanguage\":\"pt-BR\",\"@id\":\"https:\/\/site.avalarabrasil.com.br\/reforma-tributaria\/#\/schema\/person\/image\/\",\"url\":\"https:\/\/site.avalarabrasil.com.br\/reforma-tributaria\/wp-content\/litespeed\/avatar\/0a8eaaf31c4400af2573088d03d0fcb5.jpg?ver=1777386826\",\"contentUrl\":\"https:\/\/site.avalarabrasil.com.br\/reforma-tributaria\/wp-content\/litespeed\/avatar\/0a8eaaf31c4400af2573088d03d0fcb5.jpg?ver=1777386826\",\"caption\":\"Camila Nabosne\"},\"url\":\"https:\/\/site.avalarabrasil.com.br\/reforma-tributaria\/author\/camila-nabosne\/\"}]}<\/script>\n<!-- \/ Yoast SEO plugin. -->","yoast_head_json":{"title":"Reforma Tribut\u00e1ria no SAP ECC e S4HANA: impactos e estrat\u00e9gias para adapta\u00e7\u00e3o - Descomplica Reforma Tribut\u00e1ria","description":"Saiba como a reforma tribut\u00e1ria impacta os sistemas SAP ECC e S4HANA e descubra estrat\u00e9gias para adapta\u00e7\u00e3o \u00e0s novas exig\u00eancias fiscais:","robots":{"index":"index","follow":"follow","max-snippet":"max-snippet:-1","max-image-preview":"max-image-preview:large","max-video-preview":"max-video-preview:-1"},"canonical":"https:\/\/site.avalarabrasil.com.br\/reforma-tributaria\/reforma-tributaria-sap-ecc-s4hana-impactos-estrategias-adaptacao\/","og_locale":"pt_BR","og_type":"article","og_title":"Reforma Tribut\u00e1ria no SAP ECC e S4HANA: impactos e estrat\u00e9gias para adapta\u00e7\u00e3o - Descomplica Reforma Tribut\u00e1ria","og_description":"Saiba como a reforma tribut\u00e1ria impacta os sistemas SAP ECC e S4HANA e descubra estrat\u00e9gias para adapta\u00e7\u00e3o \u00e0s novas exig\u00eancias fiscais:","og_url":"https:\/\/site.avalarabrasil.com.br\/reforma-tributaria\/reforma-tributaria-sap-ecc-s4hana-impactos-estrategias-adaptacao\/","og_site_name":"Descomplica Reforma Tribut\u00e1ria","article_published_time":"2024-08-19T13:13:56+00:00","article_modified_time":"2025-11-17T14:00:51+00:00","og_image":[{"width":2560,"height":2100,"url":"https:\/\/site.avalarabrasil.com.br\/reforma-tributaria\/wp-content\/uploads\/2024\/08\/reforma-tributaria-sap-scaled-1.jpg","type":"image\/jpeg"}],"author":"Camila Nabosne","twitter_card":"summary_large_image","twitter_misc":{"Escrito por":"Camila Nabosne","Est. tempo de leitura":"5 minutos"},"schema":{"@context":"https:\/\/schema.org","@graph":[{"@type":"Article","@id":"https:\/\/site.avalarabrasil.com.br\/reforma-tributaria\/reforma-tributaria-sap-ecc-s4hana-impactos-estrategias-adaptacao\/#article","isPartOf":{"@id":"https:\/\/site.avalarabrasil.com.br\/reforma-tributaria\/reforma-tributaria-sap-ecc-s4hana-impactos-estrategias-adaptacao\/"},"author":{"name":"Camila Nabosne","@id":"https:\/\/site.avalarabrasil.com.br\/reforma-tributaria\/#\/schema\/person\/de5858a1b3c67568fd25d7180083992d"},"headline":"Reforma Tribut\u00e1ria no SAP ECC e S4HANA: impactos e estrat\u00e9gias para adapta\u00e7\u00e3o","datePublished":"2024-08-19T13:13:56+00:00","dateModified":"2025-11-17T14:00:51+00:00","mainEntityOfPage":{"@id":"https:\/\/site.avalarabrasil.com.br\/reforma-tributaria\/reforma-tributaria-sap-ecc-s4hana-impactos-estrategias-adaptacao\/"},"wordCount":875,"commentCount":0,"publisher":{"@id":"https:\/\/site.avalarabrasil.com.br\/reforma-tributaria\/#organization"},"image":{"@id":"https:\/\/site.avalarabrasil.com.br\/reforma-tributaria\/reforma-tributaria-sap-ecc-s4hana-impactos-estrategias-adaptacao\/#primaryimage"},"thumbnailUrl":"https:\/\/site.avalarabrasil.com.br\/reforma-tributaria\/wp-content\/uploads\/2024\/08\/reforma-tributaria-sap-scaled-1.jpg","articleSection":["Reforma Tribut\u00e1ria"],"inLanguage":"pt-BR","potentialAction":[{"@type":"CommentAction","name":"Comment","target":["https:\/\/site.avalarabrasil.com.br\/reforma-tributaria\/reforma-tributaria-sap-ecc-s4hana-impactos-estrategias-adaptacao\/#respond"]}]},{"@type":"WebPage","@id":"https:\/\/site.avalarabrasil.com.br\/reforma-tributaria\/reforma-tributaria-sap-ecc-s4hana-impactos-estrategias-adaptacao\/","url":"https:\/\/site.avalarabrasil.com.br\/reforma-tributaria\/reforma-tributaria-sap-ecc-s4hana-impactos-estrategias-adaptacao\/","name":"Reforma Tribut\u00e1ria no SAP ECC e S4HANA: impactos e estrat\u00e9gias para adapta\u00e7\u00e3o - Descomplica Reforma Tribut\u00e1ria","isPartOf":{"@id":"https:\/\/site.avalarabrasil.com.br\/reforma-tributaria\/#website"},"primaryImageOfPage":{"@id":"https:\/\/site.avalarabrasil.com.br\/reforma-tributaria\/reforma-tributaria-sap-ecc-s4hana-impactos-estrategias-adaptacao\/#primaryimage"},"image":{"@id":"https:\/\/site.avalarabrasil.com.br\/reforma-tributaria\/reforma-tributaria-sap-ecc-s4hana-impactos-estrategias-adaptacao\/#primaryimage"},"thumbnailUrl":"https:\/\/site.avalarabrasil.com.br\/reforma-tributaria\/wp-content\/uploads\/2024\/08\/reforma-tributaria-sap-scaled-1.jpg","datePublished":"2024-08-19T13:13:56+00:00","dateModified":"2025-11-17T14:00:51+00:00","description":"Saiba como a reforma tribut\u00e1ria impacta os sistemas SAP ECC e S4HANA e descubra estrat\u00e9gias para adapta\u00e7\u00e3o \u00e0s novas exig\u00eancias fiscais:","breadcrumb":{"@id":"https:\/\/site.avalarabrasil.com.br\/reforma-tributaria\/reforma-tributaria-sap-ecc-s4hana-impactos-estrategias-adaptacao\/#breadcrumb"},"inLanguage":"pt-BR","potentialAction":[{"@type":"ReadAction","target":["https:\/\/site.avalarabrasil.com.br\/reforma-tributaria\/reforma-tributaria-sap-ecc-s4hana-impactos-estrategias-adaptacao\/"]}]},{"@type":"ImageObject","inLanguage":"pt-BR","@id":"https:\/\/site.avalarabrasil.com.br\/reforma-tributaria\/reforma-tributaria-sap-ecc-s4hana-impactos-estrategias-adaptacao\/#primaryimage","url":"https:\/\/site.avalarabrasil.com.br\/reforma-tributaria\/wp-content\/uploads\/2024\/08\/reforma-tributaria-sap-scaled-1.jpg","contentUrl":"https:\/\/site.avalarabrasil.com.br\/reforma-tributaria\/wp-content\/uploads\/2024\/08\/reforma-tributaria-sap-scaled-1.jpg","width":2560,"height":2100,"caption":"Reforma tribut\u00e1ria SAP"},{"@type":"BreadcrumbList","@id":"https:\/\/site.avalarabrasil.com.br\/reforma-tributaria\/reforma-tributaria-sap-ecc-s4hana-impactos-estrategias-adaptacao\/#breadcrumb","itemListElement":[{"@type":"ListItem","position":1,"name":"In\u00edcio","item":"https:\/\/site.avalarabrasil.com.br\/reforma-tributaria\/"},{"@type":"ListItem","position":2,"name":"Reforma Tribut\u00e1ria no SAP ECC e S4HANA: impactos e estrat\u00e9gias para adapta\u00e7\u00e3o"}]},{"@type":"WebSite","@id":"https:\/\/site.avalarabrasil.com.br\/reforma-tributaria\/#website","url":"https:\/\/site.avalarabrasil.com.br\/reforma-tributaria\/","name":"Descomplica Reforma Tribut\u00e1ria","description":"Entenda o impacto da Reforma Tribut\u00e1ria no seu neg\u00f3cio. No Descomplica Reforma Tribut\u00e1ria, voc\u00ea encontra not\u00edcias, legisla\u00e7\u00e3o e orienta\u00e7\u00f5es pr\u00e1ticas para empresas.","publisher":{"@id":"https:\/\/site.avalarabrasil.com.br\/reforma-tributaria\/#organization"},"alternateName":"Reforma Tribut\u00e1ria Avalara","potentialAction":[{"@type":"SearchAction","target":{"@type":"EntryPoint","urlTemplate":"https:\/\/site.avalarabrasil.com.br\/reforma-tributaria\/?s={search_term_string}"},"query-input":{"@type":"PropertyValueSpecification","valueRequired":true,"valueName":"search_term_string"}}],"inLanguage":"pt-BR"},{"@type":"Organization","@id":"https:\/\/site.avalarabrasil.com.br\/reforma-tributaria\/#organization","name":"Descomplica Reforma Tribut\u00e1ria","url":"https:\/\/site.avalarabrasil.com.br\/reforma-tributaria\/","logo":{"@type":"ImageObject","inLanguage":"pt-BR","@id":"https:\/\/site.avalarabrasil.com.br\/reforma-tributaria\/#\/schema\/logo\/image\/","url":"https:\/\/site.avalarabrasil.com.br\/reforma-tributaria\/wp-content\/uploads\/2025\/11\/avalara.png","contentUrl":"https:\/\/site.avalarabrasil.com.br\/reforma-tributaria\/wp-content\/uploads\/2025\/11\/avalara.png","width":1200,"height":675,"caption":"Descomplica Reforma Tribut\u00e1ria"},"image":{"@id":"https:\/\/site.avalarabrasil.com.br\/reforma-tributaria\/#\/schema\/logo\/image\/"}},{"@type":"Person","@id":"https:\/\/site.avalarabrasil.com.br\/reforma-tributaria\/#\/schema\/person\/de5858a1b3c67568fd25d7180083992d","name":"Camila Nabosne","image":{"@type":"ImageObject","inLanguage":"pt-BR","@id":"https:\/\/site.avalarabrasil.com.br\/reforma-tributaria\/#\/schema\/person\/image\/","url":"https:\/\/site.avalarabrasil.com.br\/reforma-tributaria\/wp-content\/litespeed\/avatar\/0a8eaaf31c4400af2573088d03d0fcb5.jpg?ver=1777386826","contentUrl":"https:\/\/site.avalarabrasil.com.br\/reforma-tributaria\/wp-content\/litespeed\/avatar\/0a8eaaf31c4400af2573088d03d0fcb5.jpg?ver=1777386826","caption":"Camila Nabosne"},"url":"https:\/\/site.avalarabrasil.com.br\/reforma-tributaria\/author\/camila-nabosne\/"}]}},"_links":{"self":[{"href":"https:\/\/site.avalarabrasil.com.br\/reforma-tributaria\/wp-json\/wp\/v2\/posts\/12923","targetHints":{"allow":["GET"]}}],"collection":[{"href":"https:\/\/site.avalarabrasil.com.br\/reforma-tributaria\/wp-json\/wp\/v2\/posts"}],"about":[{"href":"https:\/\/site.avalarabrasil.com.br\/reforma-tributaria\/wp-json\/wp\/v2\/types\/post"}],"author":[{"embeddable":true,"href":"https:\/\/site.avalarabrasil.com.br\/reforma-tributaria\/wp-json\/wp\/v2\/users\/2"}],"replies":[{"embeddable":true,"href":"https:\/\/site.avalarabrasil.com.br\/reforma-tributaria\/wp-json\/wp\/v2\/comments?post=12923"}],"version-history":[{"count":2,"href":"https:\/\/site.avalarabrasil.com.br\/reforma-tributaria\/wp-json\/wp\/v2\/posts\/12923\/revisions"}],"predecessor-version":[{"id":15554,"href":"https:\/\/site.avalarabrasil.com.br\/reforma-tributaria\/wp-json\/wp\/v2\/posts\/12923\/revisions\/15554"}],"wp:featuredmedia":[{"embeddable":true,"href":"https:\/\/site.avalarabrasil.com.br\/reforma-tributaria\/wp-json\/wp\/v2\/media\/12924"}],"wp:attachment":[{"href":"https:\/\/site.avalarabrasil.com.br\/reforma-tributaria\/wp-json\/wp\/v2\/media?parent=12923"}],"wp:term":[{"taxonomy":"category","embeddable":true,"href":"https:\/\/site.avalarabrasil.com.br\/reforma-tributaria\/wp-json\/wp\/v2\/categories?post=12923"},{"taxonomy":"post_tag","embeddable":true,"href":"https:\/\/site.avalarabrasil.com.br\/reforma-tributaria\/wp-json\/wp\/v2\/tags?post=12923"}],"curies":[{"name":"wp","href":"https:\/\/api.w.org\/{rel}","templated":true}]}}