{"id":13345,"date":"2025-01-30T12:01:34","date_gmt":"2025-01-30T15:01:34","guid":{"rendered":"https:\/\/oobj.com.br\/?p=13345"},"modified":"2025-11-17T11:03:20","modified_gmt":"2025-11-17T14:03:20","slug":"impactos-da-reforma-tributaria-como-adaptar-as-empresas-para-a-transicao","status":"publish","type":"post","link":"https:\/\/site.avalarabrasil.com.br\/reforma-tributaria\/impactos-da-reforma-tributaria-como-adaptar-as-empresas-para-a-transicao\/","title":{"rendered":"Impactos da Reforma Tribut\u00e1ria: como adaptar as empresas para a transi\u00e7\u00e3o"},"content":{"rendered":"\n<p>A <a href=\"https:\/\/site.avalarabrasil.com.br\/reforma-tributaria\/legislacao\/reforma-tributaria-camara-dos-deputados-aprova-projeto\/\">Reforma Tribut\u00e1ria<\/a>, aprovada pelo Congresso Nacional, visa simplificar a estrutura de tributos, reduzir a cumulatividade e trazer mais transpar\u00eancia para o sistema de arrecada\u00e7\u00e3o.<\/p>\n\n\n\n<p>As empresas ter\u00e3o que ajustar suas opera\u00e7\u00f5es para se adequar \u00e0s mudan\u00e7as, tendo que reorganizar fluxos financeiros e exigir revis\u00e3o de regimes tribut\u00e1rios espec\u00edficos.&nbsp;<\/p>\n\n\n\n<p>O per\u00edodo de transi\u00e7\u00e3o, previsto para acontecer entre 2026 e 2033, ser\u00e1 um momento importante para que as novas regras sejam implementadas, mas tamb\u00e9m trar\u00e1 grandes&nbsp; desafios para os setores p\u00fablico e privado.<\/p>\n\n\n\n<p>Por outro lado, a reforma pode abrir oportunidades, oferecendo incentivos fiscais e vantagens competitivas para as empresas que conseguirem se adaptar de forma estrat\u00e9gica.<\/p>\n\n\n\n<h2 class=\"wp-block-heading\"><strong>Objetivos da Reforma Tribut\u00e1ria<\/strong><\/h2>\n\n\n\n<p>A principal meta da reforma \u00e9 substituir tributos complexos e cumulativos, como PIS, Cofins, ICMS, ISS e, parcialmente, o IPI, pelos seguintes impostos:<\/p>\n\n\n\n<ul class=\"wp-block-list\">\n<li>Imposto sobre Bens e Servi\u00e7os (IBS): de compet\u00eancia estadual e municipal.<\/li>\n\n\n\n<li>Contribui\u00e7\u00e3o sobre Bens e Servi\u00e7os (CBS): de compet\u00eancia federal.<\/li>\n\n\n\n<li>Imposto Seletivo: focado em bens prejudiciais \u00e0 sa\u00fade ou ao meio ambiente.&nbsp;<\/li>\n<\/ul>\n\n\n\n<p>Essa mudan\u00e7a busca criar um sistema tribut\u00e1rio mais uniforme, simplificando sua estrutura e promovendo maior transpar\u00eancia e justi\u00e7a tribut\u00e1ria.<\/p>\n\n\n\n<h2 class=\"wp-block-heading\"><strong>Quais ser\u00e3o as etapas do per\u00edodo de transi\u00e7\u00e3o?&nbsp;<\/strong><\/h2>\n\n\n\n<p>O per\u00edodo de transi\u00e7\u00e3o ser\u00e1 gradual, permitindo que empresas e o governo se adaptem \u00e0s novas regras. As etapas incluem:<\/p>\n\n\n\n<h3 class=\"wp-block-heading\"><strong>Fase 1: Introdu\u00e7\u00e3o (2026-2029) \u2013 Implanta\u00e7\u00e3o gradual do IBS e CBS<\/strong><\/h3>\n\n\n\n<p>Nos primeiros quatro anos, o IBS e a CBS ser\u00e3o aplicados junto aos tributos atuais, com al\u00edquotas ajustadas de forma progressiva.&nbsp;<\/p>\n\n\n\n<p>Durante esse per\u00edodo, as empresas ter\u00e3o tempo para adaptar seus sistemas cont\u00e1beis e operacionais \u00e0 nova estrutura tribut\u00e1ria.<\/p>\n\n\n\n<h3 class=\"wp-block-heading\"><strong>Fase 2: Transi\u00e7\u00e3o (2030-2032) \u2013 Substitui\u00e7\u00e3o progressiva dos tributos antigos<\/strong><\/h3>\n\n\n\n<p>As al\u00edquotas dos tributos antigos ser\u00e3o reduzidas gradativamente at\u00e9 sua extin\u00e7\u00e3o completa em 2032. A partir disso, o IBS e a CBS se tornar\u00e3o os \u00fanicos tributos sobre o consumo em vigor.<\/p>\n\n\n\n<h3 class=\"wp-block-heading\"><strong>Fase 3: Conclus\u00e3o (2033) \u2013 Novo sistema plenamente operacional<\/strong><\/h3>\n\n\n\n<p>A partir de 2033, teremos&nbsp; um sistema plenamente operacional, com al\u00edquotas definidas e um funcionamento integrado que abrange as esferas federal, estadual e municipal, garantindo maior efici\u00eancia na arrecada\u00e7\u00e3o.<\/p>\n\n\n\n<h2 class=\"wp-block-heading\"><strong>Principais desafios previstos na transi\u00e7\u00e3o da Reforma Tribut\u00e1ria<\/strong><\/h2>\n\n\n\n<p>Embora a reforma traga benef\u00edcios potenciais, os desafios s\u00e3o significativos e requerem aten\u00e7\u00e3o.<\/p>\n\n\n\n<h3 class=\"wp-block-heading\"><strong>&nbsp;Adapta\u00e7\u00e3o operacional e automa\u00e7\u00e3o de processos&nbsp;<\/strong><\/h3>\n\n\n\n<p>As empresas precisar\u00e3o investir em sistemas de gest\u00e3o tribut\u00e1ria que estejam preparados para atender \u00e0s novas exig\u00eancias, incluindo a emiss\u00e3o de notas fiscais adaptadas ao IBS e \u00e0 CBS, al\u00e9m de ajustes na apura\u00e7\u00e3o de impostos.<\/p>\n\n\n\n<p>A automa\u00e7\u00e3o dos processos fiscais \u00e9 uma solu\u00e7\u00e3o essencial para reduzir riscos de erro e aumentar a efici\u00eancia. Ferramentas que automatizam a entrada de faturas, o c\u00e1lculo de impostos e a emiss\u00e3o de notas fiscais tornam o cumprimento das obriga\u00e7\u00f5es fiscais mais \u00e1gil e preciso.<\/p>\n\n\n\n<p>Al\u00e9m disso, ao automatizar esses processos, as empresas podem liberar seus colaboradores de tarefas repetitivas, permitindo que se concentrem em atividades mais estrat\u00e9gicas, o que, por sua vez, contribui para uma maior efici\u00eancia nos fluxos operacionais.&nbsp;<\/p>\n\n\n\n<h3 class=\"wp-block-heading\"><strong>Revis\u00e3o de par\u00e2metros fiscais<\/strong><\/h3>\n\n\n\n<p>As empresas ter\u00e3o que reavaliar seus processos fiscais e atualizar seus sistemas para garantir conformidade com as novas exig\u00eancias tribut\u00e1rias.<\/p>\n\n\n\n<p>Essa revis\u00e3o \u00e9 fundamental durante a transi\u00e7\u00e3o, per\u00edodo em que ser\u00e1 necess\u00e1rio operar simultaneamente de acordo com as regras antigas e as novas, at\u00e9 que o sistema seja totalmente implementado.<\/p>\n\n\n\n<h3 class=\"wp-block-heading\"><strong>Gest\u00e3o de custos e fluxos financeiros<\/strong><\/h3>\n\n\n\n<p>Uma das principais preocupa\u00e7\u00f5es ser\u00e1 o impacto nos custos, especialmente para empresas dependentes de incentivos fiscais ou com grande volume de m\u00e3o de obra.<\/p>\n\n\n\n<p>A revis\u00e3o de custos e a reorganiza\u00e7\u00e3o de fluxos financeiros ser\u00e3o fundamentais para garantir que a transi\u00e7\u00e3o n\u00e3o prejudique as margens de lucro.<\/p>\n\n\n\n<h3 class=\"wp-block-heading\"><strong>Monitoramento cont\u00ednuo&nbsp;<\/strong><\/h3>\n\n\n\n<p>O processo de adapta\u00e7\u00e3o ser\u00e1 cont\u00ednuo e envolver\u00e1 ajustes ao longo do per\u00edodo de transi\u00e7\u00e3o at\u00e9 2033. A revis\u00e3o regular das pr\u00e1ticas fiscais e tribut\u00e1rias ser\u00e1 fundamental para o sucesso a longo prazo.<\/p>\n\n\n\n<p>Por isso, o ideal \u00e9 utilizar ferramentas de monitoramento fiscal que alertem sobre altera\u00e7\u00f5es na legisla\u00e7\u00e3o que podem ajudar a empresa a se manter atualizada e evitar problemas de conformidade.<\/p>\n\n\n\n<p>Outra solu\u00e7\u00e3o \u00e9 contar com uma mensageria que esteja em constante atualiza\u00e7\u00e3o, assegurando que todas as atualiza\u00e7\u00f5es ser\u00e3o feitas de forma autom\u00e1tica, fazendo com que a sua opera\u00e7\u00e3o n\u00e3o precise parar.<\/p>\n\n\n\n<h2 class=\"wp-block-heading\"><strong>Como a minha empresa pode se preparar para a transi\u00e7\u00e3o da&nbsp; Reforma Tribut\u00e1ria?<\/strong><\/h2>\n\n\n\n<p>Com a Reforma Tribut\u00e1ria \u00e9 fundamental que as empresas se preparem para atender \u00e0s exig\u00eancias legais assim que o per\u00edodo de transi\u00e7\u00e3o come\u00e7ar.&nbsp;<\/p>\n\n\n\n<p>Durante esse per\u00edodo, ser\u00e1 necess\u00e1rio operar sob duas perspectivas tribut\u00e1rias simultaneamente: a atual e a nova, e, para garantir a conformidade e evitar impactos negativos, as empresas precisam adotar medidas estrat\u00e9gicas e se antecipar \u00e0s mudan\u00e7as.<br><br>A Avalara apoia empresas na jornada de conformidade tribut\u00e1ria, com solu\u00e7\u00f5es que automatizam o c\u00e1lculo de tributos, a emiss\u00e3o de documentos fiscais e o controle das obriga\u00e7\u00f5es acess\u00f3rias.<\/p>\n\n\n\n<p>Com tecnologia integrada e atualiza\u00e7\u00f5es cont\u00ednuas, suas opera\u00e7\u00f5es permanecem alinhadas \u00e0 legisla\u00e7\u00e3o e preparadas para o novo modelo tribut\u00e1rio brasileiro.<\/p>\n\n\n\n<p>Conhe\u00e7a as solu\u00e7\u00f5es da Avalara e descubra como a automa\u00e7\u00e3o pode tornar sua rotina fiscal mais eficiente e segura durante a Reforma Tribut\u00e1ria: <\/p>\n\n\n\n<style>\n  .custom-button {\n    font-family: Arial, sans-serif;\n    background-color: #FA6400; \/* Laranja Avalara *\/\n    color: #ffffff;\n    border: none;\n    border-radius: 20px;\n    padding: 12px 24px;\n    font-size: 14px;\n    font-weight: bold;\n    text-align: center;\n    letter-spacing: normal;\n    display: inline-block;\n    text-decoration: none;\n    width: fit-content;\n    margin: 0 auto;\n    transition: background-color 0.3s ease, transform 0.2s ease;\n  }\n\n  .custom-button:hover {\n    background-color: #d95500; \/* tom um pouco mais escuro no hover *\/\n    transform: translateY(-2px);\n  }\n\n  .button-container {\n    text-align: center;\n  }\n<\/style>\n\n<div class=\"button-container\">\n  <a href=\"https:\/\/www.avalara.com\/br\/pt\/index.html?ref=descomplica-reforma-tributaria\" class=\"custom-button\">\n    \u3164Saiba mais\u3164\n  <\/a>\n<\/div>\n\n\n\n","protected":false},"excerpt":{"rendered":"<p>A Reforma Tribut\u00e1ria, aprovada pelo Congresso Nacional, visa simplificar a estrutura de tributos, reduzir a cumulatividade e trazer mais transpar\u00eancia para o sistema de arrecada\u00e7\u00e3o. [&hellip;]<\/p>\n","protected":false},"author":2,"featured_media":13348,"comment_status":"open","ping_status":"open","sticky":false,"template":"","format":"standard","meta":{"footnotes":""},"categories":[3],"tags":[],"class_list":["post-13345","post","type-post","status-publish","format-standard","has-post-thumbnail","hentry","category-reforma-tributaria"],"yoast_head":"<!-- This site is optimized with the Yoast SEO plugin v27.0 - https:\/\/yoast.com\/product\/yoast-seo-wordpress\/ -->\n<title>Impactos da Reforma Tribut\u00e1ria: como adaptar as empresas para a transi\u00e7\u00e3o - Descomplica Reforma Tribut\u00e1ria<\/title>\n<meta name=\"description\" content=\"A Reforma Tribut\u00e1ria aprovada simplifica tributos, reduz a cumulatividade e exige adapta\u00e7\u00e3o das empresas durante a transi\u00e7\u00e3o de 2026 a 2033:\" \/>\n<meta name=\"robots\" content=\"index, follow, max-snippet:-1, max-image-preview:large, max-video-preview:-1\" \/>\n<link rel=\"canonical\" href=\"https:\/\/site.avalarabrasil.com.br\/reforma-tributaria\/impactos-da-reforma-tributaria-como-adaptar-as-empresas-para-a-transicao\/\" \/>\n<meta property=\"og:locale\" content=\"pt_BR\" \/>\n<meta property=\"og:type\" content=\"article\" \/>\n<meta property=\"og:title\" content=\"Impactos da Reforma Tribut\u00e1ria: como adaptar as empresas para a transi\u00e7\u00e3o - Descomplica Reforma Tribut\u00e1ria\" \/>\n<meta property=\"og:description\" content=\"A Reforma Tribut\u00e1ria aprovada simplifica tributos, reduz a cumulatividade e exige adapta\u00e7\u00e3o das empresas durante a transi\u00e7\u00e3o de 2026 a 2033:\" \/>\n<meta property=\"og:url\" content=\"https:\/\/site.avalarabrasil.com.br\/reforma-tributaria\/impactos-da-reforma-tributaria-como-adaptar-as-empresas-para-a-transicao\/\" \/>\n<meta property=\"og:site_name\" content=\"Descomplica Reforma Tribut\u00e1ria\" \/>\n<meta property=\"article:published_time\" content=\"2025-01-30T15:01:34+00:00\" \/>\n<meta property=\"article:modified_time\" content=\"2025-11-17T14:03:20+00:00\" \/>\n<meta property=\"og:image\" content=\"https:\/\/site.avalarabrasil.com.br\/reforma-tributaria\/wp-content\/uploads\/2025\/01\/reforma-tributaria-scaled-1.jpg\" \/>\n\t<meta property=\"og:image:width\" content=\"2560\" \/>\n\t<meta property=\"og:image:height\" content=\"1658\" \/>\n\t<meta property=\"og:image:type\" content=\"image\/jpeg\" \/>\n<meta name=\"author\" content=\"Camila Nabosne\" \/>\n<meta name=\"twitter:card\" content=\"summary_large_image\" \/>\n<meta name=\"twitter:label1\" content=\"Escrito por\" \/>\n\t<meta name=\"twitter:data1\" content=\"Camila Nabosne\" \/>\n\t<meta name=\"twitter:label2\" content=\"Est. tempo de leitura\" \/>\n\t<meta name=\"twitter:data2\" content=\"5 minutos\" \/>\n<script type=\"application\/ld+json\" class=\"yoast-schema-graph\">{\"@context\":\"https:\/\/schema.org\",\"@graph\":[{\"@type\":\"Article\",\"@id\":\"https:\/\/site.avalarabrasil.com.br\/reforma-tributaria\/impactos-da-reforma-tributaria-como-adaptar-as-empresas-para-a-transicao\/#article\",\"isPartOf\":{\"@id\":\"https:\/\/site.avalarabrasil.com.br\/reforma-tributaria\/impactos-da-reforma-tributaria-como-adaptar-as-empresas-para-a-transicao\/\"},\"author\":{\"name\":\"Camila Nabosne\",\"@id\":\"https:\/\/site.avalarabrasil.com.br\/reforma-tributaria\/#\/schema\/person\/de5858a1b3c67568fd25d7180083992d\"},\"headline\":\"Impactos da Reforma Tribut\u00e1ria: como adaptar as empresas para a transi\u00e7\u00e3o\",\"datePublished\":\"2025-01-30T15:01:34+00:00\",\"dateModified\":\"2025-11-17T14:03:20+00:00\",\"mainEntityOfPage\":{\"@id\":\"https:\/\/site.avalarabrasil.com.br\/reforma-tributaria\/impactos-da-reforma-tributaria-como-adaptar-as-empresas-para-a-transicao\/\"},\"wordCount\":970,\"commentCount\":0,\"publisher\":{\"@id\":\"https:\/\/site.avalarabrasil.com.br\/reforma-tributaria\/#organization\"},\"image\":{\"@id\":\"https:\/\/site.avalarabrasil.com.br\/reforma-tributaria\/impactos-da-reforma-tributaria-como-adaptar-as-empresas-para-a-transicao\/#primaryimage\"},\"thumbnailUrl\":\"https:\/\/site.avalarabrasil.com.br\/reforma-tributaria\/wp-content\/uploads\/2025\/01\/reforma-tributaria-scaled-1.jpg\",\"articleSection\":[\"Reforma Tribut\u00e1ria\"],\"inLanguage\":\"pt-BR\",\"potentialAction\":[{\"@type\":\"CommentAction\",\"name\":\"Comment\",\"target\":[\"https:\/\/site.avalarabrasil.com.br\/reforma-tributaria\/impactos-da-reforma-tributaria-como-adaptar-as-empresas-para-a-transicao\/#respond\"]}]},{\"@type\":\"WebPage\",\"@id\":\"https:\/\/site.avalarabrasil.com.br\/reforma-tributaria\/impactos-da-reforma-tributaria-como-adaptar-as-empresas-para-a-transicao\/\",\"url\":\"https:\/\/site.avalarabrasil.com.br\/reforma-tributaria\/impactos-da-reforma-tributaria-como-adaptar-as-empresas-para-a-transicao\/\",\"name\":\"Impactos da Reforma Tribut\u00e1ria: como adaptar as empresas para a transi\u00e7\u00e3o - Descomplica Reforma Tribut\u00e1ria\",\"isPartOf\":{\"@id\":\"https:\/\/site.avalarabrasil.com.br\/reforma-tributaria\/#website\"},\"primaryImageOfPage\":{\"@id\":\"https:\/\/site.avalarabrasil.com.br\/reforma-tributaria\/impactos-da-reforma-tributaria-como-adaptar-as-empresas-para-a-transicao\/#primaryimage\"},\"image\":{\"@id\":\"https:\/\/site.avalarabrasil.com.br\/reforma-tributaria\/impactos-da-reforma-tributaria-como-adaptar-as-empresas-para-a-transicao\/#primaryimage\"},\"thumbnailUrl\":\"https:\/\/site.avalarabrasil.com.br\/reforma-tributaria\/wp-content\/uploads\/2025\/01\/reforma-tributaria-scaled-1.jpg\",\"datePublished\":\"2025-01-30T15:01:34+00:00\",\"dateModified\":\"2025-11-17T14:03:20+00:00\",\"description\":\"A Reforma Tribut\u00e1ria aprovada simplifica tributos, reduz a cumulatividade e exige adapta\u00e7\u00e3o das empresas durante a transi\u00e7\u00e3o de 2026 a 2033:\",\"breadcrumb\":{\"@id\":\"https:\/\/site.avalarabrasil.com.br\/reforma-tributaria\/impactos-da-reforma-tributaria-como-adaptar-as-empresas-para-a-transicao\/#breadcrumb\"},\"inLanguage\":\"pt-BR\",\"potentialAction\":[{\"@type\":\"ReadAction\",\"target\":[\"https:\/\/site.avalarabrasil.com.br\/reforma-tributaria\/impactos-da-reforma-tributaria-como-adaptar-as-empresas-para-a-transicao\/\"]}]},{\"@type\":\"ImageObject\",\"inLanguage\":\"pt-BR\",\"@id\":\"https:\/\/site.avalarabrasil.com.br\/reforma-tributaria\/impactos-da-reforma-tributaria-como-adaptar-as-empresas-para-a-transicao\/#primaryimage\",\"url\":\"https:\/\/site.avalarabrasil.com.br\/reforma-tributaria\/wp-content\/uploads\/2025\/01\/reforma-tributaria-scaled-1.jpg\",\"contentUrl\":\"https:\/\/site.avalarabrasil.com.br\/reforma-tributaria\/wp-content\/uploads\/2025\/01\/reforma-tributaria-scaled-1.jpg\",\"width\":2560,\"height\":1658,\"caption\":\"reforma tribut\u00e1ria\"},{\"@type\":\"BreadcrumbList\",\"@id\":\"https:\/\/site.avalarabrasil.com.br\/reforma-tributaria\/impactos-da-reforma-tributaria-como-adaptar-as-empresas-para-a-transicao\/#breadcrumb\",\"itemListElement\":[{\"@type\":\"ListItem\",\"position\":1,\"name\":\"In\u00edcio\",\"item\":\"https:\/\/site.avalarabrasil.com.br\/reforma-tributaria\/\"},{\"@type\":\"ListItem\",\"position\":2,\"name\":\"Impactos da Reforma Tribut\u00e1ria: como adaptar as empresas para a transi\u00e7\u00e3o\"}]},{\"@type\":\"WebSite\",\"@id\":\"https:\/\/site.avalarabrasil.com.br\/reforma-tributaria\/#website\",\"url\":\"https:\/\/site.avalarabrasil.com.br\/reforma-tributaria\/\",\"name\":\"Descomplica Reforma Tribut\u00e1ria\",\"description\":\"Entenda o impacto da Reforma Tribut\u00e1ria no seu neg\u00f3cio. No Descomplica Reforma Tribut\u00e1ria, voc\u00ea encontra not\u00edcias, legisla\u00e7\u00e3o e orienta\u00e7\u00f5es pr\u00e1ticas para empresas.\",\"publisher\":{\"@id\":\"https:\/\/site.avalarabrasil.com.br\/reforma-tributaria\/#organization\"},\"alternateName\":\"Reforma Tribut\u00e1ria Avalara\",\"potentialAction\":[{\"@type\":\"SearchAction\",\"target\":{\"@type\":\"EntryPoint\",\"urlTemplate\":\"https:\/\/site.avalarabrasil.com.br\/reforma-tributaria\/?s={search_term_string}\"},\"query-input\":{\"@type\":\"PropertyValueSpecification\",\"valueRequired\":true,\"valueName\":\"search_term_string\"}}],\"inLanguage\":\"pt-BR\"},{\"@type\":\"Organization\",\"@id\":\"https:\/\/site.avalarabrasil.com.br\/reforma-tributaria\/#organization\",\"name\":\"Descomplica Reforma Tribut\u00e1ria\",\"url\":\"https:\/\/site.avalarabrasil.com.br\/reforma-tributaria\/\",\"logo\":{\"@type\":\"ImageObject\",\"inLanguage\":\"pt-BR\",\"@id\":\"https:\/\/site.avalarabrasil.com.br\/reforma-tributaria\/#\/schema\/logo\/image\/\",\"url\":\"https:\/\/site.avalarabrasil.com.br\/reforma-tributaria\/wp-content\/uploads\/2025\/11\/avalara.png\",\"contentUrl\":\"https:\/\/site.avalarabrasil.com.br\/reforma-tributaria\/wp-content\/uploads\/2025\/11\/avalara.png\",\"width\":1200,\"height\":675,\"caption\":\"Descomplica Reforma Tribut\u00e1ria\"},\"image\":{\"@id\":\"https:\/\/site.avalarabrasil.com.br\/reforma-tributaria\/#\/schema\/logo\/image\/\"}},{\"@type\":\"Person\",\"@id\":\"https:\/\/site.avalarabrasil.com.br\/reforma-tributaria\/#\/schema\/person\/de5858a1b3c67568fd25d7180083992d\",\"name\":\"Camila Nabosne\",\"image\":{\"@type\":\"ImageObject\",\"inLanguage\":\"pt-BR\",\"@id\":\"https:\/\/site.avalarabrasil.com.br\/reforma-tributaria\/#\/schema\/person\/image\/\",\"url\":\"https:\/\/site.avalarabrasil.com.br\/reforma-tributaria\/wp-content\/litespeed\/avatar\/0a8eaaf31c4400af2573088d03d0fcb5.jpg?ver=1777386826\",\"contentUrl\":\"https:\/\/site.avalarabrasil.com.br\/reforma-tributaria\/wp-content\/litespeed\/avatar\/0a8eaaf31c4400af2573088d03d0fcb5.jpg?ver=1777386826\",\"caption\":\"Camila Nabosne\"},\"url\":\"https:\/\/site.avalarabrasil.com.br\/reforma-tributaria\/author\/camila-nabosne\/\"}]}<\/script>\n<!-- \/ Yoast SEO plugin. -->","yoast_head_json":{"title":"Impactos da Reforma Tribut\u00e1ria: como adaptar as empresas para a transi\u00e7\u00e3o - Descomplica Reforma Tribut\u00e1ria","description":"A Reforma Tribut\u00e1ria aprovada simplifica tributos, reduz a cumulatividade e exige adapta\u00e7\u00e3o das empresas durante a transi\u00e7\u00e3o de 2026 a 2033:","robots":{"index":"index","follow":"follow","max-snippet":"max-snippet:-1","max-image-preview":"max-image-preview:large","max-video-preview":"max-video-preview:-1"},"canonical":"https:\/\/site.avalarabrasil.com.br\/reforma-tributaria\/impactos-da-reforma-tributaria-como-adaptar-as-empresas-para-a-transicao\/","og_locale":"pt_BR","og_type":"article","og_title":"Impactos da Reforma Tribut\u00e1ria: como adaptar as empresas para a transi\u00e7\u00e3o - Descomplica Reforma Tribut\u00e1ria","og_description":"A Reforma Tribut\u00e1ria aprovada simplifica tributos, reduz a cumulatividade e exige adapta\u00e7\u00e3o das empresas durante a transi\u00e7\u00e3o de 2026 a 2033:","og_url":"https:\/\/site.avalarabrasil.com.br\/reforma-tributaria\/impactos-da-reforma-tributaria-como-adaptar-as-empresas-para-a-transicao\/","og_site_name":"Descomplica Reforma Tribut\u00e1ria","article_published_time":"2025-01-30T15:01:34+00:00","article_modified_time":"2025-11-17T14:03:20+00:00","og_image":[{"width":2560,"height":1658,"url":"https:\/\/site.avalarabrasil.com.br\/reforma-tributaria\/wp-content\/uploads\/2025\/01\/reforma-tributaria-scaled-1.jpg","type":"image\/jpeg"}],"author":"Camila Nabosne","twitter_card":"summary_large_image","twitter_misc":{"Escrito por":"Camila Nabosne","Est. tempo de leitura":"5 minutos"},"schema":{"@context":"https:\/\/schema.org","@graph":[{"@type":"Article","@id":"https:\/\/site.avalarabrasil.com.br\/reforma-tributaria\/impactos-da-reforma-tributaria-como-adaptar-as-empresas-para-a-transicao\/#article","isPartOf":{"@id":"https:\/\/site.avalarabrasil.com.br\/reforma-tributaria\/impactos-da-reforma-tributaria-como-adaptar-as-empresas-para-a-transicao\/"},"author":{"name":"Camila Nabosne","@id":"https:\/\/site.avalarabrasil.com.br\/reforma-tributaria\/#\/schema\/person\/de5858a1b3c67568fd25d7180083992d"},"headline":"Impactos da Reforma Tribut\u00e1ria: como adaptar as empresas para a transi\u00e7\u00e3o","datePublished":"2025-01-30T15:01:34+00:00","dateModified":"2025-11-17T14:03:20+00:00","mainEntityOfPage":{"@id":"https:\/\/site.avalarabrasil.com.br\/reforma-tributaria\/impactos-da-reforma-tributaria-como-adaptar-as-empresas-para-a-transicao\/"},"wordCount":970,"commentCount":0,"publisher":{"@id":"https:\/\/site.avalarabrasil.com.br\/reforma-tributaria\/#organization"},"image":{"@id":"https:\/\/site.avalarabrasil.com.br\/reforma-tributaria\/impactos-da-reforma-tributaria-como-adaptar-as-empresas-para-a-transicao\/#primaryimage"},"thumbnailUrl":"https:\/\/site.avalarabrasil.com.br\/reforma-tributaria\/wp-content\/uploads\/2025\/01\/reforma-tributaria-scaled-1.jpg","articleSection":["Reforma Tribut\u00e1ria"],"inLanguage":"pt-BR","potentialAction":[{"@type":"CommentAction","name":"Comment","target":["https:\/\/site.avalarabrasil.com.br\/reforma-tributaria\/impactos-da-reforma-tributaria-como-adaptar-as-empresas-para-a-transicao\/#respond"]}]},{"@type":"WebPage","@id":"https:\/\/site.avalarabrasil.com.br\/reforma-tributaria\/impactos-da-reforma-tributaria-como-adaptar-as-empresas-para-a-transicao\/","url":"https:\/\/site.avalarabrasil.com.br\/reforma-tributaria\/impactos-da-reforma-tributaria-como-adaptar-as-empresas-para-a-transicao\/","name":"Impactos da Reforma Tribut\u00e1ria: como adaptar as empresas para a transi\u00e7\u00e3o - Descomplica Reforma Tribut\u00e1ria","isPartOf":{"@id":"https:\/\/site.avalarabrasil.com.br\/reforma-tributaria\/#website"},"primaryImageOfPage":{"@id":"https:\/\/site.avalarabrasil.com.br\/reforma-tributaria\/impactos-da-reforma-tributaria-como-adaptar-as-empresas-para-a-transicao\/#primaryimage"},"image":{"@id":"https:\/\/site.avalarabrasil.com.br\/reforma-tributaria\/impactos-da-reforma-tributaria-como-adaptar-as-empresas-para-a-transicao\/#primaryimage"},"thumbnailUrl":"https:\/\/site.avalarabrasil.com.br\/reforma-tributaria\/wp-content\/uploads\/2025\/01\/reforma-tributaria-scaled-1.jpg","datePublished":"2025-01-30T15:01:34+00:00","dateModified":"2025-11-17T14:03:20+00:00","description":"A Reforma Tribut\u00e1ria aprovada simplifica tributos, reduz a cumulatividade e exige adapta\u00e7\u00e3o das empresas durante a transi\u00e7\u00e3o de 2026 a 2033:","breadcrumb":{"@id":"https:\/\/site.avalarabrasil.com.br\/reforma-tributaria\/impactos-da-reforma-tributaria-como-adaptar-as-empresas-para-a-transicao\/#breadcrumb"},"inLanguage":"pt-BR","potentialAction":[{"@type":"ReadAction","target":["https:\/\/site.avalarabrasil.com.br\/reforma-tributaria\/impactos-da-reforma-tributaria-como-adaptar-as-empresas-para-a-transicao\/"]}]},{"@type":"ImageObject","inLanguage":"pt-BR","@id":"https:\/\/site.avalarabrasil.com.br\/reforma-tributaria\/impactos-da-reforma-tributaria-como-adaptar-as-empresas-para-a-transicao\/#primaryimage","url":"https:\/\/site.avalarabrasil.com.br\/reforma-tributaria\/wp-content\/uploads\/2025\/01\/reforma-tributaria-scaled-1.jpg","contentUrl":"https:\/\/site.avalarabrasil.com.br\/reforma-tributaria\/wp-content\/uploads\/2025\/01\/reforma-tributaria-scaled-1.jpg","width":2560,"height":1658,"caption":"reforma tribut\u00e1ria"},{"@type":"BreadcrumbList","@id":"https:\/\/site.avalarabrasil.com.br\/reforma-tributaria\/impactos-da-reforma-tributaria-como-adaptar-as-empresas-para-a-transicao\/#breadcrumb","itemListElement":[{"@type":"ListItem","position":1,"name":"In\u00edcio","item":"https:\/\/site.avalarabrasil.com.br\/reforma-tributaria\/"},{"@type":"ListItem","position":2,"name":"Impactos da Reforma Tribut\u00e1ria: como adaptar as empresas para a transi\u00e7\u00e3o"}]},{"@type":"WebSite","@id":"https:\/\/site.avalarabrasil.com.br\/reforma-tributaria\/#website","url":"https:\/\/site.avalarabrasil.com.br\/reforma-tributaria\/","name":"Descomplica Reforma Tribut\u00e1ria","description":"Entenda o impacto da Reforma Tribut\u00e1ria no seu neg\u00f3cio. No Descomplica Reforma Tribut\u00e1ria, voc\u00ea encontra not\u00edcias, legisla\u00e7\u00e3o e orienta\u00e7\u00f5es pr\u00e1ticas para empresas.","publisher":{"@id":"https:\/\/site.avalarabrasil.com.br\/reforma-tributaria\/#organization"},"alternateName":"Reforma Tribut\u00e1ria Avalara","potentialAction":[{"@type":"SearchAction","target":{"@type":"EntryPoint","urlTemplate":"https:\/\/site.avalarabrasil.com.br\/reforma-tributaria\/?s={search_term_string}"},"query-input":{"@type":"PropertyValueSpecification","valueRequired":true,"valueName":"search_term_string"}}],"inLanguage":"pt-BR"},{"@type":"Organization","@id":"https:\/\/site.avalarabrasil.com.br\/reforma-tributaria\/#organization","name":"Descomplica Reforma Tribut\u00e1ria","url":"https:\/\/site.avalarabrasil.com.br\/reforma-tributaria\/","logo":{"@type":"ImageObject","inLanguage":"pt-BR","@id":"https:\/\/site.avalarabrasil.com.br\/reforma-tributaria\/#\/schema\/logo\/image\/","url":"https:\/\/site.avalarabrasil.com.br\/reforma-tributaria\/wp-content\/uploads\/2025\/11\/avalara.png","contentUrl":"https:\/\/site.avalarabrasil.com.br\/reforma-tributaria\/wp-content\/uploads\/2025\/11\/avalara.png","width":1200,"height":675,"caption":"Descomplica Reforma Tribut\u00e1ria"},"image":{"@id":"https:\/\/site.avalarabrasil.com.br\/reforma-tributaria\/#\/schema\/logo\/image\/"}},{"@type":"Person","@id":"https:\/\/site.avalarabrasil.com.br\/reforma-tributaria\/#\/schema\/person\/de5858a1b3c67568fd25d7180083992d","name":"Camila Nabosne","image":{"@type":"ImageObject","inLanguage":"pt-BR","@id":"https:\/\/site.avalarabrasil.com.br\/reforma-tributaria\/#\/schema\/person\/image\/","url":"https:\/\/site.avalarabrasil.com.br\/reforma-tributaria\/wp-content\/litespeed\/avatar\/0a8eaaf31c4400af2573088d03d0fcb5.jpg?ver=1777386826","contentUrl":"https:\/\/site.avalarabrasil.com.br\/reforma-tributaria\/wp-content\/litespeed\/avatar\/0a8eaaf31c4400af2573088d03d0fcb5.jpg?ver=1777386826","caption":"Camila Nabosne"},"url":"https:\/\/site.avalarabrasil.com.br\/reforma-tributaria\/author\/camila-nabosne\/"}]}},"_links":{"self":[{"href":"https:\/\/site.avalarabrasil.com.br\/reforma-tributaria\/wp-json\/wp\/v2\/posts\/13345","targetHints":{"allow":["GET"]}}],"collection":[{"href":"https:\/\/site.avalarabrasil.com.br\/reforma-tributaria\/wp-json\/wp\/v2\/posts"}],"about":[{"href":"https:\/\/site.avalarabrasil.com.br\/reforma-tributaria\/wp-json\/wp\/v2\/types\/post"}],"author":[{"embeddable":true,"href":"https:\/\/site.avalarabrasil.com.br\/reforma-tributaria\/wp-json\/wp\/v2\/users\/2"}],"replies":[{"embeddable":true,"href":"https:\/\/site.avalarabrasil.com.br\/reforma-tributaria\/wp-json\/wp\/v2\/comments?post=13345"}],"version-history":[{"count":2,"href":"https:\/\/site.avalarabrasil.com.br\/reforma-tributaria\/wp-json\/wp\/v2\/posts\/13345\/revisions"}],"predecessor-version":[{"id":15556,"href":"https:\/\/site.avalarabrasil.com.br\/reforma-tributaria\/wp-json\/wp\/v2\/posts\/13345\/revisions\/15556"}],"wp:featuredmedia":[{"embeddable":true,"href":"https:\/\/site.avalarabrasil.com.br\/reforma-tributaria\/wp-json\/wp\/v2\/media\/13348"}],"wp:attachment":[{"href":"https:\/\/site.avalarabrasil.com.br\/reforma-tributaria\/wp-json\/wp\/v2\/media?parent=13345"}],"wp:term":[{"taxonomy":"category","embeddable":true,"href":"https:\/\/site.avalarabrasil.com.br\/reforma-tributaria\/wp-json\/wp\/v2\/categories?post=13345"},{"taxonomy":"post_tag","embeddable":true,"href":"https:\/\/site.avalarabrasil.com.br\/reforma-tributaria\/wp-json\/wp\/v2\/tags?post=13345"}],"curies":[{"name":"wp","href":"https:\/\/api.w.org\/{rel}","templated":true}]}}