{"id":13380,"date":"2025-02-27T14:21:38","date_gmt":"2025-02-27T17:21:38","guid":{"rendered":"https:\/\/oobj.com.br\/?p=13380"},"modified":"2025-02-27T14:21:38","modified_gmt":"2025-02-27T17:21:38","slug":"reforma-tributaria-do-consumo-rtc","status":"publish","type":"post","link":"https:\/\/site.avalarabrasil.com.br\/reforma-tributaria\/reforma-tributaria-do-consumo-rtc\/","title":{"rendered":"Reforma Tribut\u00e1ria: Receita institui Programa RTC (Reforma Tribut\u00e1ria do Consumo)\u00a0"},"content":{"rendered":"\n<p>No final de dezembro de 2024, foi publicado no Di\u00e1rio Oficial da Uni\u00e3o, a cria\u00e7\u00e3o do Programa RTC (Reforma Tribut\u00e1ria do Consumo).&nbsp; O programa busca estimular a conformidade tribut\u00e1ria por meio da elabora\u00e7\u00e3o de um regulamento com normas infralegais para o IS (Imposto Seletivo) e a CBS (Contribui\u00e7\u00e3o sobre Bens e Servi\u00e7os).<\/p>\n\n\n\n<p>Confira qual o objetivo do programa, sua estrutura e como preparar a sua opera\u00e7\u00e3o fiscal para o per\u00edodo de transi\u00e7\u00e3o da Reforma Tribut\u00e1ria.<\/p>\n\n\n\n<h2 class=\"wp-block-heading\">Qual \u00e9 a finalidade do Programa de Reforma Tribut\u00e1ria do Consumo?<\/h2>\n\n\n\n<p>De acordo com o governo federal, o Programa de Reforma Tribut\u00e1ria do Consumo tem como principal prop\u00f3sito tornar o cumprimento das obriga\u00e7\u00f5es tribut\u00e1rias, tanto principais quanto acess\u00f3rias, mais simples e eficiente. Para isso, ser\u00e3o adotadas solu\u00e7\u00f5es integradas e econ\u00f4micas, contemplando a alternativa regulat\u00f3ria mais apropriada para incentivar a conformidade tribut\u00e1ria.<\/p>\n\n\n\n<h2 class=\"wp-block-heading\">Como ser\u00e1 a estrutura do Programa RTC?<\/h2>\n\n\n\n<p>O Programa conta com uma abordagem organizada e estrat\u00e9gica. A iniciativa foi desenhada para assegurar que a transi\u00e7\u00e3o para o novo sistema tribut\u00e1rio ocorra de forma coordenada e transparente, minimizando impactos para contribuintes e administra\u00e7\u00f5es fiscais.<\/p>\n\n\n\n<p>O Programa RTC ser\u00e1 composto por tr\u00eas pilares principais:<\/p>\n\n\n\n<p>a) Comit\u00ea do Programa RTC: Coordena a execu\u00e7\u00e3o do programa e acompanha sua implementa\u00e7\u00e3o;<\/p>\n\n\n\n<p>b) Programa para Regulamenta\u00e7\u00e3o da Reforma Tribut\u00e1ria: Define as regras e normativas necess\u00e1rias para a transi\u00e7\u00e3o;<\/p>\n\n\n\n<p>c) Programa para Implementa\u00e7\u00e3o dos Sistemas Operacionais da Reforma Tribut\u00e1ria: Garante que os sistemas estejam alinhados \u00e0s novas exig\u00eancias fiscais.<\/p>\n\n\n\n<h2 class=\"wp-block-heading\">De que forma esses programas facilitar\u00e3o a implementa\u00e7\u00e3o da Reforma Tribut\u00e1ria?<\/h2>\n\n\n\n<p>A implementa\u00e7\u00e3o da Reforma Tribut\u00e1ria ser\u00e1 otimizada por meio desses programas, que desempenhar\u00e3o as seguintes fun\u00e7\u00f5es:<\/p>\n\n\n\n<p>a) Garantir a integra\u00e7\u00e3o t\u00e9cnica entre os projetos envolvidos;<\/p>\n\n\n\n<p>b) Organizar reuni\u00f5es, definir cronogramas e monitorar as a\u00e7\u00f5es planejadas dentro dos programas e seus respectivos projetos;<\/p>\n\n\n\n<p>c) Apresentar ao Gabinete da Receita Federal do Brasil (RFB) o progresso do programa, al\u00e9m das estrat\u00e9gias para seu desenvolvimento e execu\u00e7\u00e3o;<\/p>\n\n\n\n<p>d) Promover o di\u00e1logo e a coopera\u00e7\u00e3o com o Comit\u00ea Gestor do Imposto sobre Bens e Servi\u00e7os (IBS) e as administra\u00e7\u00f5es tribut\u00e1rias estaduais, municipais e do Distrito Federal, possibilitando a troca de informa\u00e7\u00f5es e a integra\u00e7\u00e3o de sistemas;<\/p>\n\n\n\n<p>e) Elaborar, em parceria com as administra\u00e7\u00f5es tribut\u00e1rias dos estados, munic\u00edpios e do Distrito Federal, normas comuns para regulamentar a Contribui\u00e7\u00e3o sobre Bens e Servi\u00e7os (CBS) e o IBS.<\/p>\n\n\n\n<h2 class=\"wp-block-heading\">Primeira fase da Reforma Tribut\u00e1ria foi sancionada<\/h2>\n\n\n\n<p>A primeira etapa da Reforma Tribut\u00e1ria foi sancionada pelo presidente Lula em 16 de janeiro de 2025. As novas regras come\u00e7ar\u00e3o a ser implementadas em fase de testes a partir do pr\u00f3ximo ano, com a cobran\u00e7a efetiva prevista para 2027.<\/p>\n\n\n\n<h2 class=\"wp-block-heading\">Como a minha empresa pode se preparar para a transi\u00e7\u00e3o da&nbsp; Reforma Tribut\u00e1ria?<\/h2>\n\n\n\n<p>Com a Reforma Tribut\u00e1ria \u00e9 fundamental que as empresas se preparem para atender \u00e0s exig\u00eancias legais assim que o per\u00edodo de transi\u00e7\u00e3o come\u00e7ar.&nbsp;<\/p>\n\n\n\n<p>Durante esse per\u00edodo, ser\u00e1 necess\u00e1rio operar sob duas perspectivas tribut\u00e1rias simultaneamente: a atual e a nova, e, para garantir a conformidade e evitar impactos negativos, as empresas precisam adotar medidas estrat\u00e9gicas e se antecipar \u00e0s mudan\u00e7as.<\/p>\n\n\n\n<p>A Oobj + Avalara se destacam como uma parceira essencial nesse processo, com solu\u00e7\u00f5es fiscais que garantem a atualiza\u00e7\u00e3o constante \u00e0s novas regras tribut\u00e1rias.&nbsp;<\/p>\n\n\n\n<p>Nossas mensagerias fiscais est\u00e3o sempre em evolu\u00e7\u00e3o, assegurando que sua opera\u00e7\u00e3o continue funcionando de acordo com as exig\u00eancias tanto do sistema atual quanto do novo modelo que entrar\u00e1 em vigor em breve.<\/p>\n\n\n\n<p>As solu\u00e7\u00f5es da Oobj + Avalara para emiss\u00e3o, recebimento, armazenamento e an\u00e1lise de Documentos Fiscais Eletr\u00f4nicos oferecem alta capacidade de processamento, garantindo que seu neg\u00f3cio n\u00e3o pare e continue em conformidade:&nbsp;<\/p>\n\n\n\n<ul class=\"wp-block-list\">\n<li>Reduza custos e gerencie tudo em um \u00fanico lugar:&nbsp;<\/li>\n\n\n\n<li>Plataforma flex\u00edvel e escal\u00e1vel<\/li>\n\n\n\n<li>Alta capacidade de processamento<\/li>\n\n\n\n<li>\u200b\u200bIntegra\u00e7\u00e3o simples e r\u00e1pida com o seu sistema ERP<\/li>\n\n\n\n<li>Suporte especializado com plant\u00e3o 24\/7<\/li>\n<\/ul>\n\n\n\n<p>Quer facilitar a rotina fiscal do seu neg\u00f3cio? Conhe\u00e7a as nossas solu\u00e7\u00f5es e saiba como podemos ajudar:<\/p>\n\n\n\n<br>\n<style>\n.custom-button {\n    font-family: \"Source Sans 3\", sans-serif;\n    background-color: #fa6400;\n    color: #ffffff;\n    border: none;\n    border-radius: 20px;\n    padding: 12px;\n    font-size: 14px;\n    font-weight: bold;\n    text-align: center;\n    letter-spacing: normal;\n    display: block\n    text-decoration: none;\n    width: fit-content;\n    margin: 0 auto; \n}\n\n.custom-button:hover {\n    background-color: #E05200; \n}\n<\/style>\n\n<div style=\"text-align: center;\"> \n    <a href=\"https:\/\/site.avalarabrasil.com.br\/reforma-tributaria\/solucoes\/tipo\/emissao\/?ref=blogpost-rtc\" class=\"custom-button\">\u3164Saiba mais\u3164 <\/a>\n<\/div>\n<br>\n","protected":false},"excerpt":{"rendered":"<p>No final de dezembro de 2024, foi publicado no Di\u00e1rio Oficial da Uni\u00e3o, a cria\u00e7\u00e3o do Programa RTC (Reforma Tribut\u00e1ria do Consumo).&nbsp; O programa busca [&hellip;]<\/p>\n","protected":false},"author":3,"featured_media":13381,"comment_status":"open","ping_status":"open","sticky":false,"template":"","format":"standard","meta":{"footnotes":""},"categories":[3],"tags":[],"class_list":["post-13380","post","type-post","status-publish","format-standard","has-post-thumbnail","hentry","category-reforma-tributaria"],"yoast_head":"<!-- This site is optimized with the Yoast SEO plugin v27.0 - https:\/\/yoast.com\/product\/yoast-seo-wordpress\/ -->\n<title>Receita institui Programa RTC (Reforma Tribut\u00e1ria do Consumo)<\/title>\n<meta name=\"description\" content=\"Veja o objetivo do programa Reforma Tribut\u00e1ria do Consumo, sua estrutura e como preparar a sua opera\u00e7\u00e3o fiscal para o per\u00edodo de transi\u00e7\u00e3o.\" \/>\n<meta name=\"robots\" content=\"index, follow, max-snippet:-1, max-image-preview:large, max-video-preview:-1\" \/>\n<link rel=\"canonical\" href=\"https:\/\/site.avalarabrasil.com.br\/reforma-tributaria\/reforma-tributaria-do-consumo-rtc\/\" \/>\n<meta property=\"og:locale\" content=\"pt_BR\" \/>\n<meta property=\"og:type\" content=\"article\" \/>\n<meta property=\"og:title\" content=\"Receita institui Programa RTC (Reforma Tribut\u00e1ria do Consumo)\" \/>\n<meta property=\"og:description\" content=\"Veja o objetivo do programa Reforma Tribut\u00e1ria do Consumo, sua estrutura e como preparar a sua opera\u00e7\u00e3o fiscal para o per\u00edodo de transi\u00e7\u00e3o.\" \/>\n<meta property=\"og:url\" content=\"https:\/\/site.avalarabrasil.com.br\/reforma-tributaria\/reforma-tributaria-do-consumo-rtc\/\" \/>\n<meta property=\"og:site_name\" content=\"Descomplica Reforma Tribut\u00e1ria\" \/>\n<meta property=\"article:published_time\" content=\"2025-02-27T17:21:38+00:00\" \/>\n<meta property=\"og:image\" content=\"https:\/\/site.avalarabrasil.com.br\/reforma-tributaria\/wp-content\/uploads\/2025\/02\/accountant-calculating-profit-with-financial-analysis-graphs-scaled-1.jpg\" \/>\n\t<meta property=\"og:image:width\" content=\"2560\" \/>\n\t<meta property=\"og:image:height\" content=\"1709\" \/>\n\t<meta property=\"og:image:type\" content=\"image\/jpeg\" \/>\n<meta name=\"author\" content=\"Marianna Moreno\" \/>\n<meta name=\"twitter:card\" content=\"summary_large_image\" \/>\n<meta name=\"twitter:label1\" content=\"Escrito por\" \/>\n\t<meta name=\"twitter:data1\" content=\"Marianna Moreno\" \/>\n\t<meta name=\"twitter:label2\" content=\"Est. tempo de leitura\" \/>\n\t<meta name=\"twitter:data2\" content=\"4 minutos\" \/>\n<script type=\"application\/ld+json\" class=\"yoast-schema-graph\">{\"@context\":\"https:\/\/schema.org\",\"@graph\":[{\"@type\":\"Article\",\"@id\":\"https:\/\/site.avalarabrasil.com.br\/reforma-tributaria\/reforma-tributaria-do-consumo-rtc\/#article\",\"isPartOf\":{\"@id\":\"https:\/\/site.avalarabrasil.com.br\/reforma-tributaria\/reforma-tributaria-do-consumo-rtc\/\"},\"author\":{\"name\":\"Marianna Moreno\",\"@id\":\"https:\/\/site.avalarabrasil.com.br\/reforma-tributaria\/#\/schema\/person\/bd8270bd11b337a8420d96641bfd1dc7\"},\"headline\":\"Reforma Tribut\u00e1ria: Receita institui Programa RTC (Reforma Tribut\u00e1ria do Consumo)\u00a0\",\"datePublished\":\"2025-02-27T17:21:38+00:00\",\"mainEntityOfPage\":{\"@id\":\"https:\/\/site.avalarabrasil.com.br\/reforma-tributaria\/reforma-tributaria-do-consumo-rtc\/\"},\"wordCount\":747,\"commentCount\":0,\"publisher\":{\"@id\":\"https:\/\/site.avalarabrasil.com.br\/reforma-tributaria\/#organization\"},\"image\":{\"@id\":\"https:\/\/site.avalarabrasil.com.br\/reforma-tributaria\/reforma-tributaria-do-consumo-rtc\/#primaryimage\"},\"thumbnailUrl\":\"https:\/\/site.avalarabrasil.com.br\/reforma-tributaria\/wp-content\/uploads\/2025\/02\/accountant-calculating-profit-with-financial-analysis-graphs-scaled-1.jpg\",\"articleSection\":[\"Reforma Tribut\u00e1ria\"],\"inLanguage\":\"pt-BR\",\"potentialAction\":[{\"@type\":\"CommentAction\",\"name\":\"Comment\",\"target\":[\"https:\/\/site.avalarabrasil.com.br\/reforma-tributaria\/reforma-tributaria-do-consumo-rtc\/#respond\"]}]},{\"@type\":\"WebPage\",\"@id\":\"https:\/\/site.avalarabrasil.com.br\/reforma-tributaria\/reforma-tributaria-do-consumo-rtc\/\",\"url\":\"https:\/\/site.avalarabrasil.com.br\/reforma-tributaria\/reforma-tributaria-do-consumo-rtc\/\",\"name\":\"Receita institui Programa RTC (Reforma Tribut\u00e1ria do Consumo)\",\"isPartOf\":{\"@id\":\"https:\/\/site.avalarabrasil.com.br\/reforma-tributaria\/#website\"},\"primaryImageOfPage\":{\"@id\":\"https:\/\/site.avalarabrasil.com.br\/reforma-tributaria\/reforma-tributaria-do-consumo-rtc\/#primaryimage\"},\"image\":{\"@id\":\"https:\/\/site.avalarabrasil.com.br\/reforma-tributaria\/reforma-tributaria-do-consumo-rtc\/#primaryimage\"},\"thumbnailUrl\":\"https:\/\/site.avalarabrasil.com.br\/reforma-tributaria\/wp-content\/uploads\/2025\/02\/accountant-calculating-profit-with-financial-analysis-graphs-scaled-1.jpg\",\"datePublished\":\"2025-02-27T17:21:38+00:00\",\"description\":\"Veja o objetivo do programa Reforma Tribut\u00e1ria do Consumo, sua estrutura e como preparar a sua opera\u00e7\u00e3o fiscal para o per\u00edodo de transi\u00e7\u00e3o.\",\"breadcrumb\":{\"@id\":\"https:\/\/site.avalarabrasil.com.br\/reforma-tributaria\/reforma-tributaria-do-consumo-rtc\/#breadcrumb\"},\"inLanguage\":\"pt-BR\",\"potentialAction\":[{\"@type\":\"ReadAction\",\"target\":[\"https:\/\/site.avalarabrasil.com.br\/reforma-tributaria\/reforma-tributaria-do-consumo-rtc\/\"]}]},{\"@type\":\"ImageObject\",\"inLanguage\":\"pt-BR\",\"@id\":\"https:\/\/site.avalarabrasil.com.br\/reforma-tributaria\/reforma-tributaria-do-consumo-rtc\/#primaryimage\",\"url\":\"https:\/\/site.avalarabrasil.com.br\/reforma-tributaria\/wp-content\/uploads\/2025\/02\/accountant-calculating-profit-with-financial-analysis-graphs-scaled-1.jpg\",\"contentUrl\":\"https:\/\/site.avalarabrasil.com.br\/reforma-tributaria\/wp-content\/uploads\/2025\/02\/accountant-calculating-profit-with-financial-analysis-graphs-scaled-1.jpg\",\"width\":2560,\"height\":1709,\"caption\":\"reforma-tributaria-do-consumo-rtc\"},{\"@type\":\"BreadcrumbList\",\"@id\":\"https:\/\/site.avalarabrasil.com.br\/reforma-tributaria\/reforma-tributaria-do-consumo-rtc\/#breadcrumb\",\"itemListElement\":[{\"@type\":\"ListItem\",\"position\":1,\"name\":\"In\u00edcio\",\"item\":\"https:\/\/site.avalarabrasil.com.br\/reforma-tributaria\/\"},{\"@type\":\"ListItem\",\"position\":2,\"name\":\"Reforma Tribut\u00e1ria: Receita institui Programa RTC (Reforma Tribut\u00e1ria do Consumo)\u00a0\"}]},{\"@type\":\"WebSite\",\"@id\":\"https:\/\/site.avalarabrasil.com.br\/reforma-tributaria\/#website\",\"url\":\"https:\/\/site.avalarabrasil.com.br\/reforma-tributaria\/\",\"name\":\"Descomplica Reforma Tribut\u00e1ria\",\"description\":\"Entenda o impacto da Reforma Tribut\u00e1ria no seu neg\u00f3cio. No Descomplica Reforma Tribut\u00e1ria, voc\u00ea encontra not\u00edcias, legisla\u00e7\u00e3o e orienta\u00e7\u00f5es pr\u00e1ticas para empresas.\",\"publisher\":{\"@id\":\"https:\/\/site.avalarabrasil.com.br\/reforma-tributaria\/#organization\"},\"alternateName\":\"Reforma Tribut\u00e1ria Avalara\",\"potentialAction\":[{\"@type\":\"SearchAction\",\"target\":{\"@type\":\"EntryPoint\",\"urlTemplate\":\"https:\/\/site.avalarabrasil.com.br\/reforma-tributaria\/?s={search_term_string}\"},\"query-input\":{\"@type\":\"PropertyValueSpecification\",\"valueRequired\":true,\"valueName\":\"search_term_string\"}}],\"inLanguage\":\"pt-BR\"},{\"@type\":\"Organization\",\"@id\":\"https:\/\/site.avalarabrasil.com.br\/reforma-tributaria\/#organization\",\"name\":\"Descomplica Reforma Tribut\u00e1ria\",\"url\":\"https:\/\/site.avalarabrasil.com.br\/reforma-tributaria\/\",\"logo\":{\"@type\":\"ImageObject\",\"inLanguage\":\"pt-BR\",\"@id\":\"https:\/\/site.avalarabrasil.com.br\/reforma-tributaria\/#\/schema\/logo\/image\/\",\"url\":\"https:\/\/site.avalarabrasil.com.br\/reforma-tributaria\/wp-content\/uploads\/2025\/11\/avalara.png\",\"contentUrl\":\"https:\/\/site.avalarabrasil.com.br\/reforma-tributaria\/wp-content\/uploads\/2025\/11\/avalara.png\",\"width\":1200,\"height\":675,\"caption\":\"Descomplica Reforma Tribut\u00e1ria\"},\"image\":{\"@id\":\"https:\/\/site.avalarabrasil.com.br\/reforma-tributaria\/#\/schema\/logo\/image\/\"}},{\"@type\":\"Person\",\"@id\":\"https:\/\/site.avalarabrasil.com.br\/reforma-tributaria\/#\/schema\/person\/bd8270bd11b337a8420d96641bfd1dc7\",\"name\":\"Marianna Moreno\",\"image\":{\"@type\":\"ImageObject\",\"inLanguage\":\"pt-BR\",\"@id\":\"https:\/\/site.avalarabrasil.com.br\/reforma-tributaria\/#\/schema\/person\/image\/\",\"url\":\"https:\/\/site.avalarabrasil.com.br\/reforma-tributaria\/wp-content\/litespeed\/avatar\/72c8d539496a030c90c8f6dceaf836cc.jpg?ver=1777396390\",\"contentUrl\":\"https:\/\/site.avalarabrasil.com.br\/reforma-tributaria\/wp-content\/litespeed\/avatar\/72c8d539496a030c90c8f6dceaf836cc.jpg?ver=1777396390\",\"caption\":\"Marianna Moreno\"},\"url\":\"https:\/\/site.avalarabrasil.com.br\/reforma-tributaria\/author\/marianna-moreno\/\"}]}<\/script>\n<!-- \/ Yoast SEO plugin. -->","yoast_head_json":{"title":"Receita institui Programa RTC (Reforma Tribut\u00e1ria do Consumo)","description":"Veja o objetivo do programa Reforma Tribut\u00e1ria do Consumo, sua estrutura e como preparar a sua opera\u00e7\u00e3o fiscal para o per\u00edodo de transi\u00e7\u00e3o.","robots":{"index":"index","follow":"follow","max-snippet":"max-snippet:-1","max-image-preview":"max-image-preview:large","max-video-preview":"max-video-preview:-1"},"canonical":"https:\/\/site.avalarabrasil.com.br\/reforma-tributaria\/reforma-tributaria-do-consumo-rtc\/","og_locale":"pt_BR","og_type":"article","og_title":"Receita institui Programa RTC (Reforma Tribut\u00e1ria do Consumo)","og_description":"Veja o objetivo do programa Reforma Tribut\u00e1ria do Consumo, sua estrutura e como preparar a sua opera\u00e7\u00e3o fiscal para o per\u00edodo de transi\u00e7\u00e3o.","og_url":"https:\/\/site.avalarabrasil.com.br\/reforma-tributaria\/reforma-tributaria-do-consumo-rtc\/","og_site_name":"Descomplica Reforma Tribut\u00e1ria","article_published_time":"2025-02-27T17:21:38+00:00","og_image":[{"width":2560,"height":1709,"url":"https:\/\/site.avalarabrasil.com.br\/reforma-tributaria\/wp-content\/uploads\/2025\/02\/accountant-calculating-profit-with-financial-analysis-graphs-scaled-1.jpg","type":"image\/jpeg"}],"author":"Marianna Moreno","twitter_card":"summary_large_image","twitter_misc":{"Escrito por":"Marianna Moreno","Est. tempo de leitura":"4 minutos"},"schema":{"@context":"https:\/\/schema.org","@graph":[{"@type":"Article","@id":"https:\/\/site.avalarabrasil.com.br\/reforma-tributaria\/reforma-tributaria-do-consumo-rtc\/#article","isPartOf":{"@id":"https:\/\/site.avalarabrasil.com.br\/reforma-tributaria\/reforma-tributaria-do-consumo-rtc\/"},"author":{"name":"Marianna Moreno","@id":"https:\/\/site.avalarabrasil.com.br\/reforma-tributaria\/#\/schema\/person\/bd8270bd11b337a8420d96641bfd1dc7"},"headline":"Reforma Tribut\u00e1ria: Receita institui Programa RTC (Reforma Tribut\u00e1ria do Consumo)\u00a0","datePublished":"2025-02-27T17:21:38+00:00","mainEntityOfPage":{"@id":"https:\/\/site.avalarabrasil.com.br\/reforma-tributaria\/reforma-tributaria-do-consumo-rtc\/"},"wordCount":747,"commentCount":0,"publisher":{"@id":"https:\/\/site.avalarabrasil.com.br\/reforma-tributaria\/#organization"},"image":{"@id":"https:\/\/site.avalarabrasil.com.br\/reforma-tributaria\/reforma-tributaria-do-consumo-rtc\/#primaryimage"},"thumbnailUrl":"https:\/\/site.avalarabrasil.com.br\/reforma-tributaria\/wp-content\/uploads\/2025\/02\/accountant-calculating-profit-with-financial-analysis-graphs-scaled-1.jpg","articleSection":["Reforma Tribut\u00e1ria"],"inLanguage":"pt-BR","potentialAction":[{"@type":"CommentAction","name":"Comment","target":["https:\/\/site.avalarabrasil.com.br\/reforma-tributaria\/reforma-tributaria-do-consumo-rtc\/#respond"]}]},{"@type":"WebPage","@id":"https:\/\/site.avalarabrasil.com.br\/reforma-tributaria\/reforma-tributaria-do-consumo-rtc\/","url":"https:\/\/site.avalarabrasil.com.br\/reforma-tributaria\/reforma-tributaria-do-consumo-rtc\/","name":"Receita institui Programa RTC (Reforma Tribut\u00e1ria do Consumo)","isPartOf":{"@id":"https:\/\/site.avalarabrasil.com.br\/reforma-tributaria\/#website"},"primaryImageOfPage":{"@id":"https:\/\/site.avalarabrasil.com.br\/reforma-tributaria\/reforma-tributaria-do-consumo-rtc\/#primaryimage"},"image":{"@id":"https:\/\/site.avalarabrasil.com.br\/reforma-tributaria\/reforma-tributaria-do-consumo-rtc\/#primaryimage"},"thumbnailUrl":"https:\/\/site.avalarabrasil.com.br\/reforma-tributaria\/wp-content\/uploads\/2025\/02\/accountant-calculating-profit-with-financial-analysis-graphs-scaled-1.jpg","datePublished":"2025-02-27T17:21:38+00:00","description":"Veja o objetivo do programa Reforma Tribut\u00e1ria do Consumo, sua estrutura e como preparar a sua opera\u00e7\u00e3o fiscal para o per\u00edodo de transi\u00e7\u00e3o.","breadcrumb":{"@id":"https:\/\/site.avalarabrasil.com.br\/reforma-tributaria\/reforma-tributaria-do-consumo-rtc\/#breadcrumb"},"inLanguage":"pt-BR","potentialAction":[{"@type":"ReadAction","target":["https:\/\/site.avalarabrasil.com.br\/reforma-tributaria\/reforma-tributaria-do-consumo-rtc\/"]}]},{"@type":"ImageObject","inLanguage":"pt-BR","@id":"https:\/\/site.avalarabrasil.com.br\/reforma-tributaria\/reforma-tributaria-do-consumo-rtc\/#primaryimage","url":"https:\/\/site.avalarabrasil.com.br\/reforma-tributaria\/wp-content\/uploads\/2025\/02\/accountant-calculating-profit-with-financial-analysis-graphs-scaled-1.jpg","contentUrl":"https:\/\/site.avalarabrasil.com.br\/reforma-tributaria\/wp-content\/uploads\/2025\/02\/accountant-calculating-profit-with-financial-analysis-graphs-scaled-1.jpg","width":2560,"height":1709,"caption":"reforma-tributaria-do-consumo-rtc"},{"@type":"BreadcrumbList","@id":"https:\/\/site.avalarabrasil.com.br\/reforma-tributaria\/reforma-tributaria-do-consumo-rtc\/#breadcrumb","itemListElement":[{"@type":"ListItem","position":1,"name":"In\u00edcio","item":"https:\/\/site.avalarabrasil.com.br\/reforma-tributaria\/"},{"@type":"ListItem","position":2,"name":"Reforma Tribut\u00e1ria: Receita institui Programa RTC (Reforma Tribut\u00e1ria do Consumo)\u00a0"}]},{"@type":"WebSite","@id":"https:\/\/site.avalarabrasil.com.br\/reforma-tributaria\/#website","url":"https:\/\/site.avalarabrasil.com.br\/reforma-tributaria\/","name":"Descomplica Reforma Tribut\u00e1ria","description":"Entenda o impacto da Reforma Tribut\u00e1ria no seu neg\u00f3cio. No Descomplica Reforma Tribut\u00e1ria, voc\u00ea encontra not\u00edcias, legisla\u00e7\u00e3o e orienta\u00e7\u00f5es pr\u00e1ticas para empresas.","publisher":{"@id":"https:\/\/site.avalarabrasil.com.br\/reforma-tributaria\/#organization"},"alternateName":"Reforma Tribut\u00e1ria Avalara","potentialAction":[{"@type":"SearchAction","target":{"@type":"EntryPoint","urlTemplate":"https:\/\/site.avalarabrasil.com.br\/reforma-tributaria\/?s={search_term_string}"},"query-input":{"@type":"PropertyValueSpecification","valueRequired":true,"valueName":"search_term_string"}}],"inLanguage":"pt-BR"},{"@type":"Organization","@id":"https:\/\/site.avalarabrasil.com.br\/reforma-tributaria\/#organization","name":"Descomplica Reforma Tribut\u00e1ria","url":"https:\/\/site.avalarabrasil.com.br\/reforma-tributaria\/","logo":{"@type":"ImageObject","inLanguage":"pt-BR","@id":"https:\/\/site.avalarabrasil.com.br\/reforma-tributaria\/#\/schema\/logo\/image\/","url":"https:\/\/site.avalarabrasil.com.br\/reforma-tributaria\/wp-content\/uploads\/2025\/11\/avalara.png","contentUrl":"https:\/\/site.avalarabrasil.com.br\/reforma-tributaria\/wp-content\/uploads\/2025\/11\/avalara.png","width":1200,"height":675,"caption":"Descomplica Reforma Tribut\u00e1ria"},"image":{"@id":"https:\/\/site.avalarabrasil.com.br\/reforma-tributaria\/#\/schema\/logo\/image\/"}},{"@type":"Person","@id":"https:\/\/site.avalarabrasil.com.br\/reforma-tributaria\/#\/schema\/person\/bd8270bd11b337a8420d96641bfd1dc7","name":"Marianna Moreno","image":{"@type":"ImageObject","inLanguage":"pt-BR","@id":"https:\/\/site.avalarabrasil.com.br\/reforma-tributaria\/#\/schema\/person\/image\/","url":"https:\/\/site.avalarabrasil.com.br\/reforma-tributaria\/wp-content\/litespeed\/avatar\/72c8d539496a030c90c8f6dceaf836cc.jpg?ver=1777396390","contentUrl":"https:\/\/site.avalarabrasil.com.br\/reforma-tributaria\/wp-content\/litespeed\/avatar\/72c8d539496a030c90c8f6dceaf836cc.jpg?ver=1777396390","caption":"Marianna Moreno"},"url":"https:\/\/site.avalarabrasil.com.br\/reforma-tributaria\/author\/marianna-moreno\/"}]}},"_links":{"self":[{"href":"https:\/\/site.avalarabrasil.com.br\/reforma-tributaria\/wp-json\/wp\/v2\/posts\/13380","targetHints":{"allow":["GET"]}}],"collection":[{"href":"https:\/\/site.avalarabrasil.com.br\/reforma-tributaria\/wp-json\/wp\/v2\/posts"}],"about":[{"href":"https:\/\/site.avalarabrasil.com.br\/reforma-tributaria\/wp-json\/wp\/v2\/types\/post"}],"author":[{"embeddable":true,"href":"https:\/\/site.avalarabrasil.com.br\/reforma-tributaria\/wp-json\/wp\/v2\/users\/3"}],"replies":[{"embeddable":true,"href":"https:\/\/site.avalarabrasil.com.br\/reforma-tributaria\/wp-json\/wp\/v2\/comments?post=13380"}],"version-history":[{"count":0,"href":"https:\/\/site.avalarabrasil.com.br\/reforma-tributaria\/wp-json\/wp\/v2\/posts\/13380\/revisions"}],"wp:featuredmedia":[{"embeddable":true,"href":"https:\/\/site.avalarabrasil.com.br\/reforma-tributaria\/wp-json\/wp\/v2\/media\/13381"}],"wp:attachment":[{"href":"https:\/\/site.avalarabrasil.com.br\/reforma-tributaria\/wp-json\/wp\/v2\/media?parent=13380"}],"wp:term":[{"taxonomy":"category","embeddable":true,"href":"https:\/\/site.avalarabrasil.com.br\/reforma-tributaria\/wp-json\/wp\/v2\/categories?post=13380"},{"taxonomy":"post_tag","embeddable":true,"href":"https:\/\/site.avalarabrasil.com.br\/reforma-tributaria\/wp-json\/wp\/v2\/tags?post=13380"}],"curies":[{"name":"wp","href":"https:\/\/api.w.org\/{rel}","templated":true}]}}