{"id":14495,"date":"2025-02-17T15:25:00","date_gmt":"2025-02-17T18:25:00","guid":{"rendered":"https:\/\/oobj.com.br\/?p=14495"},"modified":"2025-02-17T15:25:00","modified_gmt":"2025-02-17T18:25:00","slug":"reforma-tributaria-no-brasil-o-que-muda-e-como-empresas-podem-se-preparar","status":"publish","type":"post","link":"https:\/\/site.avalarabrasil.com.br\/reforma-tributaria\/reforma-tributaria-no-brasil-o-que-muda-e-como-empresas-podem-se-preparar\/","title":{"rendered":"Reforma Tribut\u00e1ria no Brasil: O Que Muda e Como Empresas Podem se Preparar"},"content":{"rendered":"\n<h2 class=\"wp-block-heading\">A Reforma Tribut\u00e1ria e seus Impactos<\/h2>\n\n\n\n<p>A Reforma Tribut\u00e1ria aprovada em 2023 marca uma das maiores transforma\u00e7\u00f5es no sistema de arrecada\u00e7\u00e3o do pa\u00eds. Com o objetivo de simplificar a estrutura tribut\u00e1ria, reduzir a burocracia e aumentar a transpar\u00eancia, a nova legisla\u00e7\u00e3o impactar\u00e1 diretamente empresas de todos os portes. Mas, afinal, o que muda na pr\u00e1tica? E como sua empresa pode se preparar para esse novo cen\u00e1rio? Neste artigo, destacamos os principais pontos da reforma e estrat\u00e9gias essenciais para garantir conformidade e efici\u00eancia fiscal.<\/p>\n\n\n\n<h2 class=\"wp-block-heading\">Principais mudan\u00e7as com a Reforma Tribut\u00e1ria<\/h2>\n\n\n\n<h3 class=\"wp-block-heading\">1. Substitui\u00e7\u00e3o de tributos pelo modelo de IVA Dual<\/h3>\n\n\n\n<p>O atual sistema tribut\u00e1rio brasileiro \u00e9 fragmentado e repleto de impostos sobre o consumo. A reforma prop\u00f5e a unifica\u00e7\u00e3o de cinco tributos em dois Impostos sobre Valor Agregado (IVA):<\/p>\n\n\n\n<ul class=\"wp-block-list\">\n<li><strong>CBS (Contribui\u00e7\u00e3o sobre Bens e Servi\u00e7os):<\/strong> de compet\u00eancia federal, substitui PIS e Cofins.<\/li>\n\n\n\n<li><strong>IBS (Imposto sobre Bens e Servi\u00e7os):<\/strong> de gest\u00e3o estadual e municipal, substitui ICMS e ISS.<\/li>\n<\/ul>\n\n\n\n<p>Essa mudan\u00e7a visa padronizar a tributa\u00e7\u00e3o sobre o consumo em todo o pa\u00eds e p\u00f4r fim \u00e0 chamada \u201cguerra fiscal\u201d entre estados e munic\u00edpios.<\/p>\n\n\n\n<h3 class=\"wp-block-heading\">2. Fim da cumulatividade e direito a cr\u00e9dito amplo<\/h3>\n\n\n\n<p>Ao adotar o modelo de IVA, a reforma permitir\u00e1 que empresas aproveitem cr\u00e9ditos de tributos pagos em todas as etapas da cadeia produtiva. Isso reduz a carga tribut\u00e1ria efetiva, melhora o fluxo de caixa e corrige distor\u00e7\u00f5es do sistema atual.<\/p>\n\n\n\n<h3 class=\"wp-block-heading\">3. Per\u00edodo de transi\u00e7\u00e3o gradual<\/h3>\n\n\n\n<p>A transi\u00e7\u00e3o ocorrer\u00e1 entre 2026 e 2033. Nesse per\u00edodo, os tributos atuais ser\u00e3o progressivamente reduzidos, enquanto os novos impostos (CBS e IBS) entram em vigor de forma escalonada, permitindo adapta\u00e7\u00e3o gradual para empresas e \u00f3rg\u00e3os p\u00fablicos.<\/p>\n\n\n\n<h3 class=\"wp-block-heading\">4. Simplifica\u00e7\u00e3o e digitaliza\u00e7\u00e3o do sistema tribut\u00e1rio<\/h3>\n\n\n\n<p>A nova legisla\u00e7\u00e3o incentiva a automa\u00e7\u00e3o e digitaliza\u00e7\u00e3o da gest\u00e3o fiscal, com foco na simplifica\u00e7\u00e3o das obriga\u00e7\u00f5es acess\u00f3rias, redu\u00e7\u00e3o de erros e aumento da efici\u00eancia nos processos de apura\u00e7\u00e3o e recolhimento de tributos.<\/p>\n\n\n\n<h2 class=\"wp-block-heading\">Como sua empresa pode se preparar?<\/h2>\n\n\n\n<p>A adapta\u00e7\u00e3o \u00e0 nova realidade tribut\u00e1ria exige planejamento estrat\u00e9gico e investimentos em tecnologia. Confira algumas a\u00e7\u00f5es recomendadas:<\/p>\n\n\n\n<h3 class=\"wp-block-heading\">1. Atualiza\u00e7\u00e3o de sistemas e processos<\/h3>\n\n\n\n<p>Revisar e adequar o ERP e as solu\u00e7\u00f5es fiscais \u00e9 essencial. Ferramentas como o AvaTax Brasil, da Avalara, oferecem c\u00e1lculo automatizado e atualizado dos tributos, garantindo conformidade com as novas regras.<\/p>\n\n\n\n<h3 class=\"wp-block-heading\">2. Capacita\u00e7\u00e3o da equipe e apoio especializado<\/h3>\n\n\n\n<p>A \u00e1rea fiscal precisa estar preparada para lidar com as mudan\u00e7as. Invista em treinamentos e conte com consultorias especializadas para entender os impactos espec\u00edficos no seu neg\u00f3cio.<\/p>\n\n\n\n<h3 class=\"wp-block-heading\">3. Acompanhamento das regulamenta\u00e7\u00f5es complementares<\/h3>\n\n\n\n<p>Embora a reforma tenha sido aprovada, muitos detalhes ainda dependem de regulamenta\u00e7\u00f5es. \u00c9 fundamental acompanhar essas atualiza\u00e7\u00f5es para fazer os ajustes necess\u00e1rios com agilidade.<\/p>\n\n\n\n<h3 class=\"wp-block-heading\">4. Simula\u00e7\u00f5es e an\u00e1lise de impacto financeiro<\/h3>\n\n\n\n<p>Cada setor ser\u00e1 impactado de maneira diferente. Realizar simula\u00e7\u00f5es com base nas novas regras ajudar\u00e1 a prever mudan\u00e7as na carga tribut\u00e1ria e ajustar estrat\u00e9gias comerciais, operacionais e de precifica\u00e7\u00e3o.<\/p>\n\n\n\n<h2 class=\"wp-block-heading\">Conclus\u00e3o<\/h2>\n\n\n\n<p>A Reforma Tribut\u00e1ria traz oportunidades, mas tamb\u00e9m grandes desafios para as empresas. O sucesso na adapta\u00e7\u00e3o depender\u00e1 do planejamento antecipado, da capacita\u00e7\u00e3o da equipe e do uso de tecnologias que simplifiquem a gest\u00e3o fiscal. A Avalara est\u00e1 pronta para apoiar sua empresa nessa transi\u00e7\u00e3o, com solu\u00e7\u00f5es inteligentes que garantem precis\u00e3o nos c\u00e1lculos e conformidade tribut\u00e1ria.<\/p>\n\n\n\n<p>Quer entender como a Avalara pode ajudar sua empresa a se preparar para a Reforma Tribut\u00e1ria? Fale com um de nossos especialistas e conhe\u00e7a nossas solu\u00e7\u00f5es!<\/p>\n","protected":false},"excerpt":{"rendered":"<p>A Reforma Tribut\u00e1ria e seus Impactos A Reforma Tribut\u00e1ria aprovada em 2023 marca uma das maiores transforma\u00e7\u00f5es no sistema de arrecada\u00e7\u00e3o do pa\u00eds. Com o [&hellip;]<\/p>\n","protected":false},"author":4,"featured_media":14634,"comment_status":"open","ping_status":"open","sticky":false,"template":"","format":"standard","meta":{"footnotes":""},"categories":[3],"tags":[],"class_list":["post-14495","post","type-post","status-publish","format-standard","has-post-thumbnail","hentry","category-reforma-tributaria"],"yoast_head":"<!-- This site is optimized with the Yoast SEO plugin v27.0 - https:\/\/yoast.com\/product\/yoast-seo-wordpress\/ -->\n<title>Reforma Tribut\u00e1ria no Brasil: O Que Muda e Como Empresas Podem se Preparar - Descomplica Reforma Tribut\u00e1ria<\/title>\n<meta name=\"robots\" content=\"index, follow, max-snippet:-1, max-image-preview:large, max-video-preview:-1\" \/>\n<link rel=\"canonical\" href=\"https:\/\/site.avalarabrasil.com.br\/reforma-tributaria\/reforma-tributaria-no-brasil-o-que-muda-e-como-empresas-podem-se-preparar\/\" \/>\n<meta property=\"og:locale\" content=\"pt_BR\" \/>\n<meta property=\"og:type\" content=\"article\" \/>\n<meta property=\"og:title\" content=\"Reforma Tribut\u00e1ria no Brasil: O Que Muda e Como Empresas Podem se Preparar - Descomplica Reforma Tribut\u00e1ria\" \/>\n<meta property=\"og:description\" content=\"A Reforma Tribut\u00e1ria e seus Impactos A Reforma Tribut\u00e1ria aprovada em 2023 marca uma das maiores transforma\u00e7\u00f5es no sistema de arrecada\u00e7\u00e3o do pa\u00eds. Com o [&hellip;]\" \/>\n<meta property=\"og:url\" content=\"https:\/\/site.avalarabrasil.com.br\/reforma-tributaria\/reforma-tributaria-no-brasil-o-que-muda-e-como-empresas-podem-se-preparar\/\" \/>\n<meta property=\"og:site_name\" content=\"Descomplica Reforma Tribut\u00e1ria\" \/>\n<meta property=\"article:published_time\" content=\"2025-02-17T18:25:00+00:00\" \/>\n<meta property=\"og:image\" content=\"https:\/\/site.avalarabrasil.com.br\/reforma-tributaria\/wp-content\/uploads\/2025\/04\/guia-reforma-oobj-by-avalara-2025.png\" \/>\n\t<meta property=\"og:image:width\" content=\"501\" \/>\n\t<meta property=\"og:image:height\" content=\"500\" \/>\n\t<meta property=\"og:image:type\" content=\"image\/png\" \/>\n<meta name=\"author\" content=\"Oobj by Avalara\" \/>\n<meta name=\"twitter:card\" content=\"summary_large_image\" \/>\n<meta name=\"twitter:label1\" content=\"Escrito por\" \/>\n\t<meta name=\"twitter:data1\" content=\"Oobj by Avalara\" \/>\n\t<meta name=\"twitter:label2\" content=\"Est. tempo de leitura\" \/>\n\t<meta name=\"twitter:data2\" content=\"4 minutos\" \/>\n<script type=\"application\/ld+json\" class=\"yoast-schema-graph\">{\"@context\":\"https:\/\/schema.org\",\"@graph\":[{\"@type\":\"Article\",\"@id\":\"https:\/\/site.avalarabrasil.com.br\/reforma-tributaria\/reforma-tributaria-no-brasil-o-que-muda-e-como-empresas-podem-se-preparar\/#article\",\"isPartOf\":{\"@id\":\"https:\/\/site.avalarabrasil.com.br\/reforma-tributaria\/reforma-tributaria-no-brasil-o-que-muda-e-como-empresas-podem-se-preparar\/\"},\"author\":{\"name\":\"Oobj by Avalara\",\"@id\":\"https:\/\/site.avalarabrasil.com.br\/reforma-tributaria\/#\/schema\/person\/00e7d035eea4723b925627f403897dd5\"},\"headline\":\"Reforma Tribut\u00e1ria no Brasil: O Que Muda e Como Empresas Podem se Preparar\",\"datePublished\":\"2025-02-17T18:25:00+00:00\",\"mainEntityOfPage\":{\"@id\":\"https:\/\/site.avalarabrasil.com.br\/reforma-tributaria\/reforma-tributaria-no-brasil-o-que-muda-e-como-empresas-podem-se-preparar\/\"},\"wordCount\":637,\"commentCount\":0,\"publisher\":{\"@id\":\"https:\/\/site.avalarabrasil.com.br\/reforma-tributaria\/#organization\"},\"image\":{\"@id\":\"https:\/\/site.avalarabrasil.com.br\/reforma-tributaria\/reforma-tributaria-no-brasil-o-que-muda-e-como-empresas-podem-se-preparar\/#primaryimage\"},\"thumbnailUrl\":\"https:\/\/site.avalarabrasil.com.br\/reforma-tributaria\/wp-content\/uploads\/2025\/04\/guia-reforma-oobj-by-avalara-2025.png\",\"articleSection\":[\"Reforma Tribut\u00e1ria\"],\"inLanguage\":\"pt-BR\",\"potentialAction\":[{\"@type\":\"CommentAction\",\"name\":\"Comment\",\"target\":[\"https:\/\/site.avalarabrasil.com.br\/reforma-tributaria\/reforma-tributaria-no-brasil-o-que-muda-e-como-empresas-podem-se-preparar\/#respond\"]}]},{\"@type\":\"WebPage\",\"@id\":\"https:\/\/site.avalarabrasil.com.br\/reforma-tributaria\/reforma-tributaria-no-brasil-o-que-muda-e-como-empresas-podem-se-preparar\/\",\"url\":\"https:\/\/site.avalarabrasil.com.br\/reforma-tributaria\/reforma-tributaria-no-brasil-o-que-muda-e-como-empresas-podem-se-preparar\/\",\"name\":\"Reforma Tribut\u00e1ria no Brasil: O Que Muda e Como Empresas Podem se Preparar - Descomplica Reforma Tribut\u00e1ria\",\"isPartOf\":{\"@id\":\"https:\/\/site.avalarabrasil.com.br\/reforma-tributaria\/#website\"},\"primaryImageOfPage\":{\"@id\":\"https:\/\/site.avalarabrasil.com.br\/reforma-tributaria\/reforma-tributaria-no-brasil-o-que-muda-e-como-empresas-podem-se-preparar\/#primaryimage\"},\"image\":{\"@id\":\"https:\/\/site.avalarabrasil.com.br\/reforma-tributaria\/reforma-tributaria-no-brasil-o-que-muda-e-como-empresas-podem-se-preparar\/#primaryimage\"},\"thumbnailUrl\":\"https:\/\/site.avalarabrasil.com.br\/reforma-tributaria\/wp-content\/uploads\/2025\/04\/guia-reforma-oobj-by-avalara-2025.png\",\"datePublished\":\"2025-02-17T18:25:00+00:00\",\"breadcrumb\":{\"@id\":\"https:\/\/site.avalarabrasil.com.br\/reforma-tributaria\/reforma-tributaria-no-brasil-o-que-muda-e-como-empresas-podem-se-preparar\/#breadcrumb\"},\"inLanguage\":\"pt-BR\",\"potentialAction\":[{\"@type\":\"ReadAction\",\"target\":[\"https:\/\/site.avalarabrasil.com.br\/reforma-tributaria\/reforma-tributaria-no-brasil-o-que-muda-e-como-empresas-podem-se-preparar\/\"]}]},{\"@type\":\"ImageObject\",\"inLanguage\":\"pt-BR\",\"@id\":\"https:\/\/site.avalarabrasil.com.br\/reforma-tributaria\/reforma-tributaria-no-brasil-o-que-muda-e-como-empresas-podem-se-preparar\/#primaryimage\",\"url\":\"https:\/\/site.avalarabrasil.com.br\/reforma-tributaria\/wp-content\/uploads\/2025\/04\/guia-reforma-oobj-by-avalara-2025.png\",\"contentUrl\":\"https:\/\/site.avalarabrasil.com.br\/reforma-tributaria\/wp-content\/uploads\/2025\/04\/guia-reforma-oobj-by-avalara-2025.png\",\"width\":501,\"height\":500},{\"@type\":\"BreadcrumbList\",\"@id\":\"https:\/\/site.avalarabrasil.com.br\/reforma-tributaria\/reforma-tributaria-no-brasil-o-que-muda-e-como-empresas-podem-se-preparar\/#breadcrumb\",\"itemListElement\":[{\"@type\":\"ListItem\",\"position\":1,\"name\":\"In\u00edcio\",\"item\":\"https:\/\/site.avalarabrasil.com.br\/reforma-tributaria\/\"},{\"@type\":\"ListItem\",\"position\":2,\"name\":\"Reforma Tribut\u00e1ria no Brasil: O Que Muda e Como Empresas Podem se Preparar\"}]},{\"@type\":\"WebSite\",\"@id\":\"https:\/\/site.avalarabrasil.com.br\/reforma-tributaria\/#website\",\"url\":\"https:\/\/site.avalarabrasil.com.br\/reforma-tributaria\/\",\"name\":\"Descomplica Reforma Tribut\u00e1ria\",\"description\":\"Entenda o impacto da Reforma Tribut\u00e1ria no seu neg\u00f3cio. No Descomplica Reforma Tribut\u00e1ria, voc\u00ea encontra not\u00edcias, legisla\u00e7\u00e3o e orienta\u00e7\u00f5es pr\u00e1ticas para empresas.\",\"publisher\":{\"@id\":\"https:\/\/site.avalarabrasil.com.br\/reforma-tributaria\/#organization\"},\"alternateName\":\"Reforma Tribut\u00e1ria Avalara\",\"potentialAction\":[{\"@type\":\"SearchAction\",\"target\":{\"@type\":\"EntryPoint\",\"urlTemplate\":\"https:\/\/site.avalarabrasil.com.br\/reforma-tributaria\/?s={search_term_string}\"},\"query-input\":{\"@type\":\"PropertyValueSpecification\",\"valueRequired\":true,\"valueName\":\"search_term_string\"}}],\"inLanguage\":\"pt-BR\"},{\"@type\":\"Organization\",\"@id\":\"https:\/\/site.avalarabrasil.com.br\/reforma-tributaria\/#organization\",\"name\":\"Descomplica Reforma Tribut\u00e1ria\",\"url\":\"https:\/\/site.avalarabrasil.com.br\/reforma-tributaria\/\",\"logo\":{\"@type\":\"ImageObject\",\"inLanguage\":\"pt-BR\",\"@id\":\"https:\/\/site.avalarabrasil.com.br\/reforma-tributaria\/#\/schema\/logo\/image\/\",\"url\":\"https:\/\/site.avalarabrasil.com.br\/reforma-tributaria\/wp-content\/uploads\/2025\/11\/avalara.png\",\"contentUrl\":\"https:\/\/site.avalarabrasil.com.br\/reforma-tributaria\/wp-content\/uploads\/2025\/11\/avalara.png\",\"width\":1200,\"height\":675,\"caption\":\"Descomplica Reforma Tribut\u00e1ria\"},\"image\":{\"@id\":\"https:\/\/site.avalarabrasil.com.br\/reforma-tributaria\/#\/schema\/logo\/image\/\"}},{\"@type\":\"Person\",\"@id\":\"https:\/\/site.avalarabrasil.com.br\/reforma-tributaria\/#\/schema\/person\/00e7d035eea4723b925627f403897dd5\",\"name\":\"Oobj by Avalara\",\"image\":{\"@type\":\"ImageObject\",\"inLanguage\":\"pt-BR\",\"@id\":\"https:\/\/site.avalarabrasil.com.br\/reforma-tributaria\/#\/schema\/person\/image\/\",\"url\":\"https:\/\/site.avalarabrasil.com.br\/reforma-tributaria\/wp-content\/litespeed\/avatar\/23494c9101089ad44ae88ce9d2f56aac.jpg?ver=1777386826\",\"contentUrl\":\"https:\/\/site.avalarabrasil.com.br\/reforma-tributaria\/wp-content\/litespeed\/avatar\/23494c9101089ad44ae88ce9d2f56aac.jpg?ver=1777386826\",\"caption\":\"Oobj by Avalara\"},\"url\":\"https:\/\/site.avalarabrasil.com.br\/reforma-tributaria\/author\/oobj-by-avalara\/\"}]}<\/script>\n<!-- \/ Yoast SEO plugin. -->","yoast_head_json":{"title":"Reforma Tribut\u00e1ria no Brasil: O Que Muda e Como Empresas Podem se Preparar - Descomplica Reforma Tribut\u00e1ria","robots":{"index":"index","follow":"follow","max-snippet":"max-snippet:-1","max-image-preview":"max-image-preview:large","max-video-preview":"max-video-preview:-1"},"canonical":"https:\/\/site.avalarabrasil.com.br\/reforma-tributaria\/reforma-tributaria-no-brasil-o-que-muda-e-como-empresas-podem-se-preparar\/","og_locale":"pt_BR","og_type":"article","og_title":"Reforma Tribut\u00e1ria no Brasil: O Que Muda e Como Empresas Podem se Preparar - Descomplica Reforma Tribut\u00e1ria","og_description":"A Reforma Tribut\u00e1ria e seus Impactos A Reforma Tribut\u00e1ria aprovada em 2023 marca uma das maiores transforma\u00e7\u00f5es no sistema de arrecada\u00e7\u00e3o do pa\u00eds. Com o [&hellip;]","og_url":"https:\/\/site.avalarabrasil.com.br\/reforma-tributaria\/reforma-tributaria-no-brasil-o-que-muda-e-como-empresas-podem-se-preparar\/","og_site_name":"Descomplica Reforma Tribut\u00e1ria","article_published_time":"2025-02-17T18:25:00+00:00","og_image":[{"width":501,"height":500,"url":"https:\/\/site.avalarabrasil.com.br\/reforma-tributaria\/wp-content\/uploads\/2025\/04\/guia-reforma-oobj-by-avalara-2025.png","type":"image\/png"}],"author":"Oobj by Avalara","twitter_card":"summary_large_image","twitter_misc":{"Escrito por":"Oobj by Avalara","Est. tempo de leitura":"4 minutos"},"schema":{"@context":"https:\/\/schema.org","@graph":[{"@type":"Article","@id":"https:\/\/site.avalarabrasil.com.br\/reforma-tributaria\/reforma-tributaria-no-brasil-o-que-muda-e-como-empresas-podem-se-preparar\/#article","isPartOf":{"@id":"https:\/\/site.avalarabrasil.com.br\/reforma-tributaria\/reforma-tributaria-no-brasil-o-que-muda-e-como-empresas-podem-se-preparar\/"},"author":{"name":"Oobj by Avalara","@id":"https:\/\/site.avalarabrasil.com.br\/reforma-tributaria\/#\/schema\/person\/00e7d035eea4723b925627f403897dd5"},"headline":"Reforma Tribut\u00e1ria no Brasil: O Que Muda e Como Empresas Podem se Preparar","datePublished":"2025-02-17T18:25:00+00:00","mainEntityOfPage":{"@id":"https:\/\/site.avalarabrasil.com.br\/reforma-tributaria\/reforma-tributaria-no-brasil-o-que-muda-e-como-empresas-podem-se-preparar\/"},"wordCount":637,"commentCount":0,"publisher":{"@id":"https:\/\/site.avalarabrasil.com.br\/reforma-tributaria\/#organization"},"image":{"@id":"https:\/\/site.avalarabrasil.com.br\/reforma-tributaria\/reforma-tributaria-no-brasil-o-que-muda-e-como-empresas-podem-se-preparar\/#primaryimage"},"thumbnailUrl":"https:\/\/site.avalarabrasil.com.br\/reforma-tributaria\/wp-content\/uploads\/2025\/04\/guia-reforma-oobj-by-avalara-2025.png","articleSection":["Reforma Tribut\u00e1ria"],"inLanguage":"pt-BR","potentialAction":[{"@type":"CommentAction","name":"Comment","target":["https:\/\/site.avalarabrasil.com.br\/reforma-tributaria\/reforma-tributaria-no-brasil-o-que-muda-e-como-empresas-podem-se-preparar\/#respond"]}]},{"@type":"WebPage","@id":"https:\/\/site.avalarabrasil.com.br\/reforma-tributaria\/reforma-tributaria-no-brasil-o-que-muda-e-como-empresas-podem-se-preparar\/","url":"https:\/\/site.avalarabrasil.com.br\/reforma-tributaria\/reforma-tributaria-no-brasil-o-que-muda-e-como-empresas-podem-se-preparar\/","name":"Reforma Tribut\u00e1ria no Brasil: O Que Muda e Como Empresas Podem se Preparar - Descomplica Reforma Tribut\u00e1ria","isPartOf":{"@id":"https:\/\/site.avalarabrasil.com.br\/reforma-tributaria\/#website"},"primaryImageOfPage":{"@id":"https:\/\/site.avalarabrasil.com.br\/reforma-tributaria\/reforma-tributaria-no-brasil-o-que-muda-e-como-empresas-podem-se-preparar\/#primaryimage"},"image":{"@id":"https:\/\/site.avalarabrasil.com.br\/reforma-tributaria\/reforma-tributaria-no-brasil-o-que-muda-e-como-empresas-podem-se-preparar\/#primaryimage"},"thumbnailUrl":"https:\/\/site.avalarabrasil.com.br\/reforma-tributaria\/wp-content\/uploads\/2025\/04\/guia-reforma-oobj-by-avalara-2025.png","datePublished":"2025-02-17T18:25:00+00:00","breadcrumb":{"@id":"https:\/\/site.avalarabrasil.com.br\/reforma-tributaria\/reforma-tributaria-no-brasil-o-que-muda-e-como-empresas-podem-se-preparar\/#breadcrumb"},"inLanguage":"pt-BR","potentialAction":[{"@type":"ReadAction","target":["https:\/\/site.avalarabrasil.com.br\/reforma-tributaria\/reforma-tributaria-no-brasil-o-que-muda-e-como-empresas-podem-se-preparar\/"]}]},{"@type":"ImageObject","inLanguage":"pt-BR","@id":"https:\/\/site.avalarabrasil.com.br\/reforma-tributaria\/reforma-tributaria-no-brasil-o-que-muda-e-como-empresas-podem-se-preparar\/#primaryimage","url":"https:\/\/site.avalarabrasil.com.br\/reforma-tributaria\/wp-content\/uploads\/2025\/04\/guia-reforma-oobj-by-avalara-2025.png","contentUrl":"https:\/\/site.avalarabrasil.com.br\/reforma-tributaria\/wp-content\/uploads\/2025\/04\/guia-reforma-oobj-by-avalara-2025.png","width":501,"height":500},{"@type":"BreadcrumbList","@id":"https:\/\/site.avalarabrasil.com.br\/reforma-tributaria\/reforma-tributaria-no-brasil-o-que-muda-e-como-empresas-podem-se-preparar\/#breadcrumb","itemListElement":[{"@type":"ListItem","position":1,"name":"In\u00edcio","item":"https:\/\/site.avalarabrasil.com.br\/reforma-tributaria\/"},{"@type":"ListItem","position":2,"name":"Reforma Tribut\u00e1ria no Brasil: O Que Muda e Como Empresas Podem se Preparar"}]},{"@type":"WebSite","@id":"https:\/\/site.avalarabrasil.com.br\/reforma-tributaria\/#website","url":"https:\/\/site.avalarabrasil.com.br\/reforma-tributaria\/","name":"Descomplica Reforma Tribut\u00e1ria","description":"Entenda o impacto da Reforma Tribut\u00e1ria no seu neg\u00f3cio. No Descomplica Reforma Tribut\u00e1ria, voc\u00ea encontra not\u00edcias, legisla\u00e7\u00e3o e orienta\u00e7\u00f5es pr\u00e1ticas para empresas.","publisher":{"@id":"https:\/\/site.avalarabrasil.com.br\/reforma-tributaria\/#organization"},"alternateName":"Reforma Tribut\u00e1ria Avalara","potentialAction":[{"@type":"SearchAction","target":{"@type":"EntryPoint","urlTemplate":"https:\/\/site.avalarabrasil.com.br\/reforma-tributaria\/?s={search_term_string}"},"query-input":{"@type":"PropertyValueSpecification","valueRequired":true,"valueName":"search_term_string"}}],"inLanguage":"pt-BR"},{"@type":"Organization","@id":"https:\/\/site.avalarabrasil.com.br\/reforma-tributaria\/#organization","name":"Descomplica Reforma Tribut\u00e1ria","url":"https:\/\/site.avalarabrasil.com.br\/reforma-tributaria\/","logo":{"@type":"ImageObject","inLanguage":"pt-BR","@id":"https:\/\/site.avalarabrasil.com.br\/reforma-tributaria\/#\/schema\/logo\/image\/","url":"https:\/\/site.avalarabrasil.com.br\/reforma-tributaria\/wp-content\/uploads\/2025\/11\/avalara.png","contentUrl":"https:\/\/site.avalarabrasil.com.br\/reforma-tributaria\/wp-content\/uploads\/2025\/11\/avalara.png","width":1200,"height":675,"caption":"Descomplica Reforma Tribut\u00e1ria"},"image":{"@id":"https:\/\/site.avalarabrasil.com.br\/reforma-tributaria\/#\/schema\/logo\/image\/"}},{"@type":"Person","@id":"https:\/\/site.avalarabrasil.com.br\/reforma-tributaria\/#\/schema\/person\/00e7d035eea4723b925627f403897dd5","name":"Oobj by Avalara","image":{"@type":"ImageObject","inLanguage":"pt-BR","@id":"https:\/\/site.avalarabrasil.com.br\/reforma-tributaria\/#\/schema\/person\/image\/","url":"https:\/\/site.avalarabrasil.com.br\/reforma-tributaria\/wp-content\/litespeed\/avatar\/23494c9101089ad44ae88ce9d2f56aac.jpg?ver=1777386826","contentUrl":"https:\/\/site.avalarabrasil.com.br\/reforma-tributaria\/wp-content\/litespeed\/avatar\/23494c9101089ad44ae88ce9d2f56aac.jpg?ver=1777386826","caption":"Oobj by Avalara"},"url":"https:\/\/site.avalarabrasil.com.br\/reforma-tributaria\/author\/oobj-by-avalara\/"}]}},"_links":{"self":[{"href":"https:\/\/site.avalarabrasil.com.br\/reforma-tributaria\/wp-json\/wp\/v2\/posts\/14495","targetHints":{"allow":["GET"]}}],"collection":[{"href":"https:\/\/site.avalarabrasil.com.br\/reforma-tributaria\/wp-json\/wp\/v2\/posts"}],"about":[{"href":"https:\/\/site.avalarabrasil.com.br\/reforma-tributaria\/wp-json\/wp\/v2\/types\/post"}],"author":[{"embeddable":true,"href":"https:\/\/site.avalarabrasil.com.br\/reforma-tributaria\/wp-json\/wp\/v2\/users\/4"}],"replies":[{"embeddable":true,"href":"https:\/\/site.avalarabrasil.com.br\/reforma-tributaria\/wp-json\/wp\/v2\/comments?post=14495"}],"version-history":[{"count":0,"href":"https:\/\/site.avalarabrasil.com.br\/reforma-tributaria\/wp-json\/wp\/v2\/posts\/14495\/revisions"}],"wp:featuredmedia":[{"embeddable":true,"href":"https:\/\/site.avalarabrasil.com.br\/reforma-tributaria\/wp-json\/wp\/v2\/media\/14634"}],"wp:attachment":[{"href":"https:\/\/site.avalarabrasil.com.br\/reforma-tributaria\/wp-json\/wp\/v2\/media?parent=14495"}],"wp:term":[{"taxonomy":"category","embeddable":true,"href":"https:\/\/site.avalarabrasil.com.br\/reforma-tributaria\/wp-json\/wp\/v2\/categories?post=14495"},{"taxonomy":"post_tag","embeddable":true,"href":"https:\/\/site.avalarabrasil.com.br\/reforma-tributaria\/wp-json\/wp\/v2\/tags?post=14495"}],"curies":[{"name":"wp","href":"https:\/\/api.w.org\/{rel}","templated":true}]}}