{"id":14931,"date":"2025-06-10T10:00:00","date_gmt":"2025-06-10T13:00:00","guid":{"rendered":"https:\/\/oobj.com.br\/?p=14931"},"modified":"2025-11-17T11:08:22","modified_gmt":"2025-11-17T14:08:22","slug":"projeto-piloto-da-receita-federal-sistema-reforma-tributaria","status":"publish","type":"post","link":"https:\/\/site.avalarabrasil.com.br\/reforma-tributaria\/projeto-piloto-da-receita-federal-sistema-reforma-tributaria\/","title":{"rendered":"Projeto Piloto da Receita Federal testa sistema para a Reforma Tribut\u00e1ria"},"content":{"rendered":"\n<p>A Receita Federal anunciou o in\u00edcio de um projeto piloto voltado \u00e0 Contribui\u00e7\u00e3o Social sobre Bens e Servi\u00e7os (CBS), um dos novos tributos que integram a Reforma Tribut\u00e1ria do Consumo.&nbsp;<\/p>\n\n\n\n<p>A iniciativa busca envolver empresas na valida\u00e7\u00e3o pr\u00e1tica dos sistemas que v\u00e3o sustentar o novo modelo fiscal do pa\u00eds. Confira os detalhes:&nbsp;<\/p>\n\n\n\n<h2 class=\"wp-block-heading\">Qual a finalidade do projeto piloto da Receita Federal?<\/h2>\n\n\n\n<p>Com in\u00edcio previsto para 1\u00ba de julho, o piloto tem como foco principal testar, em ambiente controlado, os sistemas digitais que ser\u00e3o usados para calcular e registrar a CBS.&nbsp;<\/p>\n\n\n\n<p>O objetivo \u00e9 antecipar ajustes t\u00e9cnicos e garantir que os processos estejam prontos antes da obrigatoriedade das novas regras.<\/p>\n\n\n\n<p>Ao simular opera\u00e7\u00f5es reais com a participa\u00e7\u00e3o de empresas de diferentes setores, a Receita Federal pretende tornar a transi\u00e7\u00e3o mais segura e eficiente, minimizando riscos operacionais na implementa\u00e7\u00e3o da reforma.<\/p>\n\n\n\n<h2 class=\"wp-block-heading\">Quem pode participar e quais s\u00e3o os requisitos?<\/h2>\n\n\n\n<p>A iniciativa conta com a colabora\u00e7\u00e3o de aproximadamente 500 empresas selecionadas com base em crit\u00e9rios t\u00e9cnicos, institucionais e de representatividade econ\u00f4mica.&nbsp;<\/p>\n\n\n\n<p>A escolha dos participantes foi feita por meio de indica\u00e7\u00f5es formais de entidades nacionais, como confedera\u00e7\u00f5es, federa\u00e7\u00f5es e associa\u00e7\u00f5es setoriais.<\/p>\n\n\n\n<p>Entre os perfis convidados est\u00e3o:<\/p>\n\n\n\n<ul class=\"wp-block-list\">\n<li>Empresas com termo de coopera\u00e7\u00e3o firmado com a Receita, por integrarem iniciativas como o CONFIA ou testes pr\u00e9vios do SPED;<\/li>\n\n\n\n<li>Empresas indicadas pelo Pr\u00e9-Comit\u00ea Gestor do IBS;<\/li>\n\n\n\n<li>Fornecedoras de software e representantes do setor de tecnologia;<\/li>\n\n\n\n<li>Organiza\u00e7\u00f5es de diversos segmentos econ\u00f4micos e portes empresariais.<\/li>\n<\/ul>\n\n\n\n<p>A entrada das empresas no piloto ser\u00e1 feita de forma escalonada ao longo do segundo semestre de 2025, acompanhando o progresso do desenvolvimento t\u00e9cnico das funcionalidades.<\/p>\n\n\n\n<h2 class=\"wp-block-heading\">O que ser\u00e1 testado no projeto piloto?&nbsp;<\/h2>\n\n\n\n<p>Nesta primeira etapa, os testes v\u00e3o focar na opera\u00e7\u00e3o pr\u00e1tica dos sistemas relacionados \u00e0 CBS. As empresas participantes ter\u00e3o acesso ao ambiente de homologa\u00e7\u00e3o e poder\u00e3o validar os fluxos de emiss\u00e3o e recep\u00e7\u00e3o de documentos fiscais eletr\u00f4nicos adaptados ao novo modelo tribut\u00e1rio.<\/p>\n\n\n\n<p>A proposta \u00e9 identificar eventuais ajustes necess\u00e1rios nos processos e possibilitar melhorias antes da libera\u00e7\u00e3o definitiva. As funcionalidades ser\u00e3o disponibilizadas gradualmente, o que permitir\u00e1 um ciclo cont\u00ednuo de feedback e aperfei\u00e7oamento com base na experi\u00eancia dos participantes.<\/p>\n\n\n\n<p>Importante destacar que, nesta fase inicial, o projeto n\u00e3o contempla o uso de APIs nem a movimenta\u00e7\u00e3o de grandes volumes de dados.<\/p>\n\n\n\n<h2 class=\"wp-block-heading\">Como est\u00e3o sendo conduzidos os testes?<\/h2>\n\n\n\n<p>Os testes realizados no projeto piloto simulam, na pr\u00e1tica, a emiss\u00e3o e o envio de Documentos Fiscais eletr\u00f4nicos, j\u00e1 adaptados \u00e0s exig\u00eancias da CBS.&nbsp;<\/p>\n\n\n\n<p>Tudo acontece em um ambiente de homologa\u00e7\u00e3o disponibilizado pela Receita Federal, sem impacto fiscal real, mas com condi\u00e7\u00f5es pr\u00f3ximas da opera\u00e7\u00e3o oficial, permitindo que as empresas avaliem com precis\u00e3o como seus sistemas se comportam diante do novo modelo.<\/p>\n\n\n\n<p>Para garantir transpar\u00eancia e apoiar a prepara\u00e7\u00e3o do mercado, as solu\u00e7\u00f5es testadas ser\u00e3o publicadas no site da Receita Federal. Dessa forma, mesmo quem n\u00e3o participa diretamente do piloto poder\u00e1 acompanhar as novidades, entender os requisitos e se antecipar \u00e0s mudan\u00e7as.<\/p>\n\n\n\n<h2 class=\"wp-block-heading\">Conclus\u00e3o&nbsp;<\/h2>\n\n\n\n<p>O lan\u00e7amento desse projeto piloto mostra claramente o esfor\u00e7o da Receita Federal em realizar uma transi\u00e7\u00e3o cuidadosa e organizada para a Reforma Tribut\u00e1ria.&nbsp;<\/p>\n\n\n\n<p>\u00c9 importante lembrar que, mesmo que sua empresa n\u00e3o fa\u00e7a parte desse grupo inicial de testes, j\u00e1 \u00e9 hora de come\u00e7ar a se preparar. Quanto antes as a\u00e7\u00f5es internas forem tomadas, menor ser\u00e1 o impacto e mais tranquila ser\u00e1 a adapta\u00e7\u00e3o \u00e0s mudan\u00e7as que vir\u00e3o.<\/p>\n\n\n\n<p>Para ajudar nesse processo, a Avalara conta com um conjunto completo de solu\u00e7\u00f5es que facilitam bastante essa adapta\u00e7\u00e3o.&nbsp;<\/p>\n\n\n\n<p>Com o AvaTax Brasil, voc\u00ea automatiza o c\u00e1lculo dos tributos de maneira simples e precisa. Nossa Mensageria DF-e j\u00e1 est\u00e1 ajustada ao novo modelo IVA, facilitando a comunica\u00e7\u00e3o com o fisco.&nbsp;<\/p>\n\n\n\n<p>Al\u00e9m disso, o Tax Compliance e o Tax Central ajudam na gest\u00e3o e controle operacional, garantindo que sua empresa permane\u00e7a sempre em conformidade.<\/p>\n\n\n\n<p>E caso voc\u00ea precise de um apoio extra, nosso servi\u00e7o de BPO Fiscal pode atuar diretamente junto \u00e0 sua equipe tribut\u00e1ria, oferecendo suporte especializado e constante, simplificando ainda mais essa transi\u00e7\u00e3o para o novo cen\u00e1rio tribut\u00e1rio.<\/p>\n\n\n\n<p>Conhe\u00e7a as nossas solu\u00e7\u00f5es e simplifique o dia a dia fiscal:<\/p>\n\n\n\n<style>\n  .custom-button {\n    font-family: Arial, sans-serif;\n    background-color: #FA6400; \/* Laranja Avalara *\/\n    color: #ffffff;\n    border: none;\n    border-radius: 20px;\n    padding: 12px 24px;\n    font-size: 14px;\n    font-weight: bold;\n    text-align: center;\n    letter-spacing: normal;\n    display: inline-block;\n    text-decoration: none;\n    width: fit-content;\n    margin: 0 auto;\n    transition: background-color 0.3s ease, transform 0.2s ease;\n  }\n\n  .custom-button:hover {\n    background-color: #d95500; \/* tom um pouco mais escuro no hover *\/\n    transform: translateY(-2px);\n  }\n\n  .button-container {\n    text-align: center;\n  }\n<\/style>\n\n<div class=\"button-container\">\n  <a href=\"https:\/\/www.avalara.com\/br\/pt\/index.html?ref=descomplica-reforma-tributaria\" class=\"custom-button\">\n    \u3164Saiba mais\u3164\n  <\/a>\n<\/div>\n\n\n\n\n\n<p><\/p>\n","protected":false},"excerpt":{"rendered":"<p>A Receita Federal anunciou o in\u00edcio de um projeto piloto voltado \u00e0 Contribui\u00e7\u00e3o Social sobre Bens e Servi\u00e7os (CBS), um dos novos tributos que integram [&hellip;]<\/p>\n","protected":false},"author":2,"featured_media":14933,"comment_status":"open","ping_status":"open","sticky":false,"template":"","format":"standard","meta":{"footnotes":""},"categories":[3],"tags":[],"class_list":["post-14931","post","type-post","status-publish","format-standard","has-post-thumbnail","hentry","category-reforma-tributaria"],"yoast_head":"<!-- This site is optimized with the Yoast SEO plugin v27.0 - https:\/\/yoast.com\/product\/yoast-seo-wordpress\/ -->\n<title>Projeto Piloto da Receita Federal testa sistema para a Reforma Tribut\u00e1ria - Avalara<\/title>\n<meta name=\"description\" content=\"Receita Federal lan\u00e7a piloto da CBS e convida empresas a testarem sistemas da nova Reforma Tribut\u00e1ria do Consumo. Confira os detalhes:\" \/>\n<meta name=\"robots\" content=\"index, follow, max-snippet:-1, max-image-preview:large, max-video-preview:-1\" \/>\n<link rel=\"canonical\" href=\"https:\/\/site.avalarabrasil.com.br\/reforma-tributaria\/projeto-piloto-da-receita-federal-sistema-reforma-tributaria\/\" \/>\n<meta property=\"og:locale\" content=\"pt_BR\" \/>\n<meta property=\"og:type\" content=\"article\" \/>\n<meta property=\"og:title\" content=\"Projeto Piloto da Receita Federal testa sistema para a Reforma Tribut\u00e1ria - Avalara\" \/>\n<meta property=\"og:description\" content=\"Receita Federal lan\u00e7a piloto da CBS e convida empresas a testarem sistemas da nova Reforma Tribut\u00e1ria do Consumo. Confira os detalhes:\" \/>\n<meta property=\"og:url\" content=\"https:\/\/site.avalarabrasil.com.br\/reforma-tributaria\/projeto-piloto-da-receita-federal-sistema-reforma-tributaria\/\" \/>\n<meta property=\"og:site_name\" content=\"Descomplica Reforma Tribut\u00e1ria\" \/>\n<meta property=\"article:published_time\" content=\"2025-06-10T13:00:00+00:00\" \/>\n<meta property=\"article:modified_time\" content=\"2025-11-17T14:08:22+00:00\" \/>\n<meta property=\"og:image\" content=\"https:\/\/site.avalarabrasil.com.br\/reforma-tributaria\/wp-content\/uploads\/2025\/06\/Receita-Federal-scaled-1.jpg\" \/>\n\t<meta property=\"og:image:width\" content=\"2560\" \/>\n\t<meta property=\"og:image:height\" content=\"1707\" \/>\n\t<meta property=\"og:image:type\" content=\"image\/jpeg\" \/>\n<meta name=\"author\" content=\"Camila Nabosne\" \/>\n<meta name=\"twitter:card\" content=\"summary_large_image\" \/>\n<meta name=\"twitter:label1\" content=\"Escrito por\" \/>\n\t<meta name=\"twitter:data1\" content=\"Camila Nabosne\" \/>\n\t<meta name=\"twitter:label2\" content=\"Est. tempo de leitura\" \/>\n\t<meta name=\"twitter:data2\" content=\"4 minutos\" \/>\n<script type=\"application\/ld+json\" class=\"yoast-schema-graph\">{\"@context\":\"https:\/\/schema.org\",\"@graph\":[{\"@type\":\"Article\",\"@id\":\"https:\/\/site.avalarabrasil.com.br\/reforma-tributaria\/projeto-piloto-da-receita-federal-sistema-reforma-tributaria\/#article\",\"isPartOf\":{\"@id\":\"https:\/\/site.avalarabrasil.com.br\/reforma-tributaria\/projeto-piloto-da-receita-federal-sistema-reforma-tributaria\/\"},\"author\":{\"name\":\"Camila Nabosne\",\"@id\":\"https:\/\/site.avalarabrasil.com.br\/reforma-tributaria\/#\/schema\/person\/de5858a1b3c67568fd25d7180083992d\"},\"headline\":\"Projeto Piloto da Receita Federal testa sistema para a Reforma Tribut\u00e1ria\",\"datePublished\":\"2025-06-10T13:00:00+00:00\",\"dateModified\":\"2025-11-17T14:08:22+00:00\",\"mainEntityOfPage\":{\"@id\":\"https:\/\/site.avalarabrasil.com.br\/reforma-tributaria\/projeto-piloto-da-receita-federal-sistema-reforma-tributaria\/\"},\"wordCount\":772,\"commentCount\":0,\"publisher\":{\"@id\":\"https:\/\/site.avalarabrasil.com.br\/reforma-tributaria\/#organization\"},\"image\":{\"@id\":\"https:\/\/site.avalarabrasil.com.br\/reforma-tributaria\/projeto-piloto-da-receita-federal-sistema-reforma-tributaria\/#primaryimage\"},\"thumbnailUrl\":\"https:\/\/site.avalarabrasil.com.br\/reforma-tributaria\/wp-content\/uploads\/2025\/06\/Receita-Federal-scaled-1.jpg\",\"articleSection\":[\"Reforma Tribut\u00e1ria\"],\"inLanguage\":\"pt-BR\",\"potentialAction\":[{\"@type\":\"CommentAction\",\"name\":\"Comment\",\"target\":[\"https:\/\/site.avalarabrasil.com.br\/reforma-tributaria\/projeto-piloto-da-receita-federal-sistema-reforma-tributaria\/#respond\"]}]},{\"@type\":\"WebPage\",\"@id\":\"https:\/\/site.avalarabrasil.com.br\/reforma-tributaria\/projeto-piloto-da-receita-federal-sistema-reforma-tributaria\/\",\"url\":\"https:\/\/site.avalarabrasil.com.br\/reforma-tributaria\/projeto-piloto-da-receita-federal-sistema-reforma-tributaria\/\",\"name\":\"Projeto Piloto da Receita Federal testa sistema para a Reforma Tribut\u00e1ria - Avalara\",\"isPartOf\":{\"@id\":\"https:\/\/site.avalarabrasil.com.br\/reforma-tributaria\/#website\"},\"primaryImageOfPage\":{\"@id\":\"https:\/\/site.avalarabrasil.com.br\/reforma-tributaria\/projeto-piloto-da-receita-federal-sistema-reforma-tributaria\/#primaryimage\"},\"image\":{\"@id\":\"https:\/\/site.avalarabrasil.com.br\/reforma-tributaria\/projeto-piloto-da-receita-federal-sistema-reforma-tributaria\/#primaryimage\"},\"thumbnailUrl\":\"https:\/\/site.avalarabrasil.com.br\/reforma-tributaria\/wp-content\/uploads\/2025\/06\/Receita-Federal-scaled-1.jpg\",\"datePublished\":\"2025-06-10T13:00:00+00:00\",\"dateModified\":\"2025-11-17T14:08:22+00:00\",\"description\":\"Receita Federal lan\u00e7a piloto da CBS e convida empresas a testarem sistemas da nova Reforma Tribut\u00e1ria do Consumo. Confira os detalhes:\",\"breadcrumb\":{\"@id\":\"https:\/\/site.avalarabrasil.com.br\/reforma-tributaria\/projeto-piloto-da-receita-federal-sistema-reforma-tributaria\/#breadcrumb\"},\"inLanguage\":\"pt-BR\",\"potentialAction\":[{\"@type\":\"ReadAction\",\"target\":[\"https:\/\/site.avalarabrasil.com.br\/reforma-tributaria\/projeto-piloto-da-receita-federal-sistema-reforma-tributaria\/\"]}]},{\"@type\":\"ImageObject\",\"inLanguage\":\"pt-BR\",\"@id\":\"https:\/\/site.avalarabrasil.com.br\/reforma-tributaria\/projeto-piloto-da-receita-federal-sistema-reforma-tributaria\/#primaryimage\",\"url\":\"https:\/\/site.avalarabrasil.com.br\/reforma-tributaria\/wp-content\/uploads\/2025\/06\/Receita-Federal-scaled-1.jpg\",\"contentUrl\":\"https:\/\/site.avalarabrasil.com.br\/reforma-tributaria\/wp-content\/uploads\/2025\/06\/Receita-Federal-scaled-1.jpg\",\"width\":2560,\"height\":1707,\"caption\":\"Receita Federal\"},{\"@type\":\"BreadcrumbList\",\"@id\":\"https:\/\/site.avalarabrasil.com.br\/reforma-tributaria\/projeto-piloto-da-receita-federal-sistema-reforma-tributaria\/#breadcrumb\",\"itemListElement\":[{\"@type\":\"ListItem\",\"position\":1,\"name\":\"In\u00edcio\",\"item\":\"https:\/\/site.avalarabrasil.com.br\/reforma-tributaria\/\"},{\"@type\":\"ListItem\",\"position\":2,\"name\":\"Projeto Piloto da Receita Federal testa sistema para a Reforma Tribut\u00e1ria\"}]},{\"@type\":\"WebSite\",\"@id\":\"https:\/\/site.avalarabrasil.com.br\/reforma-tributaria\/#website\",\"url\":\"https:\/\/site.avalarabrasil.com.br\/reforma-tributaria\/\",\"name\":\"Descomplica Reforma Tribut\u00e1ria\",\"description\":\"Entenda o impacto da Reforma Tribut\u00e1ria no seu neg\u00f3cio. No Descomplica Reforma Tribut\u00e1ria, voc\u00ea encontra not\u00edcias, legisla\u00e7\u00e3o e orienta\u00e7\u00f5es pr\u00e1ticas para empresas.\",\"publisher\":{\"@id\":\"https:\/\/site.avalarabrasil.com.br\/reforma-tributaria\/#organization\"},\"alternateName\":\"Reforma Tribut\u00e1ria Avalara\",\"potentialAction\":[{\"@type\":\"SearchAction\",\"target\":{\"@type\":\"EntryPoint\",\"urlTemplate\":\"https:\/\/site.avalarabrasil.com.br\/reforma-tributaria\/?s={search_term_string}\"},\"query-input\":{\"@type\":\"PropertyValueSpecification\",\"valueRequired\":true,\"valueName\":\"search_term_string\"}}],\"inLanguage\":\"pt-BR\"},{\"@type\":\"Organization\",\"@id\":\"https:\/\/site.avalarabrasil.com.br\/reforma-tributaria\/#organization\",\"name\":\"Descomplica Reforma Tribut\u00e1ria\",\"url\":\"https:\/\/site.avalarabrasil.com.br\/reforma-tributaria\/\",\"logo\":{\"@type\":\"ImageObject\",\"inLanguage\":\"pt-BR\",\"@id\":\"https:\/\/site.avalarabrasil.com.br\/reforma-tributaria\/#\/schema\/logo\/image\/\",\"url\":\"https:\/\/site.avalarabrasil.com.br\/reforma-tributaria\/wp-content\/uploads\/2025\/11\/avalara.png\",\"contentUrl\":\"https:\/\/site.avalarabrasil.com.br\/reforma-tributaria\/wp-content\/uploads\/2025\/11\/avalara.png\",\"width\":1200,\"height\":675,\"caption\":\"Descomplica Reforma Tribut\u00e1ria\"},\"image\":{\"@id\":\"https:\/\/site.avalarabrasil.com.br\/reforma-tributaria\/#\/schema\/logo\/image\/\"}},{\"@type\":\"Person\",\"@id\":\"https:\/\/site.avalarabrasil.com.br\/reforma-tributaria\/#\/schema\/person\/de5858a1b3c67568fd25d7180083992d\",\"name\":\"Camila Nabosne\",\"image\":{\"@type\":\"ImageObject\",\"inLanguage\":\"pt-BR\",\"@id\":\"https:\/\/site.avalarabrasil.com.br\/reforma-tributaria\/#\/schema\/person\/image\/\",\"url\":\"https:\/\/site.avalarabrasil.com.br\/reforma-tributaria\/wp-content\/litespeed\/avatar\/0a8eaaf31c4400af2573088d03d0fcb5.jpg?ver=1777386826\",\"contentUrl\":\"https:\/\/site.avalarabrasil.com.br\/reforma-tributaria\/wp-content\/litespeed\/avatar\/0a8eaaf31c4400af2573088d03d0fcb5.jpg?ver=1777386826\",\"caption\":\"Camila Nabosne\"},\"url\":\"https:\/\/site.avalarabrasil.com.br\/reforma-tributaria\/author\/camila-nabosne\/\"}]}<\/script>\n<!-- \/ Yoast SEO plugin. -->","yoast_head_json":{"title":"Projeto Piloto da Receita Federal testa sistema para a Reforma Tribut\u00e1ria - Avalara","description":"Receita Federal lan\u00e7a piloto da CBS e convida empresas a testarem sistemas da nova Reforma Tribut\u00e1ria do Consumo. Confira os detalhes:","robots":{"index":"index","follow":"follow","max-snippet":"max-snippet:-1","max-image-preview":"max-image-preview:large","max-video-preview":"max-video-preview:-1"},"canonical":"https:\/\/site.avalarabrasil.com.br\/reforma-tributaria\/projeto-piloto-da-receita-federal-sistema-reforma-tributaria\/","og_locale":"pt_BR","og_type":"article","og_title":"Projeto Piloto da Receita Federal testa sistema para a Reforma Tribut\u00e1ria - Avalara","og_description":"Receita Federal lan\u00e7a piloto da CBS e convida empresas a testarem sistemas da nova Reforma Tribut\u00e1ria do Consumo. Confira os detalhes:","og_url":"https:\/\/site.avalarabrasil.com.br\/reforma-tributaria\/projeto-piloto-da-receita-federal-sistema-reforma-tributaria\/","og_site_name":"Descomplica Reforma Tribut\u00e1ria","article_published_time":"2025-06-10T13:00:00+00:00","article_modified_time":"2025-11-17T14:08:22+00:00","og_image":[{"width":2560,"height":1707,"url":"https:\/\/site.avalarabrasil.com.br\/reforma-tributaria\/wp-content\/uploads\/2025\/06\/Receita-Federal-scaled-1.jpg","type":"image\/jpeg"}],"author":"Camila Nabosne","twitter_card":"summary_large_image","twitter_misc":{"Escrito por":"Camila Nabosne","Est. tempo de leitura":"4 minutos"},"schema":{"@context":"https:\/\/schema.org","@graph":[{"@type":"Article","@id":"https:\/\/site.avalarabrasil.com.br\/reforma-tributaria\/projeto-piloto-da-receita-federal-sistema-reforma-tributaria\/#article","isPartOf":{"@id":"https:\/\/site.avalarabrasil.com.br\/reforma-tributaria\/projeto-piloto-da-receita-federal-sistema-reforma-tributaria\/"},"author":{"name":"Camila Nabosne","@id":"https:\/\/site.avalarabrasil.com.br\/reforma-tributaria\/#\/schema\/person\/de5858a1b3c67568fd25d7180083992d"},"headline":"Projeto Piloto da Receita Federal testa sistema para a Reforma Tribut\u00e1ria","datePublished":"2025-06-10T13:00:00+00:00","dateModified":"2025-11-17T14:08:22+00:00","mainEntityOfPage":{"@id":"https:\/\/site.avalarabrasil.com.br\/reforma-tributaria\/projeto-piloto-da-receita-federal-sistema-reforma-tributaria\/"},"wordCount":772,"commentCount":0,"publisher":{"@id":"https:\/\/site.avalarabrasil.com.br\/reforma-tributaria\/#organization"},"image":{"@id":"https:\/\/site.avalarabrasil.com.br\/reforma-tributaria\/projeto-piloto-da-receita-federal-sistema-reforma-tributaria\/#primaryimage"},"thumbnailUrl":"https:\/\/site.avalarabrasil.com.br\/reforma-tributaria\/wp-content\/uploads\/2025\/06\/Receita-Federal-scaled-1.jpg","articleSection":["Reforma Tribut\u00e1ria"],"inLanguage":"pt-BR","potentialAction":[{"@type":"CommentAction","name":"Comment","target":["https:\/\/site.avalarabrasil.com.br\/reforma-tributaria\/projeto-piloto-da-receita-federal-sistema-reforma-tributaria\/#respond"]}]},{"@type":"WebPage","@id":"https:\/\/site.avalarabrasil.com.br\/reforma-tributaria\/projeto-piloto-da-receita-federal-sistema-reforma-tributaria\/","url":"https:\/\/site.avalarabrasil.com.br\/reforma-tributaria\/projeto-piloto-da-receita-federal-sistema-reforma-tributaria\/","name":"Projeto Piloto da Receita Federal testa sistema para a Reforma Tribut\u00e1ria - Avalara","isPartOf":{"@id":"https:\/\/site.avalarabrasil.com.br\/reforma-tributaria\/#website"},"primaryImageOfPage":{"@id":"https:\/\/site.avalarabrasil.com.br\/reforma-tributaria\/projeto-piloto-da-receita-federal-sistema-reforma-tributaria\/#primaryimage"},"image":{"@id":"https:\/\/site.avalarabrasil.com.br\/reforma-tributaria\/projeto-piloto-da-receita-federal-sistema-reforma-tributaria\/#primaryimage"},"thumbnailUrl":"https:\/\/site.avalarabrasil.com.br\/reforma-tributaria\/wp-content\/uploads\/2025\/06\/Receita-Federal-scaled-1.jpg","datePublished":"2025-06-10T13:00:00+00:00","dateModified":"2025-11-17T14:08:22+00:00","description":"Receita Federal lan\u00e7a piloto da CBS e convida empresas a testarem sistemas da nova Reforma Tribut\u00e1ria do Consumo. Confira os detalhes:","breadcrumb":{"@id":"https:\/\/site.avalarabrasil.com.br\/reforma-tributaria\/projeto-piloto-da-receita-federal-sistema-reforma-tributaria\/#breadcrumb"},"inLanguage":"pt-BR","potentialAction":[{"@type":"ReadAction","target":["https:\/\/site.avalarabrasil.com.br\/reforma-tributaria\/projeto-piloto-da-receita-federal-sistema-reforma-tributaria\/"]}]},{"@type":"ImageObject","inLanguage":"pt-BR","@id":"https:\/\/site.avalarabrasil.com.br\/reforma-tributaria\/projeto-piloto-da-receita-federal-sistema-reforma-tributaria\/#primaryimage","url":"https:\/\/site.avalarabrasil.com.br\/reforma-tributaria\/wp-content\/uploads\/2025\/06\/Receita-Federal-scaled-1.jpg","contentUrl":"https:\/\/site.avalarabrasil.com.br\/reforma-tributaria\/wp-content\/uploads\/2025\/06\/Receita-Federal-scaled-1.jpg","width":2560,"height":1707,"caption":"Receita Federal"},{"@type":"BreadcrumbList","@id":"https:\/\/site.avalarabrasil.com.br\/reforma-tributaria\/projeto-piloto-da-receita-federal-sistema-reforma-tributaria\/#breadcrumb","itemListElement":[{"@type":"ListItem","position":1,"name":"In\u00edcio","item":"https:\/\/site.avalarabrasil.com.br\/reforma-tributaria\/"},{"@type":"ListItem","position":2,"name":"Projeto Piloto da Receita Federal testa sistema para a Reforma Tribut\u00e1ria"}]},{"@type":"WebSite","@id":"https:\/\/site.avalarabrasil.com.br\/reforma-tributaria\/#website","url":"https:\/\/site.avalarabrasil.com.br\/reforma-tributaria\/","name":"Descomplica Reforma Tribut\u00e1ria","description":"Entenda o impacto da Reforma Tribut\u00e1ria no seu neg\u00f3cio. No Descomplica Reforma Tribut\u00e1ria, voc\u00ea encontra not\u00edcias, legisla\u00e7\u00e3o e orienta\u00e7\u00f5es pr\u00e1ticas para empresas.","publisher":{"@id":"https:\/\/site.avalarabrasil.com.br\/reforma-tributaria\/#organization"},"alternateName":"Reforma Tribut\u00e1ria Avalara","potentialAction":[{"@type":"SearchAction","target":{"@type":"EntryPoint","urlTemplate":"https:\/\/site.avalarabrasil.com.br\/reforma-tributaria\/?s={search_term_string}"},"query-input":{"@type":"PropertyValueSpecification","valueRequired":true,"valueName":"search_term_string"}}],"inLanguage":"pt-BR"},{"@type":"Organization","@id":"https:\/\/site.avalarabrasil.com.br\/reforma-tributaria\/#organization","name":"Descomplica Reforma Tribut\u00e1ria","url":"https:\/\/site.avalarabrasil.com.br\/reforma-tributaria\/","logo":{"@type":"ImageObject","inLanguage":"pt-BR","@id":"https:\/\/site.avalarabrasil.com.br\/reforma-tributaria\/#\/schema\/logo\/image\/","url":"https:\/\/site.avalarabrasil.com.br\/reforma-tributaria\/wp-content\/uploads\/2025\/11\/avalara.png","contentUrl":"https:\/\/site.avalarabrasil.com.br\/reforma-tributaria\/wp-content\/uploads\/2025\/11\/avalara.png","width":1200,"height":675,"caption":"Descomplica Reforma Tribut\u00e1ria"},"image":{"@id":"https:\/\/site.avalarabrasil.com.br\/reforma-tributaria\/#\/schema\/logo\/image\/"}},{"@type":"Person","@id":"https:\/\/site.avalarabrasil.com.br\/reforma-tributaria\/#\/schema\/person\/de5858a1b3c67568fd25d7180083992d","name":"Camila Nabosne","image":{"@type":"ImageObject","inLanguage":"pt-BR","@id":"https:\/\/site.avalarabrasil.com.br\/reforma-tributaria\/#\/schema\/person\/image\/","url":"https:\/\/site.avalarabrasil.com.br\/reforma-tributaria\/wp-content\/litespeed\/avatar\/0a8eaaf31c4400af2573088d03d0fcb5.jpg?ver=1777386826","contentUrl":"https:\/\/site.avalarabrasil.com.br\/reforma-tributaria\/wp-content\/litespeed\/avatar\/0a8eaaf31c4400af2573088d03d0fcb5.jpg?ver=1777386826","caption":"Camila Nabosne"},"url":"https:\/\/site.avalarabrasil.com.br\/reforma-tributaria\/author\/camila-nabosne\/"}]}},"_links":{"self":[{"href":"https:\/\/site.avalarabrasil.com.br\/reforma-tributaria\/wp-json\/wp\/v2\/posts\/14931","targetHints":{"allow":["GET"]}}],"collection":[{"href":"https:\/\/site.avalarabrasil.com.br\/reforma-tributaria\/wp-json\/wp\/v2\/posts"}],"about":[{"href":"https:\/\/site.avalarabrasil.com.br\/reforma-tributaria\/wp-json\/wp\/v2\/types\/post"}],"author":[{"embeddable":true,"href":"https:\/\/site.avalarabrasil.com.br\/reforma-tributaria\/wp-json\/wp\/v2\/users\/2"}],"replies":[{"embeddable":true,"href":"https:\/\/site.avalarabrasil.com.br\/reforma-tributaria\/wp-json\/wp\/v2\/comments?post=14931"}],"version-history":[{"count":2,"href":"https:\/\/site.avalarabrasil.com.br\/reforma-tributaria\/wp-json\/wp\/v2\/posts\/14931\/revisions"}],"predecessor-version":[{"id":15562,"href":"https:\/\/site.avalarabrasil.com.br\/reforma-tributaria\/wp-json\/wp\/v2\/posts\/14931\/revisions\/15562"}],"wp:featuredmedia":[{"embeddable":true,"href":"https:\/\/site.avalarabrasil.com.br\/reforma-tributaria\/wp-json\/wp\/v2\/media\/14933"}],"wp:attachment":[{"href":"https:\/\/site.avalarabrasil.com.br\/reforma-tributaria\/wp-json\/wp\/v2\/media?parent=14931"}],"wp:term":[{"taxonomy":"category","embeddable":true,"href":"https:\/\/site.avalarabrasil.com.br\/reforma-tributaria\/wp-json\/wp\/v2\/categories?post=14931"},{"taxonomy":"post_tag","embeddable":true,"href":"https:\/\/site.avalarabrasil.com.br\/reforma-tributaria\/wp-json\/wp\/v2\/tags?post=14931"}],"curies":[{"name":"wp","href":"https:\/\/api.w.org\/{rel}","templated":true}]}}