{"id":14939,"date":"2025-06-16T09:00:00","date_gmt":"2025-06-16T12:00:00","guid":{"rendered":"https:\/\/oobj.com.br\/?p=14939"},"modified":"2025-06-16T09:00:00","modified_gmt":"2025-06-16T12:00:00","slug":"cronograma-da-reforma-tributaria","status":"publish","type":"post","link":"https:\/\/site.avalarabrasil.com.br\/reforma-tributaria\/cronograma-da-reforma-tributaria\/","title":{"rendered":"Cronograma da Reforma Tribut\u00e1ria: veja prazos, etapas e o que muda para as empresas"},"content":{"rendered":"\n<p>A Reforma Tribut\u00e1ria est\u00e1 transformando a base do sistema fiscal brasileiro. Com implementa\u00e7\u00e3o prevista at\u00e9 2033, essa mudan\u00e7a exige aten\u00e7\u00e3o, planejamento e uma resposta \u00e1gil por parte das empresas. O novo modelo substitui tributos como PIS, COFINS, ICMS e ISS pela Contribui\u00e7\u00e3o sobre Bens e Servi\u00e7os (CBS), o Imposto sobre Bens e Servi\u00e7os (IBS) e o Imposto Seletivo (IS), al\u00e9m de criar novos mecanismos de arrecada\u00e7\u00e3o mais transparentes e uniformes.<\/p>\n\n\n\n<p>O processo de transi\u00e7\u00e3o est\u00e1 dividido em etapas planejadas para minimizar impactos econ\u00f4micos, garantir seguran\u00e7a jur\u00eddica e permitir a adapta\u00e7\u00e3o gradual das empresas. Cada fase do cronograma tem exig\u00eancias espec\u00edficas, desde ajustes nos sistemas at\u00e9 a reestrutura\u00e7\u00e3o da estrat\u00e9gia fiscal das organiza\u00e7\u00f5es. Veja quais s\u00e3o elas neste artigo:<\/p>\n\n\n\n<h2 class=\"wp-block-heading\">Aprova\u00e7\u00e3o e planejamento (2023\u20132025)<\/h2>\n\n\n\n<p>O marco inicial da reforma ocorreu com a promulga\u00e7\u00e3o da Emenda Constitucional n\u00ba 132\/2023, que estabeleceu as bases do novo modelo fiscal. Em seguida, a aprova\u00e7\u00e3o da Lei Complementar n\u00ba 214\/2025 consolidou as diretrizes de implementa\u00e7\u00e3o, como as regras de funcionamento da CBS, do IBS e do IS, bem como a cria\u00e7\u00e3o do Comit\u00ea Gestor do novo imposto estadual e municipal.<\/p>\n\n\n\n<p>Durante esse per\u00edodo, as empresas iniciam seu planejamento estrat\u00e9gico, avaliando os impactos da mudan\u00e7a sobre suas opera\u00e7\u00f5es, produtos e servi\u00e7os. O alinhamento com consultorias fiscais e tecnol\u00f3gicas se torna fundamental para compreender o novo regime, adaptar os sistemas de ERP e revisar pr\u00e1ticas de faturamento e contabilidade. Tamb\u00e9m \u00e9 essencial acompanhar de perto os desdobramentos normativos publicados por estados e munic\u00edpios, que tratar\u00e3o de al\u00edquotas espec\u00edficas do IBS.<\/p>\n\n\n\n<h2 class=\"wp-block-heading\">Primeiros testes e implementa\u00e7\u00e3o parcial (2026\u20132028)<\/h2>\n\n\n\n<p>A partir de 2026, o pa\u00eds inicia oficialmente a fase de transi\u00e7\u00e3o para o novo sistema. Neste ano, as empresas participar\u00e3o de testes e simula\u00e7\u00f5es, operando com al\u00edquotas reduzidas, CBS a 0,9% e IBS a 0,1%, em car\u00e1ter de observa\u00e7\u00e3o e prepara\u00e7\u00e3o.&nbsp;<\/p>\n\n\n\n<p>Em 2027, a CBS passa a ser cobrada efetivamente, marcando a extin\u00e7\u00e3o de tributos federais como PIS e COFINS. O Imposto Seletivo tamb\u00e9m ser\u00e1 institu\u00eddo nesse momento, substituindo parcialmente o IPI, que ter\u00e1 sua al\u00edquota zerada, com exce\u00e7\u00e3o dos produtos similares aos fabricados na Zona Franca de Manaus.<\/p>\n\n\n\n<p>Em 2028, o foco estar\u00e1 na estabiliza\u00e7\u00e3o dos processos e ajustes nos sistemas de arrecada\u00e7\u00e3o, com base nos dados coletados nos dois anos anteriores. Essa etapa tamb\u00e9m permitir\u00e1 uma avalia\u00e7\u00e3o dos gargalos operacionais e das estrat\u00e9gias de compliance adotadas at\u00e9 ent\u00e3o.<\/p>\n\n\n\n<h2 class=\"wp-block-heading\">Transi\u00e7\u00e3o do ICMS e ISS para o IBS (2029\u20132032)<\/h2>\n\n\n\n<p>A reforma se intensifica entre 2029 e 2032 com a transi\u00e7\u00e3o progressiva dos tributos estaduais e municipais para o IBS. Neste per\u00edodo, o novo imposto ser\u00e1 introduzido de forma escalonada, enquanto ICMS e ISS ser\u00e3o gradualmente reduzidos. A al\u00edquota do IBS ser\u00e1 aplicada em partes: 10% em 2029, 20% em 2030, 30% em 2031 e 40% em 2032. Essa conviv\u00eancia entre os dois modelos exige que as empresas operem com sistemas que suportem a complexidade de um regime h\u00edbrido.<\/p>\n\n\n\n<p>O cen\u00e1rio traz desafios de controle fiscal, ajuste de pre\u00e7os, revis\u00e3o de contratos e reorganiza\u00e7\u00e3o da pol\u00edtica tribut\u00e1ria. Para manter a regularidade e a competitividade, ser\u00e1 indispens\u00e1vel revisar rotinas, capacitar equipes e investir em tecnologia de gest\u00e3o fiscal e emiss\u00e3o de documentos eletr\u00f4nicos adaptados \u00e0s novas exig\u00eancias.<\/p>\n\n\n\n<h2 class=\"wp-block-heading\">Consolida\u00e7\u00e3o do novo sistema (2033 em diante)<\/h2>\n\n\n\n<p>Em 2033, o Brasil encerra a fase de transi\u00e7\u00e3o e passa a operar exclusivamente sob o novo regime tribut\u00e1rio. ICMS, ISS e IPI ser\u00e3o totalmente extintos, com exce\u00e7\u00e3o da manuten\u00e7\u00e3o do IPI para os produtos similares aos da Zona Franca de Manaus. A CBS, o IBS e o Imposto Seletivo assumem como os tributos centrais sobre o consumo.<\/p>\n\n\n\n<p>Neste momento, as empresas devem ter seus processos plenamente adaptados, com sistemas cont\u00e1beis e fiscais auditados, controles internos robustos e estrat\u00e9gias tribut\u00e1rias alinhadas ao novo modelo. Al\u00e9m disso, ser\u00e1 importante manter uma postura de avalia\u00e7\u00e3o cont\u00ednua, revisando periodicamente os impactos fiscais e aproveitando incentivos ou regimes espec\u00edficos que possam surgir com a consolida\u00e7\u00e3o do novo sistema.<\/p>\n\n\n\n<h2 class=\"wp-block-heading\">Linha do tempo da Reforma Tribut\u00e1ria<\/h2>\n\n\n\n<figure class=\"wp-block-gallery has-nested-images columns-default is-cropped wp-block-gallery-1 is-layout-flex wp-block-gallery-is-layout-flex\">\n<figure class=\"wp-block-image size-large\"><img decoding=\"async\" width=\"679\" height=\"980\" data-id=\"14940\" src=\"https:\/\/site.avalarabrasil.com.br\/reforma-tributaria\/wp-content\/uploads\/2025\/06\/linha_do_tempo_rt.png\" alt=\"\" class=\"wp-image-14940\" srcset=\"https:\/\/site.avalarabrasil.com.br\/reforma-tributaria\/wp-content\/uploads\/2025\/06\/linha_do_tempo_rt.png 679w, https:\/\/site.avalarabrasil.com.br\/reforma-tributaria\/wp-content\/uploads\/2025\/06\/linha_do_tempo_rt-208x300.png 208w\" sizes=\"(max-width: 679px) 100vw, 679px\" \/><\/figure>\n<\/figure>\n\n\n\n<h2 class=\"wp-block-heading\">Por que a transi\u00e7\u00e3o ser\u00e1 gradual e o que as empresas devem fazer<\/h2>\n\n\n\n<p>A ado\u00e7\u00e3o gradual do novo modelo n\u00e3o \u00e9 apenas estrat\u00e9gica: \u00e9 essencial. A coexist\u00eancia dos dois sistemas at\u00e9 2033 permite calibrar as al\u00edquotas, ajustar pre\u00e7os com menor impacto inflacion\u00e1rio e garantir seguran\u00e7a jur\u00eddica durante o per\u00edodo de adapta\u00e7\u00e3o. Essa abordagem tamb\u00e9m oferece tempo para que a tecnologia de arrecada\u00e7\u00e3o seja implementada em n\u00edvel nacional e que estados e munic\u00edpios se ajustem \u00e0 nova l\u00f3gica de tributa\u00e7\u00e3o no destino.<\/p>\n\n\n\n<p>Para as empresas, o cronograma representa uma oportunidade de agir com anteced\u00eancia. A prepara\u00e7\u00e3o exige o mapeamento de processos fiscais, a reprograma\u00e7\u00e3o dos sistemas de ERP, a revis\u00e3o de contratos e a capacita\u00e7\u00e3o t\u00e9cnica das equipes envolvidas. Al\u00e9m disso, \u00e9 altamente recomend\u00e1vel contar com parceiros especializados que ofere\u00e7am solu\u00e7\u00f5es tecnol\u00f3gicas integradas ao novo ambiente tribut\u00e1rio.<\/p>\n\n\n\n<h2 class=\"wp-block-heading\">O papel da tecnologia e dos parceiros especializados<\/h2>\n\n\n\n<p>A complexidade da transi\u00e7\u00e3o torna indispens\u00e1vel o apoio de solu\u00e7\u00f5es automatizadas e de parceiros com experi\u00eancia em compliance fiscal. Ferramentas que garantam a correta apura\u00e7\u00e3o do IBS, da CBS e do IS, integradas ao faturamento eletr\u00f4nico, ser\u00e3o um diferencial competitivo no novo cen\u00e1rio.&nbsp;<\/p>\n\n\n\n<h2 class=\"wp-block-heading\">Como se preparar para o novo modelo tribut\u00e1rio com a Avalara<\/h2>\n\n\n\n<p>A Avalara oferece um portf\u00f3lio completo de solu\u00e7\u00f5es para ajudar sua empresa a enfrentar essa transi\u00e7\u00e3o com seguran\u00e7a e efici\u00eancia. Desde o c\u00e1lculo automatizado de tributos com o AvaTax Brasil, passando pela Mensageria DF-e integrada ao novo modelo do IVA, at\u00e9 a centraliza\u00e7\u00e3o das obriga\u00e7\u00f5es com o Tax Compliance e o controle operacional com o Tax Central, nossas tecnologias permitem que sua empresa mantenha conformidade e reduza riscos em todas as etapas do processo.<\/p>\n\n\n\n<p>Al\u00e9m disso, o nosso servi\u00e7o de BPO Fiscal atua como uma extens\u00e3o da sua \u00e1rea tribut\u00e1ria, oferecendo suporte estrat\u00e9gico e operacional cont\u00ednuo para lidar com as exig\u00eancias do novo sistema.&nbsp;<\/p>\n\n\n\n<p>Quer garantir que sua empresa esteja preparada para o novo modelo tribut\u00e1rio desde j\u00e1?<\/p>\n\n\n\n<p>Fale com a Avalara e conte com quem entende de tecnologia, inova\u00e7\u00e3o e compliance fiscal.<\/p>\n\n\n\n<br>\n<style>\n.custom-button {\n    font-family: \"Source Sans 3\", sans-serif;\n    background-color: #fa6400;\n    color: #ffffff;\n    border: none;\n    border-radius: 20px;\n    padding: 12px;\n    font-size: 14px;\n    font-weight: bold;\n    text-align: center;\n    letter-spacing: normal;\n    display: block\n    text-decoration: none;\n    width: fit-content;\n    margin: 0 auto; \n}\n\n.custom-button:hover {\n    background-color: #E05200; \n}\n<\/style>\n\n<div style=\"text-align: center;\"> \n    <a href=\"https:\/\/site.avalarabrasil.com.br\/reforma-tributaria\/solucoes\/avalara\/avatax\/?ref=blogpost-cronograma-reforma-tributaria\" class=\"custom-button\">\u3164Saiba mais\u3164 <\/a>\n<\/div>\n<br>\n","protected":false},"excerpt":{"rendered":"<p>A Reforma Tribut\u00e1ria est\u00e1 transformando a base do sistema fiscal brasileiro. Com implementa\u00e7\u00e3o prevista at\u00e9 2033, essa mudan\u00e7a exige aten\u00e7\u00e3o, planejamento e uma resposta \u00e1gil [&hellip;]<\/p>\n","protected":false},"author":3,"featured_media":14941,"comment_status":"open","ping_status":"open","sticky":false,"template":"","format":"standard","meta":{"footnotes":""},"categories":[3],"tags":[],"class_list":["post-14939","post","type-post","status-publish","format-standard","has-post-thumbnail","hentry","category-reforma-tributaria"],"yoast_head":"<!-- This site is optimized with the Yoast SEO plugin v27.0 - https:\/\/yoast.com\/product\/yoast-seo-wordpress\/ -->\n<title>Cronograma da Reforma Tribut\u00e1ria: veja prazos e o que muda<\/title>\n<meta name=\"description\" content=\"Confira o cronograma da Reforma Tribut\u00e1ria, quais as etapas, o que muda em cada uma delas e como sua empresa deve se preparar.\" \/>\n<meta name=\"robots\" content=\"index, follow, max-snippet:-1, max-image-preview:large, max-video-preview:-1\" \/>\n<link rel=\"canonical\" href=\"https:\/\/site.avalarabrasil.com.br\/reforma-tributaria\/cronograma-da-reforma-tributaria\/\" \/>\n<meta property=\"og:locale\" content=\"pt_BR\" \/>\n<meta property=\"og:type\" content=\"article\" \/>\n<meta property=\"og:title\" content=\"Cronograma da Reforma Tribut\u00e1ria: veja prazos e o que muda\" \/>\n<meta property=\"og:description\" content=\"Confira o cronograma da Reforma Tribut\u00e1ria, quais as etapas, o que muda em cada uma delas e como sua empresa deve se preparar.\" \/>\n<meta property=\"og:url\" content=\"https:\/\/site.avalarabrasil.com.br\/reforma-tributaria\/cronograma-da-reforma-tributaria\/\" \/>\n<meta property=\"og:site_name\" content=\"Descomplica Reforma Tribut\u00e1ria\" \/>\n<meta property=\"article:published_time\" content=\"2025-06-16T12:00:00+00:00\" \/>\n<meta property=\"og:image\" content=\"https:\/\/site.avalarabrasil.com.br\/reforma-tributaria\/wp-content\/uploads\/2025\/06\/conceito-de-programacao-de-agenda-planejador-de-calendario-scaled-1.jpg\" \/>\n\t<meta property=\"og:image:width\" content=\"2560\" \/>\n\t<meta property=\"og:image:height\" content=\"1709\" \/>\n\t<meta property=\"og:image:type\" content=\"image\/jpeg\" \/>\n<meta name=\"author\" content=\"Marianna Moreno\" \/>\n<meta name=\"twitter:card\" content=\"summary_large_image\" \/>\n<meta name=\"twitter:label1\" content=\"Escrito por\" \/>\n\t<meta name=\"twitter:data1\" content=\"Marianna Moreno\" \/>\n\t<meta name=\"twitter:label2\" content=\"Est. tempo de leitura\" \/>\n\t<meta name=\"twitter:data2\" content=\"6 minutos\" \/>\n<script type=\"application\/ld+json\" class=\"yoast-schema-graph\">{\"@context\":\"https:\/\/schema.org\",\"@graph\":[{\"@type\":\"Article\",\"@id\":\"https:\/\/site.avalarabrasil.com.br\/reforma-tributaria\/cronograma-da-reforma-tributaria\/#article\",\"isPartOf\":{\"@id\":\"https:\/\/site.avalarabrasil.com.br\/reforma-tributaria\/cronograma-da-reforma-tributaria\/\"},\"author\":{\"name\":\"Marianna Moreno\",\"@id\":\"https:\/\/site.avalarabrasil.com.br\/reforma-tributaria\/#\/schema\/person\/bd8270bd11b337a8420d96641bfd1dc7\"},\"headline\":\"Cronograma da Reforma Tribut\u00e1ria: veja prazos, etapas e o que muda para as empresas\",\"datePublished\":\"2025-06-16T12:00:00+00:00\",\"mainEntityOfPage\":{\"@id\":\"https:\/\/site.avalarabrasil.com.br\/reforma-tributaria\/cronograma-da-reforma-tributaria\/\"},\"wordCount\":1118,\"commentCount\":0,\"publisher\":{\"@id\":\"https:\/\/site.avalarabrasil.com.br\/reforma-tributaria\/#organization\"},\"image\":{\"@id\":\"https:\/\/site.avalarabrasil.com.br\/reforma-tributaria\/cronograma-da-reforma-tributaria\/#primaryimage\"},\"thumbnailUrl\":\"https:\/\/site.avalarabrasil.com.br\/reforma-tributaria\/wp-content\/uploads\/2025\/06\/conceito-de-programacao-de-agenda-planejador-de-calendario-scaled-1.jpg\",\"articleSection\":[\"Reforma Tribut\u00e1ria\"],\"inLanguage\":\"pt-BR\",\"potentialAction\":[{\"@type\":\"CommentAction\",\"name\":\"Comment\",\"target\":[\"https:\/\/site.avalarabrasil.com.br\/reforma-tributaria\/cronograma-da-reforma-tributaria\/#respond\"]}]},{\"@type\":\"WebPage\",\"@id\":\"https:\/\/site.avalarabrasil.com.br\/reforma-tributaria\/cronograma-da-reforma-tributaria\/\",\"url\":\"https:\/\/site.avalarabrasil.com.br\/reforma-tributaria\/cronograma-da-reforma-tributaria\/\",\"name\":\"Cronograma da Reforma Tribut\u00e1ria: veja prazos e o que muda\",\"isPartOf\":{\"@id\":\"https:\/\/site.avalarabrasil.com.br\/reforma-tributaria\/#website\"},\"primaryImageOfPage\":{\"@id\":\"https:\/\/site.avalarabrasil.com.br\/reforma-tributaria\/cronograma-da-reforma-tributaria\/#primaryimage\"},\"image\":{\"@id\":\"https:\/\/site.avalarabrasil.com.br\/reforma-tributaria\/cronograma-da-reforma-tributaria\/#primaryimage\"},\"thumbnailUrl\":\"https:\/\/site.avalarabrasil.com.br\/reforma-tributaria\/wp-content\/uploads\/2025\/06\/conceito-de-programacao-de-agenda-planejador-de-calendario-scaled-1.jpg\",\"datePublished\":\"2025-06-16T12:00:00+00:00\",\"description\":\"Confira o cronograma da Reforma Tribut\u00e1ria, quais as etapas, o que muda em cada uma delas e como sua empresa deve se preparar.\",\"breadcrumb\":{\"@id\":\"https:\/\/site.avalarabrasil.com.br\/reforma-tributaria\/cronograma-da-reforma-tributaria\/#breadcrumb\"},\"inLanguage\":\"pt-BR\",\"potentialAction\":[{\"@type\":\"ReadAction\",\"target\":[\"https:\/\/site.avalarabrasil.com.br\/reforma-tributaria\/cronograma-da-reforma-tributaria\/\"]}]},{\"@type\":\"ImageObject\",\"inLanguage\":\"pt-BR\",\"@id\":\"https:\/\/site.avalarabrasil.com.br\/reforma-tributaria\/cronograma-da-reforma-tributaria\/#primaryimage\",\"url\":\"https:\/\/site.avalarabrasil.com.br\/reforma-tributaria\/wp-content\/uploads\/2025\/06\/conceito-de-programacao-de-agenda-planejador-de-calendario-scaled-1.jpg\",\"contentUrl\":\"https:\/\/site.avalarabrasil.com.br\/reforma-tributaria\/wp-content\/uploads\/2025\/06\/conceito-de-programacao-de-agenda-planejador-de-calendario-scaled-1.jpg\",\"width\":2560,\"height\":1709,\"caption\":\"cronograma-da-reforma-tributaria\"},{\"@type\":\"BreadcrumbList\",\"@id\":\"https:\/\/site.avalarabrasil.com.br\/reforma-tributaria\/cronograma-da-reforma-tributaria\/#breadcrumb\",\"itemListElement\":[{\"@type\":\"ListItem\",\"position\":1,\"name\":\"In\u00edcio\",\"item\":\"https:\/\/site.avalarabrasil.com.br\/reforma-tributaria\/\"},{\"@type\":\"ListItem\",\"position\":2,\"name\":\"Cronograma da Reforma Tribut\u00e1ria: veja prazos, etapas e o que muda para as empresas\"}]},{\"@type\":\"WebSite\",\"@id\":\"https:\/\/site.avalarabrasil.com.br\/reforma-tributaria\/#website\",\"url\":\"https:\/\/site.avalarabrasil.com.br\/reforma-tributaria\/\",\"name\":\"Descomplica Reforma Tribut\u00e1ria\",\"description\":\"Entenda o impacto da Reforma Tribut\u00e1ria no seu neg\u00f3cio. No Descomplica Reforma Tribut\u00e1ria, voc\u00ea encontra not\u00edcias, legisla\u00e7\u00e3o e orienta\u00e7\u00f5es pr\u00e1ticas para empresas.\",\"publisher\":{\"@id\":\"https:\/\/site.avalarabrasil.com.br\/reforma-tributaria\/#organization\"},\"alternateName\":\"Reforma Tribut\u00e1ria Avalara\",\"potentialAction\":[{\"@type\":\"SearchAction\",\"target\":{\"@type\":\"EntryPoint\",\"urlTemplate\":\"https:\/\/site.avalarabrasil.com.br\/reforma-tributaria\/?s={search_term_string}\"},\"query-input\":{\"@type\":\"PropertyValueSpecification\",\"valueRequired\":true,\"valueName\":\"search_term_string\"}}],\"inLanguage\":\"pt-BR\"},{\"@type\":\"Organization\",\"@id\":\"https:\/\/site.avalarabrasil.com.br\/reforma-tributaria\/#organization\",\"name\":\"Descomplica Reforma Tribut\u00e1ria\",\"url\":\"https:\/\/site.avalarabrasil.com.br\/reforma-tributaria\/\",\"logo\":{\"@type\":\"ImageObject\",\"inLanguage\":\"pt-BR\",\"@id\":\"https:\/\/site.avalarabrasil.com.br\/reforma-tributaria\/#\/schema\/logo\/image\/\",\"url\":\"https:\/\/site.avalarabrasil.com.br\/reforma-tributaria\/wp-content\/uploads\/2025\/11\/avalara.png\",\"contentUrl\":\"https:\/\/site.avalarabrasil.com.br\/reforma-tributaria\/wp-content\/uploads\/2025\/11\/avalara.png\",\"width\":1200,\"height\":675,\"caption\":\"Descomplica Reforma Tribut\u00e1ria\"},\"image\":{\"@id\":\"https:\/\/site.avalarabrasil.com.br\/reforma-tributaria\/#\/schema\/logo\/image\/\"}},{\"@type\":\"Person\",\"@id\":\"https:\/\/site.avalarabrasil.com.br\/reforma-tributaria\/#\/schema\/person\/bd8270bd11b337a8420d96641bfd1dc7\",\"name\":\"Marianna Moreno\",\"image\":{\"@type\":\"ImageObject\",\"inLanguage\":\"pt-BR\",\"@id\":\"https:\/\/site.avalarabrasil.com.br\/reforma-tributaria\/#\/schema\/person\/image\/\",\"url\":\"https:\/\/site.avalarabrasil.com.br\/reforma-tributaria\/wp-content\/litespeed\/avatar\/72c8d539496a030c90c8f6dceaf836cc.jpg?ver=1777396390\",\"contentUrl\":\"https:\/\/site.avalarabrasil.com.br\/reforma-tributaria\/wp-content\/litespeed\/avatar\/72c8d539496a030c90c8f6dceaf836cc.jpg?ver=1777396390\",\"caption\":\"Marianna Moreno\"},\"url\":\"https:\/\/site.avalarabrasil.com.br\/reforma-tributaria\/author\/marianna-moreno\/\"}]}<\/script>\n<!-- \/ Yoast SEO plugin. -->","yoast_head_json":{"title":"Cronograma da Reforma Tribut\u00e1ria: veja prazos e o que muda","description":"Confira o cronograma da Reforma Tribut\u00e1ria, quais as etapas, o que muda em cada uma delas e como sua empresa deve se preparar.","robots":{"index":"index","follow":"follow","max-snippet":"max-snippet:-1","max-image-preview":"max-image-preview:large","max-video-preview":"max-video-preview:-1"},"canonical":"https:\/\/site.avalarabrasil.com.br\/reforma-tributaria\/cronograma-da-reforma-tributaria\/","og_locale":"pt_BR","og_type":"article","og_title":"Cronograma da Reforma Tribut\u00e1ria: veja prazos e o que muda","og_description":"Confira o cronograma da Reforma Tribut\u00e1ria, quais as etapas, o que muda em cada uma delas e como sua empresa deve se preparar.","og_url":"https:\/\/site.avalarabrasil.com.br\/reforma-tributaria\/cronograma-da-reforma-tributaria\/","og_site_name":"Descomplica Reforma Tribut\u00e1ria","article_published_time":"2025-06-16T12:00:00+00:00","og_image":[{"width":2560,"height":1709,"url":"https:\/\/site.avalarabrasil.com.br\/reforma-tributaria\/wp-content\/uploads\/2025\/06\/conceito-de-programacao-de-agenda-planejador-de-calendario-scaled-1.jpg","type":"image\/jpeg"}],"author":"Marianna Moreno","twitter_card":"summary_large_image","twitter_misc":{"Escrito por":"Marianna Moreno","Est. tempo de leitura":"6 minutos"},"schema":{"@context":"https:\/\/schema.org","@graph":[{"@type":"Article","@id":"https:\/\/site.avalarabrasil.com.br\/reforma-tributaria\/cronograma-da-reforma-tributaria\/#article","isPartOf":{"@id":"https:\/\/site.avalarabrasil.com.br\/reforma-tributaria\/cronograma-da-reforma-tributaria\/"},"author":{"name":"Marianna Moreno","@id":"https:\/\/site.avalarabrasil.com.br\/reforma-tributaria\/#\/schema\/person\/bd8270bd11b337a8420d96641bfd1dc7"},"headline":"Cronograma da Reforma Tribut\u00e1ria: veja prazos, etapas e o que muda para as empresas","datePublished":"2025-06-16T12:00:00+00:00","mainEntityOfPage":{"@id":"https:\/\/site.avalarabrasil.com.br\/reforma-tributaria\/cronograma-da-reforma-tributaria\/"},"wordCount":1118,"commentCount":0,"publisher":{"@id":"https:\/\/site.avalarabrasil.com.br\/reforma-tributaria\/#organization"},"image":{"@id":"https:\/\/site.avalarabrasil.com.br\/reforma-tributaria\/cronograma-da-reforma-tributaria\/#primaryimage"},"thumbnailUrl":"https:\/\/site.avalarabrasil.com.br\/reforma-tributaria\/wp-content\/uploads\/2025\/06\/conceito-de-programacao-de-agenda-planejador-de-calendario-scaled-1.jpg","articleSection":["Reforma Tribut\u00e1ria"],"inLanguage":"pt-BR","potentialAction":[{"@type":"CommentAction","name":"Comment","target":["https:\/\/site.avalarabrasil.com.br\/reforma-tributaria\/cronograma-da-reforma-tributaria\/#respond"]}]},{"@type":"WebPage","@id":"https:\/\/site.avalarabrasil.com.br\/reforma-tributaria\/cronograma-da-reforma-tributaria\/","url":"https:\/\/site.avalarabrasil.com.br\/reforma-tributaria\/cronograma-da-reforma-tributaria\/","name":"Cronograma da Reforma Tribut\u00e1ria: veja prazos e o que muda","isPartOf":{"@id":"https:\/\/site.avalarabrasil.com.br\/reforma-tributaria\/#website"},"primaryImageOfPage":{"@id":"https:\/\/site.avalarabrasil.com.br\/reforma-tributaria\/cronograma-da-reforma-tributaria\/#primaryimage"},"image":{"@id":"https:\/\/site.avalarabrasil.com.br\/reforma-tributaria\/cronograma-da-reforma-tributaria\/#primaryimage"},"thumbnailUrl":"https:\/\/site.avalarabrasil.com.br\/reforma-tributaria\/wp-content\/uploads\/2025\/06\/conceito-de-programacao-de-agenda-planejador-de-calendario-scaled-1.jpg","datePublished":"2025-06-16T12:00:00+00:00","description":"Confira o cronograma da Reforma Tribut\u00e1ria, quais as etapas, o que muda em cada uma delas e como sua empresa deve se preparar.","breadcrumb":{"@id":"https:\/\/site.avalarabrasil.com.br\/reforma-tributaria\/cronograma-da-reforma-tributaria\/#breadcrumb"},"inLanguage":"pt-BR","potentialAction":[{"@type":"ReadAction","target":["https:\/\/site.avalarabrasil.com.br\/reforma-tributaria\/cronograma-da-reforma-tributaria\/"]}]},{"@type":"ImageObject","inLanguage":"pt-BR","@id":"https:\/\/site.avalarabrasil.com.br\/reforma-tributaria\/cronograma-da-reforma-tributaria\/#primaryimage","url":"https:\/\/site.avalarabrasil.com.br\/reforma-tributaria\/wp-content\/uploads\/2025\/06\/conceito-de-programacao-de-agenda-planejador-de-calendario-scaled-1.jpg","contentUrl":"https:\/\/site.avalarabrasil.com.br\/reforma-tributaria\/wp-content\/uploads\/2025\/06\/conceito-de-programacao-de-agenda-planejador-de-calendario-scaled-1.jpg","width":2560,"height":1709,"caption":"cronograma-da-reforma-tributaria"},{"@type":"BreadcrumbList","@id":"https:\/\/site.avalarabrasil.com.br\/reforma-tributaria\/cronograma-da-reforma-tributaria\/#breadcrumb","itemListElement":[{"@type":"ListItem","position":1,"name":"In\u00edcio","item":"https:\/\/site.avalarabrasil.com.br\/reforma-tributaria\/"},{"@type":"ListItem","position":2,"name":"Cronograma da Reforma Tribut\u00e1ria: veja prazos, etapas e o que muda para as empresas"}]},{"@type":"WebSite","@id":"https:\/\/site.avalarabrasil.com.br\/reforma-tributaria\/#website","url":"https:\/\/site.avalarabrasil.com.br\/reforma-tributaria\/","name":"Descomplica Reforma Tribut\u00e1ria","description":"Entenda o impacto da Reforma Tribut\u00e1ria no seu neg\u00f3cio. No Descomplica Reforma Tribut\u00e1ria, voc\u00ea encontra not\u00edcias, legisla\u00e7\u00e3o e orienta\u00e7\u00f5es pr\u00e1ticas para empresas.","publisher":{"@id":"https:\/\/site.avalarabrasil.com.br\/reforma-tributaria\/#organization"},"alternateName":"Reforma Tribut\u00e1ria Avalara","potentialAction":[{"@type":"SearchAction","target":{"@type":"EntryPoint","urlTemplate":"https:\/\/site.avalarabrasil.com.br\/reforma-tributaria\/?s={search_term_string}"},"query-input":{"@type":"PropertyValueSpecification","valueRequired":true,"valueName":"search_term_string"}}],"inLanguage":"pt-BR"},{"@type":"Organization","@id":"https:\/\/site.avalarabrasil.com.br\/reforma-tributaria\/#organization","name":"Descomplica Reforma Tribut\u00e1ria","url":"https:\/\/site.avalarabrasil.com.br\/reforma-tributaria\/","logo":{"@type":"ImageObject","inLanguage":"pt-BR","@id":"https:\/\/site.avalarabrasil.com.br\/reforma-tributaria\/#\/schema\/logo\/image\/","url":"https:\/\/site.avalarabrasil.com.br\/reforma-tributaria\/wp-content\/uploads\/2025\/11\/avalara.png","contentUrl":"https:\/\/site.avalarabrasil.com.br\/reforma-tributaria\/wp-content\/uploads\/2025\/11\/avalara.png","width":1200,"height":675,"caption":"Descomplica Reforma Tribut\u00e1ria"},"image":{"@id":"https:\/\/site.avalarabrasil.com.br\/reforma-tributaria\/#\/schema\/logo\/image\/"}},{"@type":"Person","@id":"https:\/\/site.avalarabrasil.com.br\/reforma-tributaria\/#\/schema\/person\/bd8270bd11b337a8420d96641bfd1dc7","name":"Marianna Moreno","image":{"@type":"ImageObject","inLanguage":"pt-BR","@id":"https:\/\/site.avalarabrasil.com.br\/reforma-tributaria\/#\/schema\/person\/image\/","url":"https:\/\/site.avalarabrasil.com.br\/reforma-tributaria\/wp-content\/litespeed\/avatar\/72c8d539496a030c90c8f6dceaf836cc.jpg?ver=1777396390","contentUrl":"https:\/\/site.avalarabrasil.com.br\/reforma-tributaria\/wp-content\/litespeed\/avatar\/72c8d539496a030c90c8f6dceaf836cc.jpg?ver=1777396390","caption":"Marianna Moreno"},"url":"https:\/\/site.avalarabrasil.com.br\/reforma-tributaria\/author\/marianna-moreno\/"}]}},"_links":{"self":[{"href":"https:\/\/site.avalarabrasil.com.br\/reforma-tributaria\/wp-json\/wp\/v2\/posts\/14939","targetHints":{"allow":["GET"]}}],"collection":[{"href":"https:\/\/site.avalarabrasil.com.br\/reforma-tributaria\/wp-json\/wp\/v2\/posts"}],"about":[{"href":"https:\/\/site.avalarabrasil.com.br\/reforma-tributaria\/wp-json\/wp\/v2\/types\/post"}],"author":[{"embeddable":true,"href":"https:\/\/site.avalarabrasil.com.br\/reforma-tributaria\/wp-json\/wp\/v2\/users\/3"}],"replies":[{"embeddable":true,"href":"https:\/\/site.avalarabrasil.com.br\/reforma-tributaria\/wp-json\/wp\/v2\/comments?post=14939"}],"version-history":[{"count":0,"href":"https:\/\/site.avalarabrasil.com.br\/reforma-tributaria\/wp-json\/wp\/v2\/posts\/14939\/revisions"}],"wp:featuredmedia":[{"embeddable":true,"href":"https:\/\/site.avalarabrasil.com.br\/reforma-tributaria\/wp-json\/wp\/v2\/media\/14941"}],"wp:attachment":[{"href":"https:\/\/site.avalarabrasil.com.br\/reforma-tributaria\/wp-json\/wp\/v2\/media?parent=14939"}],"wp:term":[{"taxonomy":"category","embeddable":true,"href":"https:\/\/site.avalarabrasil.com.br\/reforma-tributaria\/wp-json\/wp\/v2\/categories?post=14939"},{"taxonomy":"post_tag","embeddable":true,"href":"https:\/\/site.avalarabrasil.com.br\/reforma-tributaria\/wp-json\/wp\/v2\/tags?post=14939"}],"curies":[{"name":"wp","href":"https:\/\/api.w.org\/{rel}","templated":true}]}}