{"id":14954,"date":"2025-06-17T10:27:00","date_gmt":"2025-06-17T13:27:00","guid":{"rendered":"https:\/\/oobj.com.br\/?p=14954"},"modified":"2026-01-16T14:00:27","modified_gmt":"2026-01-16T17:00:27","slug":"o-que-e-cclasstrib","status":"publish","type":"post","link":"https:\/\/site.avalarabrasil.com.br\/reforma-tributaria\/o-que-e-cclasstrib\/","title":{"rendered":"O que \u00e9 o cClassTrib \u2013 C\u00f3digo de Classifica\u00e7\u00e3o Tribut\u00e1ria do IBS e da CBS?"},"content":{"rendered":"\n<p>Com a Reforma Tribut\u00e1ria, surgem novos conceitos e estruturas que v\u00e3o impactar diretamente a forma como as empresas emitem documentos fiscais e aplicam as regras de tributa\u00e7\u00e3o.&nbsp;<\/p>\n\n\n\n<p>O cClassTrib \u00e9 um c\u00f3digo que nasce em raz\u00e3o da Reforma Tribut\u00e1ria e tem uma fun\u00e7\u00e3o: classificar, de forma padronizada, o tratamento tribut\u00e1rio aplic\u00e1vel a cada item da NF-e, de acordo com as regras previstas na <a href=\"https:\/\/www.planalto.gov.br\/ccivil_03\/leis\/lcp\/lcp214.htm\">Lei Complementar n\u00ba 214\/2025<\/a>.<\/p>\n\n\n\n<p>Esse c\u00f3digo faz parte da constru\u00e7\u00e3o do novo modelo de apura\u00e7\u00e3o, com foco em simplificar e padronizar a aplica\u00e7\u00e3o das regras fiscais.&nbsp;<\/p>\n\n\n\n<p>Ainda em fase de testes e valida\u00e7\u00f5es, o cClassTrib j\u00e1 est\u00e1 sendo inserido gradualmente nos ambientes t\u00e9cnicos das Notas Fiscais Eletr\u00f4nicas (NF-e), como uma prepara\u00e7\u00e3o para o novo ciclo tribut\u00e1rio que vem por a\u00ed.<\/p>\n\n\n\n<p>Neste artigo, voc\u00ea vai entender o que \u00e9 o cClassTrib, como ele funciona e por que seu uso tem se tornado cada vez mais relevante para empresas que buscam seguran\u00e7a e efici\u00eancia na emiss\u00e3o fiscal.<\/p>\n\n\n\n<h2 class=\"wp-block-heading\"><strong>O que \u00e9 o cClassTrib?<\/strong><\/h2>\n\n\n\n<p>O cClassTrib, Classifica\u00e7\u00e3o Tribut\u00e1ria do IBS e da CBS,&nbsp; \u00e9 um novo campo que ser\u00e1 integrado \u00e0 Nota Fiscal Eletr\u00f4nica (NF-e) como parte da moderniza\u00e7\u00e3o trazida pela Reforma Tribut\u00e1ria.<\/p>\n\n\n\n<p>O c\u00f3digo n\u00e3o descreve a opera\u00e7\u00e3o em si, mas indica, de forma objetiva, como o item da nota fiscal ser\u00e1 tributado no IBS e na CBS. Ele padroniza a aplica\u00e7\u00e3o das regras fiscais, facilitando o preenchimento da nota e a interpreta\u00e7\u00e3o das informa\u00e7\u00f5es, tanto por empresas quanto pelos sistemas de valida\u00e7\u00e3o.<\/p>\n\n\n\n<p>Em vez de depender de v\u00e1rios campos para entender o tipo de opera\u00e7\u00e3o e sua tributa\u00e7\u00e3o, o cClassTrib concentra esses dados em um \u00fanico identificador.<\/p>\n\n\n\n<p><strong>Embora ainda n\u00e3o seja obrigat\u00f3rio, a fase de testes do cClassTrib come\u00e7ar\u00e1 em julho de 2025.<\/strong> Essa implementa\u00e7\u00e3o antecipada permite que empresas e sistemas se preparem para a nova estrutura tribut\u00e1ria prevista para entrar em vigor em 2026.<\/p>\n\n\n\n<h2 class=\"wp-block-heading\"><strong>Para que serve o cClassTrib?&nbsp;<\/strong><\/h2>\n\n\n\n<p>A ideia do cClassTrib \u00e9&nbsp; tornar objetiva a informa\u00e7\u00e3o do contribuinte sobre como \u00e9 realizada a tributa\u00e7\u00e3o do IBS e da CBS para cada item da NF-e.<\/p>\n\n\n\n<p>Isso significa que, ao incluir um cClassTrib em uma NF-e, o emissor informa ao sistema tribut\u00e1rio que determinado produto segue uma regra fiscal j\u00e1 definida e documentada.<\/p>\n\n\n\n<p>O motor de c\u00e1lculo, por sua vez, reconhece essa codifica\u00e7\u00e3o e aplica todas as tratativas relacionadas, como:&nbsp;<\/p>\n\n\n\n<ul class=\"wp-block-list\">\n<li>Tributa\u00e7\u00e3o integral;<\/li>\n\n\n\n<li>Tributa\u00e7\u00e3o com al\u00edquotas uniformes;<\/li>\n\n\n\n<li>Al\u00edquota zero;<\/li>\n\n\n\n<li>Al\u00edquota reduzida;<\/li>\n\n\n\n<li>Isen\u00e7\u00e3o;<\/li>\n\n\n\n<li>Imunidade e n\u00e3o incid\u00eancia;<\/li>\n\n\n\n<li>Diferimento;<\/li>\n\n\n\n<li>Suspens\u00e3o;<\/li>\n<\/ul>\n\n\n\n<h2 class=\"wp-block-heading\"><strong>Diferen\u00e7a entre cClassTrib e outros c\u00f3digos fiscais<\/strong><\/h2>\n\n\n\n<p>\u00c9 comum confundir o cClassTrib com c\u00f3digos tradicionais como CST, CSOSN ou CFOP. No entanto, suas finalidades s\u00e3o distintas:<\/p>\n\n\n\n<ul class=\"wp-block-list\">\n<li>CFOP (C\u00f3digo Fiscal de Opera\u00e7\u00f5es e Presta\u00e7\u00f5es): Indica a natureza da opera\u00e7\u00e3o (compra, venda, devolu\u00e7\u00e3o etc.).<\/li>\n\n\n\n<li>CST (C\u00f3digo de Situa\u00e7\u00e3o Tribut\u00e1ria) e CSOSN (C\u00f3digo de Situa\u00e7\u00e3o da Opera\u00e7\u00e3o no Simples Nacional): Identificam a origem da mercadoria ou servi\u00e7o e a tributa\u00e7\u00e3o pelo ICMS.<\/li>\n\n\n\n<li>cClassTrib: \u00c9 um novo c\u00f3digo introduzido para classificar as opera\u00e7\u00f5es sujeitas ao IBS (Imposto sobre Bens e Servi\u00e7os) e \u00e0 CBS (Contribui\u00e7\u00e3o Social sobre Bens e Servi\u00e7os), conforme estabelecido na Reforma Tribut\u00e1ria. Ele visa padronizar o enquadramento tribut\u00e1rio dos itens.<\/li>\n<\/ul>\n\n\n\n<p>Em rela\u00e7\u00e3o ao CST, \u00e9 v\u00e1lido mencionar que existe uma tabela espec\u00edfica de c\u00f3digos de classifica\u00e7\u00e3o tribut\u00e1ria voltada para o IBS e a CBS, denominada CST do IBS e da CBS.&nbsp;<\/p>\n\n\n\n<h2 class=\"wp-block-heading\"><strong>Quando e onde o cClassTrib deve ser utilizado<\/strong>?<\/h2>\n\n\n\n<p>Com a chegada do novo modelo tribut\u00e1rio, o uso do cClassTrib se torna uma exig\u00eancia estrat\u00e9gica e operacional.&nbsp;<\/p>\n\n\n\n<p>Com a Reforma Tribut\u00e1ria, todas as empresas dever\u00e3o revisar e classificar corretamente seus produtos e servi\u00e7os com base na nova tabela de c\u00f3digos de classifica\u00e7\u00e3o tribut\u00e1ria e conforme estabelecido pela Lei Complementar n\u00ba 214\/2025.<\/p>\n\n\n\n<p>Cada item comercializado, seja produto ou servi\u00e7o, dever\u00e1 estar obrigatoriamente vinculado a um c\u00f3digo cClassTrib, que representa o enquadramento tribut\u00e1rio da opera\u00e7\u00e3o para fins de IBS e CBS.&nbsp;<\/p>\n\n\n\n<p>Esse c\u00f3digo ser\u00e1 obrigat\u00f3rio na emiss\u00e3o de documentos fiscais eletr\u00f4nicos, como a NF-e e a NFC-e, sempre que houver fato gerador de IBS e CBS.&nbsp;<\/p>\n\n\n\n<h2 class=\"wp-block-heading\"><strong>Rela\u00e7\u00e3o com o CFOP: fim ou coexist\u00eancia?<\/strong><\/h2>\n\n\n\n<p>Apesar de questionamentos sobre uma poss\u00edvel extin\u00e7\u00e3o do CFOP, o cen\u00e1rio atual aponta para sua perman\u00eancia ao menos durante o per\u00edodo de transi\u00e7\u00e3o, em que o ICMS continuar\u00e1 vigente.&nbsp;<\/p>\n\n\n\n<p>Nesse contexto, o CFOP segue sendo relevante para descrever a natureza da opera\u00e7\u00e3o e identificar aspectos como:&nbsp;<\/p>\n\n\n\n<ul class=\"wp-block-list\">\n<li>Opera\u00e7\u00e3o onerosa ou n\u00e3o onerosa;<\/li>\n\n\n\n<li>Origem da mercadoria;<\/li>\n\n\n\n<li>Finalidade da movimenta\u00e7\u00e3o.<\/li>\n<\/ul>\n\n\n\n<p>No entanto, ainda n\u00e3o \u00e9 poss\u00edvel afirmar com certeza se o c\u00f3digo ser\u00e1 mantido ap\u00f3s a implementa\u00e7\u00e3o definitiva do novo modelo de apura\u00e7\u00e3o, j\u00e1 que esse ponto permanece indefinido.<\/p>\n\n\n\n<h2 class=\"wp-block-heading\">Tabela de cClassTrib j\u00e1 est\u00e1 dispon\u00edvel<\/h2>\n\n\n\n<p>A publica\u00e7\u00e3o do<a href=\"https:\/\/www.nfe.fazenda.gov.br\/portal\/listaConteudo.aspx?tipoConteudo=hXzemuyNHW4=\"> <strong>Informe T\u00e9cnico 2025.002 \u2013 v.1.00<\/strong><\/a>, em 19 de maio de 2025, divulgou a Tabela de C\u00f3digo de Classifica\u00e7\u00e3o Tribut\u00e1ria do IBS e CBS.&nbsp;<\/p>\n\n\n\n<p>Essa tabela apresenta os c\u00f3digos cClass e CST do IBS e CBS que devem ser utilizados na emiss\u00e3o de documentos fiscais eletr\u00f4nicos a partir da ado\u00e7\u00e3o plena do novo sistema tribut\u00e1rio.<\/p>\n\n\n\n<p>O Informe T\u00e9cnico estabelece os fundamentos t\u00e9cnicos da codifica\u00e7\u00e3o e traz explica\u00e7\u00f5es sobre a Tabela de C\u00f3digo de Classifica\u00e7\u00e3o Tribut\u00e1ria do IBS e da CBS, e a Tabela de Indicadores de CST do IBS e CBS.&nbsp;<\/p>\n\n\n\n<p>Com isso, empresas, desenvolvedores e equipes fiscais podem iniciar a revis\u00e3o de cadastros e a homologa\u00e7\u00e3o de seus sistemas com base nas novas regras.<\/p>\n\n\n\n<p>A tabela e as especifica\u00e7\u00f5es t\u00e9cnicas completas podem ser acessadas diretamente no <a href=\"https:\/\/www.nfe.fazenda.gov.br\/portal\/listaConteudo.aspx?tipoConteudo=\/NJarYc9nus=\">Portal Nacional da NF-e<\/a>.<\/p>\n\n\n\n<h2 class=\"wp-block-heading\"><strong>Conclus\u00e3o: mais conformidade e menos riscos<\/strong><\/h2>\n\n\n\n<p>O cClassTrib representa um passo importante rumo \u00e0 padroniza\u00e7\u00e3o e \u00e0 automa\u00e7\u00e3o tribut\u00e1ria no novo modelo fiscal brasileiro.&nbsp;<\/p>\n\n\n\n<p>Sua ado\u00e7\u00e3o, ainda em fase de transi\u00e7\u00e3o, j\u00e1 sinaliza a necessidade de processos mais robustos e sistemas preparados para lidar com a complexidade da tributa\u00e7\u00e3o sobre o consumo.<\/p>\n\n\n\n<p>Nesse contexto, o <strong>AvaTax<\/strong>, solu\u00e7\u00e3o da Avalara, surge como um aliado essencial. Ele automatiza o c\u00e1lculo de tributos com base em regras fiscais atualizadas, considerando vari\u00e1veis como localiza\u00e7\u00e3o, tipo de produto, regime e enquadramento tribut\u00e1rio.\u00a0<\/p>\n\n\n\n<p>Al\u00e9m da automa\u00e7\u00e3o, o AvaTax oferece confiabilidade. Por ser uma solu\u00e7\u00e3o 100% em nuvem, mant\u00e9m o c\u00e1lculo de tributos federais, estaduais e municipais sempre atualizado com base em regras oficiais.&nbsp;<\/p>\n\n\n\n<p>A prepara\u00e7\u00e3o para a reforma tribut\u00e1ria j\u00e1 come\u00e7ou, conhe\u00e7a o AvaTax e simplifique o dia a dia fiscal:&nbsp;<\/p>\n\n\n\n<style>\n  .custom-button {\n    font-family: Arial, sans-serif;\n    background-color: #FA6400; \/* Laranja Avalara *\/\n    color: #ffffff;\n    border: none;\n    border-radius: 20px;\n    padding: 12px 24px;\n    font-size: 14px;\n    font-weight: bold;\n    text-align: center;\n    letter-spacing: normal;\n    display: inline-block;\n    text-decoration: none;\n    width: fit-content;\n    margin: 0 auto;\n    transition: background-color 0.3s ease, transform 0.2s ease;\n  }\n\n  .custom-button:hover {\n    background-color: #d95500; \/* tom um pouco mais escuro no hover *\/\n    transform: translateY(-2px);\n  }\n\n  .button-container {\n    text-align: center;\n  }\n<\/style>\n\n<div class=\"button-container\">\n  <a href=\"https:\/\/www.avalara.com\/br\/pt\/solucoes\/determinacao-e-calculo-de-impostos.html?ref=descomplica-reforma-tributaria\" class=\"custom-button\">\n    \u3164Saiba mais\u3164\n  <\/a>\n<\/div>\n\n\n","protected":false},"excerpt":{"rendered":"<p>Com a Reforma Tribut\u00e1ria, surgem novos conceitos e estruturas que v\u00e3o impactar diretamente a forma como as empresas emitem documentos fiscais e aplicam as regras [&hellip;]<\/p>\n","protected":false},"author":2,"featured_media":14956,"comment_status":"open","ping_status":"open","sticky":false,"template":"","format":"standard","meta":{"footnotes":""},"categories":[3],"tags":[],"class_list":["post-14954","post","type-post","status-publish","format-standard","has-post-thumbnail","hentry","category-reforma-tributaria"],"yoast_head":"<!-- This site is optimized with the Yoast SEO plugin v27.0 - https:\/\/yoast.com\/product\/yoast-seo-wordpress\/ -->\n<title>O que \u00e9 o cClassTrib \u2013 C\u00f3digo de Classifica\u00e7\u00e3o Tribut\u00e1ria do IBS e da CBS? - Descomplica Reforma Tribut\u00e1ria<\/title>\n<meta name=\"description\" content=\"Entenda o cClassTrib, seus efeitos na emiss\u00e3o de NF-e com a Reforma Tribut\u00e1ria e como acessar a tabela oficial:\" \/>\n<meta name=\"robots\" content=\"index, follow, max-snippet:-1, max-image-preview:large, max-video-preview:-1\" \/>\n<link rel=\"canonical\" href=\"https:\/\/site.avalarabrasil.com.br\/reforma-tributaria\/o-que-e-cclasstrib\/\" \/>\n<meta property=\"og:locale\" content=\"pt_BR\" \/>\n<meta property=\"og:type\" content=\"article\" \/>\n<meta property=\"og:title\" content=\"O que \u00e9 o cClassTrib \u2013 C\u00f3digo de Classifica\u00e7\u00e3o Tribut\u00e1ria do IBS e da CBS? - Descomplica Reforma Tribut\u00e1ria\" \/>\n<meta property=\"og:description\" content=\"Entenda o cClassTrib, seus efeitos na emiss\u00e3o de NF-e com a Reforma Tribut\u00e1ria e como acessar a tabela oficial:\" \/>\n<meta property=\"og:url\" content=\"https:\/\/site.avalarabrasil.com.br\/reforma-tributaria\/o-que-e-cclasstrib\/\" \/>\n<meta property=\"og:site_name\" content=\"Descomplica Reforma Tribut\u00e1ria\" \/>\n<meta property=\"article:published_time\" content=\"2025-06-17T13:27:00+00:00\" \/>\n<meta property=\"article:modified_time\" content=\"2026-01-16T17:00:27+00:00\" \/>\n<meta property=\"og:image\" content=\"https:\/\/site.avalarabrasil.com.br\/reforma-tributaria\/wp-content\/uploads\/2025\/06\/cClassTrib-scaled-1.jpg\" \/>\n\t<meta property=\"og:image:width\" content=\"2560\" \/>\n\t<meta property=\"og:image:height\" content=\"1707\" \/>\n\t<meta property=\"og:image:type\" content=\"image\/jpeg\" \/>\n<meta name=\"author\" content=\"Camila Nabosne\" \/>\n<meta name=\"twitter:card\" content=\"summary_large_image\" \/>\n<meta name=\"twitter:label1\" content=\"Escrito por\" \/>\n\t<meta name=\"twitter:data1\" content=\"Camila Nabosne\" \/>\n\t<meta name=\"twitter:label2\" content=\"Est. tempo de leitura\" \/>\n\t<meta name=\"twitter:data2\" content=\"6 minutos\" \/>\n<script type=\"application\/ld+json\" class=\"yoast-schema-graph\">{\"@context\":\"https:\/\/schema.org\",\"@graph\":[{\"@type\":\"Article\",\"@id\":\"https:\/\/site.avalarabrasil.com.br\/reforma-tributaria\/o-que-e-cclasstrib\/#article\",\"isPartOf\":{\"@id\":\"https:\/\/site.avalarabrasil.com.br\/reforma-tributaria\/o-que-e-cclasstrib\/\"},\"author\":{\"name\":\"Camila Nabosne\",\"@id\":\"https:\/\/site.avalarabrasil.com.br\/reforma-tributaria\/#\/schema\/person\/de5858a1b3c67568fd25d7180083992d\"},\"headline\":\"O que \u00e9 o cClassTrib \u2013 C\u00f3digo de Classifica\u00e7\u00e3o Tribut\u00e1ria do IBS e da CBS?\",\"datePublished\":\"2025-06-17T13:27:00+00:00\",\"dateModified\":\"2026-01-16T17:00:27+00:00\",\"mainEntityOfPage\":{\"@id\":\"https:\/\/site.avalarabrasil.com.br\/reforma-tributaria\/o-que-e-cclasstrib\/\"},\"wordCount\":1194,\"commentCount\":0,\"publisher\":{\"@id\":\"https:\/\/site.avalarabrasil.com.br\/reforma-tributaria\/#organization\"},\"image\":{\"@id\":\"https:\/\/site.avalarabrasil.com.br\/reforma-tributaria\/o-que-e-cclasstrib\/#primaryimage\"},\"thumbnailUrl\":\"https:\/\/site.avalarabrasil.com.br\/reforma-tributaria\/wp-content\/uploads\/2025\/06\/cClassTrib-scaled-1.jpg\",\"articleSection\":[\"Reforma Tribut\u00e1ria\"],\"inLanguage\":\"pt-BR\",\"potentialAction\":[{\"@type\":\"CommentAction\",\"name\":\"Comment\",\"target\":[\"https:\/\/site.avalarabrasil.com.br\/reforma-tributaria\/o-que-e-cclasstrib\/#respond\"]}]},{\"@type\":\"WebPage\",\"@id\":\"https:\/\/site.avalarabrasil.com.br\/reforma-tributaria\/o-que-e-cclasstrib\/\",\"url\":\"https:\/\/site.avalarabrasil.com.br\/reforma-tributaria\/o-que-e-cclasstrib\/\",\"name\":\"O que \u00e9 o cClassTrib \u2013 C\u00f3digo de Classifica\u00e7\u00e3o Tribut\u00e1ria do IBS e da CBS? - Descomplica Reforma Tribut\u00e1ria\",\"isPartOf\":{\"@id\":\"https:\/\/site.avalarabrasil.com.br\/reforma-tributaria\/#website\"},\"primaryImageOfPage\":{\"@id\":\"https:\/\/site.avalarabrasil.com.br\/reforma-tributaria\/o-que-e-cclasstrib\/#primaryimage\"},\"image\":{\"@id\":\"https:\/\/site.avalarabrasil.com.br\/reforma-tributaria\/o-que-e-cclasstrib\/#primaryimage\"},\"thumbnailUrl\":\"https:\/\/site.avalarabrasil.com.br\/reforma-tributaria\/wp-content\/uploads\/2025\/06\/cClassTrib-scaled-1.jpg\",\"datePublished\":\"2025-06-17T13:27:00+00:00\",\"dateModified\":\"2026-01-16T17:00:27+00:00\",\"description\":\"Entenda o cClassTrib, seus efeitos na emiss\u00e3o de NF-e com a Reforma Tribut\u00e1ria e como acessar a tabela oficial:\",\"breadcrumb\":{\"@id\":\"https:\/\/site.avalarabrasil.com.br\/reforma-tributaria\/o-que-e-cclasstrib\/#breadcrumb\"},\"inLanguage\":\"pt-BR\",\"potentialAction\":[{\"@type\":\"ReadAction\",\"target\":[\"https:\/\/site.avalarabrasil.com.br\/reforma-tributaria\/o-que-e-cclasstrib\/\"]}]},{\"@type\":\"ImageObject\",\"inLanguage\":\"pt-BR\",\"@id\":\"https:\/\/site.avalarabrasil.com.br\/reforma-tributaria\/o-que-e-cclasstrib\/#primaryimage\",\"url\":\"https:\/\/site.avalarabrasil.com.br\/reforma-tributaria\/wp-content\/uploads\/2025\/06\/cClassTrib-scaled-1.jpg\",\"contentUrl\":\"https:\/\/site.avalarabrasil.com.br\/reforma-tributaria\/wp-content\/uploads\/2025\/06\/cClassTrib-scaled-1.jpg\",\"width\":2560,\"height\":1707,\"caption\":\"cClassTrib\"},{\"@type\":\"BreadcrumbList\",\"@id\":\"https:\/\/site.avalarabrasil.com.br\/reforma-tributaria\/o-que-e-cclasstrib\/#breadcrumb\",\"itemListElement\":[{\"@type\":\"ListItem\",\"position\":1,\"name\":\"In\u00edcio\",\"item\":\"https:\/\/site.avalarabrasil.com.br\/reforma-tributaria\/\"},{\"@type\":\"ListItem\",\"position\":2,\"name\":\"O que \u00e9 o cClassTrib \u2013 C\u00f3digo de Classifica\u00e7\u00e3o Tribut\u00e1ria do IBS e da CBS?\"}]},{\"@type\":\"WebSite\",\"@id\":\"https:\/\/site.avalarabrasil.com.br\/reforma-tributaria\/#website\",\"url\":\"https:\/\/site.avalarabrasil.com.br\/reforma-tributaria\/\",\"name\":\"Descomplica Reforma Tribut\u00e1ria\",\"description\":\"Entenda o impacto da Reforma Tribut\u00e1ria no seu neg\u00f3cio. No Descomplica Reforma Tribut\u00e1ria, voc\u00ea encontra not\u00edcias, legisla\u00e7\u00e3o e orienta\u00e7\u00f5es pr\u00e1ticas para empresas.\",\"publisher\":{\"@id\":\"https:\/\/site.avalarabrasil.com.br\/reforma-tributaria\/#organization\"},\"alternateName\":\"Reforma Tribut\u00e1ria Avalara\",\"potentialAction\":[{\"@type\":\"SearchAction\",\"target\":{\"@type\":\"EntryPoint\",\"urlTemplate\":\"https:\/\/site.avalarabrasil.com.br\/reforma-tributaria\/?s={search_term_string}\"},\"query-input\":{\"@type\":\"PropertyValueSpecification\",\"valueRequired\":true,\"valueName\":\"search_term_string\"}}],\"inLanguage\":\"pt-BR\"},{\"@type\":\"Organization\",\"@id\":\"https:\/\/site.avalarabrasil.com.br\/reforma-tributaria\/#organization\",\"name\":\"Descomplica Reforma Tribut\u00e1ria\",\"url\":\"https:\/\/site.avalarabrasil.com.br\/reforma-tributaria\/\",\"logo\":{\"@type\":\"ImageObject\",\"inLanguage\":\"pt-BR\",\"@id\":\"https:\/\/site.avalarabrasil.com.br\/reforma-tributaria\/#\/schema\/logo\/image\/\",\"url\":\"https:\/\/site.avalarabrasil.com.br\/reforma-tributaria\/wp-content\/uploads\/2025\/11\/avalara.png\",\"contentUrl\":\"https:\/\/site.avalarabrasil.com.br\/reforma-tributaria\/wp-content\/uploads\/2025\/11\/avalara.png\",\"width\":1200,\"height\":675,\"caption\":\"Descomplica Reforma Tribut\u00e1ria\"},\"image\":{\"@id\":\"https:\/\/site.avalarabrasil.com.br\/reforma-tributaria\/#\/schema\/logo\/image\/\"}},{\"@type\":\"Person\",\"@id\":\"https:\/\/site.avalarabrasil.com.br\/reforma-tributaria\/#\/schema\/person\/de5858a1b3c67568fd25d7180083992d\",\"name\":\"Camila Nabosne\",\"image\":{\"@type\":\"ImageObject\",\"inLanguage\":\"pt-BR\",\"@id\":\"https:\/\/site.avalarabrasil.com.br\/reforma-tributaria\/#\/schema\/person\/image\/\",\"url\":\"https:\/\/site.avalarabrasil.com.br\/reforma-tributaria\/wp-content\/litespeed\/avatar\/0a8eaaf31c4400af2573088d03d0fcb5.jpg?ver=1777386826\",\"contentUrl\":\"https:\/\/site.avalarabrasil.com.br\/reforma-tributaria\/wp-content\/litespeed\/avatar\/0a8eaaf31c4400af2573088d03d0fcb5.jpg?ver=1777386826\",\"caption\":\"Camila Nabosne\"},\"url\":\"https:\/\/site.avalarabrasil.com.br\/reforma-tributaria\/author\/camila-nabosne\/\"}]}<\/script>\n<!-- \/ Yoast SEO plugin. -->","yoast_head_json":{"title":"O que \u00e9 o cClassTrib \u2013 C\u00f3digo de Classifica\u00e7\u00e3o Tribut\u00e1ria do IBS e da CBS? - Descomplica Reforma Tribut\u00e1ria","description":"Entenda o cClassTrib, seus efeitos na emiss\u00e3o de NF-e com a Reforma Tribut\u00e1ria e como acessar a tabela oficial:","robots":{"index":"index","follow":"follow","max-snippet":"max-snippet:-1","max-image-preview":"max-image-preview:large","max-video-preview":"max-video-preview:-1"},"canonical":"https:\/\/site.avalarabrasil.com.br\/reforma-tributaria\/o-que-e-cclasstrib\/","og_locale":"pt_BR","og_type":"article","og_title":"O que \u00e9 o cClassTrib \u2013 C\u00f3digo de Classifica\u00e7\u00e3o Tribut\u00e1ria do IBS e da CBS? - Descomplica Reforma Tribut\u00e1ria","og_description":"Entenda o cClassTrib, seus efeitos na emiss\u00e3o de NF-e com a Reforma Tribut\u00e1ria e como acessar a tabela oficial:","og_url":"https:\/\/site.avalarabrasil.com.br\/reforma-tributaria\/o-que-e-cclasstrib\/","og_site_name":"Descomplica Reforma Tribut\u00e1ria","article_published_time":"2025-06-17T13:27:00+00:00","article_modified_time":"2026-01-16T17:00:27+00:00","og_image":[{"width":2560,"height":1707,"url":"https:\/\/site.avalarabrasil.com.br\/reforma-tributaria\/wp-content\/uploads\/2025\/06\/cClassTrib-scaled-1.jpg","type":"image\/jpeg"}],"author":"Camila Nabosne","twitter_card":"summary_large_image","twitter_misc":{"Escrito por":"Camila Nabosne","Est. tempo de leitura":"6 minutos"},"schema":{"@context":"https:\/\/schema.org","@graph":[{"@type":"Article","@id":"https:\/\/site.avalarabrasil.com.br\/reforma-tributaria\/o-que-e-cclasstrib\/#article","isPartOf":{"@id":"https:\/\/site.avalarabrasil.com.br\/reforma-tributaria\/o-que-e-cclasstrib\/"},"author":{"name":"Camila Nabosne","@id":"https:\/\/site.avalarabrasil.com.br\/reforma-tributaria\/#\/schema\/person\/de5858a1b3c67568fd25d7180083992d"},"headline":"O que \u00e9 o cClassTrib \u2013 C\u00f3digo de Classifica\u00e7\u00e3o Tribut\u00e1ria do IBS e da CBS?","datePublished":"2025-06-17T13:27:00+00:00","dateModified":"2026-01-16T17:00:27+00:00","mainEntityOfPage":{"@id":"https:\/\/site.avalarabrasil.com.br\/reforma-tributaria\/o-que-e-cclasstrib\/"},"wordCount":1194,"commentCount":0,"publisher":{"@id":"https:\/\/site.avalarabrasil.com.br\/reforma-tributaria\/#organization"},"image":{"@id":"https:\/\/site.avalarabrasil.com.br\/reforma-tributaria\/o-que-e-cclasstrib\/#primaryimage"},"thumbnailUrl":"https:\/\/site.avalarabrasil.com.br\/reforma-tributaria\/wp-content\/uploads\/2025\/06\/cClassTrib-scaled-1.jpg","articleSection":["Reforma Tribut\u00e1ria"],"inLanguage":"pt-BR","potentialAction":[{"@type":"CommentAction","name":"Comment","target":["https:\/\/site.avalarabrasil.com.br\/reforma-tributaria\/o-que-e-cclasstrib\/#respond"]}]},{"@type":"WebPage","@id":"https:\/\/site.avalarabrasil.com.br\/reforma-tributaria\/o-que-e-cclasstrib\/","url":"https:\/\/site.avalarabrasil.com.br\/reforma-tributaria\/o-que-e-cclasstrib\/","name":"O que \u00e9 o cClassTrib \u2013 C\u00f3digo de Classifica\u00e7\u00e3o Tribut\u00e1ria do IBS e da CBS? - Descomplica Reforma Tribut\u00e1ria","isPartOf":{"@id":"https:\/\/site.avalarabrasil.com.br\/reforma-tributaria\/#website"},"primaryImageOfPage":{"@id":"https:\/\/site.avalarabrasil.com.br\/reforma-tributaria\/o-que-e-cclasstrib\/#primaryimage"},"image":{"@id":"https:\/\/site.avalarabrasil.com.br\/reforma-tributaria\/o-que-e-cclasstrib\/#primaryimage"},"thumbnailUrl":"https:\/\/site.avalarabrasil.com.br\/reforma-tributaria\/wp-content\/uploads\/2025\/06\/cClassTrib-scaled-1.jpg","datePublished":"2025-06-17T13:27:00+00:00","dateModified":"2026-01-16T17:00:27+00:00","description":"Entenda o cClassTrib, seus efeitos na emiss\u00e3o de NF-e com a Reforma Tribut\u00e1ria e como acessar a tabela oficial:","breadcrumb":{"@id":"https:\/\/site.avalarabrasil.com.br\/reforma-tributaria\/o-que-e-cclasstrib\/#breadcrumb"},"inLanguage":"pt-BR","potentialAction":[{"@type":"ReadAction","target":["https:\/\/site.avalarabrasil.com.br\/reforma-tributaria\/o-que-e-cclasstrib\/"]}]},{"@type":"ImageObject","inLanguage":"pt-BR","@id":"https:\/\/site.avalarabrasil.com.br\/reforma-tributaria\/o-que-e-cclasstrib\/#primaryimage","url":"https:\/\/site.avalarabrasil.com.br\/reforma-tributaria\/wp-content\/uploads\/2025\/06\/cClassTrib-scaled-1.jpg","contentUrl":"https:\/\/site.avalarabrasil.com.br\/reforma-tributaria\/wp-content\/uploads\/2025\/06\/cClassTrib-scaled-1.jpg","width":2560,"height":1707,"caption":"cClassTrib"},{"@type":"BreadcrumbList","@id":"https:\/\/site.avalarabrasil.com.br\/reforma-tributaria\/o-que-e-cclasstrib\/#breadcrumb","itemListElement":[{"@type":"ListItem","position":1,"name":"In\u00edcio","item":"https:\/\/site.avalarabrasil.com.br\/reforma-tributaria\/"},{"@type":"ListItem","position":2,"name":"O que \u00e9 o cClassTrib \u2013 C\u00f3digo de Classifica\u00e7\u00e3o Tribut\u00e1ria do IBS e da CBS?"}]},{"@type":"WebSite","@id":"https:\/\/site.avalarabrasil.com.br\/reforma-tributaria\/#website","url":"https:\/\/site.avalarabrasil.com.br\/reforma-tributaria\/","name":"Descomplica Reforma Tribut\u00e1ria","description":"Entenda o impacto da Reforma Tribut\u00e1ria no seu neg\u00f3cio. No Descomplica Reforma Tribut\u00e1ria, voc\u00ea encontra not\u00edcias, legisla\u00e7\u00e3o e orienta\u00e7\u00f5es pr\u00e1ticas para empresas.","publisher":{"@id":"https:\/\/site.avalarabrasil.com.br\/reforma-tributaria\/#organization"},"alternateName":"Reforma Tribut\u00e1ria Avalara","potentialAction":[{"@type":"SearchAction","target":{"@type":"EntryPoint","urlTemplate":"https:\/\/site.avalarabrasil.com.br\/reforma-tributaria\/?s={search_term_string}"},"query-input":{"@type":"PropertyValueSpecification","valueRequired":true,"valueName":"search_term_string"}}],"inLanguage":"pt-BR"},{"@type":"Organization","@id":"https:\/\/site.avalarabrasil.com.br\/reforma-tributaria\/#organization","name":"Descomplica Reforma Tribut\u00e1ria","url":"https:\/\/site.avalarabrasil.com.br\/reforma-tributaria\/","logo":{"@type":"ImageObject","inLanguage":"pt-BR","@id":"https:\/\/site.avalarabrasil.com.br\/reforma-tributaria\/#\/schema\/logo\/image\/","url":"https:\/\/site.avalarabrasil.com.br\/reforma-tributaria\/wp-content\/uploads\/2025\/11\/avalara.png","contentUrl":"https:\/\/site.avalarabrasil.com.br\/reforma-tributaria\/wp-content\/uploads\/2025\/11\/avalara.png","width":1200,"height":675,"caption":"Descomplica Reforma Tribut\u00e1ria"},"image":{"@id":"https:\/\/site.avalarabrasil.com.br\/reforma-tributaria\/#\/schema\/logo\/image\/"}},{"@type":"Person","@id":"https:\/\/site.avalarabrasil.com.br\/reforma-tributaria\/#\/schema\/person\/de5858a1b3c67568fd25d7180083992d","name":"Camila Nabosne","image":{"@type":"ImageObject","inLanguage":"pt-BR","@id":"https:\/\/site.avalarabrasil.com.br\/reforma-tributaria\/#\/schema\/person\/image\/","url":"https:\/\/site.avalarabrasil.com.br\/reforma-tributaria\/wp-content\/litespeed\/avatar\/0a8eaaf31c4400af2573088d03d0fcb5.jpg?ver=1777386826","contentUrl":"https:\/\/site.avalarabrasil.com.br\/reforma-tributaria\/wp-content\/litespeed\/avatar\/0a8eaaf31c4400af2573088d03d0fcb5.jpg?ver=1777386826","caption":"Camila Nabosne"},"url":"https:\/\/site.avalarabrasil.com.br\/reforma-tributaria\/author\/camila-nabosne\/"}]}},"_links":{"self":[{"href":"https:\/\/site.avalarabrasil.com.br\/reforma-tributaria\/wp-json\/wp\/v2\/posts\/14954","targetHints":{"allow":["GET"]}}],"collection":[{"href":"https:\/\/site.avalarabrasil.com.br\/reforma-tributaria\/wp-json\/wp\/v2\/posts"}],"about":[{"href":"https:\/\/site.avalarabrasil.com.br\/reforma-tributaria\/wp-json\/wp\/v2\/types\/post"}],"author":[{"embeddable":true,"href":"https:\/\/site.avalarabrasil.com.br\/reforma-tributaria\/wp-json\/wp\/v2\/users\/2"}],"replies":[{"embeddable":true,"href":"https:\/\/site.avalarabrasil.com.br\/reforma-tributaria\/wp-json\/wp\/v2\/comments?post=14954"}],"version-history":[{"count":2,"href":"https:\/\/site.avalarabrasil.com.br\/reforma-tributaria\/wp-json\/wp\/v2\/posts\/14954\/revisions"}],"predecessor-version":[{"id":15566,"href":"https:\/\/site.avalarabrasil.com.br\/reforma-tributaria\/wp-json\/wp\/v2\/posts\/14954\/revisions\/15566"}],"wp:featuredmedia":[{"embeddable":true,"href":"https:\/\/site.avalarabrasil.com.br\/reforma-tributaria\/wp-json\/wp\/v2\/media\/14956"}],"wp:attachment":[{"href":"https:\/\/site.avalarabrasil.com.br\/reforma-tributaria\/wp-json\/wp\/v2\/media?parent=14954"}],"wp:term":[{"taxonomy":"category","embeddable":true,"href":"https:\/\/site.avalarabrasil.com.br\/reforma-tributaria\/wp-json\/wp\/v2\/categories?post=14954"},{"taxonomy":"post_tag","embeddable":true,"href":"https:\/\/site.avalarabrasil.com.br\/reforma-tributaria\/wp-json\/wp\/v2\/tags?post=14954"}],"curies":[{"name":"wp","href":"https:\/\/api.w.org\/{rel}","templated":true}]}}