{"id":14971,"date":"2025-06-26T10:39:06","date_gmt":"2025-06-26T13:39:06","guid":{"rendered":"https:\/\/oobj.com.br\/?p=14971"},"modified":"2025-06-26T10:39:06","modified_gmt":"2025-06-26T13:39:06","slug":"mensageira-fiscal-e-reforma-tributaria","status":"publish","type":"post","link":"https:\/\/site.avalarabrasil.com.br\/reforma-tributaria\/mensageira-fiscal-e-reforma-tributaria\/","title":{"rendered":"Mensageira fiscal e Reforma Tribut\u00e1ria: o elo entre tecnologia e conformidade fiscal"},"content":{"rendered":"\n<p>A Reforma Tribut\u00e1ria representa uma nova era da tributa\u00e7\u00e3o sobre o consumo no Brasil. Essa mudan\u00e7a, centrada na cria\u00e7\u00e3o do Imposto sobre Bens e Servi\u00e7os (IBS), da Contribui\u00e7\u00e3o sobre Bens e Servi\u00e7os (CBS) e do Imposto Seletivo (IS), trar\u00e1 grandes impactos nos processos operacionais, cont\u00e1beis e fiscais das empresas. Nesse novo cen\u00e1rio, a mensageira fiscal assume um papel de destaque como ferramenta essencial para garantir a conectividade entre contribuintes e Fisco, com seguran\u00e7a, velocidade e conformidade.<\/p>\n\n\n\n<p>Mais do que nunca, a transforma\u00e7\u00e3o digital se apresenta como pilar indispens\u00e1vel da governan\u00e7a tribut\u00e1ria. Entre as solu\u00e7\u00f5es tecnol\u00f3gicas necess\u00e1rias para garantir a adequa\u00e7\u00e3o \u00e0 Reforma, a mensageria fiscal, ou mensageria de Documentos Fiscais eletr\u00f4nicos (DF-e), \u00e9 uma das que ganhar\u00e3o maior protagonismo nos pr\u00f3ximos anos.<\/p>\n\n\n\n<p>O per\u00edodo de transi\u00e7\u00e3o, previsto para acontecer entre 2026 e 2033, ser\u00e1 um momento importante para que as novas regras sejam implementadas, mas tamb\u00e9m trar\u00e1 grandes&nbsp; desafios para os setores p\u00fablico e privado.<\/p>\n\n\n\n<p>Neste artigo, confira como as solu\u00e7\u00f5es de mensageria ser\u00e3o estrat\u00e9gicas para manter a conformidade, principalmente no per\u00edodo de transi\u00e7\u00e3o.<\/p>\n\n\n\n<h2 class=\"wp-block-heading\">O que \u00e9 a mensageira fiscal?<\/h2>\n\n\n\n<p>A mensageira fiscal \u00e9 uma plataforma que atua como ponte entre os sistemas das empresas (ERP, sistemas fiscais, plataformas de e-commerce etc.) e os ambientes autorizadores de Documentos Fiscais eletr\u00f4nicos, como as Secretarias da Fazenda (SEFAZ), o Ambiente Nacional da Receita Federal e os munic\u00edpios que operam com Nota Fiscal de Servi\u00e7o eletr\u00f4nica (NFS-e).<\/p>\n\n\n\n<p>Por meio dela, \u00e9 poss\u00edvel realizar a emiss\u00e3o, transmiss\u00e3o, recep\u00e7\u00e3o e controle de documentos como:<\/p>\n\n\n\n<ul class=\"wp-block-list\">\n<li>Nota Fiscal eletr\u00f4nica (NF-e);<\/li>\n\n\n\n<li>Nota Fiscal de Consumidor eletr\u00f4nica (NFC-e);<\/li>\n\n\n\n<li>Conhecimento de Transporte eletr\u00f4nico (CT-e);<\/li>\n\n\n\n<li>Manifesto Eletr\u00f4nico de Documentos Fiscais (MDF-e);<\/li>\n\n\n\n<li>Nota Fiscal de Servi\u00e7o eletr\u00f4nica (NFS-e);<br><\/li>\n<\/ul>\n\n\n\n<p>Sua principal vantagem est\u00e1 na automa\u00e7\u00e3o e integra\u00e7\u00e3o desses processos com os sistemas da empresa, garantindo que a comunica\u00e7\u00e3o com os \u00f3rg\u00e3os p\u00fablicos ocorra de forma fluida, rastre\u00e1vel e em tempo real, o que ser\u00e1 indispens\u00e1vel no novo modelo tribut\u00e1rio.<\/p>\n\n\n\n<h2 class=\"wp-block-heading\">Por que a mensageira fiscal ser\u00e1 ainda mais importante com a Reforma Tribut\u00e1ria<\/h2>\n\n\n\n<p>Com a substitui\u00e7\u00e3o de cinco tributos (PIS, Cofins, ICMS, ISS e IPI) por dois tributos principais (IBS e CBS) e um adicional (IS), o modelo tribut\u00e1rio brasileiro passar\u00e1 a adotar o princ\u00edpio do cr\u00e9dito financeiro. Isso significa que as empresas s\u00f3 poder\u00e3o se creditar de tributos pagos anteriormente se apresentarem documenta\u00e7\u00e3o fiscal id\u00f4nea, v\u00e1lida, com dados \u00edntegros e processada dentro dos prazos legais.<\/p>\n\n\n\n<p>Nesse novo sistema:<\/p>\n\n\n\n<ul class=\"wp-block-list\">\n<li>A informa\u00e7\u00e3o passa a ser o ativo mais valioso;<\/li>\n\n\n\n<li>A fiscaliza\u00e7\u00e3o ser\u00e1 baseada em dados em tempo real;<\/li>\n\n\n\n<li>A integra\u00e7\u00e3o entre esferas federal, estadual e municipal ser\u00e1 ampliada;<\/li>\n\n\n\n<li>O compartilhamento de dados entre entes federados exigir\u00e1 padroniza\u00e7\u00e3o e interoperabilidade.<br><\/li>\n<\/ul>\n\n\n\n<p>Esses elementos colocam a mensageira fiscal como elemento central para garantir que a empresa esteja em conformidade com os novos requisitos legais. A mensageria permite o controle completo do ciclo de vida dos documentos fiscais, desde a emiss\u00e3o at\u00e9 a autoriza\u00e7\u00e3o e retorno, com tratamento de falhas, alertas de erros, armazenamento seguro e trilhas de auditoria.<\/p>\n\n\n\n<h2 class=\"wp-block-heading\">Automa\u00e7\u00e3o e confiabilidade para evitar perdas e penalidades<\/h2>\n\n\n\n<p>No novo cen\u00e1rio tribut\u00e1rio, a falha na entrega de um documento fiscal, a aus\u00eancia de retorno da autoriza\u00e7\u00e3o ou o uso de uma vers\u00e3o desatualizada do layout XML podem resultar em perda de cr\u00e9dito tribut\u00e1rio, multas ou bloqueio de opera\u00e7\u00f5es. A mensageira fiscal automatiza os seguintes pontos cr\u00edticos:<\/p>\n\n\n\n<ul class=\"wp-block-list\">\n<li>Valida\u00e7\u00e3o de regras do MOC (Manual de Orienta\u00e7\u00e3o ao Contribuinte);<\/li>\n\n\n\n<li>Monitoramento de status em tempo real;<\/li>\n\n\n\n<li>Reemiss\u00e3o autom\u00e1tica em caso de falha;<\/li>\n\n\n\n<li>Gest\u00e3o de conting\u00eancia;<\/li>\n\n\n\n<li>Armazenamento em conformidade com a legisla\u00e7\u00e3o vigente.<br><\/li>\n<\/ul>\n\n\n\n<p>Al\u00e9m disso, ao consolidar os dados fiscais em um \u00fanico ponto de controle, a mensageria fiscal favorece a integra\u00e7\u00e3o com outras solu\u00e7\u00f5es fiscais, como apura\u00e7\u00e3o de tributos, compliance, auditoria eletr\u00f4nica e presta\u00e7\u00e3o de obriga\u00e7\u00f5es acess\u00f3rias.<\/p>\n\n\n\n<h2 class=\"wp-block-heading\">Mensageira fiscal como pilar do compliance tribut\u00e1rio digital<\/h2>\n\n\n\n<p>A Reforma Tribut\u00e1ria est\u00e1 diretamente conectada \u00e0 digitaliza\u00e7\u00e3o do Fisco e \u00e0 intelig\u00eancia de dados aplicada \u00e0 arrecada\u00e7\u00e3o. Isso significa que, mais do que cumprir com os requisitos m\u00ednimos, as empresas precisar\u00e3o estar em compliance cont\u00ednuo, com processos fiscalmente audit\u00e1veis e sistemas capazes de garantir a governan\u00e7a da informa\u00e7\u00e3o tribut\u00e1ria.<\/p>\n\n\n\n<p>Nesse sentido, a mensageira fiscal oferece:<\/p>\n\n\n\n<ul class=\"wp-block-list\">\n<li>Rastreabilidade total dos eventos fiscais (envios, retornos, cancelamentos, inutiliza\u00e7\u00f5es);<\/li>\n\n\n\n<li>Redu\u00e7\u00e3o de riscos legais e operacionais, com alertas proativos;<\/li>\n\n\n\n<li>Suporte a m\u00faltiplas jurisdi\u00e7\u00f5es, o que ser\u00e1 fundamental em um ambiente federativo com regras compartilhadas;<\/li>\n\n\n\n<li>Prepara\u00e7\u00e3o para novos campos dos DF-es, como os que vir\u00e3o com o IBS\/CBS.<\/li>\n<\/ul>\n\n\n\n<h2 class=\"wp-block-heading\">Mensageira fiscal \u00e9 mais que tecnologia, \u00e9 estrat\u00e9gia tribut\u00e1ria<\/h2>\n\n\n\n<p>A mensageria fiscal ser\u00e1 um dos grandes pilares de sustenta\u00e7\u00e3o do novo modelo tribut\u00e1rio brasileiro. Mais do que um conector t\u00e9cnico, trata-se de uma ferramenta estrat\u00e9gica que assegura o cumprimento das obriga\u00e7\u00f5es, mitiga riscos fiscais e garante a fluidez operacional diante de um cen\u00e1rio de grande complexidade.<\/p>\n\n\n\n<p>\u00c0 medida que a Reforma Tribut\u00e1ria avan\u00e7a, as empresas que adotarem solu\u00e7\u00f5es modernas, integradas e automatizadas sair\u00e3o na frente, garantindo vantagem competitiva e focando no crescimento dos seus neg\u00f3cios.<\/p>\n\n\n\n<h2 class=\"wp-block-heading\">Solu\u00e7\u00f5es da Avalara em mensageria fiscal: prontas para o presente e o futuro<\/h2>\n\n\n\n<p>A Avalara possui uma solu\u00e7\u00e3o de mensageria fiscal robusta, escal\u00e1vel e 100% aderente \u00e0 legisla\u00e7\u00e3o vigente. A plataforma opera com alta disponibilidade, oferece integra\u00e7\u00f5es flex\u00edveis com ERPs e sistemas legados e est\u00e1 em constante evolu\u00e7\u00e3o para atender \u00e0s atualiza\u00e7\u00f5es do SPED, mudan\u00e7as no layout dos documentos fiscais e \u00e0s demandas da Reforma Tribut\u00e1ria.<\/p>\n\n\n\n<p>Entre os diferenciais da mensageria fiscal da Avalara, destacam-se:<\/p>\n\n\n\n<ul class=\"wp-block-list\">\n<li>Capacidade de opera\u00e7\u00e3o em ambientes de alta volumetria;<\/li>\n\n\n\n<li>Monitoramento inteligente de documentos, com dashboards e alertas;<\/li>\n\n\n\n<li>Seguran\u00e7a jur\u00eddica garantida, com protocolos oficiais de envio;<\/li>\n\n\n\n<li>Integra\u00e7\u00e3o com solu\u00e7\u00f5es Avalara para apura\u00e7\u00e3o de tributos, escritura\u00e7\u00e3o digital, gest\u00e3o de compliance e relat\u00f3rios estrat\u00e9gicos.<br><\/li>\n<\/ul>\n\n\n\n<p>Com ela, sua empresa estar\u00e1 preparada n\u00e3o apenas para enfrentar o novo modelo tribut\u00e1rio, mas para otimizar seus processos fiscais e transformar o departamento tribut\u00e1rio em um vetor de efici\u00eancia e intelig\u00eancia.<\/p>\n\n\n\n<p>Descubra como a mensageira fiscal da Avalara pode ajudar sua empresa a enfrentar os desafios da Reforma Tribut\u00e1ria com confian\u00e7a, tecnologia e compliance.<\/p>\n\n\n\n<br>\n<style>\n.custom-button {\n    font-family: \"Source Sans 3\", sans-serif;\n    background-color: #fa6400;\n    color: #ffffff;\n    border: none;\n    border-radius: 20px;\n    padding: 12px;\n    font-size: 14px;\n    font-weight: bold;\n    text-align: center;\n    letter-spacing: normal;\n    display: block\n    text-decoration: none;\n    width: fit-content;\n    margin: 0 auto; \n}\n\n.custom-button:hover {\n    background-color: #E05200; \n}\n<\/style>\n\n<div style=\"text-align: center;\"> \n    <a href=\"https:\/\/site.avalarabrasil.com.br\/reforma-tributaria\/solucoes\/avalara\/mensageria\/?ref=blogpost-mensageria-fiscal-reforma-tributaria\" class=\"custom-button\">\u3164Saiba mais\u3164 <\/a>\n<\/div>\n<br>\n","protected":false},"excerpt":{"rendered":"<p>A Reforma Tribut\u00e1ria representa uma nova era da tributa\u00e7\u00e3o sobre o consumo no Brasil. Essa mudan\u00e7a, centrada na cria\u00e7\u00e3o do Imposto sobre Bens e Servi\u00e7os [&hellip;]<\/p>\n","protected":false},"author":3,"featured_media":14972,"comment_status":"open","ping_status":"open","sticky":false,"template":"","format":"standard","meta":{"footnotes":""},"categories":[3],"tags":[],"class_list":["post-14971","post","type-post","status-publish","format-standard","has-post-thumbnail","hentry","category-reforma-tributaria"],"yoast_head":"<!-- This site is optimized with the Yoast SEO plugin v27.0 - https:\/\/yoast.com\/product\/yoast-seo-wordpress\/ -->\n<title>Mensageira fiscal e Reforma Tribut\u00e1ria: o elo entre tecnologia e conformidade<\/title>\n<meta name=\"description\" content=\"Mensageira fiscal e Reforma Tribut\u00e1ria caminhar\u00e3o juntos. Confira como essas solu\u00e7\u00f5es ser\u00e3o estrat\u00e9gicas para manter a conformidade.\" \/>\n<meta name=\"robots\" content=\"index, follow, max-snippet:-1, max-image-preview:large, max-video-preview:-1\" \/>\n<link rel=\"canonical\" href=\"https:\/\/site.avalarabrasil.com.br\/reforma-tributaria\/mensageira-fiscal-e-reforma-tributaria\/\" \/>\n<meta property=\"og:locale\" content=\"pt_BR\" \/>\n<meta property=\"og:type\" content=\"article\" \/>\n<meta property=\"og:title\" content=\"Mensageira fiscal e Reforma Tribut\u00e1ria: o elo entre tecnologia e conformidade\" \/>\n<meta property=\"og:description\" content=\"Mensageira fiscal e Reforma Tribut\u00e1ria caminhar\u00e3o juntos. Confira como essas solu\u00e7\u00f5es ser\u00e3o estrat\u00e9gicas para manter a conformidade.\" \/>\n<meta property=\"og:url\" content=\"https:\/\/site.avalarabrasil.com.br\/reforma-tributaria\/mensageira-fiscal-e-reforma-tributaria\/\" \/>\n<meta property=\"og:site_name\" content=\"Descomplica Reforma Tribut\u00e1ria\" \/>\n<meta property=\"article:published_time\" content=\"2025-06-26T13:39:06+00:00\" \/>\n<meta property=\"og:image\" content=\"https:\/\/site.avalarabrasil.com.br\/reforma-tributaria\/wp-content\/uploads\/2025\/06\/empresarios-corporativos-trabalhando-em-tablet-no-escritorio-scaled-1.jpg\" \/>\n\t<meta property=\"og:image:width\" content=\"2560\" \/>\n\t<meta property=\"og:image:height\" content=\"1440\" \/>\n\t<meta property=\"og:image:type\" content=\"image\/jpeg\" \/>\n<meta name=\"author\" content=\"Marianna Moreno\" \/>\n<meta name=\"twitter:card\" content=\"summary_large_image\" \/>\n<meta name=\"twitter:label1\" content=\"Escrito por\" \/>\n\t<meta name=\"twitter:data1\" content=\"Marianna Moreno\" \/>\n\t<meta name=\"twitter:label2\" content=\"Est. tempo de leitura\" \/>\n\t<meta name=\"twitter:data2\" content=\"6 minutos\" \/>\n<script type=\"application\/ld+json\" class=\"yoast-schema-graph\">{\"@context\":\"https:\/\/schema.org\",\"@graph\":[{\"@type\":\"Article\",\"@id\":\"https:\/\/site.avalarabrasil.com.br\/reforma-tributaria\/mensageira-fiscal-e-reforma-tributaria\/#article\",\"isPartOf\":{\"@id\":\"https:\/\/site.avalarabrasil.com.br\/reforma-tributaria\/mensageira-fiscal-e-reforma-tributaria\/\"},\"author\":{\"name\":\"Marianna Moreno\",\"@id\":\"https:\/\/site.avalarabrasil.com.br\/reforma-tributaria\/#\/schema\/person\/bd8270bd11b337a8420d96641bfd1dc7\"},\"headline\":\"Mensageira fiscal e Reforma Tribut\u00e1ria: o elo entre tecnologia e conformidade fiscal\",\"datePublished\":\"2025-06-26T13:39:06+00:00\",\"mainEntityOfPage\":{\"@id\":\"https:\/\/site.avalarabrasil.com.br\/reforma-tributaria\/mensageira-fiscal-e-reforma-tributaria\/\"},\"wordCount\":1130,\"commentCount\":0,\"publisher\":{\"@id\":\"https:\/\/site.avalarabrasil.com.br\/reforma-tributaria\/#organization\"},\"image\":{\"@id\":\"https:\/\/site.avalarabrasil.com.br\/reforma-tributaria\/mensageira-fiscal-e-reforma-tributaria\/#primaryimage\"},\"thumbnailUrl\":\"https:\/\/site.avalarabrasil.com.br\/reforma-tributaria\/wp-content\/uploads\/2025\/06\/empresarios-corporativos-trabalhando-em-tablet-no-escritorio-scaled-1.jpg\",\"articleSection\":[\"Reforma Tribut\u00e1ria\"],\"inLanguage\":\"pt-BR\",\"potentialAction\":[{\"@type\":\"CommentAction\",\"name\":\"Comment\",\"target\":[\"https:\/\/site.avalarabrasil.com.br\/reforma-tributaria\/mensageira-fiscal-e-reforma-tributaria\/#respond\"]}]},{\"@type\":\"WebPage\",\"@id\":\"https:\/\/site.avalarabrasil.com.br\/reforma-tributaria\/mensageira-fiscal-e-reforma-tributaria\/\",\"url\":\"https:\/\/site.avalarabrasil.com.br\/reforma-tributaria\/mensageira-fiscal-e-reforma-tributaria\/\",\"name\":\"Mensageira fiscal e Reforma Tribut\u00e1ria: o elo entre tecnologia e conformidade\",\"isPartOf\":{\"@id\":\"https:\/\/site.avalarabrasil.com.br\/reforma-tributaria\/#website\"},\"primaryImageOfPage\":{\"@id\":\"https:\/\/site.avalarabrasil.com.br\/reforma-tributaria\/mensageira-fiscal-e-reforma-tributaria\/#primaryimage\"},\"image\":{\"@id\":\"https:\/\/site.avalarabrasil.com.br\/reforma-tributaria\/mensageira-fiscal-e-reforma-tributaria\/#primaryimage\"},\"thumbnailUrl\":\"https:\/\/site.avalarabrasil.com.br\/reforma-tributaria\/wp-content\/uploads\/2025\/06\/empresarios-corporativos-trabalhando-em-tablet-no-escritorio-scaled-1.jpg\",\"datePublished\":\"2025-06-26T13:39:06+00:00\",\"description\":\"Mensageira fiscal e Reforma Tribut\u00e1ria caminhar\u00e3o juntos. Confira como essas solu\u00e7\u00f5es ser\u00e3o estrat\u00e9gicas para manter a conformidade.\",\"breadcrumb\":{\"@id\":\"https:\/\/site.avalarabrasil.com.br\/reforma-tributaria\/mensageira-fiscal-e-reforma-tributaria\/#breadcrumb\"},\"inLanguage\":\"pt-BR\",\"potentialAction\":[{\"@type\":\"ReadAction\",\"target\":[\"https:\/\/site.avalarabrasil.com.br\/reforma-tributaria\/mensageira-fiscal-e-reforma-tributaria\/\"]}]},{\"@type\":\"ImageObject\",\"inLanguage\":\"pt-BR\",\"@id\":\"https:\/\/site.avalarabrasil.com.br\/reforma-tributaria\/mensageira-fiscal-e-reforma-tributaria\/#primaryimage\",\"url\":\"https:\/\/site.avalarabrasil.com.br\/reforma-tributaria\/wp-content\/uploads\/2025\/06\/empresarios-corporativos-trabalhando-em-tablet-no-escritorio-scaled-1.jpg\",\"contentUrl\":\"https:\/\/site.avalarabrasil.com.br\/reforma-tributaria\/wp-content\/uploads\/2025\/06\/empresarios-corporativos-trabalhando-em-tablet-no-escritorio-scaled-1.jpg\",\"width\":2560,\"height\":1440,\"caption\":\"Mensageira fiscal e Reforma Tribut\u00e1ria\"},{\"@type\":\"BreadcrumbList\",\"@id\":\"https:\/\/site.avalarabrasil.com.br\/reforma-tributaria\/mensageira-fiscal-e-reforma-tributaria\/#breadcrumb\",\"itemListElement\":[{\"@type\":\"ListItem\",\"position\":1,\"name\":\"In\u00edcio\",\"item\":\"https:\/\/site.avalarabrasil.com.br\/reforma-tributaria\/\"},{\"@type\":\"ListItem\",\"position\":2,\"name\":\"Mensageira fiscal e Reforma Tribut\u00e1ria: o elo entre tecnologia e conformidade fiscal\"}]},{\"@type\":\"WebSite\",\"@id\":\"https:\/\/site.avalarabrasil.com.br\/reforma-tributaria\/#website\",\"url\":\"https:\/\/site.avalarabrasil.com.br\/reforma-tributaria\/\",\"name\":\"Descomplica Reforma Tribut\u00e1ria\",\"description\":\"Entenda o impacto da Reforma Tribut\u00e1ria no seu neg\u00f3cio. No Descomplica Reforma Tribut\u00e1ria, voc\u00ea encontra not\u00edcias, legisla\u00e7\u00e3o e orienta\u00e7\u00f5es pr\u00e1ticas para empresas.\",\"publisher\":{\"@id\":\"https:\/\/site.avalarabrasil.com.br\/reforma-tributaria\/#organization\"},\"alternateName\":\"Reforma Tribut\u00e1ria Avalara\",\"potentialAction\":[{\"@type\":\"SearchAction\",\"target\":{\"@type\":\"EntryPoint\",\"urlTemplate\":\"https:\/\/site.avalarabrasil.com.br\/reforma-tributaria\/?s={search_term_string}\"},\"query-input\":{\"@type\":\"PropertyValueSpecification\",\"valueRequired\":true,\"valueName\":\"search_term_string\"}}],\"inLanguage\":\"pt-BR\"},{\"@type\":\"Organization\",\"@id\":\"https:\/\/site.avalarabrasil.com.br\/reforma-tributaria\/#organization\",\"name\":\"Descomplica Reforma Tribut\u00e1ria\",\"url\":\"https:\/\/site.avalarabrasil.com.br\/reforma-tributaria\/\",\"logo\":{\"@type\":\"ImageObject\",\"inLanguage\":\"pt-BR\",\"@id\":\"https:\/\/site.avalarabrasil.com.br\/reforma-tributaria\/#\/schema\/logo\/image\/\",\"url\":\"https:\/\/site.avalarabrasil.com.br\/reforma-tributaria\/wp-content\/uploads\/2025\/11\/avalara.png\",\"contentUrl\":\"https:\/\/site.avalarabrasil.com.br\/reforma-tributaria\/wp-content\/uploads\/2025\/11\/avalara.png\",\"width\":1200,\"height\":675,\"caption\":\"Descomplica Reforma Tribut\u00e1ria\"},\"image\":{\"@id\":\"https:\/\/site.avalarabrasil.com.br\/reforma-tributaria\/#\/schema\/logo\/image\/\"}},{\"@type\":\"Person\",\"@id\":\"https:\/\/site.avalarabrasil.com.br\/reforma-tributaria\/#\/schema\/person\/bd8270bd11b337a8420d96641bfd1dc7\",\"name\":\"Marianna Moreno\",\"image\":{\"@type\":\"ImageObject\",\"inLanguage\":\"pt-BR\",\"@id\":\"https:\/\/site.avalarabrasil.com.br\/reforma-tributaria\/#\/schema\/person\/image\/\",\"url\":\"https:\/\/site.avalarabrasil.com.br\/reforma-tributaria\/wp-content\/litespeed\/avatar\/72c8d539496a030c90c8f6dceaf836cc.jpg?ver=1777396390\",\"contentUrl\":\"https:\/\/site.avalarabrasil.com.br\/reforma-tributaria\/wp-content\/litespeed\/avatar\/72c8d539496a030c90c8f6dceaf836cc.jpg?ver=1777396390\",\"caption\":\"Marianna Moreno\"},\"url\":\"https:\/\/site.avalarabrasil.com.br\/reforma-tributaria\/author\/marianna-moreno\/\"}]}<\/script>\n<!-- \/ Yoast SEO plugin. -->","yoast_head_json":{"title":"Mensageira fiscal e Reforma Tribut\u00e1ria: o elo entre tecnologia e conformidade","description":"Mensageira fiscal e Reforma Tribut\u00e1ria caminhar\u00e3o juntos. Confira como essas solu\u00e7\u00f5es ser\u00e3o estrat\u00e9gicas para manter a conformidade.","robots":{"index":"index","follow":"follow","max-snippet":"max-snippet:-1","max-image-preview":"max-image-preview:large","max-video-preview":"max-video-preview:-1"},"canonical":"https:\/\/site.avalarabrasil.com.br\/reforma-tributaria\/mensageira-fiscal-e-reforma-tributaria\/","og_locale":"pt_BR","og_type":"article","og_title":"Mensageira fiscal e Reforma Tribut\u00e1ria: o elo entre tecnologia e conformidade","og_description":"Mensageira fiscal e Reforma Tribut\u00e1ria caminhar\u00e3o juntos. Confira como essas solu\u00e7\u00f5es ser\u00e3o estrat\u00e9gicas para manter a conformidade.","og_url":"https:\/\/site.avalarabrasil.com.br\/reforma-tributaria\/mensageira-fiscal-e-reforma-tributaria\/","og_site_name":"Descomplica Reforma Tribut\u00e1ria","article_published_time":"2025-06-26T13:39:06+00:00","og_image":[{"width":2560,"height":1440,"url":"https:\/\/site.avalarabrasil.com.br\/reforma-tributaria\/wp-content\/uploads\/2025\/06\/empresarios-corporativos-trabalhando-em-tablet-no-escritorio-scaled-1.jpg","type":"image\/jpeg"}],"author":"Marianna Moreno","twitter_card":"summary_large_image","twitter_misc":{"Escrito por":"Marianna Moreno","Est. tempo de leitura":"6 minutos"},"schema":{"@context":"https:\/\/schema.org","@graph":[{"@type":"Article","@id":"https:\/\/site.avalarabrasil.com.br\/reforma-tributaria\/mensageira-fiscal-e-reforma-tributaria\/#article","isPartOf":{"@id":"https:\/\/site.avalarabrasil.com.br\/reforma-tributaria\/mensageira-fiscal-e-reforma-tributaria\/"},"author":{"name":"Marianna Moreno","@id":"https:\/\/site.avalarabrasil.com.br\/reforma-tributaria\/#\/schema\/person\/bd8270bd11b337a8420d96641bfd1dc7"},"headline":"Mensageira fiscal e Reforma Tribut\u00e1ria: o elo entre tecnologia e conformidade fiscal","datePublished":"2025-06-26T13:39:06+00:00","mainEntityOfPage":{"@id":"https:\/\/site.avalarabrasil.com.br\/reforma-tributaria\/mensageira-fiscal-e-reforma-tributaria\/"},"wordCount":1130,"commentCount":0,"publisher":{"@id":"https:\/\/site.avalarabrasil.com.br\/reforma-tributaria\/#organization"},"image":{"@id":"https:\/\/site.avalarabrasil.com.br\/reforma-tributaria\/mensageira-fiscal-e-reforma-tributaria\/#primaryimage"},"thumbnailUrl":"https:\/\/site.avalarabrasil.com.br\/reforma-tributaria\/wp-content\/uploads\/2025\/06\/empresarios-corporativos-trabalhando-em-tablet-no-escritorio-scaled-1.jpg","articleSection":["Reforma Tribut\u00e1ria"],"inLanguage":"pt-BR","potentialAction":[{"@type":"CommentAction","name":"Comment","target":["https:\/\/site.avalarabrasil.com.br\/reforma-tributaria\/mensageira-fiscal-e-reforma-tributaria\/#respond"]}]},{"@type":"WebPage","@id":"https:\/\/site.avalarabrasil.com.br\/reforma-tributaria\/mensageira-fiscal-e-reforma-tributaria\/","url":"https:\/\/site.avalarabrasil.com.br\/reforma-tributaria\/mensageira-fiscal-e-reforma-tributaria\/","name":"Mensageira fiscal e Reforma Tribut\u00e1ria: o elo entre tecnologia e conformidade","isPartOf":{"@id":"https:\/\/site.avalarabrasil.com.br\/reforma-tributaria\/#website"},"primaryImageOfPage":{"@id":"https:\/\/site.avalarabrasil.com.br\/reforma-tributaria\/mensageira-fiscal-e-reforma-tributaria\/#primaryimage"},"image":{"@id":"https:\/\/site.avalarabrasil.com.br\/reforma-tributaria\/mensageira-fiscal-e-reforma-tributaria\/#primaryimage"},"thumbnailUrl":"https:\/\/site.avalarabrasil.com.br\/reforma-tributaria\/wp-content\/uploads\/2025\/06\/empresarios-corporativos-trabalhando-em-tablet-no-escritorio-scaled-1.jpg","datePublished":"2025-06-26T13:39:06+00:00","description":"Mensageira fiscal e Reforma Tribut\u00e1ria caminhar\u00e3o juntos. Confira como essas solu\u00e7\u00f5es ser\u00e3o estrat\u00e9gicas para manter a conformidade.","breadcrumb":{"@id":"https:\/\/site.avalarabrasil.com.br\/reforma-tributaria\/mensageira-fiscal-e-reforma-tributaria\/#breadcrumb"},"inLanguage":"pt-BR","potentialAction":[{"@type":"ReadAction","target":["https:\/\/site.avalarabrasil.com.br\/reforma-tributaria\/mensageira-fiscal-e-reforma-tributaria\/"]}]},{"@type":"ImageObject","inLanguage":"pt-BR","@id":"https:\/\/site.avalarabrasil.com.br\/reforma-tributaria\/mensageira-fiscal-e-reforma-tributaria\/#primaryimage","url":"https:\/\/site.avalarabrasil.com.br\/reforma-tributaria\/wp-content\/uploads\/2025\/06\/empresarios-corporativos-trabalhando-em-tablet-no-escritorio-scaled-1.jpg","contentUrl":"https:\/\/site.avalarabrasil.com.br\/reforma-tributaria\/wp-content\/uploads\/2025\/06\/empresarios-corporativos-trabalhando-em-tablet-no-escritorio-scaled-1.jpg","width":2560,"height":1440,"caption":"Mensageira fiscal e Reforma Tribut\u00e1ria"},{"@type":"BreadcrumbList","@id":"https:\/\/site.avalarabrasil.com.br\/reforma-tributaria\/mensageira-fiscal-e-reforma-tributaria\/#breadcrumb","itemListElement":[{"@type":"ListItem","position":1,"name":"In\u00edcio","item":"https:\/\/site.avalarabrasil.com.br\/reforma-tributaria\/"},{"@type":"ListItem","position":2,"name":"Mensageira fiscal e Reforma Tribut\u00e1ria: o elo entre tecnologia e conformidade fiscal"}]},{"@type":"WebSite","@id":"https:\/\/site.avalarabrasil.com.br\/reforma-tributaria\/#website","url":"https:\/\/site.avalarabrasil.com.br\/reforma-tributaria\/","name":"Descomplica Reforma Tribut\u00e1ria","description":"Entenda o impacto da Reforma Tribut\u00e1ria no seu neg\u00f3cio. No Descomplica Reforma Tribut\u00e1ria, voc\u00ea encontra not\u00edcias, legisla\u00e7\u00e3o e orienta\u00e7\u00f5es pr\u00e1ticas para empresas.","publisher":{"@id":"https:\/\/site.avalarabrasil.com.br\/reforma-tributaria\/#organization"},"alternateName":"Reforma Tribut\u00e1ria Avalara","potentialAction":[{"@type":"SearchAction","target":{"@type":"EntryPoint","urlTemplate":"https:\/\/site.avalarabrasil.com.br\/reforma-tributaria\/?s={search_term_string}"},"query-input":{"@type":"PropertyValueSpecification","valueRequired":true,"valueName":"search_term_string"}}],"inLanguage":"pt-BR"},{"@type":"Organization","@id":"https:\/\/site.avalarabrasil.com.br\/reforma-tributaria\/#organization","name":"Descomplica Reforma Tribut\u00e1ria","url":"https:\/\/site.avalarabrasil.com.br\/reforma-tributaria\/","logo":{"@type":"ImageObject","inLanguage":"pt-BR","@id":"https:\/\/site.avalarabrasil.com.br\/reforma-tributaria\/#\/schema\/logo\/image\/","url":"https:\/\/site.avalarabrasil.com.br\/reforma-tributaria\/wp-content\/uploads\/2025\/11\/avalara.png","contentUrl":"https:\/\/site.avalarabrasil.com.br\/reforma-tributaria\/wp-content\/uploads\/2025\/11\/avalara.png","width":1200,"height":675,"caption":"Descomplica Reforma Tribut\u00e1ria"},"image":{"@id":"https:\/\/site.avalarabrasil.com.br\/reforma-tributaria\/#\/schema\/logo\/image\/"}},{"@type":"Person","@id":"https:\/\/site.avalarabrasil.com.br\/reforma-tributaria\/#\/schema\/person\/bd8270bd11b337a8420d96641bfd1dc7","name":"Marianna Moreno","image":{"@type":"ImageObject","inLanguage":"pt-BR","@id":"https:\/\/site.avalarabrasil.com.br\/reforma-tributaria\/#\/schema\/person\/image\/","url":"https:\/\/site.avalarabrasil.com.br\/reforma-tributaria\/wp-content\/litespeed\/avatar\/72c8d539496a030c90c8f6dceaf836cc.jpg?ver=1777396390","contentUrl":"https:\/\/site.avalarabrasil.com.br\/reforma-tributaria\/wp-content\/litespeed\/avatar\/72c8d539496a030c90c8f6dceaf836cc.jpg?ver=1777396390","caption":"Marianna Moreno"},"url":"https:\/\/site.avalarabrasil.com.br\/reforma-tributaria\/author\/marianna-moreno\/"}]}},"_links":{"self":[{"href":"https:\/\/site.avalarabrasil.com.br\/reforma-tributaria\/wp-json\/wp\/v2\/posts\/14971","targetHints":{"allow":["GET"]}}],"collection":[{"href":"https:\/\/site.avalarabrasil.com.br\/reforma-tributaria\/wp-json\/wp\/v2\/posts"}],"about":[{"href":"https:\/\/site.avalarabrasil.com.br\/reforma-tributaria\/wp-json\/wp\/v2\/types\/post"}],"author":[{"embeddable":true,"href":"https:\/\/site.avalarabrasil.com.br\/reforma-tributaria\/wp-json\/wp\/v2\/users\/3"}],"replies":[{"embeddable":true,"href":"https:\/\/site.avalarabrasil.com.br\/reforma-tributaria\/wp-json\/wp\/v2\/comments?post=14971"}],"version-history":[{"count":0,"href":"https:\/\/site.avalarabrasil.com.br\/reforma-tributaria\/wp-json\/wp\/v2\/posts\/14971\/revisions"}],"wp:featuredmedia":[{"embeddable":true,"href":"https:\/\/site.avalarabrasil.com.br\/reforma-tributaria\/wp-json\/wp\/v2\/media\/14972"}],"wp:attachment":[{"href":"https:\/\/site.avalarabrasil.com.br\/reforma-tributaria\/wp-json\/wp\/v2\/media?parent=14971"}],"wp:term":[{"taxonomy":"category","embeddable":true,"href":"https:\/\/site.avalarabrasil.com.br\/reforma-tributaria\/wp-json\/wp\/v2\/categories?post=14971"},{"taxonomy":"post_tag","embeddable":true,"href":"https:\/\/site.avalarabrasil.com.br\/reforma-tributaria\/wp-json\/wp\/v2\/tags?post=14971"}],"curies":[{"name":"wp","href":"https:\/\/api.w.org\/{rel}","templated":true}]}}