{"id":14977,"date":"2025-06-27T09:25:00","date_gmt":"2025-06-27T12:25:00","guid":{"rendered":"https:\/\/oobj.com.br\/?p=14977"},"modified":"2025-11-17T11:15:22","modified_gmt":"2025-11-17T14:15:22","slug":"nota-tecnica-cte-2025-001","status":"publish","type":"post","link":"https:\/\/site.avalarabrasil.com.br\/reforma-tributaria\/nota-tecnica-cte-2025-001\/","title":{"rendered":"CT-e, CTE-OS e GTV-e &#8211; Nota T\u00e9cnica 2025.001: Reforma Tribut\u00e1ria do Consumo Vers\u00e3o 1.05a\u00a0"},"content":{"rendered":"\n<p>A vers\u00e3o 1.05a Nota T\u00e9cnica 2025.001, publicada em 16 de junho de 2025, traz a corre\u00e7\u00e3o de datas no texto da introdu\u00e7\u00e3o ao CT-e com foco na implementa\u00e7\u00e3o da Reforma Tribut\u00e1ria do Consumo. Confira:<\/p>\n\n\n\n<h2 class=\"wp-block-heading\">Objetivo&nbsp;<\/h2>\n\n\n\n<p>A Nota T\u00e9cnica 2025.001 define as atualiza\u00e7\u00f5es necess\u00e1rias no Conhecimento de Transporte Eletr\u00f4nico (CT-e) e em seus modelos derivados, como o CT-e Simplificado e o CT-e para Outros Servi\u00e7os, em resposta \u00e0 Reforma Tribut\u00e1ria do Consumo.&nbsp;<\/p>\n\n\n\n<p>As mudan\u00e7as t\u00eam como base a Lei Complementar n\u00ba 214\/2025, que institui o Imposto sobre Bens e Servi\u00e7os (IBS) e a Contribui\u00e7\u00e3o sobre Bens e Servi\u00e7os (CBS).<\/p>\n\n\n\n<p>A NT introduz novos campos e grupos de informa\u00e7\u00f5es voltados \u00e0 tributa\u00e7\u00e3o desses tributos, al\u00e9m de estabelecer regras de valida\u00e7\u00e3o e ajustes em diferentes funcionalidades.&nbsp;<\/p>\n\n\n\n<p>Entre os pontos tratados est\u00e3o o CT-e Complementar, o modal dutovi\u00e1rio e a adapta\u00e7\u00e3o t\u00e9cnica para o futuro uso do CNPJ alfanum\u00e9rico.&nbsp;<\/p>\n\n\n\n<p>A <strong>vers\u00e3o 1.05a da Nota T\u00e9cnica 2025.001<\/strong> traz, como destaque, a corre\u00e7\u00e3o das datas apresentadas na introdu\u00e7\u00e3o, garantindo alinhamento com o cronograma oficial da implementa\u00e7\u00e3o.<\/p>\n\n\n\n<p>O principal objetivo \u00e9 assegurar que os sistemas de emiss\u00e3o de documentos fiscais eletr\u00f4nicos estejam preparados para operar de forma compat\u00edvel com a nova estrutura tribut\u00e1ria prevista na legisla\u00e7\u00e3o.<\/p>\n\n\n\n<h2 class=\"wp-block-heading\">Prazos&nbsp;<\/h2>\n\n\n\n<p>O prazo previsto para a implementa\u00e7\u00e3o das mudan\u00e7as trazidas pela NT 2025.001 v. 1.05a s\u00e3o:&nbsp;<\/p>\n\n\n\n<ul class=\"wp-block-list\">\n<li>Ambiente de Homologa\u00e7\u00e3o (ambiente de teste das empresas): at\u00e9 28\/07\/2025<\/li>\n\n\n\n<li>Ambiente de Produ\u00e7\u00e3o: 06\/10\/2025&nbsp;&nbsp;<\/li>\n<\/ul>\n\n\n\n<p>Observa\u00e7\u00e3o: no ambiente de produ\u00e7\u00e3o as Regras de Valida\u00e7\u00e3o ser\u00e3o aplicadas somente em 05 de janeiro de 2026.<\/p>\n\n\n\n<h2 class=\"wp-block-heading\">Altera\u00e7\u00f5es trazidas pela vers\u00e3o 1.05<\/h2>\n\n\n\n<p>A vers\u00e3o 1.05 da Nota T\u00e9cnica 2025.001 promoveu ajuste na regra de compras governamentais e passou a exigir o grupo de tributa\u00e7\u00e3o para contribuintes do Simples Nacional (SN).<\/p>\n\n\n\n<p>Tamb\u00e9m foi criado um novo grupo de informa\u00e7\u00f5es da tributa\u00e7\u00e3o para compras governamentais dentro do grupo IBSCBS.<\/p>\n\n\n\n<h2 class=\"wp-block-heading\">Altera\u00e7\u00f5es trazidas pela vers\u00e3o 1.04<\/h2>\n\n\n\n<p>A vers\u00e3o 1.04 da Nota T\u00e9cnica 2025.001 realizou ajustes nas regras de valida\u00e7\u00e3o e nas mensagens do sistema.<\/p>\n\n\n\n<h2 class=\"wp-block-heading\">Altera\u00e7\u00f5es trazidas pela vers\u00e3o 1.03<\/h2>\n\n\n\n<p>A vers\u00e3o 1.03 da Nota T\u00e9cnica 2025.001 implementou ajustes nas regras de compras governamentais, redu\u00e7\u00e3o de al\u00edquota e valores de IBS\/CBS. Tamb\u00e9m houve corre\u00e7\u00e3o no schema dos eventos tipos b\u00e1sicos.<\/p>\n\n\n\n<h2 class=\"wp-block-heading\">Altera\u00e7\u00f5es trazidas pela vers\u00e3o 1.02<\/h2>\n\n\n\n<p>A vers\u00e3o 1.02 da NT trouxe ajustes nas regras do cr\u00e9dito presumido e da tributa\u00e7\u00e3o regular.<\/p>\n\n\n\n<p>Tamb\u00e9m foram realizados ajustes nas regras para Cr\u00e9dito Presumido com Condi\u00e7\u00e3o Suspensiva, dentro do grupo de cr\u00e9dito presumido.<\/p>\n\n\n\n<h2 class=\"wp-block-heading\">Altera\u00e7\u00f5es trazidas pela vers\u00e3o 1.01<\/h2>\n\n\n\n<p>A vers\u00e3o 1.01 da Nota T\u00e9cnica 2025.001 incluiu corre\u00e7\u00f5es e orienta\u00e7\u00f5es sobre a aplica\u00e7\u00e3o das regras de valida\u00e7\u00e3o nos ambientes.<\/p>\n\n\n\n<p>Houve tamb\u00e9m a renumera\u00e7\u00e3o das regras de rejei\u00e7\u00e3o, al\u00e9m de ajustes no grupo de tributa\u00e7\u00e3o regular e na regra do CT-e Complementar para o modal Multimodal.<\/p>\n\n\n\n<h2 class=\"wp-block-heading\">Altera\u00e7\u00f5es trazidas pela vers\u00e3o 1.00&nbsp;<\/h2>\n\n\n\n<p>A vers\u00e3o 1.00 da Nota T\u00e9cnica 2025.001 trouxe a previs\u00e3o das informa\u00e7\u00f5es do IBS\/CBS no CT-e, marcando o in\u00edcio das adapta\u00e7\u00f5es ao novo modelo tribut\u00e1rio.<\/p>\n\n\n\n<p>Foram realizadas altera\u00e7\u00f5es nas regras do CT-eOS para exigir UF e munic\u00edpio de fim da presta\u00e7\u00e3o, bem como ajustes no CT-e Simplificado, que passa a permitir apenas um munic\u00edpio de destino por documento.<\/p>\n\n\n\n<p>O documento tamb\u00e9m incluiu altera\u00e7\u00f5es no leiaute do modal Dutovi\u00e1rio, al\u00e9m de estabelecer exce\u00e7\u00e3o para n\u00e3o exigir o evento de presta\u00e7\u00e3o em desacordo na substitui\u00e7\u00e3o de tomador do exterior.<\/p>\n\n\n\n<p>Outras atualiza\u00e7\u00f5es importantes foram a prepara\u00e7\u00e3o das express\u00f5es regulares para o futuro CNPJ alfanum\u00e9rico, a elimina\u00e7\u00e3o da conting\u00eancia SVC para GTV-e, a inclus\u00e3o da Declara\u00e7\u00e3o de Conte\u00fado Eletr\u00f4nica (DC-e) nos documentos origin\u00e1rios e a amplia\u00e7\u00e3o do c\u00f3digo de retorno (cStat) para suportar at\u00e9 4 d\u00edgitos.<\/p>\n\n\n\n<p>Para conferir todas as vers\u00f5es da Nota T\u00e9cnica 2025.001: Reforma Tribut\u00e1ria do Consumo Vers\u00e3o 1.05a de CT-e, <a href=\"https:\/\/www.cte.fazenda.gov.br\/portal\/listaConteudo.aspx?tipoConteudo=Y0nErnoZpsg=\"><strong>clique aqui<\/strong><\/a>.&nbsp;<\/p>\n\n\n\n<h2 class=\"wp-block-heading\">Sobre a Avalara<\/h2>\n\n\n\n<p>A Avalara apoia empresas na jornada de conformidade tribut\u00e1ria, com solu\u00e7\u00f5es que automatizam o c\u00e1lculo de tributos, a emiss\u00e3o de documentos fiscais e o controle das obriga\u00e7\u00f5es acess\u00f3rias.<\/p>\n\n\n\n<p>Com tecnologia integrada e atualiza\u00e7\u00f5es cont\u00ednuas, suas opera\u00e7\u00f5es permanecem alinhadas \u00e0 legisla\u00e7\u00e3o e preparadas para o novo modelo tribut\u00e1rio brasileiro.<\/p>\n\n\n\n<p>Conhe\u00e7a as solu\u00e7\u00f5es da Avalara e descubra como a automa\u00e7\u00e3o pode tornar sua rotina fiscal mais eficiente e segura durante a Reforma Tribut\u00e1ria:<\/p>\n\n\n\n<style>\n  .custom-button {\n    font-family: Arial, sans-serif;\n    background-color: #FA6400; \/* Laranja Avalara *\/\n    color: #ffffff;\n    border: none;\n    border-radius: 20px;\n    padding: 12px 24px;\n    font-size: 14px;\n    font-weight: bold;\n    text-align: center;\n    letter-spacing: normal;\n    display: inline-block;\n    text-decoration: none;\n    width: fit-content;\n    margin: 0 auto;\n    transition: background-color 0.3s ease, transform 0.2s ease;\n  }\n\n  .custom-button:hover {\n    background-color: #d95500; \/* tom um pouco mais escuro no hover *\/\n    transform: translateY(-2px);\n  }\n\n  .button-container {\n    text-align: center;\n  }\n<\/style>\n\n<div class=\"button-container\">\n  <a href=\"https:\/\/www.avalara.com\/br\/pt\/index.html?ref=descomplica-reforma-tributaria\" class=\"custom-button\">\n    \u3164Saiba mais\u3164\n  <\/a>\n<\/div>\n\n\n\n","protected":false},"excerpt":{"rendered":"<p>A vers\u00e3o 1.05a Nota T\u00e9cnica 2025.001, publicada em 16 de junho de 2025, traz a corre\u00e7\u00e3o de datas no texto da introdu\u00e7\u00e3o ao CT-e com [&hellip;]<\/p>\n","protected":false},"author":2,"featured_media":14979,"comment_status":"open","ping_status":"open","sticky":false,"template":"","format":"standard","meta":{"footnotes":""},"categories":[4,3],"tags":[],"class_list":["post-14977","post","type-post","status-publish","format-standard","has-post-thumbnail","hentry","category-nota-tecnica","category-reforma-tributaria"],"yoast_head":"<!-- This site is optimized with the Yoast SEO plugin v27.0 - https:\/\/yoast.com\/product\/yoast-seo-wordpress\/ -->\n<title>CT-e, CTE-OS e GTV-e - Nota T\u00e9cnica 2025.001: Reforma Tribut\u00e1ria do Consumo Vers\u00e3o 1.05a\u00a0 - Descomplica Reforma Tribut\u00e1ria<\/title>\n<meta name=\"description\" content=\"Nota t\u00e9cnica CTe 2025.001 v.1.05a corrige datas e refor\u00e7a diretrizes da Reforma Tribut\u00e1ria do Consumo. Confira o que mudou:\" \/>\n<meta name=\"robots\" content=\"index, follow, max-snippet:-1, max-image-preview:large, max-video-preview:-1\" \/>\n<link rel=\"canonical\" href=\"https:\/\/site.avalarabrasil.com.br\/reforma-tributaria\/nota-tecnica-cte-2025-001\/\" \/>\n<meta property=\"og:locale\" content=\"pt_BR\" \/>\n<meta property=\"og:type\" content=\"article\" \/>\n<meta property=\"og:title\" content=\"CT-e, CTE-OS e GTV-e - Nota T\u00e9cnica 2025.001: Reforma Tribut\u00e1ria do Consumo Vers\u00e3o 1.05a\u00a0 - Descomplica Reforma Tribut\u00e1ria\" \/>\n<meta property=\"og:description\" content=\"Nota t\u00e9cnica CTe 2025.001 v.1.05a corrige datas e refor\u00e7a diretrizes da Reforma Tribut\u00e1ria do Consumo. Confira o que mudou:\" \/>\n<meta property=\"og:url\" content=\"https:\/\/site.avalarabrasil.com.br\/reforma-tributaria\/nota-tecnica-cte-2025-001\/\" \/>\n<meta property=\"og:site_name\" content=\"Descomplica Reforma Tribut\u00e1ria\" \/>\n<meta property=\"article:published_time\" content=\"2025-06-27T12:25:00+00:00\" \/>\n<meta property=\"article:modified_time\" content=\"2025-11-17T14:15:22+00:00\" \/>\n<meta property=\"og:image\" content=\"https:\/\/site.avalarabrasil.com.br\/reforma-tributaria\/wp-content\/uploads\/2025\/06\/nota-tecnica-CTe-scaled-1.jpg\" \/>\n\t<meta property=\"og:image:width\" content=\"2560\" \/>\n\t<meta property=\"og:image:height\" content=\"1707\" \/>\n\t<meta property=\"og:image:type\" content=\"image\/jpeg\" \/>\n<meta name=\"author\" content=\"Camila Nabosne\" \/>\n<meta name=\"twitter:card\" content=\"summary_large_image\" \/>\n<meta name=\"twitter:label1\" content=\"Escrito por\" \/>\n\t<meta name=\"twitter:data1\" content=\"Camila Nabosne\" \/>\n\t<meta name=\"twitter:label2\" content=\"Est. tempo de leitura\" \/>\n\t<meta name=\"twitter:data2\" content=\"4 minutos\" \/>\n<script type=\"application\/ld+json\" class=\"yoast-schema-graph\">{\"@context\":\"https:\/\/schema.org\",\"@graph\":[{\"@type\":\"Article\",\"@id\":\"https:\/\/site.avalarabrasil.com.br\/reforma-tributaria\/nota-tecnica-cte-2025-001\/#article\",\"isPartOf\":{\"@id\":\"https:\/\/site.avalarabrasil.com.br\/reforma-tributaria\/nota-tecnica-cte-2025-001\/\"},\"author\":{\"name\":\"Camila Nabosne\",\"@id\":\"https:\/\/site.avalarabrasil.com.br\/reforma-tributaria\/#\/schema\/person\/de5858a1b3c67568fd25d7180083992d\"},\"headline\":\"CT-e, CTE-OS e GTV-e &#8211; Nota T\u00e9cnica 2025.001: Reforma Tribut\u00e1ria do Consumo Vers\u00e3o 1.05a\u00a0\",\"datePublished\":\"2025-06-27T12:25:00+00:00\",\"dateModified\":\"2025-11-17T14:15:22+00:00\",\"mainEntityOfPage\":{\"@id\":\"https:\/\/site.avalarabrasil.com.br\/reforma-tributaria\/nota-tecnica-cte-2025-001\/\"},\"wordCount\":814,\"commentCount\":0,\"publisher\":{\"@id\":\"https:\/\/site.avalarabrasil.com.br\/reforma-tributaria\/#organization\"},\"image\":{\"@id\":\"https:\/\/site.avalarabrasil.com.br\/reforma-tributaria\/nota-tecnica-cte-2025-001\/#primaryimage\"},\"thumbnailUrl\":\"https:\/\/site.avalarabrasil.com.br\/reforma-tributaria\/wp-content\/uploads\/2025\/06\/nota-tecnica-CTe-scaled-1.jpg\",\"articleSection\":[\"Nota t\u00e9cnica\",\"Reforma Tribut\u00e1ria\"],\"inLanguage\":\"pt-BR\",\"potentialAction\":[{\"@type\":\"CommentAction\",\"name\":\"Comment\",\"target\":[\"https:\/\/site.avalarabrasil.com.br\/reforma-tributaria\/nota-tecnica-cte-2025-001\/#respond\"]}]},{\"@type\":\"WebPage\",\"@id\":\"https:\/\/site.avalarabrasil.com.br\/reforma-tributaria\/nota-tecnica-cte-2025-001\/\",\"url\":\"https:\/\/site.avalarabrasil.com.br\/reforma-tributaria\/nota-tecnica-cte-2025-001\/\",\"name\":\"CT-e, CTE-OS e GTV-e - Nota T\u00e9cnica 2025.001: Reforma Tribut\u00e1ria do Consumo Vers\u00e3o 1.05a\u00a0 - Descomplica Reforma Tribut\u00e1ria\",\"isPartOf\":{\"@id\":\"https:\/\/site.avalarabrasil.com.br\/reforma-tributaria\/#website\"},\"primaryImageOfPage\":{\"@id\":\"https:\/\/site.avalarabrasil.com.br\/reforma-tributaria\/nota-tecnica-cte-2025-001\/#primaryimage\"},\"image\":{\"@id\":\"https:\/\/site.avalarabrasil.com.br\/reforma-tributaria\/nota-tecnica-cte-2025-001\/#primaryimage\"},\"thumbnailUrl\":\"https:\/\/site.avalarabrasil.com.br\/reforma-tributaria\/wp-content\/uploads\/2025\/06\/nota-tecnica-CTe-scaled-1.jpg\",\"datePublished\":\"2025-06-27T12:25:00+00:00\",\"dateModified\":\"2025-11-17T14:15:22+00:00\",\"description\":\"Nota t\u00e9cnica CTe 2025.001 v.1.05a corrige datas e refor\u00e7a diretrizes da Reforma Tribut\u00e1ria do Consumo. Confira o que mudou:\",\"breadcrumb\":{\"@id\":\"https:\/\/site.avalarabrasil.com.br\/reforma-tributaria\/nota-tecnica-cte-2025-001\/#breadcrumb\"},\"inLanguage\":\"pt-BR\",\"potentialAction\":[{\"@type\":\"ReadAction\",\"target\":[\"https:\/\/site.avalarabrasil.com.br\/reforma-tributaria\/nota-tecnica-cte-2025-001\/\"]}]},{\"@type\":\"ImageObject\",\"inLanguage\":\"pt-BR\",\"@id\":\"https:\/\/site.avalarabrasil.com.br\/reforma-tributaria\/nota-tecnica-cte-2025-001\/#primaryimage\",\"url\":\"https:\/\/site.avalarabrasil.com.br\/reforma-tributaria\/wp-content\/uploads\/2025\/06\/nota-tecnica-CTe-scaled-1.jpg\",\"contentUrl\":\"https:\/\/site.avalarabrasil.com.br\/reforma-tributaria\/wp-content\/uploads\/2025\/06\/nota-tecnica-CTe-scaled-1.jpg\",\"width\":2560,\"height\":1707,\"caption\":\"nota t\u00e9cnica CTe\"},{\"@type\":\"BreadcrumbList\",\"@id\":\"https:\/\/site.avalarabrasil.com.br\/reforma-tributaria\/nota-tecnica-cte-2025-001\/#breadcrumb\",\"itemListElement\":[{\"@type\":\"ListItem\",\"position\":1,\"name\":\"In\u00edcio\",\"item\":\"https:\/\/site.avalarabrasil.com.br\/reforma-tributaria\/\"},{\"@type\":\"ListItem\",\"position\":2,\"name\":\"CT-e, CTE-OS e GTV-e &#8211; Nota T\u00e9cnica 2025.001: Reforma Tribut\u00e1ria do Consumo Vers\u00e3o 1.05a\u00a0\"}]},{\"@type\":\"WebSite\",\"@id\":\"https:\/\/site.avalarabrasil.com.br\/reforma-tributaria\/#website\",\"url\":\"https:\/\/site.avalarabrasil.com.br\/reforma-tributaria\/\",\"name\":\"Descomplica Reforma Tribut\u00e1ria\",\"description\":\"Entenda o impacto da Reforma Tribut\u00e1ria no seu neg\u00f3cio. No Descomplica Reforma Tribut\u00e1ria, voc\u00ea encontra not\u00edcias, legisla\u00e7\u00e3o e orienta\u00e7\u00f5es pr\u00e1ticas para empresas.\",\"publisher\":{\"@id\":\"https:\/\/site.avalarabrasil.com.br\/reforma-tributaria\/#organization\"},\"alternateName\":\"Reforma Tribut\u00e1ria Avalara\",\"potentialAction\":[{\"@type\":\"SearchAction\",\"target\":{\"@type\":\"EntryPoint\",\"urlTemplate\":\"https:\/\/site.avalarabrasil.com.br\/reforma-tributaria\/?s={search_term_string}\"},\"query-input\":{\"@type\":\"PropertyValueSpecification\",\"valueRequired\":true,\"valueName\":\"search_term_string\"}}],\"inLanguage\":\"pt-BR\"},{\"@type\":\"Organization\",\"@id\":\"https:\/\/site.avalarabrasil.com.br\/reforma-tributaria\/#organization\",\"name\":\"Descomplica Reforma Tribut\u00e1ria\",\"url\":\"https:\/\/site.avalarabrasil.com.br\/reforma-tributaria\/\",\"logo\":{\"@type\":\"ImageObject\",\"inLanguage\":\"pt-BR\",\"@id\":\"https:\/\/site.avalarabrasil.com.br\/reforma-tributaria\/#\/schema\/logo\/image\/\",\"url\":\"https:\/\/site.avalarabrasil.com.br\/reforma-tributaria\/wp-content\/uploads\/2025\/11\/avalara.png\",\"contentUrl\":\"https:\/\/site.avalarabrasil.com.br\/reforma-tributaria\/wp-content\/uploads\/2025\/11\/avalara.png\",\"width\":1200,\"height\":675,\"caption\":\"Descomplica Reforma Tribut\u00e1ria\"},\"image\":{\"@id\":\"https:\/\/site.avalarabrasil.com.br\/reforma-tributaria\/#\/schema\/logo\/image\/\"}},{\"@type\":\"Person\",\"@id\":\"https:\/\/site.avalarabrasil.com.br\/reforma-tributaria\/#\/schema\/person\/de5858a1b3c67568fd25d7180083992d\",\"name\":\"Camila Nabosne\",\"image\":{\"@type\":\"ImageObject\",\"inLanguage\":\"pt-BR\",\"@id\":\"https:\/\/site.avalarabrasil.com.br\/reforma-tributaria\/#\/schema\/person\/image\/\",\"url\":\"https:\/\/site.avalarabrasil.com.br\/reforma-tributaria\/wp-content\/litespeed\/avatar\/0a8eaaf31c4400af2573088d03d0fcb5.jpg?ver=1777386826\",\"contentUrl\":\"https:\/\/site.avalarabrasil.com.br\/reforma-tributaria\/wp-content\/litespeed\/avatar\/0a8eaaf31c4400af2573088d03d0fcb5.jpg?ver=1777386826\",\"caption\":\"Camila Nabosne\"},\"url\":\"https:\/\/site.avalarabrasil.com.br\/reforma-tributaria\/author\/camila-nabosne\/\"}]}<\/script>\n<!-- \/ Yoast SEO plugin. -->","yoast_head_json":{"title":"CT-e, CTE-OS e GTV-e - Nota T\u00e9cnica 2025.001: Reforma Tribut\u00e1ria do Consumo Vers\u00e3o 1.05a\u00a0 - Descomplica Reforma Tribut\u00e1ria","description":"Nota t\u00e9cnica CTe 2025.001 v.1.05a corrige datas e refor\u00e7a diretrizes da Reforma Tribut\u00e1ria do Consumo. Confira o que mudou:","robots":{"index":"index","follow":"follow","max-snippet":"max-snippet:-1","max-image-preview":"max-image-preview:large","max-video-preview":"max-video-preview:-1"},"canonical":"https:\/\/site.avalarabrasil.com.br\/reforma-tributaria\/nota-tecnica-cte-2025-001\/","og_locale":"pt_BR","og_type":"article","og_title":"CT-e, CTE-OS e GTV-e - Nota T\u00e9cnica 2025.001: Reforma Tribut\u00e1ria do Consumo Vers\u00e3o 1.05a\u00a0 - Descomplica Reforma Tribut\u00e1ria","og_description":"Nota t\u00e9cnica CTe 2025.001 v.1.05a corrige datas e refor\u00e7a diretrizes da Reforma Tribut\u00e1ria do Consumo. Confira o que mudou:","og_url":"https:\/\/site.avalarabrasil.com.br\/reforma-tributaria\/nota-tecnica-cte-2025-001\/","og_site_name":"Descomplica Reforma Tribut\u00e1ria","article_published_time":"2025-06-27T12:25:00+00:00","article_modified_time":"2025-11-17T14:15:22+00:00","og_image":[{"width":2560,"height":1707,"url":"https:\/\/site.avalarabrasil.com.br\/reforma-tributaria\/wp-content\/uploads\/2025\/06\/nota-tecnica-CTe-scaled-1.jpg","type":"image\/jpeg"}],"author":"Camila Nabosne","twitter_card":"summary_large_image","twitter_misc":{"Escrito por":"Camila Nabosne","Est. tempo de leitura":"4 minutos"},"schema":{"@context":"https:\/\/schema.org","@graph":[{"@type":"Article","@id":"https:\/\/site.avalarabrasil.com.br\/reforma-tributaria\/nota-tecnica-cte-2025-001\/#article","isPartOf":{"@id":"https:\/\/site.avalarabrasil.com.br\/reforma-tributaria\/nota-tecnica-cte-2025-001\/"},"author":{"name":"Camila Nabosne","@id":"https:\/\/site.avalarabrasil.com.br\/reforma-tributaria\/#\/schema\/person\/de5858a1b3c67568fd25d7180083992d"},"headline":"CT-e, CTE-OS e GTV-e &#8211; Nota T\u00e9cnica 2025.001: Reforma Tribut\u00e1ria do Consumo Vers\u00e3o 1.05a\u00a0","datePublished":"2025-06-27T12:25:00+00:00","dateModified":"2025-11-17T14:15:22+00:00","mainEntityOfPage":{"@id":"https:\/\/site.avalarabrasil.com.br\/reforma-tributaria\/nota-tecnica-cte-2025-001\/"},"wordCount":814,"commentCount":0,"publisher":{"@id":"https:\/\/site.avalarabrasil.com.br\/reforma-tributaria\/#organization"},"image":{"@id":"https:\/\/site.avalarabrasil.com.br\/reforma-tributaria\/nota-tecnica-cte-2025-001\/#primaryimage"},"thumbnailUrl":"https:\/\/site.avalarabrasil.com.br\/reforma-tributaria\/wp-content\/uploads\/2025\/06\/nota-tecnica-CTe-scaled-1.jpg","articleSection":["Nota t\u00e9cnica","Reforma Tribut\u00e1ria"],"inLanguage":"pt-BR","potentialAction":[{"@type":"CommentAction","name":"Comment","target":["https:\/\/site.avalarabrasil.com.br\/reforma-tributaria\/nota-tecnica-cte-2025-001\/#respond"]}]},{"@type":"WebPage","@id":"https:\/\/site.avalarabrasil.com.br\/reforma-tributaria\/nota-tecnica-cte-2025-001\/","url":"https:\/\/site.avalarabrasil.com.br\/reforma-tributaria\/nota-tecnica-cte-2025-001\/","name":"CT-e, CTE-OS e GTV-e - Nota T\u00e9cnica 2025.001: Reforma Tribut\u00e1ria do Consumo Vers\u00e3o 1.05a\u00a0 - Descomplica Reforma Tribut\u00e1ria","isPartOf":{"@id":"https:\/\/site.avalarabrasil.com.br\/reforma-tributaria\/#website"},"primaryImageOfPage":{"@id":"https:\/\/site.avalarabrasil.com.br\/reforma-tributaria\/nota-tecnica-cte-2025-001\/#primaryimage"},"image":{"@id":"https:\/\/site.avalarabrasil.com.br\/reforma-tributaria\/nota-tecnica-cte-2025-001\/#primaryimage"},"thumbnailUrl":"https:\/\/site.avalarabrasil.com.br\/reforma-tributaria\/wp-content\/uploads\/2025\/06\/nota-tecnica-CTe-scaled-1.jpg","datePublished":"2025-06-27T12:25:00+00:00","dateModified":"2025-11-17T14:15:22+00:00","description":"Nota t\u00e9cnica CTe 2025.001 v.1.05a corrige datas e refor\u00e7a diretrizes da Reforma Tribut\u00e1ria do Consumo. Confira o que mudou:","breadcrumb":{"@id":"https:\/\/site.avalarabrasil.com.br\/reforma-tributaria\/nota-tecnica-cte-2025-001\/#breadcrumb"},"inLanguage":"pt-BR","potentialAction":[{"@type":"ReadAction","target":["https:\/\/site.avalarabrasil.com.br\/reforma-tributaria\/nota-tecnica-cte-2025-001\/"]}]},{"@type":"ImageObject","inLanguage":"pt-BR","@id":"https:\/\/site.avalarabrasil.com.br\/reforma-tributaria\/nota-tecnica-cte-2025-001\/#primaryimage","url":"https:\/\/site.avalarabrasil.com.br\/reforma-tributaria\/wp-content\/uploads\/2025\/06\/nota-tecnica-CTe-scaled-1.jpg","contentUrl":"https:\/\/site.avalarabrasil.com.br\/reforma-tributaria\/wp-content\/uploads\/2025\/06\/nota-tecnica-CTe-scaled-1.jpg","width":2560,"height":1707,"caption":"nota t\u00e9cnica CTe"},{"@type":"BreadcrumbList","@id":"https:\/\/site.avalarabrasil.com.br\/reforma-tributaria\/nota-tecnica-cte-2025-001\/#breadcrumb","itemListElement":[{"@type":"ListItem","position":1,"name":"In\u00edcio","item":"https:\/\/site.avalarabrasil.com.br\/reforma-tributaria\/"},{"@type":"ListItem","position":2,"name":"CT-e, CTE-OS e GTV-e &#8211; Nota T\u00e9cnica 2025.001: Reforma Tribut\u00e1ria do Consumo Vers\u00e3o 1.05a\u00a0"}]},{"@type":"WebSite","@id":"https:\/\/site.avalarabrasil.com.br\/reforma-tributaria\/#website","url":"https:\/\/site.avalarabrasil.com.br\/reforma-tributaria\/","name":"Descomplica Reforma Tribut\u00e1ria","description":"Entenda o impacto da Reforma Tribut\u00e1ria no seu neg\u00f3cio. No Descomplica Reforma Tribut\u00e1ria, voc\u00ea encontra not\u00edcias, legisla\u00e7\u00e3o e orienta\u00e7\u00f5es pr\u00e1ticas para empresas.","publisher":{"@id":"https:\/\/site.avalarabrasil.com.br\/reforma-tributaria\/#organization"},"alternateName":"Reforma Tribut\u00e1ria Avalara","potentialAction":[{"@type":"SearchAction","target":{"@type":"EntryPoint","urlTemplate":"https:\/\/site.avalarabrasil.com.br\/reforma-tributaria\/?s={search_term_string}"},"query-input":{"@type":"PropertyValueSpecification","valueRequired":true,"valueName":"search_term_string"}}],"inLanguage":"pt-BR"},{"@type":"Organization","@id":"https:\/\/site.avalarabrasil.com.br\/reforma-tributaria\/#organization","name":"Descomplica Reforma Tribut\u00e1ria","url":"https:\/\/site.avalarabrasil.com.br\/reforma-tributaria\/","logo":{"@type":"ImageObject","inLanguage":"pt-BR","@id":"https:\/\/site.avalarabrasil.com.br\/reforma-tributaria\/#\/schema\/logo\/image\/","url":"https:\/\/site.avalarabrasil.com.br\/reforma-tributaria\/wp-content\/uploads\/2025\/11\/avalara.png","contentUrl":"https:\/\/site.avalarabrasil.com.br\/reforma-tributaria\/wp-content\/uploads\/2025\/11\/avalara.png","width":1200,"height":675,"caption":"Descomplica Reforma Tribut\u00e1ria"},"image":{"@id":"https:\/\/site.avalarabrasil.com.br\/reforma-tributaria\/#\/schema\/logo\/image\/"}},{"@type":"Person","@id":"https:\/\/site.avalarabrasil.com.br\/reforma-tributaria\/#\/schema\/person\/de5858a1b3c67568fd25d7180083992d","name":"Camila Nabosne","image":{"@type":"ImageObject","inLanguage":"pt-BR","@id":"https:\/\/site.avalarabrasil.com.br\/reforma-tributaria\/#\/schema\/person\/image\/","url":"https:\/\/site.avalarabrasil.com.br\/reforma-tributaria\/wp-content\/litespeed\/avatar\/0a8eaaf31c4400af2573088d03d0fcb5.jpg?ver=1777386826","contentUrl":"https:\/\/site.avalarabrasil.com.br\/reforma-tributaria\/wp-content\/litespeed\/avatar\/0a8eaaf31c4400af2573088d03d0fcb5.jpg?ver=1777386826","caption":"Camila Nabosne"},"url":"https:\/\/site.avalarabrasil.com.br\/reforma-tributaria\/author\/camila-nabosne\/"}]}},"_links":{"self":[{"href":"https:\/\/site.avalarabrasil.com.br\/reforma-tributaria\/wp-json\/wp\/v2\/posts\/14977","targetHints":{"allow":["GET"]}}],"collection":[{"href":"https:\/\/site.avalarabrasil.com.br\/reforma-tributaria\/wp-json\/wp\/v2\/posts"}],"about":[{"href":"https:\/\/site.avalarabrasil.com.br\/reforma-tributaria\/wp-json\/wp\/v2\/types\/post"}],"author":[{"embeddable":true,"href":"https:\/\/site.avalarabrasil.com.br\/reforma-tributaria\/wp-json\/wp\/v2\/users\/2"}],"replies":[{"embeddable":true,"href":"https:\/\/site.avalarabrasil.com.br\/reforma-tributaria\/wp-json\/wp\/v2\/comments?post=14977"}],"version-history":[{"count":1,"href":"https:\/\/site.avalarabrasil.com.br\/reforma-tributaria\/wp-json\/wp\/v2\/posts\/14977\/revisions"}],"predecessor-version":[{"id":15570,"href":"https:\/\/site.avalarabrasil.com.br\/reforma-tributaria\/wp-json\/wp\/v2\/posts\/14977\/revisions\/15570"}],"wp:featuredmedia":[{"embeddable":true,"href":"https:\/\/site.avalarabrasil.com.br\/reforma-tributaria\/wp-json\/wp\/v2\/media\/14979"}],"wp:attachment":[{"href":"https:\/\/site.avalarabrasil.com.br\/reforma-tributaria\/wp-json\/wp\/v2\/media?parent=14977"}],"wp:term":[{"taxonomy":"category","embeddable":true,"href":"https:\/\/site.avalarabrasil.com.br\/reforma-tributaria\/wp-json\/wp\/v2\/categories?post=14977"},{"taxonomy":"post_tag","embeddable":true,"href":"https:\/\/site.avalarabrasil.com.br\/reforma-tributaria\/wp-json\/wp\/v2\/tags?post=14977"}],"curies":[{"name":"wp","href":"https:\/\/api.w.org\/{rel}","templated":true}]}}