{"id":15022,"date":"2025-07-09T08:30:00","date_gmt":"2025-07-09T11:30:00","guid":{"rendered":"https:\/\/oobj.com.br\/?p=15022"},"modified":"2025-07-09T08:30:00","modified_gmt":"2025-07-09T11:30:00","slug":"reforma-tributaria-industria","status":"publish","type":"post","link":"https:\/\/site.avalarabrasil.com.br\/reforma-tributaria\/reforma-tributaria-industria\/","title":{"rendered":"Ind\u00fastria em alerta: pontos da Reforma Tribut\u00e1ria que voc\u00ea precisa dominar"},"content":{"rendered":"\n<p>A ind\u00fastria brasileira est\u00e1 diante de um momento decisivo. Ap\u00f3s d\u00e9cadas de debates, a Reforma Tribut\u00e1ria foi aprovada pela Emenda Constitucional n\u00ba 132\/2023 e regulamentada pela Lei Complementar n\u00ba 214\/2025 com promessas de simplifica\u00e7\u00e3o, transpar\u00eancia e moderniza\u00e7\u00e3o do sistema fiscal. No entanto, as transforma\u00e7\u00f5es propostas n\u00e3o afetam todos os setores da mesma forma e a ind\u00fastria est\u00e1 no centro desse novo cen\u00e1rio.<\/p>\n\n\n\n<p>Ainda que a simplifica\u00e7\u00e3o do sistema e a substitui\u00e7\u00e3o de tributos por um IVA Dual tragam perspectivas animadoras, o per\u00edodo de transi\u00e7\u00e3o, os detalhes regulat\u00f3rios em aberto e as particularidades do Imposto Seletivo exigem aten\u00e7\u00e3o redobrada.&nbsp;<\/p>\n\n\n\n<p>Neste artigo, voc\u00ea ver\u00e1 os principais pontos da reforma para o setor industrial, destacando o que muda na pr\u00e1tica, os riscos envolvidos e como sua empresa pode se preparar.<\/p>\n\n\n\n<h2 class=\"wp-block-heading\">O que muda com a Reforma Tribut\u00e1ria?<\/h2>\n\n\n\n<p>A principal mudan\u00e7a \u00e9 a substitui\u00e7\u00e3o de cinco tributos (PIS, Cofins, IPI, ICMS e ISS) por dois novos: a CBS (Contribui\u00e7\u00e3o sobre Bens e Servi\u00e7os, de compet\u00eancia federal) e o IBS (Imposto sobre Bens e Servi\u00e7os, de compet\u00eancias estadual e municipal). Ambos comp\u00f5em o IVA Dual, um modelo adotado em diversos pa\u00edses que promete mitigar distor\u00e7\u00f5es hist\u00f3ricas no sistema tribut\u00e1rio brasileiro, como a tributa\u00e7\u00e3o em cascata e a guerra fiscal entre estados.<\/p>\n\n\n\n<p>Al\u00e9m disso, o novo sistema inclui o Imposto Seletivo (IS), voltado a produtos prejudiciais \u00e0 sa\u00fade e ao meio ambiente. Cigarros, bebidas alco\u00f3licas, pesticidas e alimentos ultraprocessados est\u00e3o entre os itens que devem ser taxados de forma adicional, o que pode afetar diretamente alguns segmentos industriais.<\/p>\n\n\n\n<h2 class=\"wp-block-heading\">O fim da cumulatividade e o cr\u00e9dito integral&nbsp;<\/h2>\n\n\n\n<p>A n\u00e3o cumulatividade \u00e9 um dos pilares do novo sistema, permitindo que cada etapa da cadeia produtiva gere cr\u00e9ditos tribut\u00e1rios a serem compensados posteriormente. Para as ind\u00fastrias, isso significa a possibilidade de recuperar o imposto pago nas compras de insumos, uma mudan\u00e7a que tende a reduzir o custo final dos produtos industrializados e aumentar a competitividade nacional e internacional.<\/p>\n\n\n\n<p>No entanto, essa l\u00f3gica n\u00e3o se aplica com a mesma for\u00e7a \u00e0s empresas optantes pelo Simples Nacional. A nova legisla\u00e7\u00e3o limita a transfer\u00eancia de cr\u00e9ditos tribut\u00e1rios dessas empresas para os seus clientes, o que pode reduzir sua atratividade comercial e, em alguns casos, aumentar sua carga fiscal. Se antes o cr\u00e9dito de PIS\/Cofins era de 9,25%, agora ser\u00e1 de cerca de 7% para IBS e CBS, uma perda importante de competitividade.<\/p>\n\n\n\n<p>Al\u00e9m disso, as empresas do Simples que optarem por oferecer o cr\u00e9dito integral precisar\u00e3o sair do regime e assumir uma al\u00edquota padr\u00e3o de 26,5%, desestimulando sua perman\u00eancia no modelo simplificado.<\/p>\n\n\n\n<p>Por\u00e9m, as al\u00edquotas finais ainda podem sofrer ajustes na regulamenta\u00e7\u00e3o, sendo necess\u00e1rio o acompanhamento constante nas atualiza\u00e7\u00f5es sobre a Reforma Tribut\u00e1ria.&nbsp;<\/p>\n\n\n\n<h2 class=\"wp-block-heading\">Imposto Seletivo: o novo desafio regulat\u00f3rio<\/h2>\n\n\n\n<p>O Imposto Seletivo busca desencorajar o consumo de produtos que afetam negativamente a sa\u00fade p\u00fablica ou o meio ambiente. A princ\u00edpio, a lista inclui cigarros, bebidas alco\u00f3licas e alimentos ultraprocessados, mas a defini\u00e7\u00e3o completa ainda depende de regulamenta\u00e7\u00e3o complementar.<\/p>\n\n\n\n<p>Na pr\u00e1tica, isso significa que empresas que operam com esses produtos precisar\u00e3o conviver com uma carga tribut\u00e1ria adicional, al\u00e9m do IVA. A al\u00edquota exata e os crit\u00e9rios de incid\u00eancia ainda est\u00e3o em aberto, o que gera inseguran\u00e7a jur\u00eddica e dificulta o planejamento de m\u00e9dio e longo prazo.<\/p>\n\n\n\n<p>\u00c9 importante que essas ind\u00fastrias acompanhem de perto a regulamenta\u00e7\u00e3o do IS, por que ele ainda ser\u00e1 regulamentado por leis complementares espec\u00edficas, podendo afetar prazos e defini\u00e7\u00f5es, para antecipar impactos financeiros e ajustar sua precifica\u00e7\u00e3o, margens e estrat\u00e9gias operacionais.<\/p>\n\n\n\n<h2 class=\"wp-block-heading\">Transi\u00e7\u00e3o e adapta\u00e7\u00e3o tecnol\u00f3gica: uma corrida contra o tempo<\/h2>\n\n\n\n<p>A implementa\u00e7\u00e3o total da reforma est\u00e1 prevista para 2033, mas o processo come\u00e7a j\u00e1 em 2026, com um per\u00edodo de transi\u00e7\u00e3o que exigir\u00e1 das empresas a gest\u00e3o simult\u00e2nea de dois sistemas tribut\u00e1rios. Isso representa um enorme desafio operacional, principalmente para ind\u00fastrias, com grande volume de opera\u00e7\u00f5es interestaduais, muitas delas ainda dependentes de processos manuais.<\/p>\n\n\n\n<p>Al\u00e9m disso, a ado\u00e7\u00e3o do novo sistema exigir\u00e1 moderniza\u00e7\u00e3o de sistemas ERP, integra\u00e7\u00e3o cont\u00e1bil e automa\u00e7\u00e3o fiscal. Investimentos em tecnologia ser\u00e3o inevit\u00e1veis para garantir a conformidade e otimizar o aproveitamento de cr\u00e9ditos. A adapta\u00e7\u00e3o bem-sucedida ao IVA depende diretamente da capacidade de capturar, classificar e tratar dados fiscais em tempo real.<\/p>\n\n\n\n<h2 class=\"wp-block-heading\">Benef\u00edcios esperados para as ind\u00fastrias<\/h2>\n\n\n\n<p>Apesar dos desafios, a reforma tem o potencial de melhorar significativamente o ambiente de neg\u00f3cios para a ind\u00fastria. A al\u00edquota m\u00e1xima de 27,3% para o IVA \u00e9 inferior \u00e0 carga m\u00e9dia atual (que gira em torno de 30% a 42% do faturamento industrial), o que representa um al\u00edvio fiscal relevante. Com isso, o setor pode ganhar f\u00f4lego para investir, exportar e crescer.<\/p>\n\n\n\n<p>Outros benef\u00edcios incluem:<\/p>\n\n\n\n<ul class=\"wp-block-list\">\n<li>Fim da guerra fiscal entre estados;<\/li>\n\n\n\n<li>Simplifica\u00e7\u00e3o burocr\u00e1tica;<\/li>\n\n\n\n<li>Maior previsibilidade no fluxo de caixa com compensa\u00e7\u00e3o de cr\u00e9ditos;<\/li>\n\n\n\n<li>Ambiente mais atrativo para investidores estrangeiros;<\/li>\n\n\n\n<li>Est\u00edmulo \u00e0 formaliza\u00e7\u00e3o e competitividade global.<br><\/li>\n<\/ul>\n\n\n\n<p>Contudo, \u00e9 preciso frisar que tais benef\u00edcios s\u00f3 se concretizar\u00e3o se as empresas estiverem preparadas para as mudan\u00e7as.<\/p>\n\n\n\n<h2 class=\"wp-block-heading\">Como sua ind\u00fastria pode se antecipar?<\/h2>\n\n\n\n<p>A prepara\u00e7\u00e3o para a reforma tribut\u00e1ria come\u00e7a agora. A complexidade da transi\u00e7\u00e3o, que se estender\u00e1 at\u00e9 2033, com avalia\u00e7\u00f5es peri\u00f3dicas a cada cinco anos previstas na legisla\u00e7\u00e3o, exige planejamento tribut\u00e1rio, atualiza\u00e7\u00e3o tecnol\u00f3gica e capacita\u00e7\u00e3o interna. Empresas que ainda n\u00e3o mapearam seus processos fiscais devem faz\u00ea-lo com urg\u00eancia. Ferramentas especializadas e suporte t\u00e9cnico ser\u00e3o aliados essenciais nesse caminho.<\/p>\n\n\n\n<p>Al\u00e9m disso, acompanhar de perto a regulamenta\u00e7\u00e3o no Congresso Nacional ser\u00e1 determinante para identificar riscos, oportunidades e ajustes necess\u00e1rios, especialmente para empresas que lidam com produtos sens\u00edveis ao Imposto Seletivo.<\/p>\n\n\n\n<h2 class=\"wp-block-heading\">Prepare sua ind\u00fastria com a Avalara<\/h2>\n\n\n\n<p>A Avalara oferece solu\u00e7\u00f5es completas de automa\u00e7\u00e3o fiscal, gest\u00e3o de documentos eletr\u00f4nicos e compliance tribut\u00e1rio que ajudam sua empresa a enfrentar os desafios da Reforma Tribut\u00e1ria com seguran\u00e7a e agilidade.<\/p>\n\n\n\n<ul class=\"wp-block-list\">\n<li><strong>Tax Compliance:<\/strong> apura\u00e7\u00e3o correta no novo modelo do IVA e do Imposto Seletivo;<\/li>\n\n\n\n<li><strong>Mensageria DF-e:<\/strong> emiss\u00e3o de documentos fiscais com agilidade e seguran\u00e7a jur\u00eddica;<\/li>\n\n\n\n<li><strong>Tax Docs Monitor:<\/strong> automa\u00e7\u00e3o no recebimento, confer\u00eancia e armazenamento de documentos fiscais de entrada;<\/li>\n\n\n\n<li><strong>AvaTax Brasil: <\/strong>c\u00e1lculo automatizado de tributos em tempo real, incluindo o novo modelo de CBS e IBS;<\/li>\n\n\n\n<li><strong>BPO Fiscal:<\/strong> especialistas que cuidam do seu compliance, enquanto voc\u00ea foca no core business;<\/li>\n\n\n\n<li><strong>Solu\u00e7\u00f5es embarcadas:<\/strong> por meio da \u00e1rea de Business Development, a Avalara integra suas solu\u00e7\u00f5es diretamente aos principais ERPs do mercado, como SAP e Oracle, com conectores nativos e alta escalabilidade.<\/li>\n<\/ul>\n\n\n\n<p>Antecipe-se \u00e0 Reforma Tribut\u00e1ria com quem entende de compliance fiscal. Conhe\u00e7a as solu\u00e7\u00f5es da Avalara que podem impulsionar sua ind\u00fastria neste novo cen\u00e1rio tribut\u00e1rio.<\/p>\n\n\n\n<style>\n  .custom-button {\n    font-family: \"Source Sans 3\", sans-serif;\n    background-color: #Fa6400;\n    color: #FFFFFF;\n    border: none;\n    border-radius: 20px;\n    padding: 12px;\n    font-size: 14px;\n    font-weight: bold;\n    text-align: center;\n    letter-spacing: normal;\n    display: block;\n    text-decoration: none;\n    width: fit-content;\n    margin: 0 auto;\n  }\n  .custom-button:hover {\n    background-color: #Fa6400;\n  }\n  .button-container {\n    text-align: center;\n  }\n<\/style>\n<div class=\"button-container\">\n  <a href=\"https:\/\/www.avalara.com\/br\/pt\/index.html\/?ref=avl-reforma-tributaria\" class=\"custom-button\">\n    \u3164Saiba mais\u3164\n  <\/a>\n<\/div>\n","protected":false},"excerpt":{"rendered":"<p>A ind\u00fastria brasileira est\u00e1 diante de um momento decisivo. Ap\u00f3s d\u00e9cadas de debates, a Reforma Tribut\u00e1ria foi aprovada pela Emenda Constitucional n\u00ba 132\/2023 e regulamentada [&hellip;]<\/p>\n","protected":false},"author":3,"featured_media":15025,"comment_status":"open","ping_status":"open","sticky":false,"template":"","format":"standard","meta":{"footnotes":""},"categories":[3],"tags":[],"class_list":["post-15022","post","type-post","status-publish","format-standard","has-post-thumbnail","hentry","category-reforma-tributaria"],"yoast_head":"<!-- This site is optimized with the Yoast SEO plugin v27.0 - https:\/\/yoast.com\/product\/yoast-seo-wordpress\/ -->\n<title>Ind\u00fastria em alerta: pontos da Reforma Tribut\u00e1ria que voc\u00ea precisa dominar<\/title>\n<meta name=\"description\" content=\"Confira os principais pontos da reforma tribut\u00e1ria na ind\u00fastria, destacando o que muda, os riscos e como sua empresa pode se preparar.\" \/>\n<meta name=\"robots\" content=\"index, follow, max-snippet:-1, max-image-preview:large, max-video-preview:-1\" \/>\n<link rel=\"canonical\" href=\"https:\/\/site.avalarabrasil.com.br\/reforma-tributaria\/reforma-tributaria-industria\/\" \/>\n<meta property=\"og:locale\" content=\"pt_BR\" \/>\n<meta property=\"og:type\" content=\"article\" \/>\n<meta property=\"og:title\" content=\"Ind\u00fastria em alerta: pontos da Reforma Tribut\u00e1ria que voc\u00ea precisa dominar\" \/>\n<meta property=\"og:description\" content=\"Confira os principais pontos da reforma tribut\u00e1ria na ind\u00fastria, destacando o que muda, os riscos e como sua empresa pode se preparar.\" \/>\n<meta property=\"og:url\" content=\"https:\/\/site.avalarabrasil.com.br\/reforma-tributaria\/reforma-tributaria-industria\/\" \/>\n<meta property=\"og:site_name\" content=\"Descomplica Reforma Tribut\u00e1ria\" \/>\n<meta property=\"article:published_time\" content=\"2025-07-09T11:30:00+00:00\" \/>\n<meta property=\"og:image\" content=\"https:\/\/site.avalarabrasil.com.br\/reforma-tributaria\/wp-content\/uploads\/2025\/06\/interior-de-oficina-de-fabrica-e-maquinas-em-fundo-de-producao-de-vidro-scaled-1.jpg\" \/>\n\t<meta property=\"og:image:width\" content=\"2560\" \/>\n\t<meta property=\"og:image:height\" content=\"1707\" \/>\n\t<meta property=\"og:image:type\" content=\"image\/jpeg\" \/>\n<meta name=\"author\" content=\"Marianna Moreno\" \/>\n<meta name=\"twitter:card\" content=\"summary_large_image\" \/>\n<meta name=\"twitter:label1\" content=\"Escrito por\" \/>\n\t<meta name=\"twitter:data1\" content=\"Marianna Moreno\" \/>\n\t<meta name=\"twitter:label2\" content=\"Est. tempo de leitura\" \/>\n\t<meta name=\"twitter:data2\" content=\"7 minutos\" \/>\n<script type=\"application\/ld+json\" class=\"yoast-schema-graph\">{\"@context\":\"https:\/\/schema.org\",\"@graph\":[{\"@type\":\"Article\",\"@id\":\"https:\/\/site.avalarabrasil.com.br\/reforma-tributaria\/reforma-tributaria-industria\/#article\",\"isPartOf\":{\"@id\":\"https:\/\/site.avalarabrasil.com.br\/reforma-tributaria\/reforma-tributaria-industria\/\"},\"author\":{\"name\":\"Marianna Moreno\",\"@id\":\"https:\/\/site.avalarabrasil.com.br\/reforma-tributaria\/#\/schema\/person\/bd8270bd11b337a8420d96641bfd1dc7\"},\"headline\":\"Ind\u00fastria em alerta: pontos da Reforma Tribut\u00e1ria que voc\u00ea precisa dominar\",\"datePublished\":\"2025-07-09T11:30:00+00:00\",\"mainEntityOfPage\":{\"@id\":\"https:\/\/site.avalarabrasil.com.br\/reforma-tributaria\/reforma-tributaria-industria\/\"},\"wordCount\":1226,\"commentCount\":0,\"publisher\":{\"@id\":\"https:\/\/site.avalarabrasil.com.br\/reforma-tributaria\/#organization\"},\"image\":{\"@id\":\"https:\/\/site.avalarabrasil.com.br\/reforma-tributaria\/reforma-tributaria-industria\/#primaryimage\"},\"thumbnailUrl\":\"https:\/\/site.avalarabrasil.com.br\/reforma-tributaria\/wp-content\/uploads\/2025\/06\/interior-de-oficina-de-fabrica-e-maquinas-em-fundo-de-producao-de-vidro-scaled-1.jpg\",\"articleSection\":[\"Reforma Tribut\u00e1ria\"],\"inLanguage\":\"pt-BR\",\"potentialAction\":[{\"@type\":\"CommentAction\",\"name\":\"Comment\",\"target\":[\"https:\/\/site.avalarabrasil.com.br\/reforma-tributaria\/reforma-tributaria-industria\/#respond\"]}]},{\"@type\":\"WebPage\",\"@id\":\"https:\/\/site.avalarabrasil.com.br\/reforma-tributaria\/reforma-tributaria-industria\/\",\"url\":\"https:\/\/site.avalarabrasil.com.br\/reforma-tributaria\/reforma-tributaria-industria\/\",\"name\":\"Ind\u00fastria em alerta: pontos da Reforma Tribut\u00e1ria que voc\u00ea precisa dominar\",\"isPartOf\":{\"@id\":\"https:\/\/site.avalarabrasil.com.br\/reforma-tributaria\/#website\"},\"primaryImageOfPage\":{\"@id\":\"https:\/\/site.avalarabrasil.com.br\/reforma-tributaria\/reforma-tributaria-industria\/#primaryimage\"},\"image\":{\"@id\":\"https:\/\/site.avalarabrasil.com.br\/reforma-tributaria\/reforma-tributaria-industria\/#primaryimage\"},\"thumbnailUrl\":\"https:\/\/site.avalarabrasil.com.br\/reforma-tributaria\/wp-content\/uploads\/2025\/06\/interior-de-oficina-de-fabrica-e-maquinas-em-fundo-de-producao-de-vidro-scaled-1.jpg\",\"datePublished\":\"2025-07-09T11:30:00+00:00\",\"description\":\"Confira os principais pontos da reforma tribut\u00e1ria na ind\u00fastria, destacando o que muda, os riscos e como sua empresa pode se preparar.\",\"breadcrumb\":{\"@id\":\"https:\/\/site.avalarabrasil.com.br\/reforma-tributaria\/reforma-tributaria-industria\/#breadcrumb\"},\"inLanguage\":\"pt-BR\",\"potentialAction\":[{\"@type\":\"ReadAction\",\"target\":[\"https:\/\/site.avalarabrasil.com.br\/reforma-tributaria\/reforma-tributaria-industria\/\"]}]},{\"@type\":\"ImageObject\",\"inLanguage\":\"pt-BR\",\"@id\":\"https:\/\/site.avalarabrasil.com.br\/reforma-tributaria\/reforma-tributaria-industria\/#primaryimage\",\"url\":\"https:\/\/site.avalarabrasil.com.br\/reforma-tributaria\/wp-content\/uploads\/2025\/06\/interior-de-oficina-de-fabrica-e-maquinas-em-fundo-de-producao-de-vidro-scaled-1.jpg\",\"contentUrl\":\"https:\/\/site.avalarabrasil.com.br\/reforma-tributaria\/wp-content\/uploads\/2025\/06\/interior-de-oficina-de-fabrica-e-maquinas-em-fundo-de-producao-de-vidro-scaled-1.jpg\",\"width\":2560,\"height\":1707,\"caption\":\"reforma tribut\u00e1ria ind\u00fastria\"},{\"@type\":\"BreadcrumbList\",\"@id\":\"https:\/\/site.avalarabrasil.com.br\/reforma-tributaria\/reforma-tributaria-industria\/#breadcrumb\",\"itemListElement\":[{\"@type\":\"ListItem\",\"position\":1,\"name\":\"In\u00edcio\",\"item\":\"https:\/\/site.avalarabrasil.com.br\/reforma-tributaria\/\"},{\"@type\":\"ListItem\",\"position\":2,\"name\":\"Ind\u00fastria em alerta: pontos da Reforma Tribut\u00e1ria que voc\u00ea precisa dominar\"}]},{\"@type\":\"WebSite\",\"@id\":\"https:\/\/site.avalarabrasil.com.br\/reforma-tributaria\/#website\",\"url\":\"https:\/\/site.avalarabrasil.com.br\/reforma-tributaria\/\",\"name\":\"Descomplica Reforma Tribut\u00e1ria\",\"description\":\"Entenda o impacto da Reforma Tribut\u00e1ria no seu neg\u00f3cio. No Descomplica Reforma Tribut\u00e1ria, voc\u00ea encontra not\u00edcias, legisla\u00e7\u00e3o e orienta\u00e7\u00f5es pr\u00e1ticas para empresas.\",\"publisher\":{\"@id\":\"https:\/\/site.avalarabrasil.com.br\/reforma-tributaria\/#organization\"},\"alternateName\":\"Reforma Tribut\u00e1ria Avalara\",\"potentialAction\":[{\"@type\":\"SearchAction\",\"target\":{\"@type\":\"EntryPoint\",\"urlTemplate\":\"https:\/\/site.avalarabrasil.com.br\/reforma-tributaria\/?s={search_term_string}\"},\"query-input\":{\"@type\":\"PropertyValueSpecification\",\"valueRequired\":true,\"valueName\":\"search_term_string\"}}],\"inLanguage\":\"pt-BR\"},{\"@type\":\"Organization\",\"@id\":\"https:\/\/site.avalarabrasil.com.br\/reforma-tributaria\/#organization\",\"name\":\"Descomplica Reforma Tribut\u00e1ria\",\"url\":\"https:\/\/site.avalarabrasil.com.br\/reforma-tributaria\/\",\"logo\":{\"@type\":\"ImageObject\",\"inLanguage\":\"pt-BR\",\"@id\":\"https:\/\/site.avalarabrasil.com.br\/reforma-tributaria\/#\/schema\/logo\/image\/\",\"url\":\"https:\/\/site.avalarabrasil.com.br\/reforma-tributaria\/wp-content\/uploads\/2025\/11\/avalara.png\",\"contentUrl\":\"https:\/\/site.avalarabrasil.com.br\/reforma-tributaria\/wp-content\/uploads\/2025\/11\/avalara.png\",\"width\":1200,\"height\":675,\"caption\":\"Descomplica Reforma Tribut\u00e1ria\"},\"image\":{\"@id\":\"https:\/\/site.avalarabrasil.com.br\/reforma-tributaria\/#\/schema\/logo\/image\/\"}},{\"@type\":\"Person\",\"@id\":\"https:\/\/site.avalarabrasil.com.br\/reforma-tributaria\/#\/schema\/person\/bd8270bd11b337a8420d96641bfd1dc7\",\"name\":\"Marianna Moreno\",\"image\":{\"@type\":\"ImageObject\",\"inLanguage\":\"pt-BR\",\"@id\":\"https:\/\/site.avalarabrasil.com.br\/reforma-tributaria\/#\/schema\/person\/image\/\",\"url\":\"https:\/\/site.avalarabrasil.com.br\/reforma-tributaria\/wp-content\/litespeed\/avatar\/72c8d539496a030c90c8f6dceaf836cc.jpg?ver=1777396390\",\"contentUrl\":\"https:\/\/site.avalarabrasil.com.br\/reforma-tributaria\/wp-content\/litespeed\/avatar\/72c8d539496a030c90c8f6dceaf836cc.jpg?ver=1777396390\",\"caption\":\"Marianna Moreno\"},\"url\":\"https:\/\/site.avalarabrasil.com.br\/reforma-tributaria\/author\/marianna-moreno\/\"}]}<\/script>\n<!-- \/ Yoast SEO plugin. -->","yoast_head_json":{"title":"Ind\u00fastria em alerta: pontos da Reforma Tribut\u00e1ria que voc\u00ea precisa dominar","description":"Confira os principais pontos da reforma tribut\u00e1ria na ind\u00fastria, destacando o que muda, os riscos e como sua empresa pode se preparar.","robots":{"index":"index","follow":"follow","max-snippet":"max-snippet:-1","max-image-preview":"max-image-preview:large","max-video-preview":"max-video-preview:-1"},"canonical":"https:\/\/site.avalarabrasil.com.br\/reforma-tributaria\/reforma-tributaria-industria\/","og_locale":"pt_BR","og_type":"article","og_title":"Ind\u00fastria em alerta: pontos da Reforma Tribut\u00e1ria que voc\u00ea precisa dominar","og_description":"Confira os principais pontos da reforma tribut\u00e1ria na ind\u00fastria, destacando o que muda, os riscos e como sua empresa pode se preparar.","og_url":"https:\/\/site.avalarabrasil.com.br\/reforma-tributaria\/reforma-tributaria-industria\/","og_site_name":"Descomplica Reforma Tribut\u00e1ria","article_published_time":"2025-07-09T11:30:00+00:00","og_image":[{"width":2560,"height":1707,"url":"https:\/\/site.avalarabrasil.com.br\/reforma-tributaria\/wp-content\/uploads\/2025\/06\/interior-de-oficina-de-fabrica-e-maquinas-em-fundo-de-producao-de-vidro-scaled-1.jpg","type":"image\/jpeg"}],"author":"Marianna Moreno","twitter_card":"summary_large_image","twitter_misc":{"Escrito por":"Marianna Moreno","Est. tempo de leitura":"7 minutos"},"schema":{"@context":"https:\/\/schema.org","@graph":[{"@type":"Article","@id":"https:\/\/site.avalarabrasil.com.br\/reforma-tributaria\/reforma-tributaria-industria\/#article","isPartOf":{"@id":"https:\/\/site.avalarabrasil.com.br\/reforma-tributaria\/reforma-tributaria-industria\/"},"author":{"name":"Marianna Moreno","@id":"https:\/\/site.avalarabrasil.com.br\/reforma-tributaria\/#\/schema\/person\/bd8270bd11b337a8420d96641bfd1dc7"},"headline":"Ind\u00fastria em alerta: pontos da Reforma Tribut\u00e1ria que voc\u00ea precisa dominar","datePublished":"2025-07-09T11:30:00+00:00","mainEntityOfPage":{"@id":"https:\/\/site.avalarabrasil.com.br\/reforma-tributaria\/reforma-tributaria-industria\/"},"wordCount":1226,"commentCount":0,"publisher":{"@id":"https:\/\/site.avalarabrasil.com.br\/reforma-tributaria\/#organization"},"image":{"@id":"https:\/\/site.avalarabrasil.com.br\/reforma-tributaria\/reforma-tributaria-industria\/#primaryimage"},"thumbnailUrl":"https:\/\/site.avalarabrasil.com.br\/reforma-tributaria\/wp-content\/uploads\/2025\/06\/interior-de-oficina-de-fabrica-e-maquinas-em-fundo-de-producao-de-vidro-scaled-1.jpg","articleSection":["Reforma Tribut\u00e1ria"],"inLanguage":"pt-BR","potentialAction":[{"@type":"CommentAction","name":"Comment","target":["https:\/\/site.avalarabrasil.com.br\/reforma-tributaria\/reforma-tributaria-industria\/#respond"]}]},{"@type":"WebPage","@id":"https:\/\/site.avalarabrasil.com.br\/reforma-tributaria\/reforma-tributaria-industria\/","url":"https:\/\/site.avalarabrasil.com.br\/reforma-tributaria\/reforma-tributaria-industria\/","name":"Ind\u00fastria em alerta: pontos da Reforma Tribut\u00e1ria que voc\u00ea precisa dominar","isPartOf":{"@id":"https:\/\/site.avalarabrasil.com.br\/reforma-tributaria\/#website"},"primaryImageOfPage":{"@id":"https:\/\/site.avalarabrasil.com.br\/reforma-tributaria\/reforma-tributaria-industria\/#primaryimage"},"image":{"@id":"https:\/\/site.avalarabrasil.com.br\/reforma-tributaria\/reforma-tributaria-industria\/#primaryimage"},"thumbnailUrl":"https:\/\/site.avalarabrasil.com.br\/reforma-tributaria\/wp-content\/uploads\/2025\/06\/interior-de-oficina-de-fabrica-e-maquinas-em-fundo-de-producao-de-vidro-scaled-1.jpg","datePublished":"2025-07-09T11:30:00+00:00","description":"Confira os principais pontos da reforma tribut\u00e1ria na ind\u00fastria, destacando o que muda, os riscos e como sua empresa pode se preparar.","breadcrumb":{"@id":"https:\/\/site.avalarabrasil.com.br\/reforma-tributaria\/reforma-tributaria-industria\/#breadcrumb"},"inLanguage":"pt-BR","potentialAction":[{"@type":"ReadAction","target":["https:\/\/site.avalarabrasil.com.br\/reforma-tributaria\/reforma-tributaria-industria\/"]}]},{"@type":"ImageObject","inLanguage":"pt-BR","@id":"https:\/\/site.avalarabrasil.com.br\/reforma-tributaria\/reforma-tributaria-industria\/#primaryimage","url":"https:\/\/site.avalarabrasil.com.br\/reforma-tributaria\/wp-content\/uploads\/2025\/06\/interior-de-oficina-de-fabrica-e-maquinas-em-fundo-de-producao-de-vidro-scaled-1.jpg","contentUrl":"https:\/\/site.avalarabrasil.com.br\/reforma-tributaria\/wp-content\/uploads\/2025\/06\/interior-de-oficina-de-fabrica-e-maquinas-em-fundo-de-producao-de-vidro-scaled-1.jpg","width":2560,"height":1707,"caption":"reforma tribut\u00e1ria ind\u00fastria"},{"@type":"BreadcrumbList","@id":"https:\/\/site.avalarabrasil.com.br\/reforma-tributaria\/reforma-tributaria-industria\/#breadcrumb","itemListElement":[{"@type":"ListItem","position":1,"name":"In\u00edcio","item":"https:\/\/site.avalarabrasil.com.br\/reforma-tributaria\/"},{"@type":"ListItem","position":2,"name":"Ind\u00fastria em alerta: pontos da Reforma Tribut\u00e1ria que voc\u00ea precisa dominar"}]},{"@type":"WebSite","@id":"https:\/\/site.avalarabrasil.com.br\/reforma-tributaria\/#website","url":"https:\/\/site.avalarabrasil.com.br\/reforma-tributaria\/","name":"Descomplica Reforma Tribut\u00e1ria","description":"Entenda o impacto da Reforma Tribut\u00e1ria no seu neg\u00f3cio. No Descomplica Reforma Tribut\u00e1ria, voc\u00ea encontra not\u00edcias, legisla\u00e7\u00e3o e orienta\u00e7\u00f5es pr\u00e1ticas para empresas.","publisher":{"@id":"https:\/\/site.avalarabrasil.com.br\/reforma-tributaria\/#organization"},"alternateName":"Reforma Tribut\u00e1ria Avalara","potentialAction":[{"@type":"SearchAction","target":{"@type":"EntryPoint","urlTemplate":"https:\/\/site.avalarabrasil.com.br\/reforma-tributaria\/?s={search_term_string}"},"query-input":{"@type":"PropertyValueSpecification","valueRequired":true,"valueName":"search_term_string"}}],"inLanguage":"pt-BR"},{"@type":"Organization","@id":"https:\/\/site.avalarabrasil.com.br\/reforma-tributaria\/#organization","name":"Descomplica Reforma Tribut\u00e1ria","url":"https:\/\/site.avalarabrasil.com.br\/reforma-tributaria\/","logo":{"@type":"ImageObject","inLanguage":"pt-BR","@id":"https:\/\/site.avalarabrasil.com.br\/reforma-tributaria\/#\/schema\/logo\/image\/","url":"https:\/\/site.avalarabrasil.com.br\/reforma-tributaria\/wp-content\/uploads\/2025\/11\/avalara.png","contentUrl":"https:\/\/site.avalarabrasil.com.br\/reforma-tributaria\/wp-content\/uploads\/2025\/11\/avalara.png","width":1200,"height":675,"caption":"Descomplica Reforma Tribut\u00e1ria"},"image":{"@id":"https:\/\/site.avalarabrasil.com.br\/reforma-tributaria\/#\/schema\/logo\/image\/"}},{"@type":"Person","@id":"https:\/\/site.avalarabrasil.com.br\/reforma-tributaria\/#\/schema\/person\/bd8270bd11b337a8420d96641bfd1dc7","name":"Marianna Moreno","image":{"@type":"ImageObject","inLanguage":"pt-BR","@id":"https:\/\/site.avalarabrasil.com.br\/reforma-tributaria\/#\/schema\/person\/image\/","url":"https:\/\/site.avalarabrasil.com.br\/reforma-tributaria\/wp-content\/litespeed\/avatar\/72c8d539496a030c90c8f6dceaf836cc.jpg?ver=1777396390","contentUrl":"https:\/\/site.avalarabrasil.com.br\/reforma-tributaria\/wp-content\/litespeed\/avatar\/72c8d539496a030c90c8f6dceaf836cc.jpg?ver=1777396390","caption":"Marianna Moreno"},"url":"https:\/\/site.avalarabrasil.com.br\/reforma-tributaria\/author\/marianna-moreno\/"}]}},"_links":{"self":[{"href":"https:\/\/site.avalarabrasil.com.br\/reforma-tributaria\/wp-json\/wp\/v2\/posts\/15022","targetHints":{"allow":["GET"]}}],"collection":[{"href":"https:\/\/site.avalarabrasil.com.br\/reforma-tributaria\/wp-json\/wp\/v2\/posts"}],"about":[{"href":"https:\/\/site.avalarabrasil.com.br\/reforma-tributaria\/wp-json\/wp\/v2\/types\/post"}],"author":[{"embeddable":true,"href":"https:\/\/site.avalarabrasil.com.br\/reforma-tributaria\/wp-json\/wp\/v2\/users\/3"}],"replies":[{"embeddable":true,"href":"https:\/\/site.avalarabrasil.com.br\/reforma-tributaria\/wp-json\/wp\/v2\/comments?post=15022"}],"version-history":[{"count":0,"href":"https:\/\/site.avalarabrasil.com.br\/reforma-tributaria\/wp-json\/wp\/v2\/posts\/15022\/revisions"}],"wp:featuredmedia":[{"embeddable":true,"href":"https:\/\/site.avalarabrasil.com.br\/reforma-tributaria\/wp-json\/wp\/v2\/media\/15025"}],"wp:attachment":[{"href":"https:\/\/site.avalarabrasil.com.br\/reforma-tributaria\/wp-json\/wp\/v2\/media?parent=15022"}],"wp:term":[{"taxonomy":"category","embeddable":true,"href":"https:\/\/site.avalarabrasil.com.br\/reforma-tributaria\/wp-json\/wp\/v2\/categories?post=15022"},{"taxonomy":"post_tag","embeddable":true,"href":"https:\/\/site.avalarabrasil.com.br\/reforma-tributaria\/wp-json\/wp\/v2\/tags?post=15022"}],"curies":[{"name":"wp","href":"https:\/\/api.w.org\/{rel}","templated":true}]}}