{"id":15080,"date":"2025-07-29T09:40:36","date_gmt":"2025-07-29T12:40:36","guid":{"rendered":"https:\/\/oobj.com.br\/?p=15080"},"modified":"2025-07-29T09:40:36","modified_gmt":"2025-07-29T12:40:36","slug":"glossario-reforma-tributaria","status":"publish","type":"post","link":"https:\/\/site.avalarabrasil.com.br\/reforma-tributaria\/glossario-reforma-tributaria\/","title":{"rendered":"Gloss\u00e1rio da Reforma Tribut\u00e1ria: entenda os principais termos da nova era fiscal"},"content":{"rendered":"\n<p>Faltam menos de 6 meses para 2026, ano em que come\u00e7ar\u00e1 a fase de transi\u00e7\u00e3o da Reforma Tribut\u00e1ria brasileira. Com a aprova\u00e7\u00e3o da Emenda Constitucional n\u00ba 132\/2023 e a san\u00e7\u00e3o da Lei Complementar 214\/2025, o pa\u00eds iniciou um processo profundo de transforma\u00e7\u00e3o na forma como tributa o consumo. Se voc\u00ea trabalha com a \u00e1rea fiscal, tribut\u00e1ria, finan\u00e7as, contabilidade, direito, tecnologia este gloss\u00e1rio vai ser seu melhor aliado.<\/p>\n\n\n\n<p>Neste artigo, reunimos os principais termos da Reforma Tribut\u00e1ria em um gloss\u00e1rio, explicados de forma simples e direta. Confira!<\/p>\n\n\n\n<h2 class=\"wp-block-heading\">O que \u00e9 a Reforma Tribut\u00e1ria?<\/h2>\n\n\n\n<p>A Reforma Tribut\u00e1ria brasileira consolida cinco tributos sobre o consumo (PIS, Cofins, ICMS, ISS e IPI) em dois novos impostos: a Contribui\u00e7\u00e3o Social sobre Bens e Servi\u00e7os (CBS) e o Imposto sobre Bens e Servi\u00e7os (IBS). Essa unifica\u00e7\u00e3o segue o modelo do IVA dual, uma estrutura j\u00e1 adotada em pa\u00edses desenvolvidos, que busca simplificar o sistema e torn\u00e1-lo mais justo e eficiente.<\/p>\n\n\n\n<p>A proposta \u00e9 reduzir a burocracia, facilitar o compliance fiscal e distribuir melhor a arrecada\u00e7\u00e3o entre Uni\u00e3o, estados e munic\u00edpios. Para isso, foram definidos conceitos-chave que far\u00e3o parte do dia a dia fiscal e tribut\u00e1rio.<\/p>\n\n\n\n<h2 class=\"wp-block-heading\">Gloss\u00e1rio da Reforma Tribut\u00e1ria<\/h2>\n\n\n\n<p><strong>IVA (Imposto sobre Valor Agregado): <\/strong>sistema que incide sobre o valor agregado em cada etapa da cadeia produtiva. No Brasil, ser\u00e1 aplicado no formato dual: dividido entre o governo federal (CBS) e os entes subnacionais (IBS).<\/p>\n\n\n\n<p><strong>CBS (Contribui\u00e7\u00e3o Social sobre Bens e Servi\u00e7os): <\/strong>Tributo federal que unifica PIS e Cofins. Com base ampla, n\u00e3o cumulativo, incide sobre a receita bruta e ser\u00e1 aplicado de forma uniforme em todo o pa\u00eds.<\/p>\n\n\n\n<p><strong>IBS (Imposto sobre Bens e Servi\u00e7os): <\/strong>tributo gerenciado por um Comit\u00ea Gestor Nacional, compartilhado entre estados e munic\u00edpios, que substituir\u00e1 o ICMS e o ISS. Ter\u00e1 incid\u00eancia no destino da opera\u00e7\u00e3o, com legisla\u00e7\u00e3o \u00fanica e cobran\u00e7a simplificada.<\/p>\n\n\n\n<p><strong>IS (Imposto Seletivo): <\/strong>conhecido como \u201cimposto do pecado\u201d, ter\u00e1 fun\u00e7\u00e3o regulat\u00f3ria e incidir\u00e1 sobre produtos prejudiciais \u00e0 sa\u00fade ou ao meio ambiente, como cigarros, bebidas alco\u00f3licas e combust\u00edveis f\u00f3sseis.<\/p>\n\n\n\n<p><strong>Comit\u00ea Gestor do IBS: <\/strong>\u00f3rg\u00e3o respons\u00e1vel por administrar o IBS, arrecadar receitas e estabelecer normas operacionais. Sua cria\u00e7\u00e3o definitiva deve ocorrer at\u00e9 o final de 2025.<\/p>\n\n\n\n<h2 class=\"wp-block-heading\">Outros termos importantes da Reforma Tribut\u00e1ria<\/h2>\n\n\n\n<p>Abaixo, confira mais alguns conceitos que est\u00e3o diretamente ligados \u00e0 implementa\u00e7\u00e3o da Reforma:<\/p>\n\n\n\n<p><strong>Regime de Transi\u00e7\u00e3o<\/strong>: ado\u00e7\u00e3o gradual dos novos tributos entre 2026 e 2032, com fases distintas para contribuintes e entes federativos.<\/p>\n\n\n\n<p><strong>Nota Fiscal Padr\u00e3o Nacional<\/strong>: a reforma prev\u00ea a cria\u00e7\u00e3o de um documento unificado para padronizar e simplificar a emiss\u00e3o fiscal, com obrigatoriedade para munic\u00edpios e o Distrito Federal a partir de 2026.<\/p>\n\n\n\n<p><strong>Cr\u00e9dito Amplo<\/strong>: permite que empresas aproveitem cr\u00e9ditos de tributos em praticamente todas as aquisi\u00e7\u00f5es relacionadas \u00e0 atividade econ\u00f4mica, incluindo bens de uso e consumo.<\/p>\n\n\n\n<p><strong>Al\u00edquota de Refer\u00eancia<\/strong>: percentual padr\u00e3o estimado entre 27% e 29%, somando CBS e IBS, para garantir neutralidade na arrecada\u00e7\u00e3o.<\/p>\n\n\n\n<p><strong>Cashback<\/strong>: devolu\u00e7\u00e3o parcial de tributos pagos por consumidores de baixa renda, com foco em bens e servi\u00e7os essenciais.<\/p>\n\n\n\n<p><strong>Compliance Tribut\u00e1rio Digital<\/strong>: processo de automatiza\u00e7\u00e3o das obriga\u00e7\u00f5es fiscais, que ser\u00e1 simplificado com a unifica\u00e7\u00e3o de tributos e plataformas.<\/p>\n\n\n\n<h2 class=\"wp-block-heading\">Termos complementares para dominar o novo cen\u00e1rio tribut\u00e1rio<\/h2>\n\n\n\n<p>Para ir al\u00e9m, \u00e9 importante conhecer outras express\u00f5es que far\u00e3o parte do vocabul\u00e1rio do profissional atualizado:<\/p>\n\n\n\n<p><strong>Al\u00edquota<\/strong>: percentual usado para calcular o valor devido de um imposto.<\/p>\n\n\n\n<p><strong>Bitributa\u00e7\u00e3o<\/strong>: cobran\u00e7a duplicada de impostos por diferentes entes, algo que a Reforma busca eliminar com o IVA dual.<\/p>\n\n\n\n<p><strong>Cesta B\u00e1sica Nacional<\/strong>: conjunto de alimentos com al\u00edquota zero no novo modelo.<\/p>\n\n\n\n<p><strong>Conselho Federativo<\/strong>: \u00f3rg\u00e3o para gerir a arrecada\u00e7\u00e3o e decis\u00f5es do IBS entre estados e munic\u00edpios.<\/p>\n\n\n\n<p><strong>Desonera\u00e7\u00e3o<\/strong>: isen\u00e7\u00e3o de determinados tributos para estimular a economia ou beneficiar setores espec\u00edficos.<\/p>\n\n\n\n<p><strong>Fundo de Compensa\u00e7\u00e3o de Benef\u00edcios Fiscais<\/strong>: criado para compensar contribuintes que perderem incentivos fiscais extintos pela reforma.<\/p>\n\n\n\n<p><strong>Fundo de Desenvolvimento Regional<\/strong>: foco na redu\u00e7\u00e3o das desigualdades regionais, com previs\u00e3o de aportes crescentes at\u00e9 2032.<\/p>\n\n\n\n<p><strong>ICMS e ISS<\/strong>: impostos atuais que ser\u00e3o substitu\u00eddos gradualmente pelo IBS.<\/p>\n\n\n\n<p><strong>Imposto Cumulativo e N\u00e3o-Cumulativo<\/strong>: o primeiro incide em cada etapa da cadeia, gerando efeito cascata; o segundo, apenas sobre o valor agregado.<\/p>\n\n\n\n<p><strong>Imposto no Destino<\/strong>: a arrecada\u00e7\u00e3o ser\u00e1 feita no local de consumo, e n\u00e3o mais no local de origem.<\/p>\n\n\n\n<p><strong>Unifica\u00e7\u00e3o das Obriga\u00e7\u00f5es Acess\u00f3rias<\/strong>: padroniza\u00e7\u00e3o de notas fiscais, escritura\u00e7\u00e3o e apura\u00e7\u00e3o de cr\u00e9ditos via sistema digital nacional.<br><\/p>\n\n\n\n<h2 class=\"wp-block-heading\">Por que dominar o Gloss\u00e1rio da Reforma Tribut\u00e1ria?<\/h2>\n\n\n\n<p>A Reforma Tribut\u00e1ria \u00e9 um divisor de \u00e1guas no sistema fiscal brasileiro. Mais do que uma mudan\u00e7a legal, ela exige adapta\u00e7\u00e3o tecnol\u00f3gica, revis\u00e3o de processos e capacita\u00e7\u00e3o das equipes. Entender os termos da Reforma \u00e9 o primeiro passo para evitar riscos, planejar corretamente e aproveitar oportunidades.<\/p>\n\n\n\n<p>Seja voc\u00ea um tomador de decis\u00e3o, profissional de tecnologia, contador ou gestor, esse gloss\u00e1rio vai servir como um guia r\u00e1pido e seguro para navegar pelas transforma\u00e7\u00f5es que j\u00e1 est\u00e3o em curso.<\/p>\n\n\n\n<h2 class=\"wp-block-heading\">Prepare-se para a Reforma Tribut\u00e1ria com a Avalara<\/h2>\n\n\n\n<p>A Reforma Tribut\u00e1ria inaugura uma configura\u00e7\u00e3o para o sistema de tributa\u00e7\u00e3o sobre o consumo no Brasil, com impactos diretos e estruturais sobre a rotina fiscal das empresas.&nbsp;<\/p>\n\n\n\n<p>Diante desse cen\u00e1rio, compreender os fundamentos do novo modelo \u00e9 apenas o primeiro passo. Ser\u00e1 indispens\u00e1vel adotar medidas pr\u00e1ticas e estruturadas desde j\u00e1, a fim de garantir uma transi\u00e7\u00e3o segura e eficiente.<\/p>\n\n\n\n<p>Entre as a\u00e7\u00f5es priorit\u00e1rias est\u00e3o:<\/p>\n\n\n\n<ul class=\"wp-block-list\">\n<li>Reavalia\u00e7\u00e3o da estrutura tribut\u00e1ria vigente;<\/li>\n\n\n\n<li>Mapeamento dos impactos por setor de atua\u00e7\u00e3o;<\/li>\n\n\n\n<li>Atualiza\u00e7\u00e3o dos sistemas de gest\u00e3o fiscal;<\/li>\n\n\n\n<li>Aprimoramento t\u00e9cnico das equipes envolvidas;<\/li>\n<\/ul>\n\n\n\n<p>Para isso, contar com parceiros especializados, como a Avalara, e investir em solu\u00e7\u00f5es tecnol\u00f3gicas compat\u00edveis com o novo modelo, como motores de c\u00e1lculo integrados, \u00e9 fundamental para assegurar conformidade legal, mitigar riscos operacionais e manter a competitividade no mercado.<\/p>\n\n\n\n<p>A prepara\u00e7\u00e3o para esse novo contexto n\u00e3o deve ser adiada. Essa \u00e9 uma escolha estrat\u00e9gica que definir\u00e1 a adapta\u00e7\u00e3o da empresa no novo cen\u00e1rio tribut\u00e1rio.<\/p>\n\n\n\n<style>\n  .custom-button {\n    font-family: \"Source Sans 3\", sans-serif;\n    background-color: #Fa6400;\n    color: #FFFFFF;\n    border: none;\n    border-radius: 20px;\n    padding: 12px;\n    font-size: 14px;\n    font-weight: bold;\n    text-align: center;\n    letter-spacing: normal;\n    display: block;\n    text-decoration: none;\n    width: fit-content;\n    margin: 0 auto;\n  }\n  .custom-button:hover {\n    background-color: #Fa6400;\n  }\n  .button-container {\n    text-align: center;\n  }\n<\/style>\n<div class=\"button-container\">\n  <a href=\"https:\/\/www.avalara.com\/br\/pt\/solucoes\/solucao-de-determinacao-e-calculo-de-tributos.html?ref=blogpost\" class=\"custom-button\">\n    \u3164Saiba mais\u3164\n  <\/a>\n<\/div>\n","protected":false},"excerpt":{"rendered":"<p>Faltam menos de 6 meses para 2026, ano em que come\u00e7ar\u00e1 a fase de transi\u00e7\u00e3o da Reforma Tribut\u00e1ria brasileira. Com a aprova\u00e7\u00e3o da Emenda Constitucional [&hellip;]<\/p>\n","protected":false},"author":3,"featured_media":15081,"comment_status":"open","ping_status":"open","sticky":false,"template":"","format":"standard","meta":{"footnotes":""},"categories":[3],"tags":[],"class_list":["post-15080","post","type-post","status-publish","format-standard","has-post-thumbnail","hentry","category-reforma-tributaria"],"yoast_head":"<!-- This site is optimized with the Yoast SEO plugin v27.0 - https:\/\/yoast.com\/product\/yoast-seo-wordpress\/ -->\n<title>Gloss\u00e1rio da Reforma Tribut\u00e1ria: conhe\u00e7a os principais termos<\/title>\n<meta name=\"description\" content=\"Confira o Gloss\u00e1rio da Reforma Tribut\u00e1ria e entenda os principais termos da nova tributa\u00e7\u00e3o e se prepare para a fase de transi\u00e7\u00e3o.\" \/>\n<meta name=\"robots\" content=\"index, follow, max-snippet:-1, max-image-preview:large, max-video-preview:-1\" \/>\n<link rel=\"canonical\" href=\"https:\/\/site.avalarabrasil.com.br\/reforma-tributaria\/glossario-reforma-tributaria\/\" \/>\n<meta property=\"og:locale\" content=\"pt_BR\" \/>\n<meta property=\"og:type\" content=\"article\" \/>\n<meta property=\"og:title\" content=\"Gloss\u00e1rio da Reforma Tribut\u00e1ria: conhe\u00e7a os principais termos\" \/>\n<meta property=\"og:description\" content=\"Confira o Gloss\u00e1rio da Reforma Tribut\u00e1ria e entenda os principais termos da nova tributa\u00e7\u00e3o e se prepare para a fase de transi\u00e7\u00e3o.\" \/>\n<meta property=\"og:url\" content=\"https:\/\/site.avalarabrasil.com.br\/reforma-tributaria\/glossario-reforma-tributaria\/\" \/>\n<meta property=\"og:site_name\" content=\"Descomplica Reforma Tribut\u00e1ria\" \/>\n<meta property=\"article:published_time\" content=\"2025-07-29T12:40:36+00:00\" \/>\n<meta property=\"og:image\" content=\"https:\/\/site.avalarabrasil.com.br\/reforma-tributaria\/wp-content\/uploads\/2025\/07\/homem-negocios-usando-calculadora-scaled-1.jpg\" \/>\n\t<meta property=\"og:image:width\" content=\"2560\" \/>\n\t<meta property=\"og:image:height\" content=\"1707\" \/>\n\t<meta property=\"og:image:type\" content=\"image\/jpeg\" \/>\n<meta name=\"author\" content=\"Marianna Moreno\" \/>\n<meta name=\"twitter:card\" content=\"summary_large_image\" \/>\n<meta name=\"twitter:label1\" content=\"Escrito por\" \/>\n\t<meta name=\"twitter:data1\" content=\"Marianna Moreno\" \/>\n\t<meta name=\"twitter:label2\" content=\"Est. tempo de leitura\" \/>\n\t<meta name=\"twitter:data2\" content=\"6 minutos\" \/>\n<script type=\"application\/ld+json\" class=\"yoast-schema-graph\">{\"@context\":\"https:\/\/schema.org\",\"@graph\":[{\"@type\":\"Article\",\"@id\":\"https:\/\/site.avalarabrasil.com.br\/reforma-tributaria\/glossario-reforma-tributaria\/#article\",\"isPartOf\":{\"@id\":\"https:\/\/site.avalarabrasil.com.br\/reforma-tributaria\/glossario-reforma-tributaria\/\"},\"author\":{\"name\":\"Marianna Moreno\",\"@id\":\"https:\/\/site.avalarabrasil.com.br\/reforma-tributaria\/#\/schema\/person\/bd8270bd11b337a8420d96641bfd1dc7\"},\"headline\":\"Gloss\u00e1rio da Reforma Tribut\u00e1ria: entenda os principais termos da nova era fiscal\",\"datePublished\":\"2025-07-29T12:40:36+00:00\",\"mainEntityOfPage\":{\"@id\":\"https:\/\/site.avalarabrasil.com.br\/reforma-tributaria\/glossario-reforma-tributaria\/\"},\"wordCount\":1083,\"commentCount\":0,\"publisher\":{\"@id\":\"https:\/\/site.avalarabrasil.com.br\/reforma-tributaria\/#organization\"},\"image\":{\"@id\":\"https:\/\/site.avalarabrasil.com.br\/reforma-tributaria\/glossario-reforma-tributaria\/#primaryimage\"},\"thumbnailUrl\":\"https:\/\/site.avalarabrasil.com.br\/reforma-tributaria\/wp-content\/uploads\/2025\/07\/homem-negocios-usando-calculadora-scaled-1.jpg\",\"articleSection\":[\"Reforma Tribut\u00e1ria\"],\"inLanguage\":\"pt-BR\",\"potentialAction\":[{\"@type\":\"CommentAction\",\"name\":\"Comment\",\"target\":[\"https:\/\/site.avalarabrasil.com.br\/reforma-tributaria\/glossario-reforma-tributaria\/#respond\"]}]},{\"@type\":\"WebPage\",\"@id\":\"https:\/\/site.avalarabrasil.com.br\/reforma-tributaria\/glossario-reforma-tributaria\/\",\"url\":\"https:\/\/site.avalarabrasil.com.br\/reforma-tributaria\/glossario-reforma-tributaria\/\",\"name\":\"Gloss\u00e1rio da Reforma Tribut\u00e1ria: conhe\u00e7a os principais termos\",\"isPartOf\":{\"@id\":\"https:\/\/site.avalarabrasil.com.br\/reforma-tributaria\/#website\"},\"primaryImageOfPage\":{\"@id\":\"https:\/\/site.avalarabrasil.com.br\/reforma-tributaria\/glossario-reforma-tributaria\/#primaryimage\"},\"image\":{\"@id\":\"https:\/\/site.avalarabrasil.com.br\/reforma-tributaria\/glossario-reforma-tributaria\/#primaryimage\"},\"thumbnailUrl\":\"https:\/\/site.avalarabrasil.com.br\/reforma-tributaria\/wp-content\/uploads\/2025\/07\/homem-negocios-usando-calculadora-scaled-1.jpg\",\"datePublished\":\"2025-07-29T12:40:36+00:00\",\"description\":\"Confira o Gloss\u00e1rio da Reforma Tribut\u00e1ria e entenda os principais termos da nova tributa\u00e7\u00e3o e se prepare para a fase de transi\u00e7\u00e3o.\",\"breadcrumb\":{\"@id\":\"https:\/\/site.avalarabrasil.com.br\/reforma-tributaria\/glossario-reforma-tributaria\/#breadcrumb\"},\"inLanguage\":\"pt-BR\",\"potentialAction\":[{\"@type\":\"ReadAction\",\"target\":[\"https:\/\/site.avalarabrasil.com.br\/reforma-tributaria\/glossario-reforma-tributaria\/\"]}]},{\"@type\":\"ImageObject\",\"inLanguage\":\"pt-BR\",\"@id\":\"https:\/\/site.avalarabrasil.com.br\/reforma-tributaria\/glossario-reforma-tributaria\/#primaryimage\",\"url\":\"https:\/\/site.avalarabrasil.com.br\/reforma-tributaria\/wp-content\/uploads\/2025\/07\/homem-negocios-usando-calculadora-scaled-1.jpg\",\"contentUrl\":\"https:\/\/site.avalarabrasil.com.br\/reforma-tributaria\/wp-content\/uploads\/2025\/07\/homem-negocios-usando-calculadora-scaled-1.jpg\",\"width\":2560,\"height\":1707,\"caption\":\"glossario-reforma-tributaria\"},{\"@type\":\"BreadcrumbList\",\"@id\":\"https:\/\/site.avalarabrasil.com.br\/reforma-tributaria\/glossario-reforma-tributaria\/#breadcrumb\",\"itemListElement\":[{\"@type\":\"ListItem\",\"position\":1,\"name\":\"In\u00edcio\",\"item\":\"https:\/\/site.avalarabrasil.com.br\/reforma-tributaria\/\"},{\"@type\":\"ListItem\",\"position\":2,\"name\":\"Gloss\u00e1rio da Reforma Tribut\u00e1ria: entenda os principais termos da nova era fiscal\"}]},{\"@type\":\"WebSite\",\"@id\":\"https:\/\/site.avalarabrasil.com.br\/reforma-tributaria\/#website\",\"url\":\"https:\/\/site.avalarabrasil.com.br\/reforma-tributaria\/\",\"name\":\"Descomplica Reforma Tribut\u00e1ria\",\"description\":\"Entenda o impacto da Reforma Tribut\u00e1ria no seu neg\u00f3cio. No Descomplica Reforma Tribut\u00e1ria, voc\u00ea encontra not\u00edcias, legisla\u00e7\u00e3o e orienta\u00e7\u00f5es pr\u00e1ticas para empresas.\",\"publisher\":{\"@id\":\"https:\/\/site.avalarabrasil.com.br\/reforma-tributaria\/#organization\"},\"alternateName\":\"Reforma Tribut\u00e1ria Avalara\",\"potentialAction\":[{\"@type\":\"SearchAction\",\"target\":{\"@type\":\"EntryPoint\",\"urlTemplate\":\"https:\/\/site.avalarabrasil.com.br\/reforma-tributaria\/?s={search_term_string}\"},\"query-input\":{\"@type\":\"PropertyValueSpecification\",\"valueRequired\":true,\"valueName\":\"search_term_string\"}}],\"inLanguage\":\"pt-BR\"},{\"@type\":\"Organization\",\"@id\":\"https:\/\/site.avalarabrasil.com.br\/reforma-tributaria\/#organization\",\"name\":\"Descomplica Reforma Tribut\u00e1ria\",\"url\":\"https:\/\/site.avalarabrasil.com.br\/reforma-tributaria\/\",\"logo\":{\"@type\":\"ImageObject\",\"inLanguage\":\"pt-BR\",\"@id\":\"https:\/\/site.avalarabrasil.com.br\/reforma-tributaria\/#\/schema\/logo\/image\/\",\"url\":\"https:\/\/site.avalarabrasil.com.br\/reforma-tributaria\/wp-content\/uploads\/2025\/11\/avalara.png\",\"contentUrl\":\"https:\/\/site.avalarabrasil.com.br\/reforma-tributaria\/wp-content\/uploads\/2025\/11\/avalara.png\",\"width\":1200,\"height\":675,\"caption\":\"Descomplica Reforma Tribut\u00e1ria\"},\"image\":{\"@id\":\"https:\/\/site.avalarabrasil.com.br\/reforma-tributaria\/#\/schema\/logo\/image\/\"}},{\"@type\":\"Person\",\"@id\":\"https:\/\/site.avalarabrasil.com.br\/reforma-tributaria\/#\/schema\/person\/bd8270bd11b337a8420d96641bfd1dc7\",\"name\":\"Marianna Moreno\",\"image\":{\"@type\":\"ImageObject\",\"inLanguage\":\"pt-BR\",\"@id\":\"https:\/\/site.avalarabrasil.com.br\/reforma-tributaria\/#\/schema\/person\/image\/\",\"url\":\"https:\/\/site.avalarabrasil.com.br\/reforma-tributaria\/wp-content\/litespeed\/avatar\/72c8d539496a030c90c8f6dceaf836cc.jpg?ver=1777396390\",\"contentUrl\":\"https:\/\/site.avalarabrasil.com.br\/reforma-tributaria\/wp-content\/litespeed\/avatar\/72c8d539496a030c90c8f6dceaf836cc.jpg?ver=1777396390\",\"caption\":\"Marianna Moreno\"},\"url\":\"https:\/\/site.avalarabrasil.com.br\/reforma-tributaria\/author\/marianna-moreno\/\"}]}<\/script>\n<!-- \/ Yoast SEO plugin. -->","yoast_head_json":{"title":"Gloss\u00e1rio da Reforma Tribut\u00e1ria: conhe\u00e7a os principais termos","description":"Confira o Gloss\u00e1rio da Reforma Tribut\u00e1ria e entenda os principais termos da nova tributa\u00e7\u00e3o e se prepare para a fase de transi\u00e7\u00e3o.","robots":{"index":"index","follow":"follow","max-snippet":"max-snippet:-1","max-image-preview":"max-image-preview:large","max-video-preview":"max-video-preview:-1"},"canonical":"https:\/\/site.avalarabrasil.com.br\/reforma-tributaria\/glossario-reforma-tributaria\/","og_locale":"pt_BR","og_type":"article","og_title":"Gloss\u00e1rio da Reforma Tribut\u00e1ria: conhe\u00e7a os principais termos","og_description":"Confira o Gloss\u00e1rio da Reforma Tribut\u00e1ria e entenda os principais termos da nova tributa\u00e7\u00e3o e se prepare para a fase de transi\u00e7\u00e3o.","og_url":"https:\/\/site.avalarabrasil.com.br\/reforma-tributaria\/glossario-reforma-tributaria\/","og_site_name":"Descomplica Reforma Tribut\u00e1ria","article_published_time":"2025-07-29T12:40:36+00:00","og_image":[{"width":2560,"height":1707,"url":"https:\/\/site.avalarabrasil.com.br\/reforma-tributaria\/wp-content\/uploads\/2025\/07\/homem-negocios-usando-calculadora-scaled-1.jpg","type":"image\/jpeg"}],"author":"Marianna Moreno","twitter_card":"summary_large_image","twitter_misc":{"Escrito por":"Marianna Moreno","Est. tempo de leitura":"6 minutos"},"schema":{"@context":"https:\/\/schema.org","@graph":[{"@type":"Article","@id":"https:\/\/site.avalarabrasil.com.br\/reforma-tributaria\/glossario-reforma-tributaria\/#article","isPartOf":{"@id":"https:\/\/site.avalarabrasil.com.br\/reforma-tributaria\/glossario-reforma-tributaria\/"},"author":{"name":"Marianna Moreno","@id":"https:\/\/site.avalarabrasil.com.br\/reforma-tributaria\/#\/schema\/person\/bd8270bd11b337a8420d96641bfd1dc7"},"headline":"Gloss\u00e1rio da Reforma Tribut\u00e1ria: entenda os principais termos da nova era fiscal","datePublished":"2025-07-29T12:40:36+00:00","mainEntityOfPage":{"@id":"https:\/\/site.avalarabrasil.com.br\/reforma-tributaria\/glossario-reforma-tributaria\/"},"wordCount":1083,"commentCount":0,"publisher":{"@id":"https:\/\/site.avalarabrasil.com.br\/reforma-tributaria\/#organization"},"image":{"@id":"https:\/\/site.avalarabrasil.com.br\/reforma-tributaria\/glossario-reforma-tributaria\/#primaryimage"},"thumbnailUrl":"https:\/\/site.avalarabrasil.com.br\/reforma-tributaria\/wp-content\/uploads\/2025\/07\/homem-negocios-usando-calculadora-scaled-1.jpg","articleSection":["Reforma Tribut\u00e1ria"],"inLanguage":"pt-BR","potentialAction":[{"@type":"CommentAction","name":"Comment","target":["https:\/\/site.avalarabrasil.com.br\/reforma-tributaria\/glossario-reforma-tributaria\/#respond"]}]},{"@type":"WebPage","@id":"https:\/\/site.avalarabrasil.com.br\/reforma-tributaria\/glossario-reforma-tributaria\/","url":"https:\/\/site.avalarabrasil.com.br\/reforma-tributaria\/glossario-reforma-tributaria\/","name":"Gloss\u00e1rio da Reforma Tribut\u00e1ria: conhe\u00e7a os principais termos","isPartOf":{"@id":"https:\/\/site.avalarabrasil.com.br\/reforma-tributaria\/#website"},"primaryImageOfPage":{"@id":"https:\/\/site.avalarabrasil.com.br\/reforma-tributaria\/glossario-reforma-tributaria\/#primaryimage"},"image":{"@id":"https:\/\/site.avalarabrasil.com.br\/reforma-tributaria\/glossario-reforma-tributaria\/#primaryimage"},"thumbnailUrl":"https:\/\/site.avalarabrasil.com.br\/reforma-tributaria\/wp-content\/uploads\/2025\/07\/homem-negocios-usando-calculadora-scaled-1.jpg","datePublished":"2025-07-29T12:40:36+00:00","description":"Confira o Gloss\u00e1rio da Reforma Tribut\u00e1ria e entenda os principais termos da nova tributa\u00e7\u00e3o e se prepare para a fase de transi\u00e7\u00e3o.","breadcrumb":{"@id":"https:\/\/site.avalarabrasil.com.br\/reforma-tributaria\/glossario-reforma-tributaria\/#breadcrumb"},"inLanguage":"pt-BR","potentialAction":[{"@type":"ReadAction","target":["https:\/\/site.avalarabrasil.com.br\/reforma-tributaria\/glossario-reforma-tributaria\/"]}]},{"@type":"ImageObject","inLanguage":"pt-BR","@id":"https:\/\/site.avalarabrasil.com.br\/reforma-tributaria\/glossario-reforma-tributaria\/#primaryimage","url":"https:\/\/site.avalarabrasil.com.br\/reforma-tributaria\/wp-content\/uploads\/2025\/07\/homem-negocios-usando-calculadora-scaled-1.jpg","contentUrl":"https:\/\/site.avalarabrasil.com.br\/reforma-tributaria\/wp-content\/uploads\/2025\/07\/homem-negocios-usando-calculadora-scaled-1.jpg","width":2560,"height":1707,"caption":"glossario-reforma-tributaria"},{"@type":"BreadcrumbList","@id":"https:\/\/site.avalarabrasil.com.br\/reforma-tributaria\/glossario-reforma-tributaria\/#breadcrumb","itemListElement":[{"@type":"ListItem","position":1,"name":"In\u00edcio","item":"https:\/\/site.avalarabrasil.com.br\/reforma-tributaria\/"},{"@type":"ListItem","position":2,"name":"Gloss\u00e1rio da Reforma Tribut\u00e1ria: entenda os principais termos da nova era fiscal"}]},{"@type":"WebSite","@id":"https:\/\/site.avalarabrasil.com.br\/reforma-tributaria\/#website","url":"https:\/\/site.avalarabrasil.com.br\/reforma-tributaria\/","name":"Descomplica Reforma Tribut\u00e1ria","description":"Entenda o impacto da Reforma Tribut\u00e1ria no seu neg\u00f3cio. No Descomplica Reforma Tribut\u00e1ria, voc\u00ea encontra not\u00edcias, legisla\u00e7\u00e3o e orienta\u00e7\u00f5es pr\u00e1ticas para empresas.","publisher":{"@id":"https:\/\/site.avalarabrasil.com.br\/reforma-tributaria\/#organization"},"alternateName":"Reforma Tribut\u00e1ria Avalara","potentialAction":[{"@type":"SearchAction","target":{"@type":"EntryPoint","urlTemplate":"https:\/\/site.avalarabrasil.com.br\/reforma-tributaria\/?s={search_term_string}"},"query-input":{"@type":"PropertyValueSpecification","valueRequired":true,"valueName":"search_term_string"}}],"inLanguage":"pt-BR"},{"@type":"Organization","@id":"https:\/\/site.avalarabrasil.com.br\/reforma-tributaria\/#organization","name":"Descomplica Reforma Tribut\u00e1ria","url":"https:\/\/site.avalarabrasil.com.br\/reforma-tributaria\/","logo":{"@type":"ImageObject","inLanguage":"pt-BR","@id":"https:\/\/site.avalarabrasil.com.br\/reforma-tributaria\/#\/schema\/logo\/image\/","url":"https:\/\/site.avalarabrasil.com.br\/reforma-tributaria\/wp-content\/uploads\/2025\/11\/avalara.png","contentUrl":"https:\/\/site.avalarabrasil.com.br\/reforma-tributaria\/wp-content\/uploads\/2025\/11\/avalara.png","width":1200,"height":675,"caption":"Descomplica Reforma Tribut\u00e1ria"},"image":{"@id":"https:\/\/site.avalarabrasil.com.br\/reforma-tributaria\/#\/schema\/logo\/image\/"}},{"@type":"Person","@id":"https:\/\/site.avalarabrasil.com.br\/reforma-tributaria\/#\/schema\/person\/bd8270bd11b337a8420d96641bfd1dc7","name":"Marianna Moreno","image":{"@type":"ImageObject","inLanguage":"pt-BR","@id":"https:\/\/site.avalarabrasil.com.br\/reforma-tributaria\/#\/schema\/person\/image\/","url":"https:\/\/site.avalarabrasil.com.br\/reforma-tributaria\/wp-content\/litespeed\/avatar\/72c8d539496a030c90c8f6dceaf836cc.jpg?ver=1777396390","contentUrl":"https:\/\/site.avalarabrasil.com.br\/reforma-tributaria\/wp-content\/litespeed\/avatar\/72c8d539496a030c90c8f6dceaf836cc.jpg?ver=1777396390","caption":"Marianna Moreno"},"url":"https:\/\/site.avalarabrasil.com.br\/reforma-tributaria\/author\/marianna-moreno\/"}]}},"_links":{"self":[{"href":"https:\/\/site.avalarabrasil.com.br\/reforma-tributaria\/wp-json\/wp\/v2\/posts\/15080","targetHints":{"allow":["GET"]}}],"collection":[{"href":"https:\/\/site.avalarabrasil.com.br\/reforma-tributaria\/wp-json\/wp\/v2\/posts"}],"about":[{"href":"https:\/\/site.avalarabrasil.com.br\/reforma-tributaria\/wp-json\/wp\/v2\/types\/post"}],"author":[{"embeddable":true,"href":"https:\/\/site.avalarabrasil.com.br\/reforma-tributaria\/wp-json\/wp\/v2\/users\/3"}],"replies":[{"embeddable":true,"href":"https:\/\/site.avalarabrasil.com.br\/reforma-tributaria\/wp-json\/wp\/v2\/comments?post=15080"}],"version-history":[{"count":0,"href":"https:\/\/site.avalarabrasil.com.br\/reforma-tributaria\/wp-json\/wp\/v2\/posts\/15080\/revisions"}],"wp:featuredmedia":[{"embeddable":true,"href":"https:\/\/site.avalarabrasil.com.br\/reforma-tributaria\/wp-json\/wp\/v2\/media\/15081"}],"wp:attachment":[{"href":"https:\/\/site.avalarabrasil.com.br\/reforma-tributaria\/wp-json\/wp\/v2\/media?parent=15080"}],"wp:term":[{"taxonomy":"category","embeddable":true,"href":"https:\/\/site.avalarabrasil.com.br\/reforma-tributaria\/wp-json\/wp\/v2\/categories?post=15080"},{"taxonomy":"post_tag","embeddable":true,"href":"https:\/\/site.avalarabrasil.com.br\/reforma-tributaria\/wp-json\/wp\/v2\/tags?post=15080"}],"curies":[{"name":"wp","href":"https:\/\/api.w.org\/{rel}","templated":true}]}}