{"id":15088,"date":"2025-07-25T10:15:08","date_gmt":"2025-07-25T13:15:08","guid":{"rendered":"https:\/\/oobj.com.br\/?p=15088"},"modified":"2025-11-17T11:20:09","modified_gmt":"2025-11-17T14:20:09","slug":"aumento-iof-2025-o-que-muda","status":"publish","type":"post","link":"https:\/\/site.avalarabrasil.com.br\/reforma-tributaria\/aumento-iof-2025-o-que-muda\/","title":{"rendered":"Aumento do\u00a0 IOF: o que muda na pr\u00e1tica para contribuintes e neg\u00f3cios"},"content":{"rendered":"\n<p>O aumento do IOF em 2025 trouxe mudan\u00e7as relevantes para opera\u00e7\u00f5es de cr\u00e9dito, c\u00e2mbio, seguros e aplica\u00e7\u00f5es financeiras. Com a decis\u00e3o recente do Supremo Tribunal Federal, parte das novas al\u00edquotas foi restabelecida com efeitos retroativos, enquanto outras ficaram de fora da incid\u00eancia.<\/p>\n\n\n\n<p>Neste artigo, explicamos de forma objetiva como ficam as al\u00edquotas ap\u00f3s a decis\u00e3o do STF, quais opera\u00e7\u00f5es foram afetadas e o que empresas e contribuintes devem observar para manter o compliance tribut\u00e1rio diante do novo cen\u00e1rio.<\/p>\n\n\n\n<h2 class=\"wp-block-heading\">Entenda o que \u00e9 o IOF e o que mudou em 2025<\/h2>\n\n\n\n<p>O IOF (Imposto sobre Opera\u00e7\u00f5es Financeiras) \u00e9 um tributo federal que incide sobre opera\u00e7\u00f5es de cr\u00e9dito, c\u00e2mbio, seguros e aplica\u00e7\u00f5es financeiras.&nbsp;<\/p>\n\n\n\n<p>Sua fun\u00e7\u00e3o \u00e9 tanto arrecadat\u00f3ria quanto regulat\u00f3ria, sendo utilizado pelo governo como instrumento de pol\u00edtica econ\u00f4mica.<\/p>\n\n\n\n<p>Em 2025, o Decreto 12.499 atualizou as al\u00edquotas do IOF em diversas modalidades, como parte de uma estrat\u00e9gia para refor\u00e7ar a arrecada\u00e7\u00e3o e equilibrar as contas p\u00fablicas.&nbsp;<\/p>\n\n\n\n<p>As mudan\u00e7as foram implementadas com base na legisla\u00e7\u00e3o atual, que permite ao Executivo ajustar as al\u00edquotas por meio de decreto, respeitados os limites legais.<\/p>\n\n\n\n<p>A seguir, explicamos em detalhes quais al\u00edquotas foram alteradas, quais opera\u00e7\u00f5es foram afetadas e como ficam as regras ap\u00f3s a decis\u00e3o do STF.<\/p>\n\n\n\n<h2 class=\"wp-block-heading\">Linha do tempo: o que mudou no IOF desde maio de 2025<\/h2>\n\n\n\n<p>O Decreto 12.499\/2025, publicado em maio, alterou as al\u00edquotas do IOF aplicadas a opera\u00e7\u00f5es de cr\u00e9dito, c\u00e2mbio, seguros e investimentos, como parte de um pacote de medidas fiscais.&nbsp;<\/p>\n\n\n\n<p>As mudan\u00e7as foram inicialmente aplicadas, depois suspensas, e, por fim, parcialmente restabelecidas por decis\u00e3o do Supremo Tribunal Federal (STF).<\/p>\n\n\n\n<p>Veja os principais marcos desde a publica\u00e7\u00e3o do decreto:<\/p>\n\n\n\n<ul class=\"wp-block-list\">\n<li><strong>1\u00ba de maio: <\/strong>in\u00edcio da vig\u00eancia das novas al\u00edquotas estabelecidas pelo Decreto 12.499\/2025.<\/li>\n\n\n\n<li><strong>25 de junho:<\/strong> os efeitos do decreto foram suspensos temporariamente.<\/li>\n\n\n\n<li><strong>16 de julho: <\/strong>o STF restabeleceu a maior parte das al\u00edquotas com efeitos retroativos a 1\u00ba de maio, com exce\u00e7\u00e3o das opera\u00e7\u00f5es de risco sacado.<\/li>\n\n\n\n<li><strong>19 a 26 de julho: <\/strong>a decis\u00e3o ser\u00e1 submetida \u00e0 an\u00e1lise do plen\u00e1rio virtual do STF.<\/li>\n<\/ul>\n\n\n\n<h2 class=\"wp-block-heading\">O que muda para empresas e contribuintes?<\/h2>\n\n\n\n<p>A decis\u00e3o do ministro Alexandre de Moraes restabeleceu parcialmente o Decreto 12.499\/2025, que aumentou diversas al\u00edquotas do IOF.&nbsp;<\/p>\n\n\n\n<p>As altera\u00e7\u00f5es impactam principalmente opera\u00e7\u00f5es de cr\u00e9dito e c\u00e2mbio, al\u00e9m de ajustes em aplica\u00e7\u00f5es financeiras e seguros.<\/p>\n\n\n\n<h3 class=\"wp-block-heading\">Aumento de al\u00edquotas em opera\u00e7\u00f5es de cr\u00e9dito<\/h3>\n\n\n\n<ul class=\"wp-block-list\">\n<li>Pessoa jur\u00eddica: a al\u00edquota di\u00e1ria passou de 0,0041% para 0,0082%, dobrando o custo de opera\u00e7\u00f5es como capital de giro e antecipa\u00e7\u00f5es.<\/li>\n\n\n\n<li>Pessoa f\u00edsica: a al\u00edquota subiu de 0,0082% para 0,0164% ao dia, o que encarece empr\u00e9stimos e financiamentos de consumo.<\/li>\n<\/ul>\n\n\n\n<p>Esses aumentos valem para opera\u00e7\u00f5es contratadas a partir de 1\u00ba de maio de 2025 e permanecer\u00e3o em vigor, conforme a decis\u00e3o do STF.<\/p>\n\n\n\n<h3 class=\"wp-block-heading\">C\u00e2mbio, seguros e investimentos: ajustes na base de c\u00e1lculo<\/h3>\n\n\n\n<ul class=\"wp-block-list\">\n<li>C\u00e2mbio: o IOF fixo de 1,1% foi mantido, mas a base de c\u00e1lculo passou a incluir tarifas e despesas acess\u00f3rias, o que eleva o valor final recolhido.<\/li>\n\n\n\n<li>Seguros: segue em 0,38%, mas com ajuste na f\u00f3rmula de apura\u00e7\u00e3o, conforme detalhado pela Receita Federal.<\/li>\n\n\n\n<li>Aplica\u00e7\u00f5es financeiras (ex: VGBL): o IOF regressivo para resgates em at\u00e9 30 dias foi recalibrado com novas faixas intermedi\u00e1rias, alterando a rentabilidade l\u00edquida em resgates de curto prazo.<\/li>\n<\/ul>\n\n\n\n<h3 class=\"wp-block-heading\">Exclus\u00e3o das opera\u00e7\u00f5es com risco sacado<\/h3>\n\n\n\n<p>As opera\u00e7\u00f5es com risco sacado, comuns em cadeias de suprimentos, onde fornecedores antecipam receb\u00edveis com apoio de institui\u00e7\u00f5es financeiras,&nbsp; foram exclu\u00eddas da nova al\u00edquota do IOF.&nbsp;<\/p>\n\n\n\n<p>A decis\u00e3o atendeu a argumentos apresentados por entidades empresariais e visa evitar distor\u00e7\u00f5es no custo financeiro da atividade produtiva.<\/p>\n\n\n\n<p>Essa exclus\u00e3o representa, segundo estimativas da Receita, uma ren\u00fancia de aproximadamente R$\u202f450 milh\u00f5es em 2025 e R$\u202f3,5 bilh\u00f5es em 2026.<\/p>\n\n\n\n<h3 class=\"wp-block-heading\">Per\u00edodo de validade e cobran\u00e7a<\/h3>\n\n\n\n<ul class=\"wp-block-list\">\n<li>As novas al\u00edquotas valem a partir de 1\u00ba de maio de 2025, respeitando a vig\u00eancia original do decreto.<\/li>\n\n\n\n<li>Para o per\u00edodo entre 25 de junho e 16 de julho, quando os decretos estavam suspensos, n\u00e3o haver\u00e1 cobran\u00e7a retroativa.<\/li>\n\n\n\n<li>A decis\u00e3o de Moraes ser\u00e1 votada pelo plen\u00e1rio virtual do STF entre 19 e 26 de julho.<\/li>\n<\/ul>\n\n\n\n<h2 class=\"wp-block-heading\">Sobre a Avalara<\/h2>\n\n\n\n<p>A Avalara apoia empresas na jornada de conformidade tribut\u00e1ria, com solu\u00e7\u00f5es que automatizam o c\u00e1lculo de tributos, a emiss\u00e3o de documentos fiscais e o controle das obriga\u00e7\u00f5es acess\u00f3rias.<\/p>\n\n\n\n<p>Com tecnologia integrada e atualiza\u00e7\u00f5es cont\u00ednuas, suas opera\u00e7\u00f5es permanecem alinhadas \u00e0 legisla\u00e7\u00e3o e preparadas para o novo modelo tribut\u00e1rio brasileiro.<\/p>\n\n\n\n<p>Conhe\u00e7a as solu\u00e7\u00f5es da Avalara e descubra como a automa\u00e7\u00e3o pode tornar sua rotina fiscal mais eficiente e segura durante a Reforma Tribut\u00e1ria:&nbsp;<\/p>\n\n\n\n<style>\n  .custom-button {\n    font-family: Arial, sans-serif;\n    background-color: #FA6400; \/* Laranja Avalara *\/\n    color: #ffffff;\n    border: none;\n    border-radius: 20px;\n    padding: 12px 24px;\n    font-size: 14px;\n    font-weight: bold;\n    text-align: center;\n    letter-spacing: normal;\n    display: inline-block;\n    text-decoration: none;\n    width: fit-content;\n    margin: 0 auto;\n    transition: background-color 0.3s ease, transform 0.2s ease;\n  }\n\n  .custom-button:hover {\n    background-color: #d95500; \/* tom um pouco mais escuro no hover *\/\n    transform: translateY(-2px);\n  }\n\n  .button-container {\n    text-align: center;\n  }\n<\/style>\n\n<div class=\"button-container\">\n  <a href=\"https:\/\/www.avalara.com\/br\/pt\/index.html?ref=descomplica-reforma-tributaria\" class=\"custom-button\">\n    \u3164Saiba mais\u3164\n  <\/a>\n<\/div>\n\n\n","protected":false},"excerpt":{"rendered":"<p>O aumento do IOF em 2025 trouxe mudan\u00e7as relevantes para opera\u00e7\u00f5es de cr\u00e9dito, c\u00e2mbio, seguros e aplica\u00e7\u00f5es financeiras. Com a decis\u00e3o recente do Supremo Tribunal [&hellip;]<\/p>\n","protected":false},"author":2,"featured_media":15089,"comment_status":"open","ping_status":"open","sticky":false,"template":"","format":"standard","meta":{"footnotes":""},"categories":[3],"tags":[],"class_list":["post-15088","post","type-post","status-publish","format-standard","has-post-thumbnail","hentry","category-reforma-tributaria"],"yoast_head":"<!-- This site is optimized with the Yoast SEO plugin v27.0 - https:\/\/yoast.com\/product\/yoast-seo-wordpress\/ -->\n<title>Aumento do\u00a0 IOF: o que muda na pr\u00e1tica para contribuintes e neg\u00f3cios - Descomplica Reforma Tribut\u00e1ria<\/title>\n<meta name=\"description\" content=\"Saiba o que muda com o aumento do IOF em 2025 e entenda os impactos pr\u00e1ticos para cr\u00e9dito, c\u00e2mbio, seguros e investimentos.\" \/>\n<meta name=\"robots\" content=\"index, follow, max-snippet:-1, max-image-preview:large, max-video-preview:-1\" \/>\n<link rel=\"canonical\" href=\"https:\/\/site.avalarabrasil.com.br\/reforma-tributaria\/aumento-iof-2025-o-que-muda\/\" \/>\n<meta property=\"og:locale\" content=\"pt_BR\" \/>\n<meta property=\"og:type\" content=\"article\" \/>\n<meta property=\"og:title\" content=\"Aumento do\u00a0 IOF: o que muda na pr\u00e1tica para contribuintes e neg\u00f3cios - Descomplica Reforma Tribut\u00e1ria\" \/>\n<meta property=\"og:description\" content=\"Saiba o que muda com o aumento do IOF em 2025 e entenda os impactos pr\u00e1ticos para cr\u00e9dito, c\u00e2mbio, seguros e investimentos.\" \/>\n<meta property=\"og:url\" content=\"https:\/\/site.avalarabrasil.com.br\/reforma-tributaria\/aumento-iof-2025-o-que-muda\/\" \/>\n<meta property=\"og:site_name\" content=\"Descomplica Reforma Tribut\u00e1ria\" \/>\n<meta property=\"article:published_time\" content=\"2025-07-25T13:15:08+00:00\" \/>\n<meta property=\"article:modified_time\" content=\"2025-11-17T14:20:09+00:00\" \/>\n<meta property=\"og:image\" content=\"https:\/\/site.avalarabrasil.com.br\/reforma-tributaria\/wp-content\/uploads\/2025\/07\/aumento-do-IOF-2025-scaled-1.jpg\" \/>\n\t<meta property=\"og:image:width\" content=\"2560\" \/>\n\t<meta property=\"og:image:height\" content=\"1707\" \/>\n\t<meta property=\"og:image:type\" content=\"image\/jpeg\" \/>\n<meta name=\"author\" content=\"Camila Nabosne\" \/>\n<meta name=\"twitter:card\" content=\"summary_large_image\" \/>\n<meta name=\"twitter:label1\" content=\"Escrito por\" \/>\n\t<meta name=\"twitter:data1\" content=\"Camila Nabosne\" \/>\n\t<meta name=\"twitter:label2\" content=\"Est. tempo de leitura\" \/>\n\t<meta name=\"twitter:data2\" content=\"5 minutos\" \/>\n<script type=\"application\/ld+json\" class=\"yoast-schema-graph\">{\"@context\":\"https:\/\/schema.org\",\"@graph\":[{\"@type\":\"Article\",\"@id\":\"https:\/\/site.avalarabrasil.com.br\/reforma-tributaria\/aumento-iof-2025-o-que-muda\/#article\",\"isPartOf\":{\"@id\":\"https:\/\/site.avalarabrasil.com.br\/reforma-tributaria\/aumento-iof-2025-o-que-muda\/\"},\"author\":{\"name\":\"Camila Nabosne\",\"@id\":\"https:\/\/site.avalarabrasil.com.br\/reforma-tributaria\/#\/schema\/person\/de5858a1b3c67568fd25d7180083992d\"},\"headline\":\"Aumento do\u00a0 IOF: o que muda na pr\u00e1tica para contribuintes e neg\u00f3cios\",\"datePublished\":\"2025-07-25T13:15:08+00:00\",\"dateModified\":\"2025-11-17T14:20:09+00:00\",\"mainEntityOfPage\":{\"@id\":\"https:\/\/site.avalarabrasil.com.br\/reforma-tributaria\/aumento-iof-2025-o-que-muda\/\"},\"wordCount\":838,\"commentCount\":0,\"publisher\":{\"@id\":\"https:\/\/site.avalarabrasil.com.br\/reforma-tributaria\/#organization\"},\"image\":{\"@id\":\"https:\/\/site.avalarabrasil.com.br\/reforma-tributaria\/aumento-iof-2025-o-que-muda\/#primaryimage\"},\"thumbnailUrl\":\"https:\/\/site.avalarabrasil.com.br\/reforma-tributaria\/wp-content\/uploads\/2025\/07\/aumento-do-IOF-2025-scaled-1.jpg\",\"articleSection\":[\"Reforma Tribut\u00e1ria\"],\"inLanguage\":\"pt-BR\",\"potentialAction\":[{\"@type\":\"CommentAction\",\"name\":\"Comment\",\"target\":[\"https:\/\/site.avalarabrasil.com.br\/reforma-tributaria\/aumento-iof-2025-o-que-muda\/#respond\"]}]},{\"@type\":\"WebPage\",\"@id\":\"https:\/\/site.avalarabrasil.com.br\/reforma-tributaria\/aumento-iof-2025-o-que-muda\/\",\"url\":\"https:\/\/site.avalarabrasil.com.br\/reforma-tributaria\/aumento-iof-2025-o-que-muda\/\",\"name\":\"Aumento do\u00a0 IOF: o que muda na pr\u00e1tica para contribuintes e neg\u00f3cios - Descomplica Reforma Tribut\u00e1ria\",\"isPartOf\":{\"@id\":\"https:\/\/site.avalarabrasil.com.br\/reforma-tributaria\/#website\"},\"primaryImageOfPage\":{\"@id\":\"https:\/\/site.avalarabrasil.com.br\/reforma-tributaria\/aumento-iof-2025-o-que-muda\/#primaryimage\"},\"image\":{\"@id\":\"https:\/\/site.avalarabrasil.com.br\/reforma-tributaria\/aumento-iof-2025-o-que-muda\/#primaryimage\"},\"thumbnailUrl\":\"https:\/\/site.avalarabrasil.com.br\/reforma-tributaria\/wp-content\/uploads\/2025\/07\/aumento-do-IOF-2025-scaled-1.jpg\",\"datePublished\":\"2025-07-25T13:15:08+00:00\",\"dateModified\":\"2025-11-17T14:20:09+00:00\",\"description\":\"Saiba o que muda com o aumento do IOF em 2025 e entenda os impactos pr\u00e1ticos para cr\u00e9dito, c\u00e2mbio, seguros e investimentos.\",\"breadcrumb\":{\"@id\":\"https:\/\/site.avalarabrasil.com.br\/reforma-tributaria\/aumento-iof-2025-o-que-muda\/#breadcrumb\"},\"inLanguage\":\"pt-BR\",\"potentialAction\":[{\"@type\":\"ReadAction\",\"target\":[\"https:\/\/site.avalarabrasil.com.br\/reforma-tributaria\/aumento-iof-2025-o-que-muda\/\"]}]},{\"@type\":\"ImageObject\",\"inLanguage\":\"pt-BR\",\"@id\":\"https:\/\/site.avalarabrasil.com.br\/reforma-tributaria\/aumento-iof-2025-o-que-muda\/#primaryimage\",\"url\":\"https:\/\/site.avalarabrasil.com.br\/reforma-tributaria\/wp-content\/uploads\/2025\/07\/aumento-do-IOF-2025-scaled-1.jpg\",\"contentUrl\":\"https:\/\/site.avalarabrasil.com.br\/reforma-tributaria\/wp-content\/uploads\/2025\/07\/aumento-do-IOF-2025-scaled-1.jpg\",\"width\":2560,\"height\":1707,\"caption\":\"aumento do IOF 2025\"},{\"@type\":\"BreadcrumbList\",\"@id\":\"https:\/\/site.avalarabrasil.com.br\/reforma-tributaria\/aumento-iof-2025-o-que-muda\/#breadcrumb\",\"itemListElement\":[{\"@type\":\"ListItem\",\"position\":1,\"name\":\"In\u00edcio\",\"item\":\"https:\/\/site.avalarabrasil.com.br\/reforma-tributaria\/\"},{\"@type\":\"ListItem\",\"position\":2,\"name\":\"Aumento do\u00a0 IOF: o que muda na pr\u00e1tica para contribuintes e neg\u00f3cios\"}]},{\"@type\":\"WebSite\",\"@id\":\"https:\/\/site.avalarabrasil.com.br\/reforma-tributaria\/#website\",\"url\":\"https:\/\/site.avalarabrasil.com.br\/reforma-tributaria\/\",\"name\":\"Descomplica Reforma Tribut\u00e1ria\",\"description\":\"Entenda o impacto da Reforma Tribut\u00e1ria no seu neg\u00f3cio. No Descomplica Reforma Tribut\u00e1ria, voc\u00ea encontra not\u00edcias, legisla\u00e7\u00e3o e orienta\u00e7\u00f5es pr\u00e1ticas para empresas.\",\"publisher\":{\"@id\":\"https:\/\/site.avalarabrasil.com.br\/reforma-tributaria\/#organization\"},\"alternateName\":\"Reforma Tribut\u00e1ria Avalara\",\"potentialAction\":[{\"@type\":\"SearchAction\",\"target\":{\"@type\":\"EntryPoint\",\"urlTemplate\":\"https:\/\/site.avalarabrasil.com.br\/reforma-tributaria\/?s={search_term_string}\"},\"query-input\":{\"@type\":\"PropertyValueSpecification\",\"valueRequired\":true,\"valueName\":\"search_term_string\"}}],\"inLanguage\":\"pt-BR\"},{\"@type\":\"Organization\",\"@id\":\"https:\/\/site.avalarabrasil.com.br\/reforma-tributaria\/#organization\",\"name\":\"Descomplica Reforma Tribut\u00e1ria\",\"url\":\"https:\/\/site.avalarabrasil.com.br\/reforma-tributaria\/\",\"logo\":{\"@type\":\"ImageObject\",\"inLanguage\":\"pt-BR\",\"@id\":\"https:\/\/site.avalarabrasil.com.br\/reforma-tributaria\/#\/schema\/logo\/image\/\",\"url\":\"https:\/\/site.avalarabrasil.com.br\/reforma-tributaria\/wp-content\/uploads\/2025\/11\/avalara.png\",\"contentUrl\":\"https:\/\/site.avalarabrasil.com.br\/reforma-tributaria\/wp-content\/uploads\/2025\/11\/avalara.png\",\"width\":1200,\"height\":675,\"caption\":\"Descomplica Reforma Tribut\u00e1ria\"},\"image\":{\"@id\":\"https:\/\/site.avalarabrasil.com.br\/reforma-tributaria\/#\/schema\/logo\/image\/\"}},{\"@type\":\"Person\",\"@id\":\"https:\/\/site.avalarabrasil.com.br\/reforma-tributaria\/#\/schema\/person\/de5858a1b3c67568fd25d7180083992d\",\"name\":\"Camila Nabosne\",\"image\":{\"@type\":\"ImageObject\",\"inLanguage\":\"pt-BR\",\"@id\":\"https:\/\/site.avalarabrasil.com.br\/reforma-tributaria\/#\/schema\/person\/image\/\",\"url\":\"https:\/\/site.avalarabrasil.com.br\/reforma-tributaria\/wp-content\/litespeed\/avatar\/0a8eaaf31c4400af2573088d03d0fcb5.jpg?ver=1777386826\",\"contentUrl\":\"https:\/\/site.avalarabrasil.com.br\/reforma-tributaria\/wp-content\/litespeed\/avatar\/0a8eaaf31c4400af2573088d03d0fcb5.jpg?ver=1777386826\",\"caption\":\"Camila Nabosne\"},\"url\":\"https:\/\/site.avalarabrasil.com.br\/reforma-tributaria\/author\/camila-nabosne\/\"}]}<\/script>\n<!-- \/ Yoast SEO plugin. -->","yoast_head_json":{"title":"Aumento do\u00a0 IOF: o que muda na pr\u00e1tica para contribuintes e neg\u00f3cios - Descomplica Reforma Tribut\u00e1ria","description":"Saiba o que muda com o aumento do IOF em 2025 e entenda os impactos pr\u00e1ticos para cr\u00e9dito, c\u00e2mbio, seguros e investimentos.","robots":{"index":"index","follow":"follow","max-snippet":"max-snippet:-1","max-image-preview":"max-image-preview:large","max-video-preview":"max-video-preview:-1"},"canonical":"https:\/\/site.avalarabrasil.com.br\/reforma-tributaria\/aumento-iof-2025-o-que-muda\/","og_locale":"pt_BR","og_type":"article","og_title":"Aumento do\u00a0 IOF: o que muda na pr\u00e1tica para contribuintes e neg\u00f3cios - Descomplica Reforma Tribut\u00e1ria","og_description":"Saiba o que muda com o aumento do IOF em 2025 e entenda os impactos pr\u00e1ticos para cr\u00e9dito, c\u00e2mbio, seguros e investimentos.","og_url":"https:\/\/site.avalarabrasil.com.br\/reforma-tributaria\/aumento-iof-2025-o-que-muda\/","og_site_name":"Descomplica Reforma Tribut\u00e1ria","article_published_time":"2025-07-25T13:15:08+00:00","article_modified_time":"2025-11-17T14:20:09+00:00","og_image":[{"width":2560,"height":1707,"url":"https:\/\/site.avalarabrasil.com.br\/reforma-tributaria\/wp-content\/uploads\/2025\/07\/aumento-do-IOF-2025-scaled-1.jpg","type":"image\/jpeg"}],"author":"Camila Nabosne","twitter_card":"summary_large_image","twitter_misc":{"Escrito por":"Camila Nabosne","Est. tempo de leitura":"5 minutos"},"schema":{"@context":"https:\/\/schema.org","@graph":[{"@type":"Article","@id":"https:\/\/site.avalarabrasil.com.br\/reforma-tributaria\/aumento-iof-2025-o-que-muda\/#article","isPartOf":{"@id":"https:\/\/site.avalarabrasil.com.br\/reforma-tributaria\/aumento-iof-2025-o-que-muda\/"},"author":{"name":"Camila Nabosne","@id":"https:\/\/site.avalarabrasil.com.br\/reforma-tributaria\/#\/schema\/person\/de5858a1b3c67568fd25d7180083992d"},"headline":"Aumento do\u00a0 IOF: o que muda na pr\u00e1tica para contribuintes e neg\u00f3cios","datePublished":"2025-07-25T13:15:08+00:00","dateModified":"2025-11-17T14:20:09+00:00","mainEntityOfPage":{"@id":"https:\/\/site.avalarabrasil.com.br\/reforma-tributaria\/aumento-iof-2025-o-que-muda\/"},"wordCount":838,"commentCount":0,"publisher":{"@id":"https:\/\/site.avalarabrasil.com.br\/reforma-tributaria\/#organization"},"image":{"@id":"https:\/\/site.avalarabrasil.com.br\/reforma-tributaria\/aumento-iof-2025-o-que-muda\/#primaryimage"},"thumbnailUrl":"https:\/\/site.avalarabrasil.com.br\/reforma-tributaria\/wp-content\/uploads\/2025\/07\/aumento-do-IOF-2025-scaled-1.jpg","articleSection":["Reforma Tribut\u00e1ria"],"inLanguage":"pt-BR","potentialAction":[{"@type":"CommentAction","name":"Comment","target":["https:\/\/site.avalarabrasil.com.br\/reforma-tributaria\/aumento-iof-2025-o-que-muda\/#respond"]}]},{"@type":"WebPage","@id":"https:\/\/site.avalarabrasil.com.br\/reforma-tributaria\/aumento-iof-2025-o-que-muda\/","url":"https:\/\/site.avalarabrasil.com.br\/reforma-tributaria\/aumento-iof-2025-o-que-muda\/","name":"Aumento do\u00a0 IOF: o que muda na pr\u00e1tica para contribuintes e neg\u00f3cios - Descomplica Reforma Tribut\u00e1ria","isPartOf":{"@id":"https:\/\/site.avalarabrasil.com.br\/reforma-tributaria\/#website"},"primaryImageOfPage":{"@id":"https:\/\/site.avalarabrasil.com.br\/reforma-tributaria\/aumento-iof-2025-o-que-muda\/#primaryimage"},"image":{"@id":"https:\/\/site.avalarabrasil.com.br\/reforma-tributaria\/aumento-iof-2025-o-que-muda\/#primaryimage"},"thumbnailUrl":"https:\/\/site.avalarabrasil.com.br\/reforma-tributaria\/wp-content\/uploads\/2025\/07\/aumento-do-IOF-2025-scaled-1.jpg","datePublished":"2025-07-25T13:15:08+00:00","dateModified":"2025-11-17T14:20:09+00:00","description":"Saiba o que muda com o aumento do IOF em 2025 e entenda os impactos pr\u00e1ticos para cr\u00e9dito, c\u00e2mbio, seguros e investimentos.","breadcrumb":{"@id":"https:\/\/site.avalarabrasil.com.br\/reforma-tributaria\/aumento-iof-2025-o-que-muda\/#breadcrumb"},"inLanguage":"pt-BR","potentialAction":[{"@type":"ReadAction","target":["https:\/\/site.avalarabrasil.com.br\/reforma-tributaria\/aumento-iof-2025-o-que-muda\/"]}]},{"@type":"ImageObject","inLanguage":"pt-BR","@id":"https:\/\/site.avalarabrasil.com.br\/reforma-tributaria\/aumento-iof-2025-o-que-muda\/#primaryimage","url":"https:\/\/site.avalarabrasil.com.br\/reforma-tributaria\/wp-content\/uploads\/2025\/07\/aumento-do-IOF-2025-scaled-1.jpg","contentUrl":"https:\/\/site.avalarabrasil.com.br\/reforma-tributaria\/wp-content\/uploads\/2025\/07\/aumento-do-IOF-2025-scaled-1.jpg","width":2560,"height":1707,"caption":"aumento do IOF 2025"},{"@type":"BreadcrumbList","@id":"https:\/\/site.avalarabrasil.com.br\/reforma-tributaria\/aumento-iof-2025-o-que-muda\/#breadcrumb","itemListElement":[{"@type":"ListItem","position":1,"name":"In\u00edcio","item":"https:\/\/site.avalarabrasil.com.br\/reforma-tributaria\/"},{"@type":"ListItem","position":2,"name":"Aumento do\u00a0 IOF: o que muda na pr\u00e1tica para contribuintes e neg\u00f3cios"}]},{"@type":"WebSite","@id":"https:\/\/site.avalarabrasil.com.br\/reforma-tributaria\/#website","url":"https:\/\/site.avalarabrasil.com.br\/reforma-tributaria\/","name":"Descomplica Reforma Tribut\u00e1ria","description":"Entenda o impacto da Reforma Tribut\u00e1ria no seu neg\u00f3cio. No Descomplica Reforma Tribut\u00e1ria, voc\u00ea encontra not\u00edcias, legisla\u00e7\u00e3o e orienta\u00e7\u00f5es pr\u00e1ticas para empresas.","publisher":{"@id":"https:\/\/site.avalarabrasil.com.br\/reforma-tributaria\/#organization"},"alternateName":"Reforma Tribut\u00e1ria Avalara","potentialAction":[{"@type":"SearchAction","target":{"@type":"EntryPoint","urlTemplate":"https:\/\/site.avalarabrasil.com.br\/reforma-tributaria\/?s={search_term_string}"},"query-input":{"@type":"PropertyValueSpecification","valueRequired":true,"valueName":"search_term_string"}}],"inLanguage":"pt-BR"},{"@type":"Organization","@id":"https:\/\/site.avalarabrasil.com.br\/reforma-tributaria\/#organization","name":"Descomplica Reforma Tribut\u00e1ria","url":"https:\/\/site.avalarabrasil.com.br\/reforma-tributaria\/","logo":{"@type":"ImageObject","inLanguage":"pt-BR","@id":"https:\/\/site.avalarabrasil.com.br\/reforma-tributaria\/#\/schema\/logo\/image\/","url":"https:\/\/site.avalarabrasil.com.br\/reforma-tributaria\/wp-content\/uploads\/2025\/11\/avalara.png","contentUrl":"https:\/\/site.avalarabrasil.com.br\/reforma-tributaria\/wp-content\/uploads\/2025\/11\/avalara.png","width":1200,"height":675,"caption":"Descomplica Reforma Tribut\u00e1ria"},"image":{"@id":"https:\/\/site.avalarabrasil.com.br\/reforma-tributaria\/#\/schema\/logo\/image\/"}},{"@type":"Person","@id":"https:\/\/site.avalarabrasil.com.br\/reforma-tributaria\/#\/schema\/person\/de5858a1b3c67568fd25d7180083992d","name":"Camila Nabosne","image":{"@type":"ImageObject","inLanguage":"pt-BR","@id":"https:\/\/site.avalarabrasil.com.br\/reforma-tributaria\/#\/schema\/person\/image\/","url":"https:\/\/site.avalarabrasil.com.br\/reforma-tributaria\/wp-content\/litespeed\/avatar\/0a8eaaf31c4400af2573088d03d0fcb5.jpg?ver=1777386826","contentUrl":"https:\/\/site.avalarabrasil.com.br\/reforma-tributaria\/wp-content\/litespeed\/avatar\/0a8eaaf31c4400af2573088d03d0fcb5.jpg?ver=1777386826","caption":"Camila Nabosne"},"url":"https:\/\/site.avalarabrasil.com.br\/reforma-tributaria\/author\/camila-nabosne\/"}]}},"_links":{"self":[{"href":"https:\/\/site.avalarabrasil.com.br\/reforma-tributaria\/wp-json\/wp\/v2\/posts\/15088","targetHints":{"allow":["GET"]}}],"collection":[{"href":"https:\/\/site.avalarabrasil.com.br\/reforma-tributaria\/wp-json\/wp\/v2\/posts"}],"about":[{"href":"https:\/\/site.avalarabrasil.com.br\/reforma-tributaria\/wp-json\/wp\/v2\/types\/post"}],"author":[{"embeddable":true,"href":"https:\/\/site.avalarabrasil.com.br\/reforma-tributaria\/wp-json\/wp\/v2\/users\/2"}],"replies":[{"embeddable":true,"href":"https:\/\/site.avalarabrasil.com.br\/reforma-tributaria\/wp-json\/wp\/v2\/comments?post=15088"}],"version-history":[{"count":1,"href":"https:\/\/site.avalarabrasil.com.br\/reforma-tributaria\/wp-json\/wp\/v2\/posts\/15088\/revisions"}],"predecessor-version":[{"id":15575,"href":"https:\/\/site.avalarabrasil.com.br\/reforma-tributaria\/wp-json\/wp\/v2\/posts\/15088\/revisions\/15575"}],"wp:featuredmedia":[{"embeddable":true,"href":"https:\/\/site.avalarabrasil.com.br\/reforma-tributaria\/wp-json\/wp\/v2\/media\/15089"}],"wp:attachment":[{"href":"https:\/\/site.avalarabrasil.com.br\/reforma-tributaria\/wp-json\/wp\/v2\/media?parent=15088"}],"wp:term":[{"taxonomy":"category","embeddable":true,"href":"https:\/\/site.avalarabrasil.com.br\/reforma-tributaria\/wp-json\/wp\/v2\/categories?post=15088"},{"taxonomy":"post_tag","embeddable":true,"href":"https:\/\/site.avalarabrasil.com.br\/reforma-tributaria\/wp-json\/wp\/v2\/tags?post=15088"}],"curies":[{"name":"wp","href":"https:\/\/api.w.org\/{rel}","templated":true}]}}