{"id":15184,"date":"2025-09-04T11:30:18","date_gmt":"2025-09-04T14:30:18","guid":{"rendered":"https:\/\/oobj.com.br\/?p=15184"},"modified":"2025-11-17T11:30:10","modified_gmt":"2025-11-17T14:30:10","slug":"nt-2019-001-v170-nfe-nfce","status":"publish","type":"post","link":"https:\/\/site.avalarabrasil.com.br\/reforma-tributaria\/nt-2019-001-v170-nfe-nfce\/","title":{"rendered":"Nota T\u00e9cnica 2019.001 vers\u00e3o 1.70 Cria\u00e7\u00e3o e Atualiza\u00e7\u00e3o de Regras de Valida\u00e7\u00e3o para\u00a0 NFe e NFCe"},"content":{"rendered":"\n<p>A Nota T\u00e9cnica 2019.001 acompanha desde 2019 a evolu\u00e7\u00e3o das regras de valida\u00e7\u00e3o aplicadas \u00e0 NFe e \u00e0 NFCe na vers\u00e3o 4.0.<\/p>\n\n\n\n<p>Ao longo dos anos, diferentes vers\u00f5es foram publicadas para corrigir inconsist\u00eancias, criar novas regras e ajustar prazos de implanta\u00e7\u00e3o em diversos estados.<\/p>\n\n\n\n<p>Em agosto de 2025, foi publicada a vers\u00e3o 1.70, que trouxe mudan\u00e7as importantes. Confira:&nbsp;<\/p>\n\n\n\n<h2 class=\"wp-block-heading\">Objetivo&nbsp;<\/h2>\n\n\n\n<p>O objetivo da <a href=\"https:\/\/www.nfe.fazenda.gov.br\/portal\/listaConteudo.aspx?tipoConteudo=04BIflQt1aY=\">NT 2019.001 <\/a>\u00e9 criar e atualizar regras de valida\u00e7\u00e3o da NFe e NFCe na vers\u00e3o 4.0.<\/p>\n\n\n\n<p>Em agosto de 2025, foi publicada a vers\u00e3o 1.70, trazendo novas atualiza\u00e7\u00f5es. Essa vers\u00e3o introduziu a ativa\u00e7\u00e3o de regras de valida\u00e7\u00e3o para o estado de S\u00e3o Paulo, alterou prazos de vig\u00eancia em Santa Catarina e incluiu exce\u00e7\u00f5es espec\u00edficas em regras j\u00e1 existentes.<\/p>\n\n\n\n<h2 class=\"wp-block-heading\">Prazos&nbsp;<\/h2>\n\n\n\n<p>O prazo previsto para a implementa\u00e7\u00e3o das mudan\u00e7as trazidas pela NT 2019.001vers\u00e3o 1.70 s\u00e3o:<\/p>\n\n\n\n<figure class=\"wp-block-table\"><table class=\"has-fixed-layout\"><tbody><tr><td><strong>Hist\u00f3rico de atualiza\u00e7\u00f5es&nbsp;<\/strong><\/td><td><strong>Ambiente de Homologa\u00e7\u00e3o (Teste)<\/strong><\/td><td><strong>Ambiente de Produ\u00e7\u00e3o<\/strong><\/td><\/tr><tr><td>Ativa\u00e7\u00e3o das regras de valida\u00e7\u00e3o para SP<\/td><td>12\/01\/2026<\/td><td>06\/04\/2026<\/td><\/tr><tr><td>Altera\u00e7\u00e3o da data de ativa\u00e7\u00e3o da regra de valida\u00e7\u00e3o N12-85 (Santa Catarina)<\/td><td>04\/11\/2024<\/td><td>01\/09\/2025<\/td><\/tr><tr><td>Altera\u00e7\u00e3o da data de ativa\u00e7\u00e3o das regras de valida\u00e7\u00e3o N12-86, N12-94, N12-98 e I05h-10 (Santa Catarina)<\/td><td>02\/12\/2024<\/td><td>03\/11\/2025<\/td><\/tr><tr><td>Altera\u00e7\u00e3o da data de ativa\u00e7\u00e3o das regras de valida\u00e7\u00e3o N14a-10 e N14a-20 (Santa Catarina)<\/td><td>02\/12\/2024<\/td><td>06\/04\/2026<\/td><\/tr><tr><td>Inclus\u00e3o de exce\u00e7\u00e3o na RV I05g-10<\/td><td>Imediata<\/td><td>Imediata<\/td><\/tr><\/tbody><\/table><\/figure>\n\n\n\n<h2 class=\"wp-block-heading\">Altera\u00e7\u00f5es trazidas pela vers\u00e3o 1.70<\/h2>\n\n\n\n<p>A Nota T\u00e9cnica 2019.001, em sua vers\u00e3o 1.70, publicada em agosto de 2025, apresenta atualiza\u00e7\u00f5es voltadas \u00e0 Nota Fiscal Eletr\u00f4nica (NFe) e \u00e0 Nota Fiscal de Consumidor Eletr\u00f4nica (NFCe), ambas na vers\u00e3o 4.0.&nbsp;<\/p>\n\n\n\n<p>O objetivo principal \u00e9 divulgar novas regras de valida\u00e7\u00e3o e ajustar regras j\u00e1 existentes.<\/p>\n\n\n\n<p>Entre as principais mudan\u00e7as trazidas pela vers\u00e3o 1.70 est\u00e3o:<\/p>\n\n\n\n<ul class=\"wp-block-list\">\n<li>Ativa\u00e7\u00e3o de regras de valida\u00e7\u00e3o para o estado de S\u00e3o Paulo (SP).<\/li>\n\n\n\n<li>Altera\u00e7\u00e3o da data de ativa\u00e7\u00e3o em produ\u00e7\u00e3o da regra de valida\u00e7\u00e3o N12-85 para Santa Catarina (SC).<\/li>\n\n\n\n<li>Altera\u00e7\u00e3o da data de ativa\u00e7\u00e3o em produ\u00e7\u00e3o das regras N12-86, N12-94, N12-98 e I05h-10 para Santa Catarina (SC).<\/li>\n\n\n\n<li>Altera\u00e7\u00e3o da data de ativa\u00e7\u00e3o em produ\u00e7\u00e3o das regras N14a-10 e N14a-20 para Santa Catarina (SC).<\/li>\n\n\n\n<li>Inclus\u00e3o de exce\u00e7\u00e3o na regra de valida\u00e7\u00e3o I05g-10.<\/li>\n<\/ul>\n\n\n\n<p>Vale destacar que a vers\u00e3o 1.70 tamb\u00e9m consolida todas as altera\u00e7\u00f5es e ajustes das vers\u00f5es anteriores da Nota T\u00e9cnica 2019.001.<\/p>\n\n\n\n<h2 class=\"wp-block-heading\">Altera\u00e7\u00f5es trazidas pela vers\u00e3o 1.64 \u2013 Setembro\/2024<\/h2>\n\n\n\n<ul class=\"wp-block-list\">\n<li>Ativa\u00e7\u00e3o da regra de valida\u00e7\u00e3o N12-85 na NFe e NFCe para Santa Catarina.<br><\/li>\n\n\n\n<li>Inclus\u00e3o das regras de valida\u00e7\u00e3o N14a-20 e I05h-10, a crit\u00e9rio da UF; ativa\u00e7\u00e3o das regras N12-94, N12-98, N14a-20 e I05h-10 para SC.<br><\/li>\n\n\n\n<li>Inclus\u00e3o da regra de valida\u00e7\u00e3o N14a-10, a crit\u00e9rio da UF; ativa\u00e7\u00e3o das regras N12-86 e N14a-10 para SC.<br><\/li>\n<\/ul>\n\n\n\n<h2 class=\"wp-block-heading\">Altera\u00e7\u00f5es trazidas pela vers\u00e3o 1.63 \u2013 Agosto\/2024<\/h2>\n\n\n\n<ul class=\"wp-block-list\">\n<li>Altera\u00e7\u00e3o da data de ativa\u00e7\u00e3o em produ\u00e7\u00e3o para NFCe (modelo 65), pelo Distrito Federal, das regras de valida\u00e7\u00e3o N12-85, N12-86 e N12-94.<br>Inclus\u00e3o da regra de valida\u00e7\u00e3o I05g-10, a crit\u00e9rio da UF.<\/li>\n\n\n\n<li>Adequa\u00e7\u00e3o dos textos das RV 5E17-10, 5E17-30, 5E17-46, 5E17-80, 6P31-30 e 6P31-46 conforme NT 2020.005 v.1.10.<br><\/li>\n<\/ul>\n\n\n\n<h2 class=\"wp-block-heading\">Altera\u00e7\u00f5es trazidas pela vers\u00e3o 1.62 \u2013 Mar\u00e7o\/2024<\/h2>\n\n\n\n<ul class=\"wp-block-list\">\n<li>Altera\u00e7\u00e3o das Regras de Valida\u00e7\u00e3o sobre opera\u00e7\u00f5es de aquisi\u00e7\u00e3o ou presta\u00e7\u00e3o de servi\u00e7os (RV I08-160 e I08-70); elimina\u00e7\u00e3o da RV I08-17.<\/li>\n\n\n\n<li>Altera\u00e7\u00e3o da data de ativa\u00e7\u00e3o em produ\u00e7\u00e3o para NFCe (modelo 65), pelo DF, das regras de valida\u00e7\u00e3o N12-85, N12-86 e N12-94.<\/li>\n\n\n\n<li>Inclus\u00e3o da obrigatoriedade do c\u00f3digo de benef\u00edcio fiscal para o Esp\u00edrito Santo na NFe (modelo 55).<\/li>\n\n\n\n<li>Atualiza\u00e7\u00e3o do Schema e altera\u00e7\u00e3o do leiaute, nomeando a tag do grupo de Cr\u00e9dito Presumido (gCred, Id:I05g).<br><\/li>\n<\/ul>\n\n\n\n<h2 class=\"wp-block-heading\">Altera\u00e7\u00f5es trazidas pela vers\u00e3o 1.61 \u2013 Janeiro\/2024<\/h2>\n\n\n\n<ul class=\"wp-block-list\">\n<li>Prorroga\u00e7\u00e3o da implanta\u00e7\u00e3o da vers\u00e3o 1.60 em homologa\u00e7\u00e3o.<br>Informa\u00e7\u00e3o sobre publica\u00e7\u00e3o do schema.<br><\/li>\n<\/ul>\n\n\n\n<h2 class=\"wp-block-heading\">Altera\u00e7\u00f5es trazidas pela vers\u00e3o 1.60 \u2013 Dezembro\/2023<\/h2>\n\n\n\n<ul class=\"wp-block-list\">\n<li>Inclus\u00e3o de campos para as informa\u00e7\u00f5es do cr\u00e9dito presumido.<\/li>\n\n\n\n<li>Inclus\u00e3o de campo para c\u00f3digo de benef\u00edcio fiscal de redu\u00e7\u00e3o de base de c\u00e1lculo dentro do CST51, quando acumulado com diferimento.<br><\/li>\n<\/ul>\n\n\n\n<h2 class=\"wp-block-heading\">Altera\u00e7\u00f5es trazidas pela vers\u00e3o \u2013 Dezembro\/2023<\/h2>\n\n\n\n<ul class=\"wp-block-list\">\n<li>Altera\u00e7\u00e3o da data de ativa\u00e7\u00e3o em produ\u00e7\u00e3o para NFe, pelo DF, das regras de valida\u00e7\u00e3o N12-85, N12-86 e N12-94.<br>Altera\u00e7\u00e3o da data de ativa\u00e7\u00e3o em produ\u00e7\u00e3o para NFe, por Goi\u00e1s, das regras N12-85, N12-86, N12-90, N12-94, N12-97 e N12-98.<br>Inclus\u00e3o da RV I08-171 para rejeitar NFe com CFOP de aquisi\u00e7\u00e3o ou presta\u00e7\u00e3o de servi\u00e7o fora do campo de incid\u00eancia do ICMS.<\/li>\n\n\n\n<li>Inclus\u00e3o da obrigatoriedade para Santa Catarina.<br><\/li>\n<\/ul>\n\n\n\n<h2 class=\"wp-block-heading\">Altera\u00e7\u00f5es trazidas pela vers\u00e3o 1.53 \u2013 Fevereiro\/2023<\/h2>\n\n\n\n<ul class=\"wp-block-list\">\n<li>Altera\u00e7\u00e3o da data de ativa\u00e7\u00e3o em produ\u00e7\u00e3o para NFe, pelo DF, das regras de valida\u00e7\u00e3o N12-85, N12-86 e N12-94.<br><\/li>\n<\/ul>\n\n\n\n<h2 class=\"wp-block-heading\">Altera\u00e7\u00f5es trazidas pela vers\u00e3o 1.52 \u2013 Agosto\/2022<\/h2>\n\n\n\n<ul class=\"wp-block-list\">\n<li>Goi\u00e1s ativar\u00e1 as regras de valida\u00e7\u00e3o N12-85, N12-86, N12-90, N12-94, N12-97 e N12-98.<\/li>\n\n\n\n<li>Corre\u00e7\u00e3o do texto relativo \u00e0 ativa\u00e7\u00e3o da regra de valida\u00e7\u00e3o do DF na vers\u00e3o 1.51.<\/li>\n\n\n\n<li>Distrito Federal ativar\u00e1 as regras de valida\u00e7\u00e3o N12-85, N12-86 e N12-94.<br><\/li>\n<\/ul>\n\n\n\n<h2 class=\"wp-block-heading\">Altera\u00e7\u00f5es trazidas pela vers\u00e3o 1.51 \u2013 Setembro\/2020<\/h2>\n\n\n\n<ul class=\"wp-block-list\">\n<li>DF ativar\u00e1 a regra de valida\u00e7\u00e3o N12-98.<\/li>\n\n\n\n<li>Inclus\u00e3o de novos CFOP na regra de valida\u00e7\u00e3o N28-20 (exce\u00e7\u00e3o com ativa\u00e7\u00e3o em 28\/09\/2020).<\/li>\n\n\n\n<li>Altera\u00e7\u00e3o do texto da N12-86.<br><\/li>\n<\/ul>\n\n\n\n<h2 class=\"wp-block-heading\">Altera\u00e7\u00f5es trazidas pela vers\u00e3o 1.50 \u2013 Abril\/2020<\/h2>\n\n\n\n<ul class=\"wp-block-list\">\n<li>Prorroga\u00e7\u00e3o da implanta\u00e7\u00e3o em produ\u00e7\u00e3o.<\/li>\n\n\n\n<li>Divulga\u00e7\u00e3o de onde ser\u00e3o publicadas as tabelas de cBenef x CST por UF.<\/li>\n\n\n\n<li>Inclus\u00e3o de exce\u00e7\u00e3o \u00e0 RV N12-98, excluindo sua aplica\u00e7\u00e3o ao Simples Nacional.<br><\/li>\n<\/ul>\n\n\n\n<h2 class=\"wp-block-heading\">Altera\u00e7\u00f5es trazidas pela vers\u00e3o 1.40 \u2013 Dezembro\/2019<\/h2>\n\n\n\n<ul class=\"wp-block-list\">\n<li>Modifica\u00e7\u00e3o da RV N12-94, tornando-a mais espec\u00edfica e criando a RV N12-98.<\/li>\n\n\n\n<li>Inclus\u00e3o de exce\u00e7\u00f5es e modelos para as RV N12-85, N12-86, N12-90, N12-94, N12-97 e N12-98.<br>Informa\u00e7\u00f5es sobre exce\u00e7\u00f5es e datas aplic\u00e1veis por UF.<br>Retirada do modelo 65 da valida\u00e7\u00e3o da RV B03-10.<br><\/li>\n<\/ul>\n\n\n\n<h2 class=\"wp-block-heading\">Altera\u00e7\u00f5es trazidas pela vers\u00e3o 1.30 \u2013 Agosto\/2019<\/h2>\n\n\n\n<ul class=\"wp-block-list\">\n<li>Divulga\u00e7\u00e3o dos locais de publica\u00e7\u00e3o das tabelas de c\u00f3digos de benef\u00edcios fiscais e de regras de valida\u00e7\u00e3o opcionais por UF.<\/li>\n\n\n\n<li>Defini\u00e7\u00e3o de novas datas de vig\u00eancia para algumas regras.<br><\/li>\n<\/ul>\n\n\n\n<h2 class=\"wp-block-heading\">Altera\u00e7\u00f5es trazidas pela vers\u00e3o 1.20 \u2013 Agosto\/2019<\/h2>\n\n\n\n<ul class=\"wp-block-list\">\n<li>Remo\u00e7\u00e3o da Regra 1C03-10.<\/li>\n\n\n\n<li>Corre\u00e7\u00e3o na descri\u00e7\u00e3o da RV N12-90.<\/li>\n\n\n\n<li>Regras N18-10 e N18-20 passaram a ser facultativas.<\/li>\n\n\n\n<li>Cria\u00e7\u00e3o de novo valor para o campo N18.<br><\/li>\n<\/ul>\n\n\n\n<h2 class=\"wp-block-heading\">Altera\u00e7\u00f5es trazidas pela vers\u00e3o 1.10 \u2013 Julho\/2019<\/h2>\n\n\n\n<ul class=\"wp-block-list\">\n<li>Cria\u00e7\u00e3o e ajustes em regras de valida\u00e7\u00e3o relacionadas a CST e C\u00f3digo de Benef\u00edcio Fiscal, corrigindo inconsist\u00eancias da vers\u00e3o anterior.<\/li>\n<\/ul>\n\n\n\n<h2 class=\"wp-block-heading\">Altera\u00e7\u00f5es trazidas pela vers\u00e3o 1.00 \u2013 Abril\/2019<\/h2>\n\n\n\n<ul class=\"wp-block-list\">\n<li>Cria\u00e7\u00e3o inicial de novas regras de valida\u00e7\u00e3o e altera\u00e7\u00e3o de regras j\u00e1 existente<\/li>\n<\/ul>\n\n\n\n<p><a href=\"https:\/\/www.nfe.fazenda.gov.br\/portal\/listaConteudo.aspx?tipoConteudo=04BIflQt1aY=\">Clique aqui e confira a Nota T\u00e9cnica completa no portal da NFe.&nbsp;<\/a><\/p>\n\n\n\n<h2 class=\"wp-block-heading\">Sobre a Avalara<\/h2>\n\n\n\n<p>A Avalara apoia empresas na jornada de conformidade tribut\u00e1ria, com solu\u00e7\u00f5es que automatizam o c\u00e1lculo de tributos, a emiss\u00e3o de documentos fiscais e o controle das obriga\u00e7\u00f5es acess\u00f3rias.<\/p>\n\n\n\n<p>Com tecnologia integrada e atualiza\u00e7\u00f5es cont\u00ednuas, suas opera\u00e7\u00f5es permanecem alinhadas \u00e0 legisla\u00e7\u00e3o e preparadas para o novo modelo tribut\u00e1rio brasileiro.<\/p>\n\n\n\n<p>Conhe\u00e7a as solu\u00e7\u00f5es da Avalara e descubra como a automa\u00e7\u00e3o pode tornar sua rotina fiscal mais eficiente e segura durante a Reforma Tribut\u00e1ria:&nbsp;<\/p>\n\n\n\n<style>\n  .custom-button {\n    font-family: Arial, sans-serif;\n    background-color: #FA6400; \/* Laranja Avalara *\/\n    color: #ffffff;\n    border: none;\n    border-radius: 20px;\n    padding: 12px 24px;\n    font-size: 14px;\n    font-weight: bold;\n    text-align: center;\n    letter-spacing: normal;\n    display: inline-block;\n    text-decoration: none;\n    width: fit-content;\n    margin: 0 auto;\n    transition: background-color 0.3s ease, transform 0.2s ease;\n  }\n\n  .custom-button:hover {\n    background-color: #d95500; \/* tom um pouco mais escuro no hover *\/\n    transform: translateY(-2px);\n  }\n\n  .button-container {\n    text-align: center;\n  }\n<\/style>\n\n<div class=\"button-container\">\n  <a href=\"https:\/\/www.avalara.com\/br\/pt\/index.html?ref=descomplica-reforma-tributaria\" class=\"custom-button\">\n    \u3164Saiba mais\u3164\n  <\/a>\n<\/div>\n\n\n","protected":false},"excerpt":{"rendered":"<p>A Nota T\u00e9cnica 2019.001 acompanha desde 2019 a evolu\u00e7\u00e3o das regras de valida\u00e7\u00e3o aplicadas \u00e0 NFe e \u00e0 NFCe na vers\u00e3o 4.0. Ao longo dos [&hellip;]<\/p>\n","protected":false},"author":2,"featured_media":15185,"comment_status":"open","ping_status":"open","sticky":false,"template":"","format":"standard","meta":{"footnotes":""},"categories":[3],"tags":[],"class_list":["post-15184","post","type-post","status-publish","format-standard","has-post-thumbnail","hentry","category-reforma-tributaria"],"yoast_head":"<!-- This site is optimized with the Yoast SEO plugin v27.0 - https:\/\/yoast.com\/product\/yoast-seo-wordpress\/ -->\n<title>Nota T\u00e9cnica 2019.001 vers\u00e3o 1.70 Cria\u00e7\u00e3o e Atualiza\u00e7\u00e3o de Regras de Valida\u00e7\u00e3o para\u00a0 NFe e NFCe - Descomplica Reforma Tribut\u00e1ria<\/title>\n<meta name=\"description\" content=\"Meta description Publicada a NT 2019.001 v1.70 atualiza regras da NFe\/NFCe, com prazos em SC, ativa\u00e7\u00e3o em SP e novas exce\u00e7\u00f5es. Confira:\" \/>\n<meta name=\"robots\" content=\"index, follow, max-snippet:-1, max-image-preview:large, max-video-preview:-1\" \/>\n<link rel=\"canonical\" href=\"https:\/\/site.avalarabrasil.com.br\/reforma-tributaria\/nt-2019-001-v170-nfe-nfce\/\" \/>\n<meta property=\"og:locale\" content=\"pt_BR\" \/>\n<meta property=\"og:type\" content=\"article\" \/>\n<meta property=\"og:title\" content=\"Nota T\u00e9cnica 2019.001 vers\u00e3o 1.70 Cria\u00e7\u00e3o e Atualiza\u00e7\u00e3o de Regras de Valida\u00e7\u00e3o para\u00a0 NFe e NFCe - Descomplica Reforma Tribut\u00e1ria\" \/>\n<meta property=\"og:description\" content=\"Meta description Publicada a NT 2019.001 v1.70 atualiza regras da NFe\/NFCe, com prazos em SC, ativa\u00e7\u00e3o em SP e novas exce\u00e7\u00f5es. Confira:\" \/>\n<meta property=\"og:url\" content=\"https:\/\/site.avalarabrasil.com.br\/reforma-tributaria\/nt-2019-001-v170-nfe-nfce\/\" \/>\n<meta property=\"og:site_name\" content=\"Descomplica Reforma Tribut\u00e1ria\" \/>\n<meta property=\"article:published_time\" content=\"2025-09-04T14:30:18+00:00\" \/>\n<meta property=\"article:modified_time\" content=\"2025-11-17T14:30:10+00:00\" \/>\n<meta property=\"og:image\" content=\"https:\/\/site.avalarabrasil.com.br\/reforma-tributaria\/wp-content\/uploads\/2025\/08\/Nota-Tecnica-2019.001-versao-1.70-Criacao-e-Atualizacao-de-Regras-de-Validacao-para-NFe-e-NFCe-scaled-1.jpg\" \/>\n\t<meta property=\"og:image:width\" content=\"2560\" \/>\n\t<meta property=\"og:image:height\" content=\"1707\" \/>\n\t<meta property=\"og:image:type\" content=\"image\/jpeg\" \/>\n<meta name=\"author\" content=\"Camila Nabosne\" \/>\n<meta name=\"twitter:card\" content=\"summary_large_image\" \/>\n<meta name=\"twitter:label1\" content=\"Escrito por\" \/>\n\t<meta name=\"twitter:data1\" content=\"Camila Nabosne\" \/>\n\t<meta name=\"twitter:label2\" content=\"Est. tempo de leitura\" \/>\n\t<meta name=\"twitter:data2\" content=\"7 minutos\" \/>\n<script type=\"application\/ld+json\" class=\"yoast-schema-graph\">{\"@context\":\"https:\/\/schema.org\",\"@graph\":[{\"@type\":\"Article\",\"@id\":\"https:\/\/site.avalarabrasil.com.br\/reforma-tributaria\/nt-2019-001-v170-nfe-nfce\/#article\",\"isPartOf\":{\"@id\":\"https:\/\/site.avalarabrasil.com.br\/reforma-tributaria\/nt-2019-001-v170-nfe-nfce\/\"},\"author\":{\"name\":\"Camila Nabosne\",\"@id\":\"https:\/\/site.avalarabrasil.com.br\/reforma-tributaria\/#\/schema\/person\/de5858a1b3c67568fd25d7180083992d\"},\"headline\":\"Nota T\u00e9cnica 2019.001 vers\u00e3o 1.70 Cria\u00e7\u00e3o e Atualiza\u00e7\u00e3o de Regras de Valida\u00e7\u00e3o para\u00a0 NFe e NFCe\",\"datePublished\":\"2025-09-04T14:30:18+00:00\",\"dateModified\":\"2025-11-17T14:30:10+00:00\",\"mainEntityOfPage\":{\"@id\":\"https:\/\/site.avalarabrasil.com.br\/reforma-tributaria\/nt-2019-001-v170-nfe-nfce\/\"},\"wordCount\":1360,\"commentCount\":0,\"publisher\":{\"@id\":\"https:\/\/site.avalarabrasil.com.br\/reforma-tributaria\/#organization\"},\"image\":{\"@id\":\"https:\/\/site.avalarabrasil.com.br\/reforma-tributaria\/nt-2019-001-v170-nfe-nfce\/#primaryimage\"},\"thumbnailUrl\":\"https:\/\/site.avalarabrasil.com.br\/reforma-tributaria\/wp-content\/uploads\/2025\/08\/Nota-Tecnica-2019.001-versao-1.70-Criacao-e-Atualizacao-de-Regras-de-Validacao-para-NFe-e-NFCe-scaled-1.jpg\",\"articleSection\":[\"Reforma Tribut\u00e1ria\"],\"inLanguage\":\"pt-BR\",\"potentialAction\":[{\"@type\":\"CommentAction\",\"name\":\"Comment\",\"target\":[\"https:\/\/site.avalarabrasil.com.br\/reforma-tributaria\/nt-2019-001-v170-nfe-nfce\/#respond\"]}]},{\"@type\":\"WebPage\",\"@id\":\"https:\/\/site.avalarabrasil.com.br\/reforma-tributaria\/nt-2019-001-v170-nfe-nfce\/\",\"url\":\"https:\/\/site.avalarabrasil.com.br\/reforma-tributaria\/nt-2019-001-v170-nfe-nfce\/\",\"name\":\"Nota T\u00e9cnica 2019.001 vers\u00e3o 1.70 Cria\u00e7\u00e3o e Atualiza\u00e7\u00e3o de Regras de Valida\u00e7\u00e3o para\u00a0 NFe e NFCe - Descomplica Reforma Tribut\u00e1ria\",\"isPartOf\":{\"@id\":\"https:\/\/site.avalarabrasil.com.br\/reforma-tributaria\/#website\"},\"primaryImageOfPage\":{\"@id\":\"https:\/\/site.avalarabrasil.com.br\/reforma-tributaria\/nt-2019-001-v170-nfe-nfce\/#primaryimage\"},\"image\":{\"@id\":\"https:\/\/site.avalarabrasil.com.br\/reforma-tributaria\/nt-2019-001-v170-nfe-nfce\/#primaryimage\"},\"thumbnailUrl\":\"https:\/\/site.avalarabrasil.com.br\/reforma-tributaria\/wp-content\/uploads\/2025\/08\/Nota-Tecnica-2019.001-versao-1.70-Criacao-e-Atualizacao-de-Regras-de-Validacao-para-NFe-e-NFCe-scaled-1.jpg\",\"datePublished\":\"2025-09-04T14:30:18+00:00\",\"dateModified\":\"2025-11-17T14:30:10+00:00\",\"description\":\"Meta description Publicada a NT 2019.001 v1.70 atualiza regras da NFe\/NFCe, com prazos em SC, ativa\u00e7\u00e3o em SP e novas exce\u00e7\u00f5es. Confira:\",\"breadcrumb\":{\"@id\":\"https:\/\/site.avalarabrasil.com.br\/reforma-tributaria\/nt-2019-001-v170-nfe-nfce\/#breadcrumb\"},\"inLanguage\":\"pt-BR\",\"potentialAction\":[{\"@type\":\"ReadAction\",\"target\":[\"https:\/\/site.avalarabrasil.com.br\/reforma-tributaria\/nt-2019-001-v170-nfe-nfce\/\"]}]},{\"@type\":\"ImageObject\",\"inLanguage\":\"pt-BR\",\"@id\":\"https:\/\/site.avalarabrasil.com.br\/reforma-tributaria\/nt-2019-001-v170-nfe-nfce\/#primaryimage\",\"url\":\"https:\/\/site.avalarabrasil.com.br\/reforma-tributaria\/wp-content\/uploads\/2025\/08\/Nota-Tecnica-2019.001-versao-1.70-Criacao-e-Atualizacao-de-Regras-de-Validacao-para-NFe-e-NFCe-scaled-1.jpg\",\"contentUrl\":\"https:\/\/site.avalarabrasil.com.br\/reforma-tributaria\/wp-content\/uploads\/2025\/08\/Nota-Tecnica-2019.001-versao-1.70-Criacao-e-Atualizacao-de-Regras-de-Validacao-para-NFe-e-NFCe-scaled-1.jpg\",\"width\":2560,\"height\":1707,\"caption\":\"Nota T\u00e9cnica NFe e NFCe\"},{\"@type\":\"BreadcrumbList\",\"@id\":\"https:\/\/site.avalarabrasil.com.br\/reforma-tributaria\/nt-2019-001-v170-nfe-nfce\/#breadcrumb\",\"itemListElement\":[{\"@type\":\"ListItem\",\"position\":1,\"name\":\"In\u00edcio\",\"item\":\"https:\/\/site.avalarabrasil.com.br\/reforma-tributaria\/\"},{\"@type\":\"ListItem\",\"position\":2,\"name\":\"Nota T\u00e9cnica 2019.001 vers\u00e3o 1.70 Cria\u00e7\u00e3o e Atualiza\u00e7\u00e3o de Regras de Valida\u00e7\u00e3o para\u00a0 NFe e NFCe\"}]},{\"@type\":\"WebSite\",\"@id\":\"https:\/\/site.avalarabrasil.com.br\/reforma-tributaria\/#website\",\"url\":\"https:\/\/site.avalarabrasil.com.br\/reforma-tributaria\/\",\"name\":\"Descomplica Reforma Tribut\u00e1ria\",\"description\":\"Entenda o impacto da Reforma Tribut\u00e1ria no seu neg\u00f3cio. No Descomplica Reforma Tribut\u00e1ria, voc\u00ea encontra not\u00edcias, legisla\u00e7\u00e3o e orienta\u00e7\u00f5es pr\u00e1ticas para empresas.\",\"publisher\":{\"@id\":\"https:\/\/site.avalarabrasil.com.br\/reforma-tributaria\/#organization\"},\"alternateName\":\"Reforma Tribut\u00e1ria Avalara\",\"potentialAction\":[{\"@type\":\"SearchAction\",\"target\":{\"@type\":\"EntryPoint\",\"urlTemplate\":\"https:\/\/site.avalarabrasil.com.br\/reforma-tributaria\/?s={search_term_string}\"},\"query-input\":{\"@type\":\"PropertyValueSpecification\",\"valueRequired\":true,\"valueName\":\"search_term_string\"}}],\"inLanguage\":\"pt-BR\"},{\"@type\":\"Organization\",\"@id\":\"https:\/\/site.avalarabrasil.com.br\/reforma-tributaria\/#organization\",\"name\":\"Descomplica Reforma Tribut\u00e1ria\",\"url\":\"https:\/\/site.avalarabrasil.com.br\/reforma-tributaria\/\",\"logo\":{\"@type\":\"ImageObject\",\"inLanguage\":\"pt-BR\",\"@id\":\"https:\/\/site.avalarabrasil.com.br\/reforma-tributaria\/#\/schema\/logo\/image\/\",\"url\":\"https:\/\/site.avalarabrasil.com.br\/reforma-tributaria\/wp-content\/uploads\/2025\/11\/avalara.png\",\"contentUrl\":\"https:\/\/site.avalarabrasil.com.br\/reforma-tributaria\/wp-content\/uploads\/2025\/11\/avalara.png\",\"width\":1200,\"height\":675,\"caption\":\"Descomplica Reforma Tribut\u00e1ria\"},\"image\":{\"@id\":\"https:\/\/site.avalarabrasil.com.br\/reforma-tributaria\/#\/schema\/logo\/image\/\"}},{\"@type\":\"Person\",\"@id\":\"https:\/\/site.avalarabrasil.com.br\/reforma-tributaria\/#\/schema\/person\/de5858a1b3c67568fd25d7180083992d\",\"name\":\"Camila Nabosne\",\"image\":{\"@type\":\"ImageObject\",\"inLanguage\":\"pt-BR\",\"@id\":\"https:\/\/site.avalarabrasil.com.br\/reforma-tributaria\/#\/schema\/person\/image\/\",\"url\":\"https:\/\/site.avalarabrasil.com.br\/reforma-tributaria\/wp-content\/litespeed\/avatar\/0a8eaaf31c4400af2573088d03d0fcb5.jpg?ver=1777386826\",\"contentUrl\":\"https:\/\/site.avalarabrasil.com.br\/reforma-tributaria\/wp-content\/litespeed\/avatar\/0a8eaaf31c4400af2573088d03d0fcb5.jpg?ver=1777386826\",\"caption\":\"Camila Nabosne\"},\"url\":\"https:\/\/site.avalarabrasil.com.br\/reforma-tributaria\/author\/camila-nabosne\/\"}]}<\/script>\n<!-- \/ Yoast SEO plugin. -->","yoast_head_json":{"title":"Nota T\u00e9cnica 2019.001 vers\u00e3o 1.70 Cria\u00e7\u00e3o e Atualiza\u00e7\u00e3o de Regras de Valida\u00e7\u00e3o para\u00a0 NFe e NFCe - Descomplica Reforma Tribut\u00e1ria","description":"Meta description Publicada a NT 2019.001 v1.70 atualiza regras da NFe\/NFCe, com prazos em SC, ativa\u00e7\u00e3o em SP e novas exce\u00e7\u00f5es. Confira:","robots":{"index":"index","follow":"follow","max-snippet":"max-snippet:-1","max-image-preview":"max-image-preview:large","max-video-preview":"max-video-preview:-1"},"canonical":"https:\/\/site.avalarabrasil.com.br\/reforma-tributaria\/nt-2019-001-v170-nfe-nfce\/","og_locale":"pt_BR","og_type":"article","og_title":"Nota T\u00e9cnica 2019.001 vers\u00e3o 1.70 Cria\u00e7\u00e3o e Atualiza\u00e7\u00e3o de Regras de Valida\u00e7\u00e3o para\u00a0 NFe e NFCe - Descomplica Reforma Tribut\u00e1ria","og_description":"Meta description Publicada a NT 2019.001 v1.70 atualiza regras da NFe\/NFCe, com prazos em SC, ativa\u00e7\u00e3o em SP e novas exce\u00e7\u00f5es. Confira:","og_url":"https:\/\/site.avalarabrasil.com.br\/reforma-tributaria\/nt-2019-001-v170-nfe-nfce\/","og_site_name":"Descomplica Reforma Tribut\u00e1ria","article_published_time":"2025-09-04T14:30:18+00:00","article_modified_time":"2025-11-17T14:30:10+00:00","og_image":[{"width":2560,"height":1707,"url":"https:\/\/site.avalarabrasil.com.br\/reforma-tributaria\/wp-content\/uploads\/2025\/08\/Nota-Tecnica-2019.001-versao-1.70-Criacao-e-Atualizacao-de-Regras-de-Validacao-para-NFe-e-NFCe-scaled-1.jpg","type":"image\/jpeg"}],"author":"Camila Nabosne","twitter_card":"summary_large_image","twitter_misc":{"Escrito por":"Camila Nabosne","Est. tempo de leitura":"7 minutos"},"schema":{"@context":"https:\/\/schema.org","@graph":[{"@type":"Article","@id":"https:\/\/site.avalarabrasil.com.br\/reforma-tributaria\/nt-2019-001-v170-nfe-nfce\/#article","isPartOf":{"@id":"https:\/\/site.avalarabrasil.com.br\/reforma-tributaria\/nt-2019-001-v170-nfe-nfce\/"},"author":{"name":"Camila Nabosne","@id":"https:\/\/site.avalarabrasil.com.br\/reforma-tributaria\/#\/schema\/person\/de5858a1b3c67568fd25d7180083992d"},"headline":"Nota T\u00e9cnica 2019.001 vers\u00e3o 1.70 Cria\u00e7\u00e3o e Atualiza\u00e7\u00e3o de Regras de Valida\u00e7\u00e3o para\u00a0 NFe e NFCe","datePublished":"2025-09-04T14:30:18+00:00","dateModified":"2025-11-17T14:30:10+00:00","mainEntityOfPage":{"@id":"https:\/\/site.avalarabrasil.com.br\/reforma-tributaria\/nt-2019-001-v170-nfe-nfce\/"},"wordCount":1360,"commentCount":0,"publisher":{"@id":"https:\/\/site.avalarabrasil.com.br\/reforma-tributaria\/#organization"},"image":{"@id":"https:\/\/site.avalarabrasil.com.br\/reforma-tributaria\/nt-2019-001-v170-nfe-nfce\/#primaryimage"},"thumbnailUrl":"https:\/\/site.avalarabrasil.com.br\/reforma-tributaria\/wp-content\/uploads\/2025\/08\/Nota-Tecnica-2019.001-versao-1.70-Criacao-e-Atualizacao-de-Regras-de-Validacao-para-NFe-e-NFCe-scaled-1.jpg","articleSection":["Reforma Tribut\u00e1ria"],"inLanguage":"pt-BR","potentialAction":[{"@type":"CommentAction","name":"Comment","target":["https:\/\/site.avalarabrasil.com.br\/reforma-tributaria\/nt-2019-001-v170-nfe-nfce\/#respond"]}]},{"@type":"WebPage","@id":"https:\/\/site.avalarabrasil.com.br\/reforma-tributaria\/nt-2019-001-v170-nfe-nfce\/","url":"https:\/\/site.avalarabrasil.com.br\/reforma-tributaria\/nt-2019-001-v170-nfe-nfce\/","name":"Nota T\u00e9cnica 2019.001 vers\u00e3o 1.70 Cria\u00e7\u00e3o e Atualiza\u00e7\u00e3o de Regras de Valida\u00e7\u00e3o para\u00a0 NFe e NFCe - Descomplica Reforma Tribut\u00e1ria","isPartOf":{"@id":"https:\/\/site.avalarabrasil.com.br\/reforma-tributaria\/#website"},"primaryImageOfPage":{"@id":"https:\/\/site.avalarabrasil.com.br\/reforma-tributaria\/nt-2019-001-v170-nfe-nfce\/#primaryimage"},"image":{"@id":"https:\/\/site.avalarabrasil.com.br\/reforma-tributaria\/nt-2019-001-v170-nfe-nfce\/#primaryimage"},"thumbnailUrl":"https:\/\/site.avalarabrasil.com.br\/reforma-tributaria\/wp-content\/uploads\/2025\/08\/Nota-Tecnica-2019.001-versao-1.70-Criacao-e-Atualizacao-de-Regras-de-Validacao-para-NFe-e-NFCe-scaled-1.jpg","datePublished":"2025-09-04T14:30:18+00:00","dateModified":"2025-11-17T14:30:10+00:00","description":"Meta description Publicada a NT 2019.001 v1.70 atualiza regras da NFe\/NFCe, com prazos em SC, ativa\u00e7\u00e3o em SP e novas exce\u00e7\u00f5es. Confira:","breadcrumb":{"@id":"https:\/\/site.avalarabrasil.com.br\/reforma-tributaria\/nt-2019-001-v170-nfe-nfce\/#breadcrumb"},"inLanguage":"pt-BR","potentialAction":[{"@type":"ReadAction","target":["https:\/\/site.avalarabrasil.com.br\/reforma-tributaria\/nt-2019-001-v170-nfe-nfce\/"]}]},{"@type":"ImageObject","inLanguage":"pt-BR","@id":"https:\/\/site.avalarabrasil.com.br\/reforma-tributaria\/nt-2019-001-v170-nfe-nfce\/#primaryimage","url":"https:\/\/site.avalarabrasil.com.br\/reforma-tributaria\/wp-content\/uploads\/2025\/08\/Nota-Tecnica-2019.001-versao-1.70-Criacao-e-Atualizacao-de-Regras-de-Validacao-para-NFe-e-NFCe-scaled-1.jpg","contentUrl":"https:\/\/site.avalarabrasil.com.br\/reforma-tributaria\/wp-content\/uploads\/2025\/08\/Nota-Tecnica-2019.001-versao-1.70-Criacao-e-Atualizacao-de-Regras-de-Validacao-para-NFe-e-NFCe-scaled-1.jpg","width":2560,"height":1707,"caption":"Nota T\u00e9cnica NFe e NFCe"},{"@type":"BreadcrumbList","@id":"https:\/\/site.avalarabrasil.com.br\/reforma-tributaria\/nt-2019-001-v170-nfe-nfce\/#breadcrumb","itemListElement":[{"@type":"ListItem","position":1,"name":"In\u00edcio","item":"https:\/\/site.avalarabrasil.com.br\/reforma-tributaria\/"},{"@type":"ListItem","position":2,"name":"Nota T\u00e9cnica 2019.001 vers\u00e3o 1.70 Cria\u00e7\u00e3o e Atualiza\u00e7\u00e3o de Regras de Valida\u00e7\u00e3o para\u00a0 NFe e NFCe"}]},{"@type":"WebSite","@id":"https:\/\/site.avalarabrasil.com.br\/reforma-tributaria\/#website","url":"https:\/\/site.avalarabrasil.com.br\/reforma-tributaria\/","name":"Descomplica Reforma Tribut\u00e1ria","description":"Entenda o impacto da Reforma Tribut\u00e1ria no seu neg\u00f3cio. No Descomplica Reforma Tribut\u00e1ria, voc\u00ea encontra not\u00edcias, legisla\u00e7\u00e3o e orienta\u00e7\u00f5es pr\u00e1ticas para empresas.","publisher":{"@id":"https:\/\/site.avalarabrasil.com.br\/reforma-tributaria\/#organization"},"alternateName":"Reforma Tribut\u00e1ria Avalara","potentialAction":[{"@type":"SearchAction","target":{"@type":"EntryPoint","urlTemplate":"https:\/\/site.avalarabrasil.com.br\/reforma-tributaria\/?s={search_term_string}"},"query-input":{"@type":"PropertyValueSpecification","valueRequired":true,"valueName":"search_term_string"}}],"inLanguage":"pt-BR"},{"@type":"Organization","@id":"https:\/\/site.avalarabrasil.com.br\/reforma-tributaria\/#organization","name":"Descomplica Reforma Tribut\u00e1ria","url":"https:\/\/site.avalarabrasil.com.br\/reforma-tributaria\/","logo":{"@type":"ImageObject","inLanguage":"pt-BR","@id":"https:\/\/site.avalarabrasil.com.br\/reforma-tributaria\/#\/schema\/logo\/image\/","url":"https:\/\/site.avalarabrasil.com.br\/reforma-tributaria\/wp-content\/uploads\/2025\/11\/avalara.png","contentUrl":"https:\/\/site.avalarabrasil.com.br\/reforma-tributaria\/wp-content\/uploads\/2025\/11\/avalara.png","width":1200,"height":675,"caption":"Descomplica Reforma Tribut\u00e1ria"},"image":{"@id":"https:\/\/site.avalarabrasil.com.br\/reforma-tributaria\/#\/schema\/logo\/image\/"}},{"@type":"Person","@id":"https:\/\/site.avalarabrasil.com.br\/reforma-tributaria\/#\/schema\/person\/de5858a1b3c67568fd25d7180083992d","name":"Camila Nabosne","image":{"@type":"ImageObject","inLanguage":"pt-BR","@id":"https:\/\/site.avalarabrasil.com.br\/reforma-tributaria\/#\/schema\/person\/image\/","url":"https:\/\/site.avalarabrasil.com.br\/reforma-tributaria\/wp-content\/litespeed\/avatar\/0a8eaaf31c4400af2573088d03d0fcb5.jpg?ver=1777386826","contentUrl":"https:\/\/site.avalarabrasil.com.br\/reforma-tributaria\/wp-content\/litespeed\/avatar\/0a8eaaf31c4400af2573088d03d0fcb5.jpg?ver=1777386826","caption":"Camila Nabosne"},"url":"https:\/\/site.avalarabrasil.com.br\/reforma-tributaria\/author\/camila-nabosne\/"}]}},"_links":{"self":[{"href":"https:\/\/site.avalarabrasil.com.br\/reforma-tributaria\/wp-json\/wp\/v2\/posts\/15184","targetHints":{"allow":["GET"]}}],"collection":[{"href":"https:\/\/site.avalarabrasil.com.br\/reforma-tributaria\/wp-json\/wp\/v2\/posts"}],"about":[{"href":"https:\/\/site.avalarabrasil.com.br\/reforma-tributaria\/wp-json\/wp\/v2\/types\/post"}],"author":[{"embeddable":true,"href":"https:\/\/site.avalarabrasil.com.br\/reforma-tributaria\/wp-json\/wp\/v2\/users\/2"}],"replies":[{"embeddable":true,"href":"https:\/\/site.avalarabrasil.com.br\/reforma-tributaria\/wp-json\/wp\/v2\/comments?post=15184"}],"version-history":[{"count":1,"href":"https:\/\/site.avalarabrasil.com.br\/reforma-tributaria\/wp-json\/wp\/v2\/posts\/15184\/revisions"}],"predecessor-version":[{"id":15587,"href":"https:\/\/site.avalarabrasil.com.br\/reforma-tributaria\/wp-json\/wp\/v2\/posts\/15184\/revisions\/15587"}],"wp:featuredmedia":[{"embeddable":true,"href":"https:\/\/site.avalarabrasil.com.br\/reforma-tributaria\/wp-json\/wp\/v2\/media\/15185"}],"wp:attachment":[{"href":"https:\/\/site.avalarabrasil.com.br\/reforma-tributaria\/wp-json\/wp\/v2\/media?parent=15184"}],"wp:term":[{"taxonomy":"category","embeddable":true,"href":"https:\/\/site.avalarabrasil.com.br\/reforma-tributaria\/wp-json\/wp\/v2\/categories?post=15184"},{"taxonomy":"post_tag","embeddable":true,"href":"https:\/\/site.avalarabrasil.com.br\/reforma-tributaria\/wp-json\/wp\/v2\/tags?post=15184"}],"curies":[{"name":"wp","href":"https:\/\/api.w.org\/{rel}","templated":true}]}}