{"id":15187,"date":"2025-09-03T11:02:24","date_gmt":"2025-09-03T14:02:24","guid":{"rendered":"https:\/\/oobj.com.br\/?p=15187"},"modified":"2025-09-03T11:02:24","modified_gmt":"2025-09-03T14:02:24","slug":"pontos-criticos-da-reforma-tributaria","status":"publish","type":"post","link":"https:\/\/site.avalarabrasil.com.br\/reforma-tributaria\/pontos-criticos-da-reforma-tributaria\/","title":{"rendered":"Pontos cr\u00edticos da Reforma Tribut\u00e1ria: o que ainda falta definir para empresas"},"content":{"rendered":"\n<p>A Reforma Tribut\u00e1ria do Consumo vai transformar o sistema tribut\u00e1rio brasileiro. A promessa \u00e9 simplificar, dar mais transpar\u00eancia e reduzir o peso burocr\u00e1tico das empresas. Mas, \u00e0 medida que chega o \u00ednicio do per\u00edodo de transi\u00e7\u00e3o crescem tamb\u00e9m as d\u00favidas sobre como, na pr\u00e1tica, esse novo modelo vai funcionar.&nbsp;<\/p>\n\n\n\n<p>Pontos cr\u00edticos da Reforma Tribut\u00e1ria, como o Imposto sobre Bens e Servi\u00e7os (IBS) e a Contribui\u00e7\u00e3o sobre Bens e Servi\u00e7os (CBS) j\u00e1 est\u00e3o no centro do debate, mas muitos outros ainda precisam de respostas e \u00e9 justamente nesse espa\u00e7o de incerteza que empresas precisam se preparar.<\/p>\n\n\n\n<p>Mais do que um ajuste na legisla\u00e7\u00e3o, essa transforma\u00e7\u00e3o exige adapta\u00e7\u00f5es na gest\u00e3o fiscal e tribut\u00e1ria das empresas. Veja quais pontos ainda merecem aten\u00e7\u00e3o:<\/p>\n\n\n\n<h2 class=\"wp-block-heading\">O que est\u00e1 em jogo com a Reforma Tribut\u00e1ria do Consumo?<\/h2>\n\n\n\n<p>A cria\u00e7\u00e3o de um sistema de IVA dual, com o IBS de compet\u00eancia compartilhada entre estados e munic\u00edpios e a CBS sob responsabilidade federal, representa um marco de moderniza\u00e7\u00e3o. A ideia \u00e9 unificar tributos, reduzir a guerra fiscal, eliminar regimes complexos e aumentar a previsibilidade para empresas.<\/p>\n\n\n\n<p>No entanto, para existir simplifica\u00e7\u00e3o \u00e9 preciso passar pelo desafio do per\u00edodo de transi\u00e7\u00e3o. A conviv\u00eancia entre dois modelos de tributa\u00e7\u00e3o durante o per\u00edodo de testes pode gerar uma complexidade ainda maior. O contribuinte passar\u00e1 a lidar, simultaneamente, com tributos que deixar\u00e3o de existir (como ICMS, ISS, PIS e Cofins) e com os novos impostos em fase de implementa\u00e7\u00e3o. Isso abre espa\u00e7o para d\u00favidas, impactos sobre cr\u00e9ditos tribut\u00e1rios e ajustes nos sistemas de ERP, c\u00e1lculo e compliance.<\/p>\n\n\n\n<h2 class=\"wp-block-heading\">Pontos cr\u00edticos que ainda aguardam defini\u00e7\u00e3o<\/h2>\n\n\n\n<h3 class=\"wp-block-heading\">O regime de transi\u00e7\u00e3o e a sobreposi\u00e7\u00e3o de tributos<\/h3>\n\n\n\n<p>Uma das maiores preocupa\u00e7\u00f5es das empresas est\u00e1 no cronograma de transi\u00e7\u00e3o. At\u00e9 2033, teremos um per\u00edodo em que parte das opera\u00e7\u00f5es ser\u00e1 tributada pelos impostos atuais e outra parte pelos novos. Isso exige sistemas preparados para trabalhar em paralelo, com seguran\u00e7a no c\u00e1lculo e sem falhas na apura\u00e7\u00e3o.<\/p>\n\n\n\n<h3 class=\"wp-block-heading\">A quest\u00e3o dos cr\u00e9ditos tribut\u00e1rios<\/h3>\n\n\n\n<p>Outro ponto em aberto \u00e9 a forma como os cr\u00e9ditos de IBS e CBS ser\u00e3o operacionalizados. A promessa \u00e9 que o novo sistema seja amplo e permita a compensa\u00e7\u00e3o de forma autom\u00e1tica, mas as regras ainda n\u00e3o est\u00e3o totalmente claras. Se n\u00e3o houver integra\u00e7\u00e3o adequada, as empresas correm o risco de acumular cr\u00e9ditos sem conseguir utiliz\u00e1-los, travando o fluxo de caixa.<\/p>\n\n\n\n<h3 class=\"wp-block-heading\">O impacto setorial e as exce\u00e7\u00f5es<\/h3>\n\n\n\n<p>Ainda n\u00e3o h\u00e1 clareza sobre como setores espec\u00edficos, como servi\u00e7os, agroneg\u00f3cio, tecnologia e varejo, ser\u00e3o impactados. Cada um possui particularidades na tributa\u00e7\u00e3o, seja pela diversidade de al\u00edquotas, regimes diferenciados ou pela essencialidade de seus produtos. Enquanto as exce\u00e7\u00f5es n\u00e3o forem totalmente definidas, as empresas devem se preparar para simular cen\u00e1rios e medir o impacto no pre\u00e7o final e na margem de lucro.<\/p>\n\n\n\n<h3 class=\"wp-block-heading\">O papel do Comit\u00ea Gestor do IBS e a inseguran\u00e7a jur\u00eddica<\/h3>\n\n\n\n<p>Um dos pontos mais sens\u00edveis da Reforma Tribut\u00e1ria do Consumo \u00e9 justamente a indefini\u00e7\u00e3o em torno do Comit\u00ea Gestor do IBS (CG-IBS). O PLP 108 j\u00e1 estabelece sua cria\u00e7\u00e3o e funcionamento, mas a composi\u00e7\u00e3o ainda est\u00e1 incompleta. Atualmente, apenas os 27 representantes dos estados integram o Conselho Superior, enquanto os munic\u00edpios, que tamb\u00e9m deveriam indicar 27 membros, continuam de fora. A aus\u00eancia decorre de uma disputa entre entidades municipais sobre a forma de escolha desses representantes.<\/p>\n\n\n\n<p>Essa lacuna n\u00e3o \u00e9 apenas burocr\u00e1tica: sem a participa\u00e7\u00e3o formal dos munic\u00edpios, qualquer delibera\u00e7\u00e3o do Comit\u00ea Gestor pode ser questionada judicialmente, comprometendo a legitimidade de suas decis\u00f5es. O resultado \u00e9 um risco de instabilidade justamente no \u00f3rg\u00e3o que deveria garantir uniformidade e seguran\u00e7a ao novo sistema.<\/p>\n\n\n\n<h3 class=\"wp-block-heading\">Substitui\u00e7\u00e3o Tribut\u00e1ria: um velho conhecido pode voltar<\/h3>\n\n\n\n<p>A Substitui\u00e7\u00e3o Tribut\u00e1ria (ST) parecia ter ficado para tr\u00e1s com a publica\u00e7\u00e3o da Lei Complementar n\u00ba 214\/2025, que n\u00e3o previu sua continuidade. Mas, nos bastidores do Legislativo, j\u00e1 se discute a possibilidade de reintroduzi-la em setores espec\u00edficos, como combust\u00edveis e bebidas, dentro da tramita\u00e7\u00e3o do PLP 108.<\/p>\n\n\n\n<p>O retorno da ST gera preocupa\u00e7\u00e3o j\u00e1 que em vez de simplifica\u00e7\u00e3o, poder\u00edamos ter novamente distor\u00e7\u00f5es e aumento da complexidade, justamente o contr\u00e1rio do objetivo central da Reforma Tribut\u00e1ria do Consumo. Empresas precisam ficar atentas, porque a manuten\u00e7\u00e3o desse modelo impacta diretamente o c\u00e1lculo e a apura\u00e7\u00e3o dos tributos.<\/p>\n\n\n\n<h3 class=\"wp-block-heading\">Imposto Seletivo com d\u00favidas na aplica\u00e7\u00e3o<\/h3>\n\n\n\n<p>Chamado por muitos de \u201cImposto do Pecado\u201d, o Imposto Seletivo ainda deixa uma s\u00e9rie de interroga\u00e7\u00f5es. A lei estabelece que ele incidir\u00e1 sobre bens e servi\u00e7os considerados prejudiciais \u00e0 sa\u00fade ou ao meio ambiente, mas n\u00e3o detalha quais produtos estar\u00e3o na lista. Essa defini\u00e7\u00e3o ficar\u00e1 para uma legisla\u00e7\u00e3o ordin\u00e1ria e ser\u00e1 revisada a cada cinco anos.<\/p>\n\n\n\n<p>A falta de clareza cria inseguran\u00e7a para empresas que podem ser inclu\u00eddas ou exclu\u00eddas a qualquer momento da tributa\u00e7\u00e3o seletiva. Al\u00e9m disso, a defini\u00e7\u00e3o das al\u00edquotas tamb\u00e9m permanece em aberto. \u00c9 mais uma vari\u00e1vel que exige aten\u00e7\u00e3o constante, monitoramento e sistemas fiscais preparados para atualiza\u00e7\u00e3o r\u00e1pida.<\/p>\n\n\n\n<h3 class=\"wp-block-heading\">2026: o ano dos testes&nbsp;<\/h3>\n\n\n\n<p>O ano de 2026 ser\u00e1 decisivo. Nesse per\u00edodo, os contribuintes enquadrados no Regime Regular ter\u00e3o de destacar nos documentos fiscais o IBS (0,1%) e a CBS (0,9%), mas sem a efetiva cobran\u00e7a.<\/p>\n\n\n\n<p>Ser\u00e1 um ano de testes e permitir\u00e1 que o governo acompanhe o funcionamento do sistema, colete dados e ajuste as al\u00edquotas antes de sua aplica\u00e7\u00e3o definitiva. Para as empresas, ser\u00e1 a oportunidade de testar seus sistemas de gest\u00e3o fiscal, identificar inconsist\u00eancias e corrigir falhas. Em outras palavras: um ensaio geral da Reforma Tribut\u00e1ria do Consumo.<\/p>\n\n\n\n<h2 class=\"wp-block-heading\">Prepara\u00e7\u00e3o: por que n\u00e3o esperar a defini\u00e7\u00e3o final?<\/h2>\n\n\n\n<p>Um erro comum \u00e9 acreditar que a empresa s\u00f3 deve se mexer quando todas as regras estiverem publicadas. Na pr\u00e1tica, quem come\u00e7ar antes ter\u00e1 uma enorme vantagem competitiva. Isso porque a transi\u00e7\u00e3o n\u00e3o ser\u00e1 apenas legal, mas sobretudo tecnol\u00f3gica e operacional.<\/p>\n\n\n\n<p>Atualizar sistemas, adaptar processos de compliance e treinar equipes leva tempo. Mais ainda: exige investimento em solu\u00e7\u00f5es escal\u00e1veis, capazes de acompanhar as mudan\u00e7as ao longo da pr\u00f3xima d\u00e9cada.<\/p>\n\n\n\n<p>Gest\u00e3o fiscal integrada, mensageria eletr\u00f4nica de alta performance e motores de c\u00e1lculo inteligentes n\u00e3o s\u00e3o apenas ferramentas, s\u00e3o garantias de que a empresa n\u00e3o ficar\u00e1 paralisada diante de novos layouts, mudan\u00e7as de al\u00edquotas ou exig\u00eancias de controle digital em tempo real.<\/p>\n\n\n\n<h2 class=\"wp-block-heading\">A incerteza como oportunidade<\/h2>\n\n\n\n<p>A Reforma Tribut\u00e1ria do Consumo ainda tem muitos pontos cr\u00edticos a serem esclarecidos, mas uma certeza j\u00e1 existe: empresas que se anteciparem estar\u00e3o mais preparadas para lidar com a complexidade da transi\u00e7\u00e3o. Enquanto alguns aguardam as defini\u00e7\u00f5es, outros j\u00e1 testam sistemas, treinam equipes e ajustam seus processos.<\/p>\n\n\n\n<p>Na pr\u00e1tica, quem investir antecipadamente em tecnologia de gest\u00e3o fiscal, mensageria eletr\u00f4nica e motores de c\u00e1lculo ter\u00e1 n\u00e3o apenas conformidade, mas tamb\u00e9m efici\u00eancia operacional e vantagem competitiva.<\/p>\n\n\n\n<h2 class=\"wp-block-heading\">Prepare sua empresa com as solu\u00e7\u00f5es da Avalara<\/h2>\n\n\n\n<p>A Reforma Tribut\u00e1ria inaugurou uma configura\u00e7\u00e3o para o sistema de tributa\u00e7\u00e3o sobre o consumo no Brasil, com impactos diretos e estruturais sobre a rotina fiscal das empresas.&nbsp;<\/p>\n\n\n\n<p>Diante desse cen\u00e1rio, compreender os fundamentos do novo modelo \u00e9 apenas o primeiro passo. Ser\u00e1 indispens\u00e1vel adotar medidas pr\u00e1ticas e estruturadas desde j\u00e1, a fim de garantir uma transi\u00e7\u00e3o segura e eficiente.<\/p>\n\n\n\n<p>Entre as a\u00e7\u00f5es priorit\u00e1rias est\u00e3o:<\/p>\n\n\n\n<ul class=\"wp-block-list\">\n<li>Reavalia\u00e7\u00e3o da estrutura tribut\u00e1ria vigente;<\/li>\n\n\n\n<li>Mapeamento dos impactos por setor de atua\u00e7\u00e3o;<\/li>\n\n\n\n<li>Atualiza\u00e7\u00e3o dos sistemas de gest\u00e3o fiscal;<\/li>\n\n\n\n<li>Aprimoramento t\u00e9cnico das equipes envolvidas;<\/li>\n<\/ul>\n\n\n\n<p>Para isso, contar com parceiros especializados, como a Avalara, e investir em solu\u00e7\u00f5es tecnol\u00f3gicas compat\u00edveis com o novo modelo, como motores de c\u00e1lculo integrados, \u00e9 fundamental para assegurar conformidade legal, mitigar riscos operacionais e manter a competitividade no mercado:<\/p>\n\n\n\n<ul class=\"wp-block-list\">\n<li>AvaTax Brasil: c\u00e1lculo autom\u00e1tico de tributos no modelo h\u00edbrido (ICMS + CBS\/IBS);<\/li>\n\n\n\n<li>Mensageria DFe: emiss\u00e3o simplificada de documentos fiscais eletr\u00f4nicos;<\/li>\n\n\n\n<li>Tax Central: gest\u00e3o tribut\u00e1ria centralizada para todas as obriga\u00e7\u00f5es acess\u00f3rias;<\/li>\n\n\n\n<li>BPO Fiscal: terceiriza\u00e7\u00e3o inteligente do compliance tribut\u00e1rio com especialistas Avalara.<\/li>\n<\/ul>\n\n\n\n<p>A prepara\u00e7\u00e3o para esse novo contexto n\u00e3o deve ser adiada. Essa \u00e9 uma escolha estrat\u00e9gica que definir\u00e1 a adapta\u00e7\u00e3o da empresa no novo cen\u00e1rio tribut\u00e1rio.<\/p>\n\n\n\n<style>\n  .custom-button {\n    font-family: \"Source Sans 3\", sans-serif;\n    background-color: #Fa6400;\n    color: #FFFFFF;\n    border: none;\n    border-radius: 20px;\n    padding: 12px;\n    font-size: 14px;\n    font-weight: bold;\n    text-align: center;\n    letter-spacing: normal;\n    display: block;\n    text-decoration: none;\n    width: fit-content;\n    margin: 0 auto;\n  }\n  .custom-button:hover {\n    background-color: #Fa6400;\n  }\n  .button-container {\n    text-align: center;\n  }\n<\/style>\n<div class=\"button-container\">\n  <a href=\"https:\/\/www.avalara.com\/br\/pt\/index.html\/?ref=avl-reforma-tributaria\" class=\"custom-button\">\n    \u3164Saiba mais\u3164\n  <\/a>\n<\/div>\n","protected":false},"excerpt":{"rendered":"<p>A Reforma Tribut\u00e1ria do Consumo vai transformar o sistema tribut\u00e1rio brasileiro. A promessa \u00e9 simplificar, dar mais transpar\u00eancia e reduzir o peso burocr\u00e1tico das empresas. [&hellip;]<\/p>\n","protected":false},"author":3,"featured_media":15188,"comment_status":"open","ping_status":"open","sticky":false,"template":"","format":"standard","meta":{"footnotes":""},"categories":[3],"tags":[],"class_list":["post-15187","post","type-post","status-publish","format-standard","has-post-thumbnail","hentry","category-reforma-tributaria"],"yoast_head":"<!-- This site is optimized with the Yoast SEO plugin v27.0 - https:\/\/yoast.com\/product\/yoast-seo-wordpress\/ -->\n<title>Pontos cr\u00edticos da Reforma Tribut\u00e1ria: o que ainda falta definir<\/title>\n<meta name=\"description\" content=\"Os pontos cr\u00edticos da Reforma Tribut\u00e1ria ainda geram incertezas: Veja como se preparar com gest\u00e3o fiscal e tecnologia.\" \/>\n<meta name=\"robots\" content=\"index, follow, max-snippet:-1, max-image-preview:large, max-video-preview:-1\" \/>\n<link rel=\"canonical\" href=\"https:\/\/site.avalarabrasil.com.br\/reforma-tributaria\/pontos-criticos-da-reforma-tributaria\/\" \/>\n<meta property=\"og:locale\" content=\"pt_BR\" \/>\n<meta property=\"og:type\" content=\"article\" \/>\n<meta property=\"og:title\" content=\"Pontos cr\u00edticos da Reforma Tribut\u00e1ria: o que ainda falta definir\" \/>\n<meta property=\"og:description\" content=\"Os pontos cr\u00edticos da Reforma Tribut\u00e1ria ainda geram incertezas: Veja como se preparar com gest\u00e3o fiscal e tecnologia.\" \/>\n<meta property=\"og:url\" content=\"https:\/\/site.avalarabrasil.com.br\/reforma-tributaria\/pontos-criticos-da-reforma-tributaria\/\" \/>\n<meta property=\"og:site_name\" content=\"Descomplica Reforma Tribut\u00e1ria\" \/>\n<meta property=\"article:published_time\" content=\"2025-09-03T14:02:24+00:00\" \/>\n<meta property=\"og:image\" content=\"https:\/\/site.avalarabrasil.com.br\/reforma-tributaria\/wp-content\/uploads\/2025\/09\/analise-de-dados-financeiros-scaled-1.jpg\" \/>\n\t<meta property=\"og:image:width\" content=\"2560\" \/>\n\t<meta property=\"og:image:height\" content=\"1792\" \/>\n\t<meta property=\"og:image:type\" content=\"image\/jpeg\" \/>\n<meta name=\"author\" content=\"Marianna Moreno\" \/>\n<meta name=\"twitter:card\" content=\"summary_large_image\" \/>\n<meta name=\"twitter:label1\" content=\"Escrito por\" \/>\n\t<meta name=\"twitter:data1\" content=\"Marianna Moreno\" \/>\n\t<meta name=\"twitter:label2\" content=\"Est. tempo de leitura\" \/>\n\t<meta name=\"twitter:data2\" content=\"8 minutos\" \/>\n<script type=\"application\/ld+json\" class=\"yoast-schema-graph\">{\"@context\":\"https:\/\/schema.org\",\"@graph\":[{\"@type\":\"Article\",\"@id\":\"https:\/\/site.avalarabrasil.com.br\/reforma-tributaria\/pontos-criticos-da-reforma-tributaria\/#article\",\"isPartOf\":{\"@id\":\"https:\/\/site.avalarabrasil.com.br\/reforma-tributaria\/pontos-criticos-da-reforma-tributaria\/\"},\"author\":{\"name\":\"Marianna Moreno\",\"@id\":\"https:\/\/site.avalarabrasil.com.br\/reforma-tributaria\/#\/schema\/person\/bd8270bd11b337a8420d96641bfd1dc7\"},\"headline\":\"Pontos cr\u00edticos da Reforma Tribut\u00e1ria: o que ainda falta definir para empresas\",\"datePublished\":\"2025-09-03T14:02:24+00:00\",\"mainEntityOfPage\":{\"@id\":\"https:\/\/site.avalarabrasil.com.br\/reforma-tributaria\/pontos-criticos-da-reforma-tributaria\/\"},\"wordCount\":1492,\"commentCount\":0,\"publisher\":{\"@id\":\"https:\/\/site.avalarabrasil.com.br\/reforma-tributaria\/#organization\"},\"image\":{\"@id\":\"https:\/\/site.avalarabrasil.com.br\/reforma-tributaria\/pontos-criticos-da-reforma-tributaria\/#primaryimage\"},\"thumbnailUrl\":\"https:\/\/site.avalarabrasil.com.br\/reforma-tributaria\/wp-content\/uploads\/2025\/09\/analise-de-dados-financeiros-scaled-1.jpg\",\"articleSection\":[\"Reforma Tribut\u00e1ria\"],\"inLanguage\":\"pt-BR\",\"potentialAction\":[{\"@type\":\"CommentAction\",\"name\":\"Comment\",\"target\":[\"https:\/\/site.avalarabrasil.com.br\/reforma-tributaria\/pontos-criticos-da-reforma-tributaria\/#respond\"]}]},{\"@type\":\"WebPage\",\"@id\":\"https:\/\/site.avalarabrasil.com.br\/reforma-tributaria\/pontos-criticos-da-reforma-tributaria\/\",\"url\":\"https:\/\/site.avalarabrasil.com.br\/reforma-tributaria\/pontos-criticos-da-reforma-tributaria\/\",\"name\":\"Pontos cr\u00edticos da Reforma Tribut\u00e1ria: o que ainda falta definir\",\"isPartOf\":{\"@id\":\"https:\/\/site.avalarabrasil.com.br\/reforma-tributaria\/#website\"},\"primaryImageOfPage\":{\"@id\":\"https:\/\/site.avalarabrasil.com.br\/reforma-tributaria\/pontos-criticos-da-reforma-tributaria\/#primaryimage\"},\"image\":{\"@id\":\"https:\/\/site.avalarabrasil.com.br\/reforma-tributaria\/pontos-criticos-da-reforma-tributaria\/#primaryimage\"},\"thumbnailUrl\":\"https:\/\/site.avalarabrasil.com.br\/reforma-tributaria\/wp-content\/uploads\/2025\/09\/analise-de-dados-financeiros-scaled-1.jpg\",\"datePublished\":\"2025-09-03T14:02:24+00:00\",\"description\":\"Os pontos cr\u00edticos da Reforma Tribut\u00e1ria ainda geram incertezas: Veja como se preparar com gest\u00e3o fiscal e tecnologia.\",\"breadcrumb\":{\"@id\":\"https:\/\/site.avalarabrasil.com.br\/reforma-tributaria\/pontos-criticos-da-reforma-tributaria\/#breadcrumb\"},\"inLanguage\":\"pt-BR\",\"potentialAction\":[{\"@type\":\"ReadAction\",\"target\":[\"https:\/\/site.avalarabrasil.com.br\/reforma-tributaria\/pontos-criticos-da-reforma-tributaria\/\"]}]},{\"@type\":\"ImageObject\",\"inLanguage\":\"pt-BR\",\"@id\":\"https:\/\/site.avalarabrasil.com.br\/reforma-tributaria\/pontos-criticos-da-reforma-tributaria\/#primaryimage\",\"url\":\"https:\/\/site.avalarabrasil.com.br\/reforma-tributaria\/wp-content\/uploads\/2025\/09\/analise-de-dados-financeiros-scaled-1.jpg\",\"contentUrl\":\"https:\/\/site.avalarabrasil.com.br\/reforma-tributaria\/wp-content\/uploads\/2025\/09\/analise-de-dados-financeiros-scaled-1.jpg\",\"width\":2560,\"height\":1792,\"caption\":\"pontos-criticos-da-reforma-tributaria\"},{\"@type\":\"BreadcrumbList\",\"@id\":\"https:\/\/site.avalarabrasil.com.br\/reforma-tributaria\/pontos-criticos-da-reforma-tributaria\/#breadcrumb\",\"itemListElement\":[{\"@type\":\"ListItem\",\"position\":1,\"name\":\"In\u00edcio\",\"item\":\"https:\/\/site.avalarabrasil.com.br\/reforma-tributaria\/\"},{\"@type\":\"ListItem\",\"position\":2,\"name\":\"Pontos cr\u00edticos da Reforma Tribut\u00e1ria: o que ainda falta definir para empresas\"}]},{\"@type\":\"WebSite\",\"@id\":\"https:\/\/site.avalarabrasil.com.br\/reforma-tributaria\/#website\",\"url\":\"https:\/\/site.avalarabrasil.com.br\/reforma-tributaria\/\",\"name\":\"Descomplica Reforma Tribut\u00e1ria\",\"description\":\"Entenda o impacto da Reforma Tribut\u00e1ria no seu neg\u00f3cio. No Descomplica Reforma Tribut\u00e1ria, voc\u00ea encontra not\u00edcias, legisla\u00e7\u00e3o e orienta\u00e7\u00f5es pr\u00e1ticas para empresas.\",\"publisher\":{\"@id\":\"https:\/\/site.avalarabrasil.com.br\/reforma-tributaria\/#organization\"},\"alternateName\":\"Reforma Tribut\u00e1ria Avalara\",\"potentialAction\":[{\"@type\":\"SearchAction\",\"target\":{\"@type\":\"EntryPoint\",\"urlTemplate\":\"https:\/\/site.avalarabrasil.com.br\/reforma-tributaria\/?s={search_term_string}\"},\"query-input\":{\"@type\":\"PropertyValueSpecification\",\"valueRequired\":true,\"valueName\":\"search_term_string\"}}],\"inLanguage\":\"pt-BR\"},{\"@type\":\"Organization\",\"@id\":\"https:\/\/site.avalarabrasil.com.br\/reforma-tributaria\/#organization\",\"name\":\"Descomplica Reforma Tribut\u00e1ria\",\"url\":\"https:\/\/site.avalarabrasil.com.br\/reforma-tributaria\/\",\"logo\":{\"@type\":\"ImageObject\",\"inLanguage\":\"pt-BR\",\"@id\":\"https:\/\/site.avalarabrasil.com.br\/reforma-tributaria\/#\/schema\/logo\/image\/\",\"url\":\"https:\/\/site.avalarabrasil.com.br\/reforma-tributaria\/wp-content\/uploads\/2025\/11\/avalara.png\",\"contentUrl\":\"https:\/\/site.avalarabrasil.com.br\/reforma-tributaria\/wp-content\/uploads\/2025\/11\/avalara.png\",\"width\":1200,\"height\":675,\"caption\":\"Descomplica Reforma Tribut\u00e1ria\"},\"image\":{\"@id\":\"https:\/\/site.avalarabrasil.com.br\/reforma-tributaria\/#\/schema\/logo\/image\/\"}},{\"@type\":\"Person\",\"@id\":\"https:\/\/site.avalarabrasil.com.br\/reforma-tributaria\/#\/schema\/person\/bd8270bd11b337a8420d96641bfd1dc7\",\"name\":\"Marianna Moreno\",\"image\":{\"@type\":\"ImageObject\",\"inLanguage\":\"pt-BR\",\"@id\":\"https:\/\/site.avalarabrasil.com.br\/reforma-tributaria\/#\/schema\/person\/image\/\",\"url\":\"https:\/\/site.avalarabrasil.com.br\/reforma-tributaria\/wp-content\/litespeed\/avatar\/72c8d539496a030c90c8f6dceaf836cc.jpg?ver=1777396390\",\"contentUrl\":\"https:\/\/site.avalarabrasil.com.br\/reforma-tributaria\/wp-content\/litespeed\/avatar\/72c8d539496a030c90c8f6dceaf836cc.jpg?ver=1777396390\",\"caption\":\"Marianna Moreno\"},\"url\":\"https:\/\/site.avalarabrasil.com.br\/reforma-tributaria\/author\/marianna-moreno\/\"}]}<\/script>\n<!-- \/ Yoast SEO plugin. -->","yoast_head_json":{"title":"Pontos cr\u00edticos da Reforma Tribut\u00e1ria: o que ainda falta definir","description":"Os pontos cr\u00edticos da Reforma Tribut\u00e1ria ainda geram incertezas: Veja como se preparar com gest\u00e3o fiscal e tecnologia.","robots":{"index":"index","follow":"follow","max-snippet":"max-snippet:-1","max-image-preview":"max-image-preview:large","max-video-preview":"max-video-preview:-1"},"canonical":"https:\/\/site.avalarabrasil.com.br\/reforma-tributaria\/pontos-criticos-da-reforma-tributaria\/","og_locale":"pt_BR","og_type":"article","og_title":"Pontos cr\u00edticos da Reforma Tribut\u00e1ria: o que ainda falta definir","og_description":"Os pontos cr\u00edticos da Reforma Tribut\u00e1ria ainda geram incertezas: Veja como se preparar com gest\u00e3o fiscal e tecnologia.","og_url":"https:\/\/site.avalarabrasil.com.br\/reforma-tributaria\/pontos-criticos-da-reforma-tributaria\/","og_site_name":"Descomplica Reforma Tribut\u00e1ria","article_published_time":"2025-09-03T14:02:24+00:00","og_image":[{"width":2560,"height":1792,"url":"https:\/\/site.avalarabrasil.com.br\/reforma-tributaria\/wp-content\/uploads\/2025\/09\/analise-de-dados-financeiros-scaled-1.jpg","type":"image\/jpeg"}],"author":"Marianna Moreno","twitter_card":"summary_large_image","twitter_misc":{"Escrito por":"Marianna Moreno","Est. tempo de leitura":"8 minutos"},"schema":{"@context":"https:\/\/schema.org","@graph":[{"@type":"Article","@id":"https:\/\/site.avalarabrasil.com.br\/reforma-tributaria\/pontos-criticos-da-reforma-tributaria\/#article","isPartOf":{"@id":"https:\/\/site.avalarabrasil.com.br\/reforma-tributaria\/pontos-criticos-da-reforma-tributaria\/"},"author":{"name":"Marianna Moreno","@id":"https:\/\/site.avalarabrasil.com.br\/reforma-tributaria\/#\/schema\/person\/bd8270bd11b337a8420d96641bfd1dc7"},"headline":"Pontos cr\u00edticos da Reforma Tribut\u00e1ria: o que ainda falta definir para empresas","datePublished":"2025-09-03T14:02:24+00:00","mainEntityOfPage":{"@id":"https:\/\/site.avalarabrasil.com.br\/reforma-tributaria\/pontos-criticos-da-reforma-tributaria\/"},"wordCount":1492,"commentCount":0,"publisher":{"@id":"https:\/\/site.avalarabrasil.com.br\/reforma-tributaria\/#organization"},"image":{"@id":"https:\/\/site.avalarabrasil.com.br\/reforma-tributaria\/pontos-criticos-da-reforma-tributaria\/#primaryimage"},"thumbnailUrl":"https:\/\/site.avalarabrasil.com.br\/reforma-tributaria\/wp-content\/uploads\/2025\/09\/analise-de-dados-financeiros-scaled-1.jpg","articleSection":["Reforma Tribut\u00e1ria"],"inLanguage":"pt-BR","potentialAction":[{"@type":"CommentAction","name":"Comment","target":["https:\/\/site.avalarabrasil.com.br\/reforma-tributaria\/pontos-criticos-da-reforma-tributaria\/#respond"]}]},{"@type":"WebPage","@id":"https:\/\/site.avalarabrasil.com.br\/reforma-tributaria\/pontos-criticos-da-reforma-tributaria\/","url":"https:\/\/site.avalarabrasil.com.br\/reforma-tributaria\/pontos-criticos-da-reforma-tributaria\/","name":"Pontos cr\u00edticos da Reforma Tribut\u00e1ria: o que ainda falta definir","isPartOf":{"@id":"https:\/\/site.avalarabrasil.com.br\/reforma-tributaria\/#website"},"primaryImageOfPage":{"@id":"https:\/\/site.avalarabrasil.com.br\/reforma-tributaria\/pontos-criticos-da-reforma-tributaria\/#primaryimage"},"image":{"@id":"https:\/\/site.avalarabrasil.com.br\/reforma-tributaria\/pontos-criticos-da-reforma-tributaria\/#primaryimage"},"thumbnailUrl":"https:\/\/site.avalarabrasil.com.br\/reforma-tributaria\/wp-content\/uploads\/2025\/09\/analise-de-dados-financeiros-scaled-1.jpg","datePublished":"2025-09-03T14:02:24+00:00","description":"Os pontos cr\u00edticos da Reforma Tribut\u00e1ria ainda geram incertezas: Veja como se preparar com gest\u00e3o fiscal e tecnologia.","breadcrumb":{"@id":"https:\/\/site.avalarabrasil.com.br\/reforma-tributaria\/pontos-criticos-da-reforma-tributaria\/#breadcrumb"},"inLanguage":"pt-BR","potentialAction":[{"@type":"ReadAction","target":["https:\/\/site.avalarabrasil.com.br\/reforma-tributaria\/pontos-criticos-da-reforma-tributaria\/"]}]},{"@type":"ImageObject","inLanguage":"pt-BR","@id":"https:\/\/site.avalarabrasil.com.br\/reforma-tributaria\/pontos-criticos-da-reforma-tributaria\/#primaryimage","url":"https:\/\/site.avalarabrasil.com.br\/reforma-tributaria\/wp-content\/uploads\/2025\/09\/analise-de-dados-financeiros-scaled-1.jpg","contentUrl":"https:\/\/site.avalarabrasil.com.br\/reforma-tributaria\/wp-content\/uploads\/2025\/09\/analise-de-dados-financeiros-scaled-1.jpg","width":2560,"height":1792,"caption":"pontos-criticos-da-reforma-tributaria"},{"@type":"BreadcrumbList","@id":"https:\/\/site.avalarabrasil.com.br\/reforma-tributaria\/pontos-criticos-da-reforma-tributaria\/#breadcrumb","itemListElement":[{"@type":"ListItem","position":1,"name":"In\u00edcio","item":"https:\/\/site.avalarabrasil.com.br\/reforma-tributaria\/"},{"@type":"ListItem","position":2,"name":"Pontos cr\u00edticos da Reforma Tribut\u00e1ria: o que ainda falta definir para empresas"}]},{"@type":"WebSite","@id":"https:\/\/site.avalarabrasil.com.br\/reforma-tributaria\/#website","url":"https:\/\/site.avalarabrasil.com.br\/reforma-tributaria\/","name":"Descomplica Reforma Tribut\u00e1ria","description":"Entenda o impacto da Reforma Tribut\u00e1ria no seu neg\u00f3cio. No Descomplica Reforma Tribut\u00e1ria, voc\u00ea encontra not\u00edcias, legisla\u00e7\u00e3o e orienta\u00e7\u00f5es pr\u00e1ticas para empresas.","publisher":{"@id":"https:\/\/site.avalarabrasil.com.br\/reforma-tributaria\/#organization"},"alternateName":"Reforma Tribut\u00e1ria Avalara","potentialAction":[{"@type":"SearchAction","target":{"@type":"EntryPoint","urlTemplate":"https:\/\/site.avalarabrasil.com.br\/reforma-tributaria\/?s={search_term_string}"},"query-input":{"@type":"PropertyValueSpecification","valueRequired":true,"valueName":"search_term_string"}}],"inLanguage":"pt-BR"},{"@type":"Organization","@id":"https:\/\/site.avalarabrasil.com.br\/reforma-tributaria\/#organization","name":"Descomplica Reforma Tribut\u00e1ria","url":"https:\/\/site.avalarabrasil.com.br\/reforma-tributaria\/","logo":{"@type":"ImageObject","inLanguage":"pt-BR","@id":"https:\/\/site.avalarabrasil.com.br\/reforma-tributaria\/#\/schema\/logo\/image\/","url":"https:\/\/site.avalarabrasil.com.br\/reforma-tributaria\/wp-content\/uploads\/2025\/11\/avalara.png","contentUrl":"https:\/\/site.avalarabrasil.com.br\/reforma-tributaria\/wp-content\/uploads\/2025\/11\/avalara.png","width":1200,"height":675,"caption":"Descomplica Reforma Tribut\u00e1ria"},"image":{"@id":"https:\/\/site.avalarabrasil.com.br\/reforma-tributaria\/#\/schema\/logo\/image\/"}},{"@type":"Person","@id":"https:\/\/site.avalarabrasil.com.br\/reforma-tributaria\/#\/schema\/person\/bd8270bd11b337a8420d96641bfd1dc7","name":"Marianna Moreno","image":{"@type":"ImageObject","inLanguage":"pt-BR","@id":"https:\/\/site.avalarabrasil.com.br\/reforma-tributaria\/#\/schema\/person\/image\/","url":"https:\/\/site.avalarabrasil.com.br\/reforma-tributaria\/wp-content\/litespeed\/avatar\/72c8d539496a030c90c8f6dceaf836cc.jpg?ver=1777396390","contentUrl":"https:\/\/site.avalarabrasil.com.br\/reforma-tributaria\/wp-content\/litespeed\/avatar\/72c8d539496a030c90c8f6dceaf836cc.jpg?ver=1777396390","caption":"Marianna Moreno"},"url":"https:\/\/site.avalarabrasil.com.br\/reforma-tributaria\/author\/marianna-moreno\/"}]}},"_links":{"self":[{"href":"https:\/\/site.avalarabrasil.com.br\/reforma-tributaria\/wp-json\/wp\/v2\/posts\/15187","targetHints":{"allow":["GET"]}}],"collection":[{"href":"https:\/\/site.avalarabrasil.com.br\/reforma-tributaria\/wp-json\/wp\/v2\/posts"}],"about":[{"href":"https:\/\/site.avalarabrasil.com.br\/reforma-tributaria\/wp-json\/wp\/v2\/types\/post"}],"author":[{"embeddable":true,"href":"https:\/\/site.avalarabrasil.com.br\/reforma-tributaria\/wp-json\/wp\/v2\/users\/3"}],"replies":[{"embeddable":true,"href":"https:\/\/site.avalarabrasil.com.br\/reforma-tributaria\/wp-json\/wp\/v2\/comments?post=15187"}],"version-history":[{"count":0,"href":"https:\/\/site.avalarabrasil.com.br\/reforma-tributaria\/wp-json\/wp\/v2\/posts\/15187\/revisions"}],"wp:featuredmedia":[{"embeddable":true,"href":"https:\/\/site.avalarabrasil.com.br\/reforma-tributaria\/wp-json\/wp\/v2\/media\/15188"}],"wp:attachment":[{"href":"https:\/\/site.avalarabrasil.com.br\/reforma-tributaria\/wp-json\/wp\/v2\/media?parent=15187"}],"wp:term":[{"taxonomy":"category","embeddable":true,"href":"https:\/\/site.avalarabrasil.com.br\/reforma-tributaria\/wp-json\/wp\/v2\/categories?post=15187"},{"taxonomy":"post_tag","embeddable":true,"href":"https:\/\/site.avalarabrasil.com.br\/reforma-tributaria\/wp-json\/wp\/v2\/tags?post=15187"}],"curies":[{"name":"wp","href":"https:\/\/api.w.org\/{rel}","templated":true}]}}