{"id":15190,"date":"2025-09-08T11:00:00","date_gmt":"2025-09-08T14:00:00","guid":{"rendered":"https:\/\/oobj.com.br\/?p=15190"},"modified":"2025-11-10T11:09:20","modified_gmt":"2025-11-10T14:09:20","slug":"reforma-tributaria-impacto-cbs","status":"publish","type":"post","link":"https:\/\/site.avalarabrasil.com.br\/reforma-tributaria\/reforma-tributaria-impacto-cbs\/","title":{"rendered":"Como reduzir o impacto da CBS no seu neg\u00f3cio"},"content":{"rendered":"\n<p>A cria\u00e7\u00e3o da Contribui\u00e7\u00e3o sobre Bens e Servi\u00e7os (CBS), dentro do pacote da Reforma Tribut\u00e1ria do consumo, trouxe uma al\u00edquota de refer\u00eancia de 9,3% para opera\u00e7\u00f5es de bens e servi\u00e7os no Brasil. Por\u00e9m, existem exce\u00e7\u00f5es, redu\u00e7\u00f5es e mecanismos que podem reduzir o impacto da CBS no neg\u00f3cio.<\/p>\n\n\n\n<p>Mais do que apenas saber que a al\u00edquota do imposto, \u00e9 preciso compreender em quais situa\u00e7\u00f5es a CBS poder\u00e1 ser aplicada de forma diferenciada. Essa compreens\u00e3o \u00e9 importante para empresas que buscam manter a conformidade fiscal e, ao mesmo tempo, otimizar seus custos.&nbsp;<\/p>\n\n\n\n<p>Neste artigo, confira Nesse contexto, a tecnologia, como ferramentas de mensageria fiscal e motores de c\u00e1lculo tribut\u00e1rio, desempenha um papel essencial.<\/p>\n\n\n\n<h2 class=\"wp-block-heading\">O que \u00e9 a CBS e por que se fala tanto na al\u00edquota de 9,3%?<\/h2>\n\n\n\n<p>A CBS \u00e9 o tributo federal que substitui o PIS e a Cofins. A ideia central \u00e9 simplificar o sistema, eliminando regimes especiais e unificando a base de c\u00e1lculo. A al\u00edquota geral de 9,3% foi definida como refer\u00eancia, mas, desde o in\u00edcio, o texto da reforma j\u00e1 previu redu\u00e7\u00f5es e exce\u00e7\u00f5es para determinados segmentos econ\u00f4micos ou opera\u00e7\u00f5es espec\u00edficas.<\/p>\n\n\n\n<p>Assim, empresas que atuam em setores estrat\u00e9gicos ou que fornecem bens e servi\u00e7os considerados essenciais podem se beneficiar de uma carga menor. No entanto, para aproveitar esses cen\u00e1rios, \u00e9 indispens\u00e1vel ter uma gest\u00e3o fiscal integrada, que permita acompanhar a legisla\u00e7\u00e3o e aplicar corretamente os percentuais reduzidos.<\/p>\n\n\n\n<h2 class=\"wp-block-heading\">Situa\u00e7\u00f5es em que a CBS pode ser reduzida<\/h2>\n\n\n\n<h3 class=\"wp-block-heading\">Setores essenciais e estrat\u00e9gicos<\/h3>\n\n\n\n<p>Alguns setores, como sa\u00fade, educa\u00e7\u00e3o, transporte coletivo e agroneg\u00f3cio, est\u00e3o entre os que podem contar com al\u00edquotas reduzidas. A justificativa \u00e9 simples: reduzir o custo para atividades consideradas de interesse p\u00fablico ou que tenham forte impacto social.<\/p>\n\n\n\n<h3 class=\"wp-block-heading\">Opera\u00e7\u00f5es espec\u00edficas<\/h3>\n\n\n\n<p>Tamb\u00e9m h\u00e1 situa\u00e7\u00f5es em que opera\u00e7\u00f5es de exporta\u00e7\u00e3o ou insumos estrat\u00e9gicos recebem tratamento diferenciado, com redu\u00e7\u00e3o ou at\u00e9 mesmo isen\u00e7\u00e3o da CBS. Essa pol\u00edtica segue a l\u00f3gica de manter a competitividade brasileira no mercado internacional.<\/p>\n\n\n\n<h3 class=\"wp-block-heading\">Benef\u00edcios sociais<\/h3>\n\n\n\n<p>O mecanismo de cashback, previsto na Reforma, permite que fam\u00edlias de baixa renda recebam de volta parte da CBS paga no consumo. Embora isso n\u00e3o afete diretamente o recolhimento pelas empresas, impacta a forma como o imposto \u00e9 percebido socialmente e refor\u00e7a a import\u00e2ncia da clareza nas notas fiscais e nos sistemas de mensageria.<\/p>\n\n\n\n<h2 class=\"wp-block-heading\">O desafio da gest\u00e3o fiscal com m\u00faltiplas al\u00edquotas<\/h2>\n\n\n\n<p>Embora a CBS tenha sido criada com a promessa de simplifica\u00e7\u00e3o, a coexist\u00eancia de al\u00edquota padr\u00e3o, reduzida e casos de isen\u00e7\u00e3o mant\u00e9m um grau de complexidade na opera\u00e7\u00e3o fiscal. Para as empresas, isso significa a necessidade de sistemas inteligentes que consigam identificar corretamente cada cen\u00e1rio.<\/p>\n\n\n\n<p>\u00c9 aqui que entram ferramentas como o motor de c\u00e1lculo tribut\u00e1rio, que automatiza a aplica\u00e7\u00e3o das regras fiscais, garantindo que a nota fiscal seja emitida com a al\u00edquota correta. Em paralelo, a mensageria eletr\u00f4nica assegura que esses documentos sejam transmitidos e armazenados em conformidade com a legisla\u00e7\u00e3o.<\/p>\n\n\n\n<p>Sem essa infraestrutura, a chance de erros aumenta, e, com ela, o risco de multas, autua\u00e7\u00f5es e retrabalho.<\/p>\n\n\n\n<h2 class=\"wp-block-heading\">O papel da tecnologia: mensageria e motor de c\u00e1lculo<\/h2>\n\n\n\n<p>Um ponto-chave para enfrentar os desafios da CBS \u00e9 a digitaliza\u00e7\u00e3o dos processos. Veja como duas solu\u00e7\u00f5es tecnol\u00f3gicas se conectam diretamente ao tema:<\/p>\n\n\n\n<ul class=\"wp-block-list\">\n<li>Mensageria fiscal: garante que todas as notas fiscais eletr\u00f4nicas (NFe, NFSe, entre outras) sejam enviadas aos \u00f3rg\u00e3os competentes sem falhas. Em um cen\u00e1rio com CBS e regimes diferenciados, \u00e9 necess\u00e1rio que a mensageria consiga lidar com volumes altos de documentos e diferentes regras tribut\u00e1rias.<\/li>\n\n\n\n<li>Motor de c\u00e1lculo: atua antes da emiss\u00e3o da nota, aplicando automaticamente a regra tribut\u00e1ria adequada para cada opera\u00e7\u00e3o. Dessa forma, a empresa consegue distinguir se aquela venda ter\u00e1 a al\u00edquota padr\u00e3o da CBS ou uma redu\u00e7\u00e3o espec\u00edfica, sem depender apenas da an\u00e1lise manual do time fiscal.<\/li>\n<\/ul>\n\n\n\n<p>Essas solu\u00e7\u00f5es combinadas oferecem confiabilidade, agilidade e redu\u00e7\u00e3o de riscos, permitindo que a \u00e1rea fiscal atue de forma estrat\u00e9gica, e n\u00e3o apenas operacional.<\/p>\n\n\n\n<h2 class=\"wp-block-heading\">Como se preparar para aplicar corretamente a CBS<\/h2>\n\n\n\n<p>O ponto central \u00e9 que a CBS n\u00e3o ser\u00e1 apenas uma mudan\u00e7a de nomenclatura. Ela exige planejamento tribut\u00e1rio, revis\u00e3o de processos internos e, sobretudo, investimento em tecnologia. Para estar preparado, sua empresa deve:<\/p>\n\n\n\n<ol class=\"wp-block-list\">\n<li>Mapear opera\u00e7\u00f5es: identificar quais produtos e servi\u00e7os podem se enquadrar em al\u00edquotas reduzidas ou isen\u00e7\u00f5es.<\/li>\n\n\n\n<li>Automatizar c\u00e1lculos: adotar motores de c\u00e1lculo com conte\u00fado tribut\u00e1rio embarcado que apliquem as regras em tempo real.<\/li>\n\n\n\n<li>Revisar processos de emiss\u00e3o: garantir que a mensageria fiscal esteja adequada para transmitir documentos com as novas informa\u00e7\u00f5es da CBS.<\/li>\n\n\n\n<li>Monitorar atualiza\u00e7\u00f5es: a legisla\u00e7\u00e3o da Reforma Tribut\u00e1ria ainda est\u00e1 em fase de ajustes, o que significa que novas regras e exce\u00e7\u00f5es podem surgir.<\/li>\n<\/ol>\n\n\n\n<h2 class=\"wp-block-heading\">Simplifica\u00e7\u00e3o com intelig\u00eancia fiscal<\/h2>\n\n\n\n<p>A CBS traz a promessa de simplifica\u00e7\u00e3o, mas a realidade exige um olhar atento para as situa\u00e7\u00f5es em que essa carga pode ser reduzida. Para as empresas, n\u00e3o se trata apenas de conhecer a lei, mas de aplicar corretamente cada regra em todas as opera\u00e7\u00f5es di\u00e1rias.<\/p>\n\n\n\n<p>E, nesse cen\u00e1rio, tecnologia \u00e9 palavra-chave. Mensageria fiscal robusta e motores de c\u00e1lculo inteligentes tornam-se aliados indispens\u00e1veis para garantir conformidade, efici\u00eancia e competitividade.<\/p>\n\n\n\n<h2 class=\"wp-block-heading\">Conhe\u00e7a as solu\u00e7\u00f5es da Avalara<\/h2>\n\n\n\n<p>A Reforma Tribut\u00e1ria marca uma virada no sistema de tributa\u00e7\u00e3o sobre o consumo no Brasil, trazendo impactos profundos na forma como as empresas apuram, recolhem e gerenciam seus tributos. Entender as mudan\u00e7as \u00e9 apenas o primeiro passo, o verdadeiro desafio est\u00e1 na adapta\u00e7\u00e3o pr\u00e1tica ao novo modelo.<\/p>\n\n\n\n<p>Para garantir uma transi\u00e7\u00e3o segura e eficiente, \u00e9 essencial que as empresas comecem desde j\u00e1 a reavaliar sua estrutura tribut\u00e1ria, mapear os impactos setoriais, atualizar seus sistemas fiscais e capacitar suas equipes. Esse processo exige planejamento estrat\u00e9gico, conhecimento t\u00e9cnico e, acima de tudo, o apoio de solu\u00e7\u00f5es tecnol\u00f3gicas especializadas.<\/p>\n\n\n\n<p>A Avalara est\u00e1 preparada para apoiar sua empresa nesse processo. Com tecnologia robusta e intelig\u00eancia fiscal aplicada, nossas solu\u00e7\u00f5es, como o AvaTax Brasil com motor de c\u00e1lculo tribut\u00e1rio com conte\u00fado fiscal embarcado, a Mensageria 2.0 para emiss\u00e3o de Documentos Fiscais eletr\u00f4nicos, e o Tax Compliance para gest\u00e3o centralizada de obriga\u00e7\u00f5es, j\u00e1 est\u00e3o alinhadas com as diretrizes da nova legisla\u00e7\u00e3o.&nbsp;<\/p>\n\n\n\n<p>A prepara\u00e7\u00e3o para esse novo contexto n\u00e3o deve ser adiada. Essa \u00e9 uma escolha estrat\u00e9gica que definir\u00e1 a adapta\u00e7\u00e3o da empresa no novo cen\u00e1rio tribut\u00e1rio. Conhe\u00e7a nossas solu\u00e7\u00f5es:<\/p>\n\n\n\n<style>\n  .custom-button {\n    font-family: \"Source Sans 3\", sans-serif;\n    background-color: #Fa6400;\n    color: #FFFFFF;\n    border: none;\n    border-radius: 20px;\n    padding: 12px;\n    font-size: 14px;\n    font-weight: bold;\n    text-align: center;\n    letter-spacing: normal;\n    display: block;\n    text-decoration: none;\n    width: fit-content;\n    margin: 0 auto;\n  }\n  .custom-button:hover {\n    background-color: #Fa6400;\n  }\n  .button-container {\n    text-align: center;\n  }\n<\/style>\n<div class=\"button-container\">\n  <a href=\"https:\/\/oobj.com.br\/solucoes\/?ref=blogpost\" class=\"custom-button\">\n    \u3164Saiba mais\u3164\n  <\/a>\n<\/div>\n","protected":false},"excerpt":{"rendered":"<p>A cria\u00e7\u00e3o da Contribui\u00e7\u00e3o sobre Bens e Servi\u00e7os (CBS), dentro do pacote da Reforma Tribut\u00e1ria do consumo, trouxe uma al\u00edquota de refer\u00eancia de 9,3% para [&hellip;]<\/p>\n","protected":false},"author":3,"featured_media":15191,"comment_status":"open","ping_status":"open","sticky":false,"template":"","format":"standard","meta":{"footnotes":""},"categories":[3],"tags":[],"class_list":["post-15190","post","type-post","status-publish","format-standard","has-post-thumbnail","hentry","category-reforma-tributaria"],"yoast_head":"<!-- This site is optimized with the Yoast SEO plugin v27.0 - https:\/\/yoast.com\/product\/yoast-seo-wordpress\/ -->\n<title>Como reduzir o impacto da CBS no seu neg\u00f3cio - Descomplica Reforma Tribut\u00e1ria<\/title>\n<meta name=\"description\" content=\"Veja como sua empresa pode reduzir o impacto da CBS no neg\u00f3cio em todos os cen\u00e1rios, inclusive quando a al\u00edquota pode ser reduzida.\" \/>\n<meta name=\"robots\" content=\"index, follow, max-snippet:-1, max-image-preview:large, max-video-preview:-1\" \/>\n<link rel=\"canonical\" href=\"https:\/\/site.avalarabrasil.com.br\/reforma-tributaria\/reforma-tributaria-impacto-cbs\/\" \/>\n<meta property=\"og:locale\" content=\"pt_BR\" \/>\n<meta property=\"og:type\" content=\"article\" \/>\n<meta property=\"og:title\" content=\"Como reduzir o impacto da CBS no seu neg\u00f3cio - Descomplica Reforma Tribut\u00e1ria\" \/>\n<meta property=\"og:description\" content=\"Veja como sua empresa pode reduzir o impacto da CBS no neg\u00f3cio em todos os cen\u00e1rios, inclusive quando a al\u00edquota pode ser reduzida.\" \/>\n<meta property=\"og:url\" content=\"https:\/\/site.avalarabrasil.com.br\/reforma-tributaria\/reforma-tributaria-impacto-cbs\/\" \/>\n<meta property=\"og:site_name\" content=\"Descomplica Reforma Tribut\u00e1ria\" \/>\n<meta property=\"article:published_time\" content=\"2025-09-08T14:00:00+00:00\" \/>\n<meta property=\"article:modified_time\" content=\"2025-11-10T14:09:20+00:00\" \/>\n<meta property=\"og:image\" content=\"https:\/\/site.avalarabrasil.com.br\/reforma-tributaria\/wp-content\/uploads\/2025\/09\/painel-de-analise-de-dados-de-negocios-scaled-1.jpg\" \/>\n\t<meta property=\"og:image:width\" content=\"2560\" \/>\n\t<meta property=\"og:image:height\" content=\"1460\" \/>\n\t<meta property=\"og:image:type\" content=\"image\/jpeg\" \/>\n<meta name=\"author\" content=\"Marianna Moreno\" \/>\n<meta name=\"twitter:card\" content=\"summary_large_image\" \/>\n<meta name=\"twitter:label1\" content=\"Escrito por\" \/>\n\t<meta name=\"twitter:data1\" content=\"Marianna Moreno\" \/>\n\t<meta name=\"twitter:label2\" content=\"Est. tempo de leitura\" \/>\n\t<meta name=\"twitter:data2\" content=\"6 minutos\" \/>\n<script type=\"application\/ld+json\" class=\"yoast-schema-graph\">{\"@context\":\"https:\/\/schema.org\",\"@graph\":[{\"@type\":\"Article\",\"@id\":\"https:\/\/site.avalarabrasil.com.br\/reforma-tributaria\/reforma-tributaria-impacto-cbs\/#article\",\"isPartOf\":{\"@id\":\"https:\/\/site.avalarabrasil.com.br\/reforma-tributaria\/reforma-tributaria-impacto-cbs\/\"},\"author\":{\"name\":\"Marianna Moreno\",\"@id\":\"https:\/\/site.avalarabrasil.com.br\/reforma-tributaria\/#\/schema\/person\/bd8270bd11b337a8420d96641bfd1dc7\"},\"headline\":\"Como reduzir o impacto da CBS no seu neg\u00f3cio\",\"datePublished\":\"2025-09-08T14:00:00+00:00\",\"dateModified\":\"2025-11-10T14:09:20+00:00\",\"mainEntityOfPage\":{\"@id\":\"https:\/\/site.avalarabrasil.com.br\/reforma-tributaria\/reforma-tributaria-impacto-cbs\/\"},\"wordCount\":1164,\"commentCount\":0,\"publisher\":{\"@id\":\"https:\/\/site.avalarabrasil.com.br\/reforma-tributaria\/#organization\"},\"image\":{\"@id\":\"https:\/\/site.avalarabrasil.com.br\/reforma-tributaria\/reforma-tributaria-impacto-cbs\/#primaryimage\"},\"thumbnailUrl\":\"https:\/\/site.avalarabrasil.com.br\/reforma-tributaria\/wp-content\/uploads\/2025\/09\/painel-de-analise-de-dados-de-negocios-scaled-1.jpg\",\"articleSection\":[\"Reforma Tribut\u00e1ria\"],\"inLanguage\":\"pt-BR\",\"potentialAction\":[{\"@type\":\"CommentAction\",\"name\":\"Comment\",\"target\":[\"https:\/\/site.avalarabrasil.com.br\/reforma-tributaria\/reforma-tributaria-impacto-cbs\/#respond\"]}]},{\"@type\":\"WebPage\",\"@id\":\"https:\/\/site.avalarabrasil.com.br\/reforma-tributaria\/reforma-tributaria-impacto-cbs\/\",\"url\":\"https:\/\/site.avalarabrasil.com.br\/reforma-tributaria\/reforma-tributaria-impacto-cbs\/\",\"name\":\"Como reduzir o impacto da CBS no seu neg\u00f3cio - Descomplica Reforma Tribut\u00e1ria\",\"isPartOf\":{\"@id\":\"https:\/\/site.avalarabrasil.com.br\/reforma-tributaria\/#website\"},\"primaryImageOfPage\":{\"@id\":\"https:\/\/site.avalarabrasil.com.br\/reforma-tributaria\/reforma-tributaria-impacto-cbs\/#primaryimage\"},\"image\":{\"@id\":\"https:\/\/site.avalarabrasil.com.br\/reforma-tributaria\/reforma-tributaria-impacto-cbs\/#primaryimage\"},\"thumbnailUrl\":\"https:\/\/site.avalarabrasil.com.br\/reforma-tributaria\/wp-content\/uploads\/2025\/09\/painel-de-analise-de-dados-de-negocios-scaled-1.jpg\",\"datePublished\":\"2025-09-08T14:00:00+00:00\",\"dateModified\":\"2025-11-10T14:09:20+00:00\",\"description\":\"Veja como sua empresa pode reduzir o impacto da CBS no neg\u00f3cio em todos os cen\u00e1rios, inclusive quando a al\u00edquota pode ser reduzida.\",\"breadcrumb\":{\"@id\":\"https:\/\/site.avalarabrasil.com.br\/reforma-tributaria\/reforma-tributaria-impacto-cbs\/#breadcrumb\"},\"inLanguage\":\"pt-BR\",\"potentialAction\":[{\"@type\":\"ReadAction\",\"target\":[\"https:\/\/site.avalarabrasil.com.br\/reforma-tributaria\/reforma-tributaria-impacto-cbs\/\"]}]},{\"@type\":\"ImageObject\",\"inLanguage\":\"pt-BR\",\"@id\":\"https:\/\/site.avalarabrasil.com.br\/reforma-tributaria\/reforma-tributaria-impacto-cbs\/#primaryimage\",\"url\":\"https:\/\/site.avalarabrasil.com.br\/reforma-tributaria\/wp-content\/uploads\/2025\/09\/painel-de-analise-de-dados-de-negocios-scaled-1.jpg\",\"contentUrl\":\"https:\/\/site.avalarabrasil.com.br\/reforma-tributaria\/wp-content\/uploads\/2025\/09\/painel-de-analise-de-dados-de-negocios-scaled-1.jpg\",\"width\":2560,\"height\":1460,\"caption\":\"impacto da CBS no neg\u00f3cio\"},{\"@type\":\"BreadcrumbList\",\"@id\":\"https:\/\/site.avalarabrasil.com.br\/reforma-tributaria\/reforma-tributaria-impacto-cbs\/#breadcrumb\",\"itemListElement\":[{\"@type\":\"ListItem\",\"position\":1,\"name\":\"In\u00edcio\",\"item\":\"https:\/\/site.avalarabrasil.com.br\/reforma-tributaria\/\"},{\"@type\":\"ListItem\",\"position\":2,\"name\":\"Como reduzir o impacto da CBS no seu neg\u00f3cio\"}]},{\"@type\":\"WebSite\",\"@id\":\"https:\/\/site.avalarabrasil.com.br\/reforma-tributaria\/#website\",\"url\":\"https:\/\/site.avalarabrasil.com.br\/reforma-tributaria\/\",\"name\":\"Descomplica Reforma Tribut\u00e1ria\",\"description\":\"Entenda o impacto da Reforma Tribut\u00e1ria no seu neg\u00f3cio. No Descomplica Reforma Tribut\u00e1ria, voc\u00ea encontra not\u00edcias, legisla\u00e7\u00e3o e orienta\u00e7\u00f5es pr\u00e1ticas para empresas.\",\"publisher\":{\"@id\":\"https:\/\/site.avalarabrasil.com.br\/reforma-tributaria\/#organization\"},\"alternateName\":\"Reforma Tribut\u00e1ria Avalara\",\"potentialAction\":[{\"@type\":\"SearchAction\",\"target\":{\"@type\":\"EntryPoint\",\"urlTemplate\":\"https:\/\/site.avalarabrasil.com.br\/reforma-tributaria\/?s={search_term_string}\"},\"query-input\":{\"@type\":\"PropertyValueSpecification\",\"valueRequired\":true,\"valueName\":\"search_term_string\"}}],\"inLanguage\":\"pt-BR\"},{\"@type\":\"Organization\",\"@id\":\"https:\/\/site.avalarabrasil.com.br\/reforma-tributaria\/#organization\",\"name\":\"Descomplica Reforma Tribut\u00e1ria\",\"url\":\"https:\/\/site.avalarabrasil.com.br\/reforma-tributaria\/\",\"logo\":{\"@type\":\"ImageObject\",\"inLanguage\":\"pt-BR\",\"@id\":\"https:\/\/site.avalarabrasil.com.br\/reforma-tributaria\/#\/schema\/logo\/image\/\",\"url\":\"https:\/\/site.avalarabrasil.com.br\/reforma-tributaria\/wp-content\/uploads\/2025\/11\/avalara.png\",\"contentUrl\":\"https:\/\/site.avalarabrasil.com.br\/reforma-tributaria\/wp-content\/uploads\/2025\/11\/avalara.png\",\"width\":1200,\"height\":675,\"caption\":\"Descomplica Reforma Tribut\u00e1ria\"},\"image\":{\"@id\":\"https:\/\/site.avalarabrasil.com.br\/reforma-tributaria\/#\/schema\/logo\/image\/\"}},{\"@type\":\"Person\",\"@id\":\"https:\/\/site.avalarabrasil.com.br\/reforma-tributaria\/#\/schema\/person\/bd8270bd11b337a8420d96641bfd1dc7\",\"name\":\"Marianna Moreno\",\"image\":{\"@type\":\"ImageObject\",\"inLanguage\":\"pt-BR\",\"@id\":\"https:\/\/site.avalarabrasil.com.br\/reforma-tributaria\/#\/schema\/person\/image\/\",\"url\":\"https:\/\/site.avalarabrasil.com.br\/reforma-tributaria\/wp-content\/litespeed\/avatar\/72c8d539496a030c90c8f6dceaf836cc.jpg?ver=1777396390\",\"contentUrl\":\"https:\/\/site.avalarabrasil.com.br\/reforma-tributaria\/wp-content\/litespeed\/avatar\/72c8d539496a030c90c8f6dceaf836cc.jpg?ver=1777396390\",\"caption\":\"Marianna Moreno\"},\"url\":\"https:\/\/site.avalarabrasil.com.br\/reforma-tributaria\/author\/marianna-moreno\/\"}]}<\/script>\n<!-- \/ Yoast SEO plugin. -->","yoast_head_json":{"title":"Como reduzir o impacto da CBS no seu neg\u00f3cio - Descomplica Reforma Tribut\u00e1ria","description":"Veja como sua empresa pode reduzir o impacto da CBS no neg\u00f3cio em todos os cen\u00e1rios, inclusive quando a al\u00edquota pode ser reduzida.","robots":{"index":"index","follow":"follow","max-snippet":"max-snippet:-1","max-image-preview":"max-image-preview:large","max-video-preview":"max-video-preview:-1"},"canonical":"https:\/\/site.avalarabrasil.com.br\/reforma-tributaria\/reforma-tributaria-impacto-cbs\/","og_locale":"pt_BR","og_type":"article","og_title":"Como reduzir o impacto da CBS no seu neg\u00f3cio - Descomplica Reforma Tribut\u00e1ria","og_description":"Veja como sua empresa pode reduzir o impacto da CBS no neg\u00f3cio em todos os cen\u00e1rios, inclusive quando a al\u00edquota pode ser reduzida.","og_url":"https:\/\/site.avalarabrasil.com.br\/reforma-tributaria\/reforma-tributaria-impacto-cbs\/","og_site_name":"Descomplica Reforma Tribut\u00e1ria","article_published_time":"2025-09-08T14:00:00+00:00","article_modified_time":"2025-11-10T14:09:20+00:00","og_image":[{"width":2560,"height":1460,"url":"https:\/\/site.avalarabrasil.com.br\/reforma-tributaria\/wp-content\/uploads\/2025\/09\/painel-de-analise-de-dados-de-negocios-scaled-1.jpg","type":"image\/jpeg"}],"author":"Marianna Moreno","twitter_card":"summary_large_image","twitter_misc":{"Escrito por":"Marianna Moreno","Est. tempo de leitura":"6 minutos"},"schema":{"@context":"https:\/\/schema.org","@graph":[{"@type":"Article","@id":"https:\/\/site.avalarabrasil.com.br\/reforma-tributaria\/reforma-tributaria-impacto-cbs\/#article","isPartOf":{"@id":"https:\/\/site.avalarabrasil.com.br\/reforma-tributaria\/reforma-tributaria-impacto-cbs\/"},"author":{"name":"Marianna Moreno","@id":"https:\/\/site.avalarabrasil.com.br\/reforma-tributaria\/#\/schema\/person\/bd8270bd11b337a8420d96641bfd1dc7"},"headline":"Como reduzir o impacto da CBS no seu neg\u00f3cio","datePublished":"2025-09-08T14:00:00+00:00","dateModified":"2025-11-10T14:09:20+00:00","mainEntityOfPage":{"@id":"https:\/\/site.avalarabrasil.com.br\/reforma-tributaria\/reforma-tributaria-impacto-cbs\/"},"wordCount":1164,"commentCount":0,"publisher":{"@id":"https:\/\/site.avalarabrasil.com.br\/reforma-tributaria\/#organization"},"image":{"@id":"https:\/\/site.avalarabrasil.com.br\/reforma-tributaria\/reforma-tributaria-impacto-cbs\/#primaryimage"},"thumbnailUrl":"https:\/\/site.avalarabrasil.com.br\/reforma-tributaria\/wp-content\/uploads\/2025\/09\/painel-de-analise-de-dados-de-negocios-scaled-1.jpg","articleSection":["Reforma Tribut\u00e1ria"],"inLanguage":"pt-BR","potentialAction":[{"@type":"CommentAction","name":"Comment","target":["https:\/\/site.avalarabrasil.com.br\/reforma-tributaria\/reforma-tributaria-impacto-cbs\/#respond"]}]},{"@type":"WebPage","@id":"https:\/\/site.avalarabrasil.com.br\/reforma-tributaria\/reforma-tributaria-impacto-cbs\/","url":"https:\/\/site.avalarabrasil.com.br\/reforma-tributaria\/reforma-tributaria-impacto-cbs\/","name":"Como reduzir o impacto da CBS no seu neg\u00f3cio - Descomplica Reforma Tribut\u00e1ria","isPartOf":{"@id":"https:\/\/site.avalarabrasil.com.br\/reforma-tributaria\/#website"},"primaryImageOfPage":{"@id":"https:\/\/site.avalarabrasil.com.br\/reforma-tributaria\/reforma-tributaria-impacto-cbs\/#primaryimage"},"image":{"@id":"https:\/\/site.avalarabrasil.com.br\/reforma-tributaria\/reforma-tributaria-impacto-cbs\/#primaryimage"},"thumbnailUrl":"https:\/\/site.avalarabrasil.com.br\/reforma-tributaria\/wp-content\/uploads\/2025\/09\/painel-de-analise-de-dados-de-negocios-scaled-1.jpg","datePublished":"2025-09-08T14:00:00+00:00","dateModified":"2025-11-10T14:09:20+00:00","description":"Veja como sua empresa pode reduzir o impacto da CBS no neg\u00f3cio em todos os cen\u00e1rios, inclusive quando a al\u00edquota pode ser reduzida.","breadcrumb":{"@id":"https:\/\/site.avalarabrasil.com.br\/reforma-tributaria\/reforma-tributaria-impacto-cbs\/#breadcrumb"},"inLanguage":"pt-BR","potentialAction":[{"@type":"ReadAction","target":["https:\/\/site.avalarabrasil.com.br\/reforma-tributaria\/reforma-tributaria-impacto-cbs\/"]}]},{"@type":"ImageObject","inLanguage":"pt-BR","@id":"https:\/\/site.avalarabrasil.com.br\/reforma-tributaria\/reforma-tributaria-impacto-cbs\/#primaryimage","url":"https:\/\/site.avalarabrasil.com.br\/reforma-tributaria\/wp-content\/uploads\/2025\/09\/painel-de-analise-de-dados-de-negocios-scaled-1.jpg","contentUrl":"https:\/\/site.avalarabrasil.com.br\/reforma-tributaria\/wp-content\/uploads\/2025\/09\/painel-de-analise-de-dados-de-negocios-scaled-1.jpg","width":2560,"height":1460,"caption":"impacto da CBS no neg\u00f3cio"},{"@type":"BreadcrumbList","@id":"https:\/\/site.avalarabrasil.com.br\/reforma-tributaria\/reforma-tributaria-impacto-cbs\/#breadcrumb","itemListElement":[{"@type":"ListItem","position":1,"name":"In\u00edcio","item":"https:\/\/site.avalarabrasil.com.br\/reforma-tributaria\/"},{"@type":"ListItem","position":2,"name":"Como reduzir o impacto da CBS no seu neg\u00f3cio"}]},{"@type":"WebSite","@id":"https:\/\/site.avalarabrasil.com.br\/reforma-tributaria\/#website","url":"https:\/\/site.avalarabrasil.com.br\/reforma-tributaria\/","name":"Descomplica Reforma Tribut\u00e1ria","description":"Entenda o impacto da Reforma Tribut\u00e1ria no seu neg\u00f3cio. No Descomplica Reforma Tribut\u00e1ria, voc\u00ea encontra not\u00edcias, legisla\u00e7\u00e3o e orienta\u00e7\u00f5es pr\u00e1ticas para empresas.","publisher":{"@id":"https:\/\/site.avalarabrasil.com.br\/reforma-tributaria\/#organization"},"alternateName":"Reforma Tribut\u00e1ria Avalara","potentialAction":[{"@type":"SearchAction","target":{"@type":"EntryPoint","urlTemplate":"https:\/\/site.avalarabrasil.com.br\/reforma-tributaria\/?s={search_term_string}"},"query-input":{"@type":"PropertyValueSpecification","valueRequired":true,"valueName":"search_term_string"}}],"inLanguage":"pt-BR"},{"@type":"Organization","@id":"https:\/\/site.avalarabrasil.com.br\/reforma-tributaria\/#organization","name":"Descomplica Reforma Tribut\u00e1ria","url":"https:\/\/site.avalarabrasil.com.br\/reforma-tributaria\/","logo":{"@type":"ImageObject","inLanguage":"pt-BR","@id":"https:\/\/site.avalarabrasil.com.br\/reforma-tributaria\/#\/schema\/logo\/image\/","url":"https:\/\/site.avalarabrasil.com.br\/reforma-tributaria\/wp-content\/uploads\/2025\/11\/avalara.png","contentUrl":"https:\/\/site.avalarabrasil.com.br\/reforma-tributaria\/wp-content\/uploads\/2025\/11\/avalara.png","width":1200,"height":675,"caption":"Descomplica Reforma Tribut\u00e1ria"},"image":{"@id":"https:\/\/site.avalarabrasil.com.br\/reforma-tributaria\/#\/schema\/logo\/image\/"}},{"@type":"Person","@id":"https:\/\/site.avalarabrasil.com.br\/reforma-tributaria\/#\/schema\/person\/bd8270bd11b337a8420d96641bfd1dc7","name":"Marianna Moreno","image":{"@type":"ImageObject","inLanguage":"pt-BR","@id":"https:\/\/site.avalarabrasil.com.br\/reforma-tributaria\/#\/schema\/person\/image\/","url":"https:\/\/site.avalarabrasil.com.br\/reforma-tributaria\/wp-content\/litespeed\/avatar\/72c8d539496a030c90c8f6dceaf836cc.jpg?ver=1777396390","contentUrl":"https:\/\/site.avalarabrasil.com.br\/reforma-tributaria\/wp-content\/litespeed\/avatar\/72c8d539496a030c90c8f6dceaf836cc.jpg?ver=1777396390","caption":"Marianna Moreno"},"url":"https:\/\/site.avalarabrasil.com.br\/reforma-tributaria\/author\/marianna-moreno\/"}]}},"_links":{"self":[{"href":"https:\/\/site.avalarabrasil.com.br\/reforma-tributaria\/wp-json\/wp\/v2\/posts\/15190","targetHints":{"allow":["GET"]}}],"collection":[{"href":"https:\/\/site.avalarabrasil.com.br\/reforma-tributaria\/wp-json\/wp\/v2\/posts"}],"about":[{"href":"https:\/\/site.avalarabrasil.com.br\/reforma-tributaria\/wp-json\/wp\/v2\/types\/post"}],"author":[{"embeddable":true,"href":"https:\/\/site.avalarabrasil.com.br\/reforma-tributaria\/wp-json\/wp\/v2\/users\/3"}],"replies":[{"embeddable":true,"href":"https:\/\/site.avalarabrasil.com.br\/reforma-tributaria\/wp-json\/wp\/v2\/comments?post=15190"}],"version-history":[{"count":1,"href":"https:\/\/site.avalarabrasil.com.br\/reforma-tributaria\/wp-json\/wp\/v2\/posts\/15190\/revisions"}],"predecessor-version":[{"id":15473,"href":"https:\/\/site.avalarabrasil.com.br\/reforma-tributaria\/wp-json\/wp\/v2\/posts\/15190\/revisions\/15473"}],"wp:featuredmedia":[{"embeddable":true,"href":"https:\/\/site.avalarabrasil.com.br\/reforma-tributaria\/wp-json\/wp\/v2\/media\/15191"}],"wp:attachment":[{"href":"https:\/\/site.avalarabrasil.com.br\/reforma-tributaria\/wp-json\/wp\/v2\/media?parent=15190"}],"wp:term":[{"taxonomy":"category","embeddable":true,"href":"https:\/\/site.avalarabrasil.com.br\/reforma-tributaria\/wp-json\/wp\/v2\/categories?post=15190"},{"taxonomy":"post_tag","embeddable":true,"href":"https:\/\/site.avalarabrasil.com.br\/reforma-tributaria\/wp-json\/wp\/v2\/tags?post=15190"}],"curies":[{"name":"wp","href":"https:\/\/api.w.org\/{rel}","templated":true}]}}