{"id":15215,"date":"2025-09-23T10:00:00","date_gmt":"2025-09-23T13:00:00","guid":{"rendered":"https:\/\/oobj.com.br\/?p=15215"},"modified":"2025-09-23T10:00:00","modified_gmt":"2025-09-23T13:00:00","slug":"creditos-tributarios-na-reforma-tributaria","status":"publish","type":"post","link":"https:\/\/site.avalarabrasil.com.br\/reforma-tributaria\/creditos-tributarios-na-reforma-tributaria\/","title":{"rendered":"Cr\u00e9ditos tribut\u00e1rios na Reforma Tribut\u00e1ria: o que muda com IBS e CBS"},"content":{"rendered":"\n<p>Como funcionar\u00e3o os cr\u00e9ditos tribut\u00e1rios na Reforma Tribut\u00e1ria gera muita discuss\u00e3o e desperta a aten\u00e7\u00e3o dos \u00f3rg\u00e3os interessados. Empresas de todos os portes sabem que esse \u00e9 um dos pontos mais sens\u00edveis para a manuten\u00e7\u00e3o do fluxo de caixa e para a competitividade. Se at\u00e9 hoje as restri\u00e7\u00f5es ao cr\u00e9dito geravam ac\u00famulos bilion\u00e1rios e intermin\u00e1veis disputas judiciais, a promessa do novo sistema \u00e9 simplificar, garantir neutralidade e eliminar a cumulatividade.&nbsp;<\/p>\n\n\n\n<p>Neste artigo, confira os principais pontos dos cr\u00e9ditos tribut\u00e1rios na Reforma Tribut\u00e1ria, como desafios, oportunidades e como preparar o seu neg\u00f3cio para a fase de transi\u00e7\u00e3o.<\/p>\n\n\n\n<h2 class=\"wp-block-heading\">Como funciona hoje o aproveitamento de cr\u00e9ditos<\/h2>\n\n\n\n<p>O modelo atual, baseado em diversos tributos (ICMS, PIS, Cofins, ISS, IPI), possui regras de creditamento pr\u00f3prias e frequentemente limitadas. Nem todo insumo gera cr\u00e9dito. Empresas enfrentam:<\/p>\n\n\n\n<ul class=\"wp-block-list\">\n<li>Disputas conceituais sobre o que pode ser considerado insumo (como no PIS\/Cofins, ap\u00f3s o julgamento do STJ sobre essencialidade e relev\u00e2ncia);<\/li>\n\n\n\n<li>Travas estaduais que restringem o aproveitamento do ICMS em opera\u00e7\u00f5es interestaduais;<\/li>\n\n\n\n<li>Morosidade para recuperar cr\u00e9ditos acumulados, que muitas vezes dependem de pedidos administrativos ou a\u00e7\u00f5es judiciais;<\/li>\n\n\n\n<li>Complexidade operacional, j\u00e1 que cada tributo exige controles e parametriza\u00e7\u00f5es pr\u00f3prias.<br><\/li>\n<\/ul>\n\n\n\n<p>O resultado \u00e9 um cen\u00e1rio em que cr\u00e9ditos acumulados se tornam, na pr\u00e1tica, ativos de dif\u00edcil realiza\u00e7\u00e3o.<\/p>\n\n\n\n<h2 class=\"wp-block-heading\">A promessa da Reforma: cr\u00e9dito amplo e irrestrito<\/h2>\n\n\n\n<p>Com a implementa\u00e7\u00e3o do IBS (Imposto sobre Bens e Servi\u00e7os) e da CBS (Contribui\u00e7\u00e3o sobre Bens e Servi\u00e7os), o desenho previsto \u00e9 de n\u00e3o cumulatividade plena: todo imposto pago na etapa anterior deve ser creditado na etapa seguinte, sem restri\u00e7\u00f5es de essencialidade ou seletividade. Esse mecanismo aproxima o Brasil do modelo de IVA adotado em mais de 170 pa\u00edses.&nbsp;<\/p>\n\n\n\n<p>A Reforma Tribut\u00e1ria estabelece regras espec\u00edficas para o aproveitamento dos cr\u00e9ditos acumulados no sistema atual. No caso do PIS e da Cofins, os saldos existentes poder\u00e3o ser utilizados para abater a CBS ou outros tributos federais, al\u00e9m da op\u00e7\u00e3o de restitui\u00e7\u00e3o em dinheiro.<\/p>\n\n\n\n<p>Quanto ao ICMS, os cr\u00e9ditos j\u00e1 homologados ser\u00e3o gradualmente compensados com o IBS em at\u00e9 240 parcelas mensais, corrigidas monetariamente, a partir de 2033.<\/p>\n\n\n\n<p>A Fazenda tamb\u00e9m prev\u00ea mecanismos adicionais de flexibilidade: os contribuintes poder\u00e3o transferir seus cr\u00e9ditos a terceiros ou solicitar ressarcimento direto, quando n\u00e3o for poss\u00edvel a compensa\u00e7\u00e3o com o IBS. A proposta \u00e9 que a devolu\u00e7\u00e3o ocorra de maneira c\u00e9lere e transparente, especialmente para aliviar investimentos e opera\u00e7\u00f5es de exporta\u00e7\u00e3o.<\/p>\n\n\n\n<p>Outro ponto relevante \u00e9 que os investimentos realizados pelas empresas continuar\u00e3o a gerar cr\u00e9ditos tribut\u00e1rios, com promessa de ressarcimento \u00e1gil. Esse desenho busca estimular a moderniza\u00e7\u00e3o produtiva, a aquisi\u00e7\u00e3o de bens de capital e, em \u00faltima inst\u00e2ncia, fortalecer a competitividade das companhias brasileiras frente ao mercado internacional.<\/p>\n\n\n\n<h2 class=\"wp-block-heading\">Como ser\u00e1 o cr\u00e9dito tribut\u00e1rio ap\u00f3s a Reforma<\/h2>\n\n\n\n<p>Com a ado\u00e7\u00e3o do IVA (Imposto sobre Valor Agregado), a Reforma Tribut\u00e1ria traz a ado\u00e7\u00e3o da n\u00e3o cumulatividade plena, garantindo que quase todas as aquisi\u00e7\u00f5es de bens e servi\u00e7os relacionadas \u00e0 atividade econ\u00f4mica da empresa gerem direito a cr\u00e9dito.&nbsp;<\/p>\n\n\n\n<p>Esse novo sistema traz quatro mudan\u00e7as importantes:<\/p>\n\n\n\n<ul class=\"wp-block-list\">\n<li>Base ampla de cr\u00e9dito: n\u00e3o haver\u00e1 mais a diferencia\u00e7\u00e3o entre insumos diretos e indiretos, o que significa que todos os custos operacionais relacionados \u00e0 atividade da empresa poder\u00e3o gerar cr\u00e9dito. Isso inclui despesas com servi\u00e7os de apoio, como contabilidade, limpeza e manuten\u00e7\u00e3o, que at\u00e9 hoje costumam ficar de fora do aproveitamento.<\/li>\n\n\n\n<li>Ressarcimento mais r\u00e1pido: o novo modelo prev\u00ea prev\u00ea que cr\u00e9ditos acumulados sejam ressarcidos em at\u00e9 60 dias, o que diminui a burocracia e reduz os efeitos negativos que a demora na restitui\u00e7\u00e3o causa no fluxo de caixa das empresas.<\/li>\n\n\n\n<li>Cr\u00e9dito condicionado ao recolhimento: o recolhimento efetivo do imposto pelo fornecedor. Assim, a simples emiss\u00e3o da nota fiscal deixa de ser suficiente para assegurar o cr\u00e9dito ao adquirente, refor\u00e7ando a necessidade de acompanhamento das opera\u00e7\u00f5es em toda a cadeia.<\/li>\n\n\n\n<li>Transpar\u00eancia na cobran\u00e7a: a transpar\u00eancia ser\u00e1 ampliada com a obrigatoriedade de destacar o valor do tributo \u201cpor fora\u201d da nota fiscal. Essa mudan\u00e7a facilita a visualiza\u00e7\u00e3o dos encargos e d\u00e1 maior clareza sobre quanto efetivamente est\u00e1 sendo recolhido em cada transa\u00e7\u00e3o.<\/li>\n<\/ul>\n\n\n\n<h2 class=\"wp-block-heading\"><a href=\"https:\/\/site.avalarabrasil.com.br\/reforma-tributaria\/reforma-tributaria\/split-payment-reforma-tributaria\/\">Split payment<\/a>: tecnologia para garantir o cr\u00e9dito tribut\u00e1rio<\/h2>\n\n\n\n<p>A transi\u00e7\u00e3o prev\u00ea mecanismos de compensa\u00e7\u00e3o e ressarcimento dos cr\u00e9ditos acumulados, que depender\u00e3o de regulamenta\u00e7\u00f5es a serem editadas pela Uni\u00e3o e pelos estados. Esses normativos precisar\u00e3o estabelecer prazos, formas de restitui\u00e7\u00e3o e crit\u00e9rios de atualiza\u00e7\u00e3o monet\u00e1ria, pontos que geram expectativa e, ao mesmo tempo, inseguran\u00e7a.&nbsp;<\/p>\n\n\n\n<p>Caso os prazos n\u00e3o sejam respeitados ou as regras tragam ambiguidades, h\u00e1 risco de surgirem novos contenciosos tribut\u00e1rios, perpetuando um dos maiores problemas do sistema atual.<\/p>\n\n\n\n<h2 class=\"wp-block-heading\">Desafios do per\u00edodo de transi\u00e7\u00e3o<\/h2>\n\n\n\n<p>O ponto de maior complexidade n\u00e3o est\u00e1 na meta final, mas na transi\u00e7\u00e3o. At\u00e9 2032, conviver\u00e3o dois sistemas:<\/p>\n\n\n\n<ol class=\"wp-block-list\">\n<li>O atual, com todas as suas limita\u00e7\u00f5es de cr\u00e9ditos.<\/li>\n\n\n\n<li>O novo, com IBS e CBS sendo gradualmente implementados.<br><\/li>\n<\/ol>\n\n\n\n<p>Isso significa que as empresas ter\u00e3o que apurar cr\u00e9ditos em regimes distintos por quase uma d\u00e9cada. Um cr\u00e9dito de ICMS, por exemplo, n\u00e3o se confunde com um cr\u00e9dito de IBS, e ambos precisam ser conciliados.<\/p>\n\n\n\n<p>Al\u00e9m disso, a transi\u00e7\u00e3o prev\u00ea um mecanismo de compensa\u00e7\u00e3o e ressarcimento de cr\u00e9ditos acumulados. Estados e Uni\u00e3o ter\u00e3o que criar regulamenta\u00e7\u00f5es para definir prazos, formas de restitui\u00e7\u00e3o e crit\u00e9rios de atualiza\u00e7\u00e3o. A inseguran\u00e7a nesse processo pode gerar novos contenciosos, caso os prazos n\u00e3o sejam cumpridos.<\/p>\n\n\n\n<h2 class=\"wp-block-heading\">Impactos por setor<\/h2>\n\n\n\n<p>Os efeitos do novo modelo de cr\u00e9ditos variam de acordo com o setor econ\u00f4mico.&nbsp;<\/p>\n\n\n\n<ul class=\"wp-block-list\">\n<li>Exportadores: a promessa \u00e9 de restitui\u00e7\u00e3o r\u00e1pida e autom\u00e1tica dos cr\u00e9ditos, eliminando distor\u00e7\u00f5es que prejudicavam a competitividade internacional;<\/li>\n\n\n\n<li>Servi\u00e7os: dever\u00e3o ter um impacto positivo com a possibilidade de aproveitar cr\u00e9ditos hoje negados, mas podem enfrentar carga efetiva maior se n\u00e3o tiverem muitos insumos credit\u00e1veis;<\/li>\n\n\n\n<li>Ind\u00fastria: tende a ser beneficiada pela uniformiza\u00e7\u00e3o, j\u00e1 que hoje enfrenta enormes distor\u00e7\u00f5es interestaduais de ICMS;<\/li>\n\n\n\n<li>Com\u00e9rcio: poder\u00e1 ter maior previsibilidade nos repasses, mas depender\u00e1 da efici\u00eancia na restitui\u00e7\u00e3o dos cr\u00e9ditos para manter margens.<\/li>\n<\/ul>\n\n\n\n<h2 class=\"wp-block-heading\">Riscos de distor\u00e7\u00e3o e pontos de aten\u00e7\u00e3o<\/h2>\n\n\n\n<p>Ainda que a n\u00e3o cumulatividade plena seja apresentada como um dos pilares da Reforma, existem riscos que n\u00e3o podem ser ignorados. Regulamenta\u00e7\u00f5es infraconstitucionais podem criar novas barreiras sob a justificativa de combater fraudes. Al\u00e9m disso, prazos longos para restitui\u00e7\u00e3o podem transformar cr\u00e9ditos em meros \u201cpap\u00e9is cont\u00e1beis\u201d, sem impacto real no caixa das empresas.&nbsp;<\/p>\n\n\n\n<p>As exce\u00e7\u00f5es tamb\u00e9m representam uma amea\u00e7a: al\u00edquotas diferenciadas para setores espec\u00edficos, como combust\u00edveis, sa\u00fade e educa\u00e7\u00e3o, podem enfraquecer a ideia de cr\u00e9dito universal e abrir espa\u00e7o para disputas. Em outras palavras, o sistema ser\u00e1 mais simples, mas n\u00e3o necessariamente livre de lit\u00edgios.<\/p>\n\n\n\n<h2 class=\"wp-block-heading\">O papel da tecnologia na gest\u00e3o de cr\u00e9ditos<\/h2>\n\n\n\n<p>Diante desse cen\u00e1rio, a tecnologia se torna pe\u00e7a-chave para a boa gest\u00e3o de cr\u00e9ditos tribut\u00e1rios. O controle preciso dos documentos fiscais eletr\u00f4nicos ser\u00e1 essencial para distinguir o que gera cr\u00e9dito no regime do IBS\/CBS do que ainda se vincula ao sistema antigo.&nbsp;<\/p>\n\n\n\n<p>Da mesma forma, o uso de motores de c\u00e1lculo permitir\u00e1 simular a carga tribut\u00e1ria e projetar cr\u00e9ditos futuros com seguran\u00e7a. A integra\u00e7\u00e3o da mensageria garante que as notas recebidas sejam validadas corretamente, evitando erros que inviabilizem o direito ao cr\u00e9dito.&nbsp;<\/p>\n\n\n\n<p>Em resumo, a tecnologia deve ser encarada como a base que assegura que os cr\u00e9ditos previstos em lei se traduzam efetivamente em resultados financeiros para as empresas.<\/p>\n\n\n\n<h2 class=\"wp-block-heading\">Prepare sua empresa com as solu\u00e7\u00f5es da Avalara<\/h2>\n\n\n\n<p>A Reforma Tribut\u00e1ria pode finalmente dar ao Brasil um sistema em que os tributos n\u00e3o distorcem as cadeias produtivas. Para isso, os cr\u00e9ditos tribut\u00e1rios precisam ser amplos, autom\u00e1ticos e devolvidos com rapidez.<\/p>\n\n\n\n<p>O per\u00edodo de transi\u00e7\u00e3o ser\u00e1 desafiador, mas empresas que se prepararem com gest\u00e3o fiscal robusta e tecnologia de monitoramento de documentos estar\u00e3o um passo \u00e0 frente. Afinal, o cr\u00e9dito n\u00e3o \u00e9 apenas uma quest\u00e3o cont\u00e1bil: \u00e9 o que garante neutralidade, fluxo de caixa saud\u00e1vel e competitividade no mercado.<\/p>\n\n\n\n<p>Para isso, contar com parceiros especializados, como a Avalara, e investir em solu\u00e7\u00f5es tecnol\u00f3gicas compat\u00edveis com o novo modelo, como motores de c\u00e1lculo integrados, \u00e9 fundamental para assegurar conformidade legal, mitigar riscos operacionais e manter a competitividade no mercado:<\/p>\n\n\n\n<ul class=\"wp-block-list\">\n<li>AvaTax Brasil: c\u00e1lculo autom\u00e1tico de tributos no modelo h\u00edbrido (ICMS + CBS\/IBS);<\/li>\n\n\n\n<li>Mensageria DFe: emiss\u00e3o simplificada de documentos fiscais eletr\u00f4nicos;<\/li>\n\n\n\n<li>Tax Central: gest\u00e3o tribut\u00e1ria centralizada para todas as obriga\u00e7\u00f5es acess\u00f3rias;<\/li>\n\n\n\n<li>BPO Fiscal: terceiriza\u00e7\u00e3o inteligente do compliance tribut\u00e1rio com especialistas Avalara.<\/li>\n<\/ul>\n\n\n\n<p>A prepara\u00e7\u00e3o para esse novo contexto n\u00e3o deve ser adiada. Essa \u00e9 uma escolha estrat\u00e9gica que definir\u00e1 a adapta\u00e7\u00e3o da empresa no novo cen\u00e1rio tribut\u00e1rio.<\/p>\n\n\n\n<style>\n  .custom-button {\n    font-family: \"Source Sans 3\", sans-serif;\n    background-color: #Fa6400;\n    color: #FFFFFF;\n    border: none;\n    border-radius: 20px;\n    padding: 12px;\n    font-size: 14px;\n    font-weight: bold;\n    text-align: center;\n    letter-spacing: normal;\n    display: block;\n    text-decoration: none;\n    width: fit-content;\n    margin: 0 auto;\n  }\n  .custom-button:hover {\n    background-color: #Fa6400;\n  }\n  .button-container {\n    text-align: center;\n  }\n<\/style>\n<div class=\"button-container\">\n  <a href=\"https:\/\/www.avalara.com\/br\/pt\/index.html\/?ref=avl-reforma-tributaria\" class=\"custom-button\">\n    \u3164Saiba mais\u3164\n  <\/a>\n<\/div>\n\n\n\n<p><\/p>\n","protected":false},"excerpt":{"rendered":"<p>Como funcionar\u00e3o os cr\u00e9ditos tribut\u00e1rios na Reforma Tribut\u00e1ria gera muita discuss\u00e3o e desperta a aten\u00e7\u00e3o dos \u00f3rg\u00e3os interessados. Empresas de todos os portes sabem que [&hellip;]<\/p>\n","protected":false},"author":3,"featured_media":15216,"comment_status":"open","ping_status":"open","sticky":false,"template":"","format":"standard","meta":{"footnotes":""},"categories":[3],"tags":[],"class_list":["post-15215","post","type-post","status-publish","format-standard","has-post-thumbnail","hentry","category-reforma-tributaria"],"yoast_head":"<!-- This site is optimized with the Yoast SEO plugin v27.0 - https:\/\/yoast.com\/product\/yoast-seo-wordpress\/ -->\n<title>Cr\u00e9ditos tribut\u00e1rios na Reforma Tribut\u00e1ria: o que vai mudar<\/title>\n<meta name=\"description\" content=\"Descubra como ficam os cr\u00e9ditos tribut\u00e1rios na Reforma Tribut\u00e1ria com a chegada do IBS e da CBS e os impactos para sua empresa.\" \/>\n<meta name=\"robots\" content=\"index, follow, max-snippet:-1, max-image-preview:large, max-video-preview:-1\" \/>\n<link rel=\"canonical\" href=\"https:\/\/site.avalarabrasil.com.br\/reforma-tributaria\/creditos-tributarios-na-reforma-tributaria\/\" \/>\n<meta property=\"og:locale\" content=\"pt_BR\" \/>\n<meta property=\"og:type\" content=\"article\" \/>\n<meta property=\"og:title\" content=\"Cr\u00e9ditos tribut\u00e1rios na Reforma Tribut\u00e1ria: o que vai mudar\" \/>\n<meta property=\"og:description\" content=\"Descubra como ficam os cr\u00e9ditos tribut\u00e1rios na Reforma Tribut\u00e1ria com a chegada do IBS e da CBS e os impactos para sua empresa.\" \/>\n<meta property=\"og:url\" content=\"https:\/\/site.avalarabrasil.com.br\/reforma-tributaria\/creditos-tributarios-na-reforma-tributaria\/\" \/>\n<meta property=\"og:site_name\" content=\"Descomplica Reforma Tribut\u00e1ria\" \/>\n<meta property=\"article:published_time\" content=\"2025-09-23T13:00:00+00:00\" \/>\n<meta property=\"og:image\" content=\"https:\/\/site.avalarabrasil.com.br\/reforma-tributaria\/wp-content\/uploads\/2025\/09\/vista-de-alto-angulo-funcionario-recortado-no-trabalho-com-o-laptop-scaled-1.jpg\" \/>\n\t<meta property=\"og:image:width\" content=\"2560\" \/>\n\t<meta property=\"og:image:height\" content=\"1709\" \/>\n\t<meta property=\"og:image:type\" content=\"image\/jpeg\" \/>\n<meta name=\"author\" content=\"Marianna Moreno\" \/>\n<meta name=\"twitter:card\" content=\"summary_large_image\" \/>\n<meta name=\"twitter:label1\" content=\"Escrito por\" \/>\n\t<meta name=\"twitter:data1\" content=\"Marianna Moreno\" \/>\n\t<meta name=\"twitter:label2\" content=\"Est. tempo de leitura\" \/>\n\t<meta name=\"twitter:data2\" content=\"8 minutos\" \/>\n<script type=\"application\/ld+json\" class=\"yoast-schema-graph\">{\"@context\":\"https:\/\/schema.org\",\"@graph\":[{\"@type\":\"Article\",\"@id\":\"https:\/\/site.avalarabrasil.com.br\/reforma-tributaria\/creditos-tributarios-na-reforma-tributaria\/#article\",\"isPartOf\":{\"@id\":\"https:\/\/site.avalarabrasil.com.br\/reforma-tributaria\/creditos-tributarios-na-reforma-tributaria\/\"},\"author\":{\"name\":\"Marianna Moreno\",\"@id\":\"https:\/\/site.avalarabrasil.com.br\/reforma-tributaria\/#\/schema\/person\/bd8270bd11b337a8420d96641bfd1dc7\"},\"headline\":\"Cr\u00e9ditos tribut\u00e1rios na Reforma Tribut\u00e1ria: o que muda com IBS e CBS\",\"datePublished\":\"2025-09-23T13:00:00+00:00\",\"mainEntityOfPage\":{\"@id\":\"https:\/\/site.avalarabrasil.com.br\/reforma-tributaria\/creditos-tributarios-na-reforma-tributaria\/\"},\"wordCount\":1607,\"commentCount\":0,\"publisher\":{\"@id\":\"https:\/\/site.avalarabrasil.com.br\/reforma-tributaria\/#organization\"},\"image\":{\"@id\":\"https:\/\/site.avalarabrasil.com.br\/reforma-tributaria\/creditos-tributarios-na-reforma-tributaria\/#primaryimage\"},\"thumbnailUrl\":\"https:\/\/site.avalarabrasil.com.br\/reforma-tributaria\/wp-content\/uploads\/2025\/09\/vista-de-alto-angulo-funcionario-recortado-no-trabalho-com-o-laptop-scaled-1.jpg\",\"articleSection\":[\"Reforma Tribut\u00e1ria\"],\"inLanguage\":\"pt-BR\",\"potentialAction\":[{\"@type\":\"CommentAction\",\"name\":\"Comment\",\"target\":[\"https:\/\/site.avalarabrasil.com.br\/reforma-tributaria\/creditos-tributarios-na-reforma-tributaria\/#respond\"]}]},{\"@type\":\"WebPage\",\"@id\":\"https:\/\/site.avalarabrasil.com.br\/reforma-tributaria\/creditos-tributarios-na-reforma-tributaria\/\",\"url\":\"https:\/\/site.avalarabrasil.com.br\/reforma-tributaria\/creditos-tributarios-na-reforma-tributaria\/\",\"name\":\"Cr\u00e9ditos tribut\u00e1rios na Reforma Tribut\u00e1ria: o que vai mudar\",\"isPartOf\":{\"@id\":\"https:\/\/site.avalarabrasil.com.br\/reforma-tributaria\/#website\"},\"primaryImageOfPage\":{\"@id\":\"https:\/\/site.avalarabrasil.com.br\/reforma-tributaria\/creditos-tributarios-na-reforma-tributaria\/#primaryimage\"},\"image\":{\"@id\":\"https:\/\/site.avalarabrasil.com.br\/reforma-tributaria\/creditos-tributarios-na-reforma-tributaria\/#primaryimage\"},\"thumbnailUrl\":\"https:\/\/site.avalarabrasil.com.br\/reforma-tributaria\/wp-content\/uploads\/2025\/09\/vista-de-alto-angulo-funcionario-recortado-no-trabalho-com-o-laptop-scaled-1.jpg\",\"datePublished\":\"2025-09-23T13:00:00+00:00\",\"description\":\"Descubra como ficam os cr\u00e9ditos tribut\u00e1rios na Reforma Tribut\u00e1ria com a chegada do IBS e da CBS e os impactos para sua empresa.\",\"breadcrumb\":{\"@id\":\"https:\/\/site.avalarabrasil.com.br\/reforma-tributaria\/creditos-tributarios-na-reforma-tributaria\/#breadcrumb\"},\"inLanguage\":\"pt-BR\",\"potentialAction\":[{\"@type\":\"ReadAction\",\"target\":[\"https:\/\/site.avalarabrasil.com.br\/reforma-tributaria\/creditos-tributarios-na-reforma-tributaria\/\"]}]},{\"@type\":\"ImageObject\",\"inLanguage\":\"pt-BR\",\"@id\":\"https:\/\/site.avalarabrasil.com.br\/reforma-tributaria\/creditos-tributarios-na-reforma-tributaria\/#primaryimage\",\"url\":\"https:\/\/site.avalarabrasil.com.br\/reforma-tributaria\/wp-content\/uploads\/2025\/09\/vista-de-alto-angulo-funcionario-recortado-no-trabalho-com-o-laptop-scaled-1.jpg\",\"contentUrl\":\"https:\/\/site.avalarabrasil.com.br\/reforma-tributaria\/wp-content\/uploads\/2025\/09\/vista-de-alto-angulo-funcionario-recortado-no-trabalho-com-o-laptop-scaled-1.jpg\",\"width\":2560,\"height\":1709,\"caption\":\"creditos-tributarios-na-reforma-tributaria\"},{\"@type\":\"BreadcrumbList\",\"@id\":\"https:\/\/site.avalarabrasil.com.br\/reforma-tributaria\/creditos-tributarios-na-reforma-tributaria\/#breadcrumb\",\"itemListElement\":[{\"@type\":\"ListItem\",\"position\":1,\"name\":\"In\u00edcio\",\"item\":\"https:\/\/site.avalarabrasil.com.br\/reforma-tributaria\/\"},{\"@type\":\"ListItem\",\"position\":2,\"name\":\"Cr\u00e9ditos tribut\u00e1rios na Reforma Tribut\u00e1ria: o que muda com IBS e CBS\"}]},{\"@type\":\"WebSite\",\"@id\":\"https:\/\/site.avalarabrasil.com.br\/reforma-tributaria\/#website\",\"url\":\"https:\/\/site.avalarabrasil.com.br\/reforma-tributaria\/\",\"name\":\"Descomplica Reforma Tribut\u00e1ria\",\"description\":\"Entenda o impacto da Reforma Tribut\u00e1ria no seu neg\u00f3cio. No Descomplica Reforma Tribut\u00e1ria, voc\u00ea encontra not\u00edcias, legisla\u00e7\u00e3o e orienta\u00e7\u00f5es pr\u00e1ticas para empresas.\",\"publisher\":{\"@id\":\"https:\/\/site.avalarabrasil.com.br\/reforma-tributaria\/#organization\"},\"alternateName\":\"Reforma Tribut\u00e1ria Avalara\",\"potentialAction\":[{\"@type\":\"SearchAction\",\"target\":{\"@type\":\"EntryPoint\",\"urlTemplate\":\"https:\/\/site.avalarabrasil.com.br\/reforma-tributaria\/?s={search_term_string}\"},\"query-input\":{\"@type\":\"PropertyValueSpecification\",\"valueRequired\":true,\"valueName\":\"search_term_string\"}}],\"inLanguage\":\"pt-BR\"},{\"@type\":\"Organization\",\"@id\":\"https:\/\/site.avalarabrasil.com.br\/reforma-tributaria\/#organization\",\"name\":\"Descomplica Reforma Tribut\u00e1ria\",\"url\":\"https:\/\/site.avalarabrasil.com.br\/reforma-tributaria\/\",\"logo\":{\"@type\":\"ImageObject\",\"inLanguage\":\"pt-BR\",\"@id\":\"https:\/\/site.avalarabrasil.com.br\/reforma-tributaria\/#\/schema\/logo\/image\/\",\"url\":\"https:\/\/site.avalarabrasil.com.br\/reforma-tributaria\/wp-content\/uploads\/2025\/11\/avalara.png\",\"contentUrl\":\"https:\/\/site.avalarabrasil.com.br\/reforma-tributaria\/wp-content\/uploads\/2025\/11\/avalara.png\",\"width\":1200,\"height\":675,\"caption\":\"Descomplica Reforma Tribut\u00e1ria\"},\"image\":{\"@id\":\"https:\/\/site.avalarabrasil.com.br\/reforma-tributaria\/#\/schema\/logo\/image\/\"}},{\"@type\":\"Person\",\"@id\":\"https:\/\/site.avalarabrasil.com.br\/reforma-tributaria\/#\/schema\/person\/bd8270bd11b337a8420d96641bfd1dc7\",\"name\":\"Marianna Moreno\",\"image\":{\"@type\":\"ImageObject\",\"inLanguage\":\"pt-BR\",\"@id\":\"https:\/\/site.avalarabrasil.com.br\/reforma-tributaria\/#\/schema\/person\/image\/\",\"url\":\"https:\/\/site.avalarabrasil.com.br\/reforma-tributaria\/wp-content\/litespeed\/avatar\/72c8d539496a030c90c8f6dceaf836cc.jpg?ver=1777396390\",\"contentUrl\":\"https:\/\/site.avalarabrasil.com.br\/reforma-tributaria\/wp-content\/litespeed\/avatar\/72c8d539496a030c90c8f6dceaf836cc.jpg?ver=1777396390\",\"caption\":\"Marianna Moreno\"},\"url\":\"https:\/\/site.avalarabrasil.com.br\/reforma-tributaria\/author\/marianna-moreno\/\"}]}<\/script>\n<!-- \/ Yoast SEO plugin. -->","yoast_head_json":{"title":"Cr\u00e9ditos tribut\u00e1rios na Reforma Tribut\u00e1ria: o que vai mudar","description":"Descubra como ficam os cr\u00e9ditos tribut\u00e1rios na Reforma Tribut\u00e1ria com a chegada do IBS e da CBS e os impactos para sua empresa.","robots":{"index":"index","follow":"follow","max-snippet":"max-snippet:-1","max-image-preview":"max-image-preview:large","max-video-preview":"max-video-preview:-1"},"canonical":"https:\/\/site.avalarabrasil.com.br\/reforma-tributaria\/creditos-tributarios-na-reforma-tributaria\/","og_locale":"pt_BR","og_type":"article","og_title":"Cr\u00e9ditos tribut\u00e1rios na Reforma Tribut\u00e1ria: o que vai mudar","og_description":"Descubra como ficam os cr\u00e9ditos tribut\u00e1rios na Reforma Tribut\u00e1ria com a chegada do IBS e da CBS e os impactos para sua empresa.","og_url":"https:\/\/site.avalarabrasil.com.br\/reforma-tributaria\/creditos-tributarios-na-reforma-tributaria\/","og_site_name":"Descomplica Reforma Tribut\u00e1ria","article_published_time":"2025-09-23T13:00:00+00:00","og_image":[{"width":2560,"height":1709,"url":"https:\/\/site.avalarabrasil.com.br\/reforma-tributaria\/wp-content\/uploads\/2025\/09\/vista-de-alto-angulo-funcionario-recortado-no-trabalho-com-o-laptop-scaled-1.jpg","type":"image\/jpeg"}],"author":"Marianna Moreno","twitter_card":"summary_large_image","twitter_misc":{"Escrito por":"Marianna Moreno","Est. tempo de leitura":"8 minutos"},"schema":{"@context":"https:\/\/schema.org","@graph":[{"@type":"Article","@id":"https:\/\/site.avalarabrasil.com.br\/reforma-tributaria\/creditos-tributarios-na-reforma-tributaria\/#article","isPartOf":{"@id":"https:\/\/site.avalarabrasil.com.br\/reforma-tributaria\/creditos-tributarios-na-reforma-tributaria\/"},"author":{"name":"Marianna Moreno","@id":"https:\/\/site.avalarabrasil.com.br\/reforma-tributaria\/#\/schema\/person\/bd8270bd11b337a8420d96641bfd1dc7"},"headline":"Cr\u00e9ditos tribut\u00e1rios na Reforma Tribut\u00e1ria: o que muda com IBS e CBS","datePublished":"2025-09-23T13:00:00+00:00","mainEntityOfPage":{"@id":"https:\/\/site.avalarabrasil.com.br\/reforma-tributaria\/creditos-tributarios-na-reforma-tributaria\/"},"wordCount":1607,"commentCount":0,"publisher":{"@id":"https:\/\/site.avalarabrasil.com.br\/reforma-tributaria\/#organization"},"image":{"@id":"https:\/\/site.avalarabrasil.com.br\/reforma-tributaria\/creditos-tributarios-na-reforma-tributaria\/#primaryimage"},"thumbnailUrl":"https:\/\/site.avalarabrasil.com.br\/reforma-tributaria\/wp-content\/uploads\/2025\/09\/vista-de-alto-angulo-funcionario-recortado-no-trabalho-com-o-laptop-scaled-1.jpg","articleSection":["Reforma Tribut\u00e1ria"],"inLanguage":"pt-BR","potentialAction":[{"@type":"CommentAction","name":"Comment","target":["https:\/\/site.avalarabrasil.com.br\/reforma-tributaria\/creditos-tributarios-na-reforma-tributaria\/#respond"]}]},{"@type":"WebPage","@id":"https:\/\/site.avalarabrasil.com.br\/reforma-tributaria\/creditos-tributarios-na-reforma-tributaria\/","url":"https:\/\/site.avalarabrasil.com.br\/reforma-tributaria\/creditos-tributarios-na-reforma-tributaria\/","name":"Cr\u00e9ditos tribut\u00e1rios na Reforma Tribut\u00e1ria: o que vai mudar","isPartOf":{"@id":"https:\/\/site.avalarabrasil.com.br\/reforma-tributaria\/#website"},"primaryImageOfPage":{"@id":"https:\/\/site.avalarabrasil.com.br\/reforma-tributaria\/creditos-tributarios-na-reforma-tributaria\/#primaryimage"},"image":{"@id":"https:\/\/site.avalarabrasil.com.br\/reforma-tributaria\/creditos-tributarios-na-reforma-tributaria\/#primaryimage"},"thumbnailUrl":"https:\/\/site.avalarabrasil.com.br\/reforma-tributaria\/wp-content\/uploads\/2025\/09\/vista-de-alto-angulo-funcionario-recortado-no-trabalho-com-o-laptop-scaled-1.jpg","datePublished":"2025-09-23T13:00:00+00:00","description":"Descubra como ficam os cr\u00e9ditos tribut\u00e1rios na Reforma Tribut\u00e1ria com a chegada do IBS e da CBS e os impactos para sua empresa.","breadcrumb":{"@id":"https:\/\/site.avalarabrasil.com.br\/reforma-tributaria\/creditos-tributarios-na-reforma-tributaria\/#breadcrumb"},"inLanguage":"pt-BR","potentialAction":[{"@type":"ReadAction","target":["https:\/\/site.avalarabrasil.com.br\/reforma-tributaria\/creditos-tributarios-na-reforma-tributaria\/"]}]},{"@type":"ImageObject","inLanguage":"pt-BR","@id":"https:\/\/site.avalarabrasil.com.br\/reforma-tributaria\/creditos-tributarios-na-reforma-tributaria\/#primaryimage","url":"https:\/\/site.avalarabrasil.com.br\/reforma-tributaria\/wp-content\/uploads\/2025\/09\/vista-de-alto-angulo-funcionario-recortado-no-trabalho-com-o-laptop-scaled-1.jpg","contentUrl":"https:\/\/site.avalarabrasil.com.br\/reforma-tributaria\/wp-content\/uploads\/2025\/09\/vista-de-alto-angulo-funcionario-recortado-no-trabalho-com-o-laptop-scaled-1.jpg","width":2560,"height":1709,"caption":"creditos-tributarios-na-reforma-tributaria"},{"@type":"BreadcrumbList","@id":"https:\/\/site.avalarabrasil.com.br\/reforma-tributaria\/creditos-tributarios-na-reforma-tributaria\/#breadcrumb","itemListElement":[{"@type":"ListItem","position":1,"name":"In\u00edcio","item":"https:\/\/site.avalarabrasil.com.br\/reforma-tributaria\/"},{"@type":"ListItem","position":2,"name":"Cr\u00e9ditos tribut\u00e1rios na Reforma Tribut\u00e1ria: o que muda com IBS e CBS"}]},{"@type":"WebSite","@id":"https:\/\/site.avalarabrasil.com.br\/reforma-tributaria\/#website","url":"https:\/\/site.avalarabrasil.com.br\/reforma-tributaria\/","name":"Descomplica Reforma Tribut\u00e1ria","description":"Entenda o impacto da Reforma Tribut\u00e1ria no seu neg\u00f3cio. No Descomplica Reforma Tribut\u00e1ria, voc\u00ea encontra not\u00edcias, legisla\u00e7\u00e3o e orienta\u00e7\u00f5es pr\u00e1ticas para empresas.","publisher":{"@id":"https:\/\/site.avalarabrasil.com.br\/reforma-tributaria\/#organization"},"alternateName":"Reforma Tribut\u00e1ria Avalara","potentialAction":[{"@type":"SearchAction","target":{"@type":"EntryPoint","urlTemplate":"https:\/\/site.avalarabrasil.com.br\/reforma-tributaria\/?s={search_term_string}"},"query-input":{"@type":"PropertyValueSpecification","valueRequired":true,"valueName":"search_term_string"}}],"inLanguage":"pt-BR"},{"@type":"Organization","@id":"https:\/\/site.avalarabrasil.com.br\/reforma-tributaria\/#organization","name":"Descomplica Reforma Tribut\u00e1ria","url":"https:\/\/site.avalarabrasil.com.br\/reforma-tributaria\/","logo":{"@type":"ImageObject","inLanguage":"pt-BR","@id":"https:\/\/site.avalarabrasil.com.br\/reforma-tributaria\/#\/schema\/logo\/image\/","url":"https:\/\/site.avalarabrasil.com.br\/reforma-tributaria\/wp-content\/uploads\/2025\/11\/avalara.png","contentUrl":"https:\/\/site.avalarabrasil.com.br\/reforma-tributaria\/wp-content\/uploads\/2025\/11\/avalara.png","width":1200,"height":675,"caption":"Descomplica Reforma Tribut\u00e1ria"},"image":{"@id":"https:\/\/site.avalarabrasil.com.br\/reforma-tributaria\/#\/schema\/logo\/image\/"}},{"@type":"Person","@id":"https:\/\/site.avalarabrasil.com.br\/reforma-tributaria\/#\/schema\/person\/bd8270bd11b337a8420d96641bfd1dc7","name":"Marianna Moreno","image":{"@type":"ImageObject","inLanguage":"pt-BR","@id":"https:\/\/site.avalarabrasil.com.br\/reforma-tributaria\/#\/schema\/person\/image\/","url":"https:\/\/site.avalarabrasil.com.br\/reforma-tributaria\/wp-content\/litespeed\/avatar\/72c8d539496a030c90c8f6dceaf836cc.jpg?ver=1777396390","contentUrl":"https:\/\/site.avalarabrasil.com.br\/reforma-tributaria\/wp-content\/litespeed\/avatar\/72c8d539496a030c90c8f6dceaf836cc.jpg?ver=1777396390","caption":"Marianna Moreno"},"url":"https:\/\/site.avalarabrasil.com.br\/reforma-tributaria\/author\/marianna-moreno\/"}]}},"_links":{"self":[{"href":"https:\/\/site.avalarabrasil.com.br\/reforma-tributaria\/wp-json\/wp\/v2\/posts\/15215","targetHints":{"allow":["GET"]}}],"collection":[{"href":"https:\/\/site.avalarabrasil.com.br\/reforma-tributaria\/wp-json\/wp\/v2\/posts"}],"about":[{"href":"https:\/\/site.avalarabrasil.com.br\/reforma-tributaria\/wp-json\/wp\/v2\/types\/post"}],"author":[{"embeddable":true,"href":"https:\/\/site.avalarabrasil.com.br\/reforma-tributaria\/wp-json\/wp\/v2\/users\/3"}],"replies":[{"embeddable":true,"href":"https:\/\/site.avalarabrasil.com.br\/reforma-tributaria\/wp-json\/wp\/v2\/comments?post=15215"}],"version-history":[{"count":0,"href":"https:\/\/site.avalarabrasil.com.br\/reforma-tributaria\/wp-json\/wp\/v2\/posts\/15215\/revisions"}],"wp:featuredmedia":[{"embeddable":true,"href":"https:\/\/site.avalarabrasil.com.br\/reforma-tributaria\/wp-json\/wp\/v2\/media\/15216"}],"wp:attachment":[{"href":"https:\/\/site.avalarabrasil.com.br\/reforma-tributaria\/wp-json\/wp\/v2\/media?parent=15215"}],"wp:term":[{"taxonomy":"category","embeddable":true,"href":"https:\/\/site.avalarabrasil.com.br\/reforma-tributaria\/wp-json\/wp\/v2\/categories?post=15215"},{"taxonomy":"post_tag","embeddable":true,"href":"https:\/\/site.avalarabrasil.com.br\/reforma-tributaria\/wp-json\/wp\/v2\/tags?post=15215"}],"curies":[{"name":"wp","href":"https:\/\/api.w.org\/{rel}","templated":true}]}}