{"id":15226,"date":"2025-09-30T10:05:00","date_gmt":"2025-09-30T13:05:00","guid":{"rendered":"https:\/\/oobj.com.br\/?p=15226"},"modified":"2025-09-30T10:05:00","modified_gmt":"2025-09-30T13:05:00","slug":"ibs-cbs-setor-tecnologia-saas","status":"publish","type":"post","link":"https:\/\/site.avalarabrasil.com.br\/reforma-tributaria\/ibs-cbs-setor-tecnologia-saas\/","title":{"rendered":"IBS e CBS no setor de tecnologia: impactos para empresas SaaS e modelo de receita"},"content":{"rendered":"\n<p>IBS e CBS no setor de tecnologia s\u00e3o os novos protagonistas da Reforma Tribut\u00e1ria. J\u00e1 estamos nos \u00faltimos meses de 2025, e a Reforma Tribut\u00e1ria, promulgada pela Emenda Constitucional n\u00ba 132\/2023 e da Lei Complementar n\u00ba 214\/2025, j\u00e1 come\u00e7a com a fase de transi\u00e7\u00e3o em 2026, iniciando um novo cap\u00edtulo na sua hist\u00f3ria tribut\u00e1ria.&nbsp;<\/p>\n\n\n\n<p>Os novos tributos, IBS (Imposto sobre Bens e Servi\u00e7os) e CBS (Contribui\u00e7\u00e3o sobre Bens e Servi\u00e7os), prometem simplifica\u00e7\u00e3o, neutralidade e n\u00e3o cumulatividade plena. Mas, quando olhamos para empresas de tecnologia e SaaS, que trabalham com servi\u00e7os digitais, contratos recorrentes, cloud computing e estruturas terceirizadas, os impactos v\u00e3o al\u00e9m da teoria.<\/p>\n\n\n\n<p>Este artigo mostra como a reforma muda a din\u00e2mica do setor e por que a prepara\u00e7\u00e3o n\u00e3o deve se limitar a c\u00e1lculos manuais ou an\u00e1lises pontuais: ser\u00e1 preciso intelig\u00eancia fiscal, automa\u00e7\u00e3o de mensageria e um motor de c\u00e1lculo robusto para enfrentar o novo cen\u00e1rio.<\/p>\n\n\n\n<h2 class=\"wp-block-heading\">O novo cen\u00e1rio tribut\u00e1rio para SaaS e tecnologia<\/h2>\n\n\n\n<p>Hoje, muitas empresas de software e servi\u00e7os digitais s\u00e3o tributadas no Lucro Real, com al\u00edquotas efetivas que giram em torno de 11% sobre a receita bruta. A l\u00f3gica atual permite o aproveitamento de cr\u00e9ditos de PIS e Cofins mesmo quando os fornecedores s\u00e3o PJs optantes pelo Simples Nacional, um ponto que ajuda a reduzir a carga tribut\u00e1ria l\u00edquida.<\/p>\n\n\n\n<p>Com o IBS e a CBS, essa realidade muda. A legisla\u00e7\u00e3o determina que apenas opera\u00e7\u00f5es efetivamente tributadas pelos novos impostos geram cr\u00e9ditos. Ou seja, pagamentos a MEIs, prestadores do Simples Nacional ou pessoas f\u00edsicas n\u00e3o dar\u00e3o direito a cr\u00e9dito integral. O resultado? Empresas SaaS, que tradicionalmente t\u00eam baixa depend\u00eancia de insumos f\u00edsicos e grande uso de servi\u00e7os terceirizados, perdem parte significativa de sua capacidade de compensar tributos.<\/p>\n\n\n\n<p>Em simula\u00e7\u00f5es reais, uma carga l\u00edquida que hoje pode ficar pr\u00f3xima de 4% pode saltar para mais de 20% caso a empresa n\u00e3o reestruture seus contratos e fornecedores. Essa \u00e9 a virada que exige estrat\u00e9gia e governan\u00e7a.<\/p>\n\n\n\n<h2 class=\"wp-block-heading\">Cr\u00e9ditos tribut\u00e1rios: o calcanhar de Aquiles do setor<\/h2>\n\n\n\n<p>O grande diferencial da Reforma, a n\u00e3o cumulatividade plena, n\u00e3o significa que todos os gastos ser\u00e3o credit\u00e1veis. Esse \u00e9 justamente o ponto mais delicado para empresas de tecnologia.<\/p>\n\n\n\n<p>Como seus custos principais n\u00e3o est\u00e3o ligados a insumos industriais, mas a servi\u00e7os de cloud, consultorias, desenvolvedores e prestadores independentes, o aproveitamento de cr\u00e9ditos ser\u00e1 limitado. Isso gera um desequil\u00edbrio: paga-se a al\u00edquota cheia na sa\u00edda (28%), mas n\u00e3o h\u00e1 cr\u00e9ditos suficientes na entrada para reduzir o peso final.<\/p>\n\n\n\n<p>Esse fen\u00f4meno, chamado de eros\u00e3o de cr\u00e9dito, ser\u00e1 uma das m\u00e9tricas centrais de gest\u00e3o no setor. Sem monitoramento e ajustes, a margem de lucro pode ser corro\u00edda em quest\u00e3o de meses.<\/p>\n\n\n\n<h2 class=\"wp-block-heading\">O desafio do split-payment e o impacto no caixa<\/h2>\n\n\n\n<p>Outro ponto sens\u00edvel \u00e9 o split-payment, mecanismo em que o IBS e a CBS s\u00e3o recolhidos automaticamente no momento do pagamento da fatura pelo cliente. Para a empresa de tecnologia, isso significa perder controle sobre o fluxo de recolhimento e depender de um calend\u00e1rio fixo de compensa\u00e7\u00e3o: o cr\u00e9dito das entradas s\u00f3 pode ser apropriado ap\u00f3s 60 dias.<\/p>\n\n\n\n<p>Na pr\u00e1tica, isso pressiona o capital de giro. Se a empresa n\u00e3o tiver intelig\u00eancia fiscal integrada ao seu ERP e mensageria \u00e1gil para registrar cr\u00e9ditos no tempo correto, o descasamento entre pagamento e recupera\u00e7\u00e3o pode afetar o caixa, especialmente em neg\u00f3cios recorrentes e de margens apertadas.<\/p>\n\n\n\n<h2 class=\"wp-block-heading\">Precifica\u00e7\u00e3o e contratos: como lidar com a percep\u00e7\u00e3o do cliente<\/h2>\n\n\n\n<p>Diante da al\u00edquota de 28%, surge a d\u00favida: ser\u00e1 preciso repassar esse aumento integralmente ao cliente? A resposta n\u00e3o \u00e9 t\u00e3o simples.<\/p>\n\n\n\n<p>Se o cliente tamb\u00e9m estiver no regime de Lucro Real ou Presumido, ele poder\u00e1 se creditar integralmente do IBS e da CBS destacados na nota. Nesse caso, o pre\u00e7o l\u00edquido efetivo pode at\u00e9 ser mais vantajoso do que no sistema atual. O problema est\u00e1 nos clientes que n\u00e3o geram cr\u00e9ditos, como os do Simples Nacional.<\/p>\n\n\n\n<p>Empresas de tecnologia precisar\u00e3o adotar uma comunica\u00e7\u00e3o clara, cl\u00e1usulas contratuais que explicitem a neutralidade tribut\u00e1ria e at\u00e9 modelos de precifica\u00e7\u00e3o baseados em pre\u00e7o l\u00edquido. Aqui, o papel do time fiscal se conecta ao comercial, mostrando que a Reforma n\u00e3o \u00e9 apenas um ajuste cont\u00e1bil, mas uma mudan\u00e7a de estrat\u00e9gia de mercado.<\/p>\n\n\n\n<h2 class=\"wp-block-heading\">Como tecnologia fiscal pode minimizar riscos<\/h2>\n\n\n\n<p>Para enfrentar esses desafios, n\u00e3o basta ter boas inten\u00e7\u00f5es ou planilhas. \u00c9 preciso adotar ferramentas que integrem gest\u00e3o fiscal, mensageria eletr\u00f4nica e motor de c\u00e1lculo tribut\u00e1rio.<\/p>\n\n\n\n<ul class=\"wp-block-list\">\n<li>Gest\u00e3o fiscal integrada: permite acompanhar indicadores como carga l\u00edquida por produto, eros\u00e3o de cr\u00e9dito e margem p\u00f3s-CBS, facilitando decis\u00f5es r\u00e1pidas;<\/li>\n\n\n\n<li>Mensageria fiscal: garante que notas sejam emitidas com os campos corretos de IBS e CBS, assegurando compliance em tempo real e reduzindo riscos de penalidades;<\/li>\n\n\n\n<li>Motor de c\u00e1lculo tribut\u00e1rio: simula cen\u00e1rios, testa diferentes estruturas de fornecedores e avalia impactos no pre\u00e7o final, oferecendo intelig\u00eancia preditiva para contratos e precifica\u00e7\u00e3o.<\/li>\n<\/ul>\n\n\n\n<p>Essa combina\u00e7\u00e3o permite que a empresa antecipe distor\u00e7\u00f5es, ajuste fornecedores, eduque clientes e se mantenha competitiva mesmo em um ambiente de alta complexidade regulat\u00f3ria.<\/p>\n\n\n\n<h2 class=\"wp-block-heading\">N\u00e3o \u00e9 adapta\u00e7\u00e3o, \u00e9 reconfigura\u00e7\u00e3o<\/h2>\n\n\n\n<p>O setor de tecnologia e SaaS n\u00e3o podem tratar a Reforma Tribut\u00e1ria como uma simples adapta\u00e7\u00e3o. O novo modelo mexe com todos os pilares: fornecedores, contratos, precifica\u00e7\u00e3o, caixa e governan\u00e7a. Quem esperar pela regulamenta\u00e7\u00e3o final corre o risco de ficar para tr\u00e1s.<\/p>\n\n\n\n<p>\u00c9 hora de simular cen\u00e1rios, treinar equipes, renegociar contratos e investir em tecnologia fiscal que permita acompanhar essa transi\u00e7\u00e3o at\u00e9 2033. Empresas que fizerem isso sair\u00e3o fortalecidas, enquanto as que demorarem podem ver sua competitividade corro\u00edda por margens cada vez menores.<\/p>\n\n\n\n<h2 class=\"wp-block-heading\">Como se preparar para o novo modelo tribut\u00e1rio com a Avalara<\/h2>\n\n\n\n<p>Para o setor de tecnologia, a Reforma Tribut\u00e1ria n\u00e3o representa apenas um aumento na carga tribut\u00e1ria, mas sim uma transforma\u00e7\u00e3o na forma como o neg\u00f3cio se relaciona com o Fisco, com os clientes e com seus pr\u00f3prios processos internos. Empresas que hoje prestam servi\u00e7os a outras empresas (B2B) precisam avaliar com cuidado os impactos da gera\u00e7\u00e3o de cr\u00e9ditos, enquanto aquelas focadas no consumidor final (B2C) podem manter modelos mais simples com menor impacto fiscal.<\/p>\n\n\n\n<p>A Avalara oferece um portf\u00f3lio completo de solu\u00e7\u00f5es para ajudar sua empresa a enfrentar essa transi\u00e7\u00e3o com seguran\u00e7a e efici\u00eancia. Desde o c\u00e1lculo automatizado de tributos com o AvaTax Brasil, passando pela Mensageria DFe integrada ao novo modelo do IVA, at\u00e9 a centraliza\u00e7\u00e3o das obriga\u00e7\u00f5es com o Tax Compliance e o controle operacional com o Tax Central, nossas tecnologias permitem que sua empresa mantenha conformidade e reduza riscos em todas as etapas do processo.<\/p>\n\n\n\n<p>Al\u00e9m disso, o nosso servi\u00e7o de BPO Fiscal atua como uma extens\u00e3o da sua \u00e1rea tribut\u00e1ria, oferecendo suporte estrat\u00e9gico e operacional cont\u00ednuo para lidar com as exig\u00eancias do novo sistema.&nbsp;<\/p>\n\n\n\n<p>Quer garantir que sua empresa esteja preparada para o novo modelo tribut\u00e1rio desde j\u00e1?<\/p>\n\n\n\n<p>Fale com a Avalara e conte com quem entende de tecnologia, inova\u00e7\u00e3o e compliance fiscal.<\/p>\n\n\n\n<style>\n  .custom-button {\n    font-family: \"Source Sans 3\", sans-serif;\n    background-color: #Fa6400;\n    color: #FFFFFF;\n    border: none;\n    border-radius: 20px;\n    padding: 12px;\n    font-size: 14px;\n    font-weight: bold;\n    text-align: center;\n    letter-spacing: normal;\n    display: block;\n    text-decoration: none;\n    width: fit-content;\n    margin: 0 auto;\n  }\n  .custom-button:hover {\n    background-color: #Fa6400;\n  }\n  .button-container {\n    text-align: center;\n  }\n<\/style>\n<div class=\"button-container\">\n  <a href=\"https:\/\/www.avalara.com\/br\/pt\/index.html\/?ref=avl-reforma-tributaria\" class=\"custom-button\">\n    \u3164Saiba mais\u3164\n  <\/a>\n<\/div>\n","protected":false},"excerpt":{"rendered":"<p>IBS e CBS no setor de tecnologia s\u00e3o os novos protagonistas da Reforma Tribut\u00e1ria. J\u00e1 estamos nos \u00faltimos meses de 2025, e a Reforma Tribut\u00e1ria, [&hellip;]<\/p>\n","protected":false},"author":3,"featured_media":15227,"comment_status":"open","ping_status":"open","sticky":false,"template":"","format":"standard","meta":{"footnotes":""},"categories":[3],"tags":[],"class_list":["post-15226","post","type-post","status-publish","format-standard","has-post-thumbnail","hentry","category-reforma-tributaria"],"yoast_head":"<!-- This site is optimized with the Yoast SEO plugin v27.0 - https:\/\/yoast.com\/product\/yoast-seo-wordpress\/ -->\n<title>IBS e CBS no setor de tecnologia: impactos para empresas SaaS<\/title>\n<meta name=\"description\" content=\"IBS e CBS no setor de tecnologia: entenda os efeitos da Reforma Tribut\u00e1ria em SaaS, cr\u00e9ditos fiscais e estrat\u00e9gias de gest\u00e3o.\" \/>\n<meta name=\"robots\" content=\"index, follow, max-snippet:-1, max-image-preview:large, max-video-preview:-1\" \/>\n<link rel=\"canonical\" href=\"https:\/\/site.avalarabrasil.com.br\/reforma-tributaria\/ibs-cbs-setor-tecnologia-saas\/\" \/>\n<meta property=\"og:locale\" content=\"pt_BR\" \/>\n<meta property=\"og:type\" content=\"article\" \/>\n<meta property=\"og:title\" content=\"IBS e CBS no setor de tecnologia: impactos para empresas SaaS\" \/>\n<meta property=\"og:description\" content=\"IBS e CBS no setor de tecnologia: entenda os efeitos da Reforma Tribut\u00e1ria em SaaS, cr\u00e9ditos fiscais e estrat\u00e9gias de gest\u00e3o.\" \/>\n<meta property=\"og:url\" content=\"https:\/\/site.avalarabrasil.com.br\/reforma-tributaria\/ibs-cbs-setor-tecnologia-saas\/\" \/>\n<meta property=\"og:site_name\" content=\"Descomplica Reforma Tribut\u00e1ria\" \/>\n<meta property=\"article:published_time\" content=\"2025-09-30T13:05:00+00:00\" \/>\n<meta property=\"og:image\" content=\"https:\/\/site.avalarabrasil.com.br\/reforma-tributaria\/wp-content\/uploads\/2025\/09\/colagem-conceito-saas-scaled-1.jpg\" \/>\n\t<meta property=\"og:image:width\" content=\"2560\" \/>\n\t<meta property=\"og:image:height\" content=\"1707\" \/>\n\t<meta property=\"og:image:type\" content=\"image\/jpeg\" \/>\n<meta name=\"author\" content=\"Marianna Moreno\" \/>\n<meta name=\"twitter:card\" content=\"summary_large_image\" \/>\n<meta name=\"twitter:label1\" content=\"Escrito por\" \/>\n\t<meta name=\"twitter:data1\" content=\"Marianna Moreno\" \/>\n\t<meta name=\"twitter:label2\" content=\"Est. tempo de leitura\" \/>\n\t<meta name=\"twitter:data2\" content=\"7 minutos\" \/>\n<script type=\"application\/ld+json\" class=\"yoast-schema-graph\">{\"@context\":\"https:\/\/schema.org\",\"@graph\":[{\"@type\":\"Article\",\"@id\":\"https:\/\/site.avalarabrasil.com.br\/reforma-tributaria\/ibs-cbs-setor-tecnologia-saas\/#article\",\"isPartOf\":{\"@id\":\"https:\/\/site.avalarabrasil.com.br\/reforma-tributaria\/ibs-cbs-setor-tecnologia-saas\/\"},\"author\":{\"name\":\"Marianna Moreno\",\"@id\":\"https:\/\/site.avalarabrasil.com.br\/reforma-tributaria\/#\/schema\/person\/bd8270bd11b337a8420d96641bfd1dc7\"},\"headline\":\"IBS e CBS no setor de tecnologia: impactos para empresas SaaS e modelo de receita\",\"datePublished\":\"2025-09-30T13:05:00+00:00\",\"mainEntityOfPage\":{\"@id\":\"https:\/\/site.avalarabrasil.com.br\/reforma-tributaria\/ibs-cbs-setor-tecnologia-saas\/\"},\"wordCount\":1288,\"commentCount\":0,\"publisher\":{\"@id\":\"https:\/\/site.avalarabrasil.com.br\/reforma-tributaria\/#organization\"},\"image\":{\"@id\":\"https:\/\/site.avalarabrasil.com.br\/reforma-tributaria\/ibs-cbs-setor-tecnologia-saas\/#primaryimage\"},\"thumbnailUrl\":\"https:\/\/site.avalarabrasil.com.br\/reforma-tributaria\/wp-content\/uploads\/2025\/09\/colagem-conceito-saas-scaled-1.jpg\",\"articleSection\":[\"Reforma Tribut\u00e1ria\"],\"inLanguage\":\"pt-BR\",\"potentialAction\":[{\"@type\":\"CommentAction\",\"name\":\"Comment\",\"target\":[\"https:\/\/site.avalarabrasil.com.br\/reforma-tributaria\/ibs-cbs-setor-tecnologia-saas\/#respond\"]}]},{\"@type\":\"WebPage\",\"@id\":\"https:\/\/site.avalarabrasil.com.br\/reforma-tributaria\/ibs-cbs-setor-tecnologia-saas\/\",\"url\":\"https:\/\/site.avalarabrasil.com.br\/reforma-tributaria\/ibs-cbs-setor-tecnologia-saas\/\",\"name\":\"IBS e CBS no setor de tecnologia: impactos para empresas SaaS\",\"isPartOf\":{\"@id\":\"https:\/\/site.avalarabrasil.com.br\/reforma-tributaria\/#website\"},\"primaryImageOfPage\":{\"@id\":\"https:\/\/site.avalarabrasil.com.br\/reforma-tributaria\/ibs-cbs-setor-tecnologia-saas\/#primaryimage\"},\"image\":{\"@id\":\"https:\/\/site.avalarabrasil.com.br\/reforma-tributaria\/ibs-cbs-setor-tecnologia-saas\/#primaryimage\"},\"thumbnailUrl\":\"https:\/\/site.avalarabrasil.com.br\/reforma-tributaria\/wp-content\/uploads\/2025\/09\/colagem-conceito-saas-scaled-1.jpg\",\"datePublished\":\"2025-09-30T13:05:00+00:00\",\"description\":\"IBS e CBS no setor de tecnologia: entenda os efeitos da Reforma Tribut\u00e1ria em SaaS, cr\u00e9ditos fiscais e estrat\u00e9gias de gest\u00e3o.\",\"breadcrumb\":{\"@id\":\"https:\/\/site.avalarabrasil.com.br\/reforma-tributaria\/ibs-cbs-setor-tecnologia-saas\/#breadcrumb\"},\"inLanguage\":\"pt-BR\",\"potentialAction\":[{\"@type\":\"ReadAction\",\"target\":[\"https:\/\/site.avalarabrasil.com.br\/reforma-tributaria\/ibs-cbs-setor-tecnologia-saas\/\"]}]},{\"@type\":\"ImageObject\",\"inLanguage\":\"pt-BR\",\"@id\":\"https:\/\/site.avalarabrasil.com.br\/reforma-tributaria\/ibs-cbs-setor-tecnologia-saas\/#primaryimage\",\"url\":\"https:\/\/site.avalarabrasil.com.br\/reforma-tributaria\/wp-content\/uploads\/2025\/09\/colagem-conceito-saas-scaled-1.jpg\",\"contentUrl\":\"https:\/\/site.avalarabrasil.com.br\/reforma-tributaria\/wp-content\/uploads\/2025\/09\/colagem-conceito-saas-scaled-1.jpg\",\"width\":2560,\"height\":1707,\"caption\":\"IBS e CBS no setor de tecnologia\"},{\"@type\":\"BreadcrumbList\",\"@id\":\"https:\/\/site.avalarabrasil.com.br\/reforma-tributaria\/ibs-cbs-setor-tecnologia-saas\/#breadcrumb\",\"itemListElement\":[{\"@type\":\"ListItem\",\"position\":1,\"name\":\"In\u00edcio\",\"item\":\"https:\/\/site.avalarabrasil.com.br\/reforma-tributaria\/\"},{\"@type\":\"ListItem\",\"position\":2,\"name\":\"IBS e CBS no setor de tecnologia: impactos para empresas SaaS e modelo de receita\"}]},{\"@type\":\"WebSite\",\"@id\":\"https:\/\/site.avalarabrasil.com.br\/reforma-tributaria\/#website\",\"url\":\"https:\/\/site.avalarabrasil.com.br\/reforma-tributaria\/\",\"name\":\"Descomplica Reforma Tribut\u00e1ria\",\"description\":\"Entenda o impacto da Reforma Tribut\u00e1ria no seu neg\u00f3cio. No Descomplica Reforma Tribut\u00e1ria, voc\u00ea encontra not\u00edcias, legisla\u00e7\u00e3o e orienta\u00e7\u00f5es pr\u00e1ticas para empresas.\",\"publisher\":{\"@id\":\"https:\/\/site.avalarabrasil.com.br\/reforma-tributaria\/#organization\"},\"alternateName\":\"Reforma Tribut\u00e1ria Avalara\",\"potentialAction\":[{\"@type\":\"SearchAction\",\"target\":{\"@type\":\"EntryPoint\",\"urlTemplate\":\"https:\/\/site.avalarabrasil.com.br\/reforma-tributaria\/?s={search_term_string}\"},\"query-input\":{\"@type\":\"PropertyValueSpecification\",\"valueRequired\":true,\"valueName\":\"search_term_string\"}}],\"inLanguage\":\"pt-BR\"},{\"@type\":\"Organization\",\"@id\":\"https:\/\/site.avalarabrasil.com.br\/reforma-tributaria\/#organization\",\"name\":\"Descomplica Reforma Tribut\u00e1ria\",\"url\":\"https:\/\/site.avalarabrasil.com.br\/reforma-tributaria\/\",\"logo\":{\"@type\":\"ImageObject\",\"inLanguage\":\"pt-BR\",\"@id\":\"https:\/\/site.avalarabrasil.com.br\/reforma-tributaria\/#\/schema\/logo\/image\/\",\"url\":\"https:\/\/site.avalarabrasil.com.br\/reforma-tributaria\/wp-content\/uploads\/2025\/11\/avalara.png\",\"contentUrl\":\"https:\/\/site.avalarabrasil.com.br\/reforma-tributaria\/wp-content\/uploads\/2025\/11\/avalara.png\",\"width\":1200,\"height\":675,\"caption\":\"Descomplica Reforma Tribut\u00e1ria\"},\"image\":{\"@id\":\"https:\/\/site.avalarabrasil.com.br\/reforma-tributaria\/#\/schema\/logo\/image\/\"}},{\"@type\":\"Person\",\"@id\":\"https:\/\/site.avalarabrasil.com.br\/reforma-tributaria\/#\/schema\/person\/bd8270bd11b337a8420d96641bfd1dc7\",\"name\":\"Marianna Moreno\",\"image\":{\"@type\":\"ImageObject\",\"inLanguage\":\"pt-BR\",\"@id\":\"https:\/\/site.avalarabrasil.com.br\/reforma-tributaria\/#\/schema\/person\/image\/\",\"url\":\"https:\/\/site.avalarabrasil.com.br\/reforma-tributaria\/wp-content\/litespeed\/avatar\/72c8d539496a030c90c8f6dceaf836cc.jpg?ver=1777396390\",\"contentUrl\":\"https:\/\/site.avalarabrasil.com.br\/reforma-tributaria\/wp-content\/litespeed\/avatar\/72c8d539496a030c90c8f6dceaf836cc.jpg?ver=1777396390\",\"caption\":\"Marianna Moreno\"},\"url\":\"https:\/\/site.avalarabrasil.com.br\/reforma-tributaria\/author\/marianna-moreno\/\"}]}<\/script>\n<!-- \/ Yoast SEO plugin. -->","yoast_head_json":{"title":"IBS e CBS no setor de tecnologia: impactos para empresas SaaS","description":"IBS e CBS no setor de tecnologia: entenda os efeitos da Reforma Tribut\u00e1ria em SaaS, cr\u00e9ditos fiscais e estrat\u00e9gias de gest\u00e3o.","robots":{"index":"index","follow":"follow","max-snippet":"max-snippet:-1","max-image-preview":"max-image-preview:large","max-video-preview":"max-video-preview:-1"},"canonical":"https:\/\/site.avalarabrasil.com.br\/reforma-tributaria\/ibs-cbs-setor-tecnologia-saas\/","og_locale":"pt_BR","og_type":"article","og_title":"IBS e CBS no setor de tecnologia: impactos para empresas SaaS","og_description":"IBS e CBS no setor de tecnologia: entenda os efeitos da Reforma Tribut\u00e1ria em SaaS, cr\u00e9ditos fiscais e estrat\u00e9gias de gest\u00e3o.","og_url":"https:\/\/site.avalarabrasil.com.br\/reforma-tributaria\/ibs-cbs-setor-tecnologia-saas\/","og_site_name":"Descomplica Reforma Tribut\u00e1ria","article_published_time":"2025-09-30T13:05:00+00:00","og_image":[{"width":2560,"height":1707,"url":"https:\/\/site.avalarabrasil.com.br\/reforma-tributaria\/wp-content\/uploads\/2025\/09\/colagem-conceito-saas-scaled-1.jpg","type":"image\/jpeg"}],"author":"Marianna Moreno","twitter_card":"summary_large_image","twitter_misc":{"Escrito por":"Marianna Moreno","Est. tempo de leitura":"7 minutos"},"schema":{"@context":"https:\/\/schema.org","@graph":[{"@type":"Article","@id":"https:\/\/site.avalarabrasil.com.br\/reforma-tributaria\/ibs-cbs-setor-tecnologia-saas\/#article","isPartOf":{"@id":"https:\/\/site.avalarabrasil.com.br\/reforma-tributaria\/ibs-cbs-setor-tecnologia-saas\/"},"author":{"name":"Marianna Moreno","@id":"https:\/\/site.avalarabrasil.com.br\/reforma-tributaria\/#\/schema\/person\/bd8270bd11b337a8420d96641bfd1dc7"},"headline":"IBS e CBS no setor de tecnologia: impactos para empresas SaaS e modelo de receita","datePublished":"2025-09-30T13:05:00+00:00","mainEntityOfPage":{"@id":"https:\/\/site.avalarabrasil.com.br\/reforma-tributaria\/ibs-cbs-setor-tecnologia-saas\/"},"wordCount":1288,"commentCount":0,"publisher":{"@id":"https:\/\/site.avalarabrasil.com.br\/reforma-tributaria\/#organization"},"image":{"@id":"https:\/\/site.avalarabrasil.com.br\/reforma-tributaria\/ibs-cbs-setor-tecnologia-saas\/#primaryimage"},"thumbnailUrl":"https:\/\/site.avalarabrasil.com.br\/reforma-tributaria\/wp-content\/uploads\/2025\/09\/colagem-conceito-saas-scaled-1.jpg","articleSection":["Reforma Tribut\u00e1ria"],"inLanguage":"pt-BR","potentialAction":[{"@type":"CommentAction","name":"Comment","target":["https:\/\/site.avalarabrasil.com.br\/reforma-tributaria\/ibs-cbs-setor-tecnologia-saas\/#respond"]}]},{"@type":"WebPage","@id":"https:\/\/site.avalarabrasil.com.br\/reforma-tributaria\/ibs-cbs-setor-tecnologia-saas\/","url":"https:\/\/site.avalarabrasil.com.br\/reforma-tributaria\/ibs-cbs-setor-tecnologia-saas\/","name":"IBS e CBS no setor de tecnologia: impactos para empresas SaaS","isPartOf":{"@id":"https:\/\/site.avalarabrasil.com.br\/reforma-tributaria\/#website"},"primaryImageOfPage":{"@id":"https:\/\/site.avalarabrasil.com.br\/reforma-tributaria\/ibs-cbs-setor-tecnologia-saas\/#primaryimage"},"image":{"@id":"https:\/\/site.avalarabrasil.com.br\/reforma-tributaria\/ibs-cbs-setor-tecnologia-saas\/#primaryimage"},"thumbnailUrl":"https:\/\/site.avalarabrasil.com.br\/reforma-tributaria\/wp-content\/uploads\/2025\/09\/colagem-conceito-saas-scaled-1.jpg","datePublished":"2025-09-30T13:05:00+00:00","description":"IBS e CBS no setor de tecnologia: entenda os efeitos da Reforma Tribut\u00e1ria em SaaS, cr\u00e9ditos fiscais e estrat\u00e9gias de gest\u00e3o.","breadcrumb":{"@id":"https:\/\/site.avalarabrasil.com.br\/reforma-tributaria\/ibs-cbs-setor-tecnologia-saas\/#breadcrumb"},"inLanguage":"pt-BR","potentialAction":[{"@type":"ReadAction","target":["https:\/\/site.avalarabrasil.com.br\/reforma-tributaria\/ibs-cbs-setor-tecnologia-saas\/"]}]},{"@type":"ImageObject","inLanguage":"pt-BR","@id":"https:\/\/site.avalarabrasil.com.br\/reforma-tributaria\/ibs-cbs-setor-tecnologia-saas\/#primaryimage","url":"https:\/\/site.avalarabrasil.com.br\/reforma-tributaria\/wp-content\/uploads\/2025\/09\/colagem-conceito-saas-scaled-1.jpg","contentUrl":"https:\/\/site.avalarabrasil.com.br\/reforma-tributaria\/wp-content\/uploads\/2025\/09\/colagem-conceito-saas-scaled-1.jpg","width":2560,"height":1707,"caption":"IBS e CBS no setor de tecnologia"},{"@type":"BreadcrumbList","@id":"https:\/\/site.avalarabrasil.com.br\/reforma-tributaria\/ibs-cbs-setor-tecnologia-saas\/#breadcrumb","itemListElement":[{"@type":"ListItem","position":1,"name":"In\u00edcio","item":"https:\/\/site.avalarabrasil.com.br\/reforma-tributaria\/"},{"@type":"ListItem","position":2,"name":"IBS e CBS no setor de tecnologia: impactos para empresas SaaS e modelo de receita"}]},{"@type":"WebSite","@id":"https:\/\/site.avalarabrasil.com.br\/reforma-tributaria\/#website","url":"https:\/\/site.avalarabrasil.com.br\/reforma-tributaria\/","name":"Descomplica Reforma Tribut\u00e1ria","description":"Entenda o impacto da Reforma Tribut\u00e1ria no seu neg\u00f3cio. No Descomplica Reforma Tribut\u00e1ria, voc\u00ea encontra not\u00edcias, legisla\u00e7\u00e3o e orienta\u00e7\u00f5es pr\u00e1ticas para empresas.","publisher":{"@id":"https:\/\/site.avalarabrasil.com.br\/reforma-tributaria\/#organization"},"alternateName":"Reforma Tribut\u00e1ria Avalara","potentialAction":[{"@type":"SearchAction","target":{"@type":"EntryPoint","urlTemplate":"https:\/\/site.avalarabrasil.com.br\/reforma-tributaria\/?s={search_term_string}"},"query-input":{"@type":"PropertyValueSpecification","valueRequired":true,"valueName":"search_term_string"}}],"inLanguage":"pt-BR"},{"@type":"Organization","@id":"https:\/\/site.avalarabrasil.com.br\/reforma-tributaria\/#organization","name":"Descomplica Reforma Tribut\u00e1ria","url":"https:\/\/site.avalarabrasil.com.br\/reforma-tributaria\/","logo":{"@type":"ImageObject","inLanguage":"pt-BR","@id":"https:\/\/site.avalarabrasil.com.br\/reforma-tributaria\/#\/schema\/logo\/image\/","url":"https:\/\/site.avalarabrasil.com.br\/reforma-tributaria\/wp-content\/uploads\/2025\/11\/avalara.png","contentUrl":"https:\/\/site.avalarabrasil.com.br\/reforma-tributaria\/wp-content\/uploads\/2025\/11\/avalara.png","width":1200,"height":675,"caption":"Descomplica Reforma Tribut\u00e1ria"},"image":{"@id":"https:\/\/site.avalarabrasil.com.br\/reforma-tributaria\/#\/schema\/logo\/image\/"}},{"@type":"Person","@id":"https:\/\/site.avalarabrasil.com.br\/reforma-tributaria\/#\/schema\/person\/bd8270bd11b337a8420d96641bfd1dc7","name":"Marianna Moreno","image":{"@type":"ImageObject","inLanguage":"pt-BR","@id":"https:\/\/site.avalarabrasil.com.br\/reforma-tributaria\/#\/schema\/person\/image\/","url":"https:\/\/site.avalarabrasil.com.br\/reforma-tributaria\/wp-content\/litespeed\/avatar\/72c8d539496a030c90c8f6dceaf836cc.jpg?ver=1777396390","contentUrl":"https:\/\/site.avalarabrasil.com.br\/reforma-tributaria\/wp-content\/litespeed\/avatar\/72c8d539496a030c90c8f6dceaf836cc.jpg?ver=1777396390","caption":"Marianna Moreno"},"url":"https:\/\/site.avalarabrasil.com.br\/reforma-tributaria\/author\/marianna-moreno\/"}]}},"_links":{"self":[{"href":"https:\/\/site.avalarabrasil.com.br\/reforma-tributaria\/wp-json\/wp\/v2\/posts\/15226","targetHints":{"allow":["GET"]}}],"collection":[{"href":"https:\/\/site.avalarabrasil.com.br\/reforma-tributaria\/wp-json\/wp\/v2\/posts"}],"about":[{"href":"https:\/\/site.avalarabrasil.com.br\/reforma-tributaria\/wp-json\/wp\/v2\/types\/post"}],"author":[{"embeddable":true,"href":"https:\/\/site.avalarabrasil.com.br\/reforma-tributaria\/wp-json\/wp\/v2\/users\/3"}],"replies":[{"embeddable":true,"href":"https:\/\/site.avalarabrasil.com.br\/reforma-tributaria\/wp-json\/wp\/v2\/comments?post=15226"}],"version-history":[{"count":0,"href":"https:\/\/site.avalarabrasil.com.br\/reforma-tributaria\/wp-json\/wp\/v2\/posts\/15226\/revisions"}],"wp:featuredmedia":[{"embeddable":true,"href":"https:\/\/site.avalarabrasil.com.br\/reforma-tributaria\/wp-json\/wp\/v2\/media\/15227"}],"wp:attachment":[{"href":"https:\/\/site.avalarabrasil.com.br\/reforma-tributaria\/wp-json\/wp\/v2\/media?parent=15226"}],"wp:term":[{"taxonomy":"category","embeddable":true,"href":"https:\/\/site.avalarabrasil.com.br\/reforma-tributaria\/wp-json\/wp\/v2\/categories?post=15226"},{"taxonomy":"post_tag","embeddable":true,"href":"https:\/\/site.avalarabrasil.com.br\/reforma-tributaria\/wp-json\/wp\/v2\/tags?post=15226"}],"curies":[{"name":"wp","href":"https:\/\/api.w.org\/{rel}","templated":true}]}}