{"id":15500,"date":"2025-11-17T10:28:39","date_gmt":"2025-11-17T13:28:39","guid":{"rendered":"https:\/\/site.avalarabrasil.com.br\/reforma-tributaria\/?p=15500"},"modified":"2025-11-11T10:29:29","modified_gmt":"2025-11-11T13:29:29","slug":"reforma-tributaria-na-pratica-preparacao-ate-2026","status":"publish","type":"post","link":"https:\/\/site.avalarabrasil.com.br\/reforma-tributaria\/reforma-tributaria-na-pratica-preparacao-ate-2026\/","title":{"rendered":"Reforma Tribut\u00e1ria na pr\u00e1tica: como preparar sua empresa at\u00e9 janeiro de 2026"},"content":{"rendered":"\n<p>A fase de testes da Reforma Tribut\u00e1ria j\u00e1 est\u00e1 em andamento e o in\u00edcio da obrigatoriedade de informar os novos campos nos documentos fiscais ocorre em 1\u00ba de janeiro de 2026.&nbsp;<\/p>\n\n\n\n<p>As empresas que ainda n\u00e3o revisaram cadastros, mapeamentos e integra\u00e7\u00f5es precisam acelerar o processo de adequa\u00e7\u00e3o para chegar prontas \u00e0 virada.<\/p>\n\n\n\n<p>Este artigo re\u00fane as principais mudan\u00e7as implementadas pelo Fisco ao longo de 2025, explica como elas afetam a opera\u00e7\u00e3o e indica as prioridades para os pr\u00f3ximos meses.<\/p>\n\n\n\n<h2 class=\"wp-block-heading\">O que mudou no Fisco em 2025?<\/h2>\n\n\n\n<p>O ano de 2025 consolidou uma nova etapa na transforma\u00e7\u00e3o dos documentos fiscais eletr\u00f4nicos, com atualiza\u00e7\u00f5es sucessivas em praticamente todos os modelos. NFe, NFCe, NFSe, CTe, bilhetes de passagem eletr\u00f4nicos e notas setoriais de energia e \u00e1gua receberam grupos e campos espec\u00edficos para suportar o IBS e a CBS.<\/p>\n\n\n\n<p>Essas atualiza\u00e7\u00f5es envolveram a cria\u00e7\u00e3o e exclus\u00e3o de tags, ajustes de estrutura e a inclus\u00e3o de c\u00f3digos que permitem ao sistema calcular os tributos de forma automatizada.&nbsp;<\/p>\n\n\n\n<p>A administra\u00e7\u00e3o tribut\u00e1ria passou a consolidar o c\u00e1lculo dentro da pr\u00f3pria nota fiscal, reduzindo interpreta\u00e7\u00f5es divergentes, ampliando a rastreabilidade e aproximando o conte\u00fado da nota do resultado final da apura\u00e7\u00e3o, que ser\u00e1 gradualmente unificado pelos \u00f3rg\u00e3os arrecadadores.<\/p>\n\n\n\n<p>O<a href=\"https:\/\/site.avalarabrasil.com.br\/reforma-tributaria\/imposto-seletivo\/\"> Imposto Seletivo <\/a>tamb\u00e9m j\u00e1 aparece nos layouts, mas sua aplica\u00e7\u00e3o pr\u00e1tica ocorrer\u00e1 em um segundo momento, ap\u00f3s 2026. O foco do Fisco, neste est\u00e1gio, \u00e9 garantir que o circuito informacional seja fechado e que o c\u00e1lculo dos tributos reflita a legisla\u00e7\u00e3o desde a origem do dado.<\/p>\n\n\n\n<h2 class=\"wp-block-heading\">Quais s\u00e3o os impactos imediatos para as empresas?&nbsp;<\/h2>\n\n\n\n<p>A Reforma Tribut\u00e1ria amplia a complexidade das opera\u00e7\u00f5es e exige uma revis\u00e3o estrutural dos processos empresariais.&nbsp;<\/p>\n\n\n\n<p>Novos <a href=\"https:\/\/site.avalarabrasil.com.br\/reforma-tributaria\/fato-gerador-ibs-cbs-reforma-tributaria\/\">fatos geradores <\/a>e m\u00e9todos de c\u00e1lculo demandam reclassifica\u00e7\u00e3o de opera\u00e7\u00f5es, atualiza\u00e7\u00e3o de contratos de longo prazo e ajustes log\u00edsticos, j\u00e1 que a tributa\u00e7\u00e3o passa a considerar o destino das mercadorias e servi\u00e7os com maior relev\u00e2ncia.<\/p>\n\n\n\n<p>O impacto atinge diversas \u00e1reas e requer integra\u00e7\u00e3o entre fiscal, TI, compras, vendas, pricing, log\u00edstica e jur\u00eddico, promovendo consist\u00eancia nos dados e conformidade em todas as etapas. A prepara\u00e7\u00e3o deve envolver pessoas capacitadas, processos revisados e tecnologia que assegure governan\u00e7a e rastreabilidade.<\/p>\n\n\n\n<p>O modelo tribut\u00e1rio deixa de ser um ajuste pontual de al\u00edquotas e passa a representar um redesenho conceitual da apura\u00e7\u00e3o. As empresas precisam mapear opera\u00e7\u00f5es que antes n\u00e3o eram monitoradas, revisar classifica\u00e7\u00f5es e garantir que seus sistemas consigam refletir a nova l\u00f3gica de c\u00e1lculo.<\/p>\n\n\n\n<p>Durante o per\u00edodo de transi\u00e7\u00e3o at\u00e9 2032, ser\u00e1 necess\u00e1rio conviver com o sistema atual e o novo modelo do <a href=\"https:\/\/site.avalarabrasil.com.br\/reforma-tributaria\/iva-no-brasil-como-funciona\/\">IVA dual,<\/a> o que refor\u00e7a a import\u00e2ncia de planejar, testar e revisar continuamente.&nbsp;<\/p>\n\n\n\n<p>Al\u00e9m disso, as atualiza\u00e7\u00f5es frequentes de notas t\u00e9cnicas exigem aten\u00e7\u00e3o constante, mas tamb\u00e9m proporcionam aprendizado operacional. Manter uma rotina de homologa\u00e7\u00f5es e ajustes, com apoio das \u00e1reas t\u00e9cnicas e fiscais, reduz riscos e garante uma transi\u00e7\u00e3o mais previs\u00edvel e controlada.<\/p>\n\n\n\n<h2 class=\"wp-block-heading\">Fase de testes e obrigatoriedade a partir de 2026<\/h2>\n\n\n\n<p>Os ambientes de teste para documentos eletr\u00f4nicos j\u00e1 est\u00e3o dispon\u00edveis e a homologa\u00e7\u00e3o avan\u00e7a com a participa\u00e7\u00e3o de empresas e provedores.&nbsp;<\/p>\n\n\n\n<p>O <a href=\"https:\/\/site.avalarabrasil.com.br\/reforma-tributaria\/projeto-piloto-da-receita-federal-sistema-reforma-tributaria\/\">grupo piloto conduzido pela Receita Federal<\/a> testa as integra\u00e7\u00f5es, mas a obrigatoriedade de informar os novos campos vale para todas as empresas a partir de janeiro de 2026.<\/p>\n\n\n\n<p>Mesmo quem n\u00e3o participa do piloto precisa avan\u00e7ar, pois as valida\u00e7\u00f5es ser\u00e3o escalonadas, mas a exig\u00eancia de preenchimento permanece. Os ajustes nos layouts continuam frequentes, o que refor\u00e7a a necessidade de acompanhar as notas t\u00e9cnicas e manter um ciclo \u00e1gil de corre\u00e7\u00f5es.<\/p>\n\n\n\n<p>A partir de 1\u00ba de janeiro de 2026, os documentos fiscais devem trazer, de forma coerente, as informa\u00e7\u00f5es de CBS e IBS, com al\u00edquotas, CST, c\u00f3digos e fundamenta\u00e7\u00f5es legais.&nbsp;<\/p>\n\n\n\n<p>Enviar campos \u201cem branco\u201d quando h\u00e1 incid\u00eancia tribut\u00e1ria contraria a legisla\u00e7\u00e3o, por isso, o momento ideal para mapear, parametrizar e validar os cen\u00e1rios cr\u00edticos \u00e9 agora.<\/p>\n\n\n\n<h2 class=\"wp-block-heading\">Penalidades e novas unidades de refer\u00eancia: aten\u00e7\u00e3o ao cadastro<\/h2>\n\n\n\n<p>As penalidades ganham relev\u00e2ncia \u00e0 medida que a qualidade das informa\u00e7\u00f5es se torna determinante para a conformidade fiscal.&nbsp;<\/p>\n\n\n\n<p>A legisla\u00e7\u00e3o recente refor\u00e7a que descri\u00e7\u00f5es completas e precisas de produtos e servi\u00e7os podem reduzir multas em casos de diverg\u00eancia, colocando o cadastro como elemento central do controle tribut\u00e1rio.&nbsp;<\/p>\n\n\n\n<p>Manter dados consistentes deixa de ser uma boa pr\u00e1tica e passa a ser requisito essencial para evitar autua\u00e7\u00f5es.<\/p>\n\n\n\n<p>As regras de multa por tributo n\u00e3o declarado ou recolhido continuam em vigor e agora incluem grada\u00e7\u00f5es espec\u00edficas para situa\u00e7\u00f5es de fraude ou reincid\u00eancia.&nbsp;<\/p>\n\n\n\n<p>A precis\u00e3o do conte\u00fado informado na nota fiscal tem o mesmo peso do c\u00e1lculo, exigindo coer\u00eancia entre a descri\u00e7\u00e3o do produto, o contrato e a execu\u00e7\u00e3o do servi\u00e7o. Diverg\u00eancias entre essas informa\u00e7\u00f5es aumentam o risco de penalidades e comprometem a integridade da apura\u00e7\u00e3o.<\/p>\n\n\n\n<p>A cria\u00e7\u00e3o de uma unidade padr\u00e3o fiscal (UPF) para c\u00e1lculo de multas torna o processo mais previs\u00edvel e transparente.&nbsp;<\/p>\n\n\n\n<p>O domic\u00edlio fiscal tamb\u00e9m assume papel estrat\u00e9gico, j\u00e1 que a tributa\u00e7\u00e3o por destino depende de cadastros atualizados e alinhados com a opera\u00e7\u00e3o. Endere\u00e7os incorretos, estabelecimentos encerrados sem baixa e informa\u00e7\u00f5es desatualizadas passam a ser tratados como irregularidades, refor\u00e7ando a import\u00e2ncia de uma base cadastral revisada e confi\u00e1vel.<\/p>\n\n\n\n<h2 class=\"wp-block-heading\">Tecnologia em primeiro plano: ERPs, marketplaces e meios de pagamento<\/h2>\n\n\n\n<p>Sem tecnologia aderente, a Reforma n\u00e3o se sustenta na pr\u00e1tica. O encadeamento de campos requer parametriza\u00e7\u00f5es que garantam coer\u00eancia entre <a href=\"https:\/\/site.avalarabrasil.com.br\/reforma-tributaria\/o-que-e-cclasstrib\/\">cClassTrib<\/a>, NCM, CST, benef\u00edcios e regras por destino, exigindo que as equipes de TI traduzam o manual de DFe para o dicion\u00e1rio de dados do ERP e dos sistemas legados, com rotinas de valida\u00e7\u00e3o e integra\u00e7\u00e3o bem estruturadas.<\/p>\n\n\n\n<p>A partir de 2027, o modelo de <a href=\"https:\/\/site.avalarabrasil.com.br\/reforma-tributaria\/split-payment-reforma-tributaria\/\">split payment<\/a> trar\u00e1 uma mudan\u00e7a significativa na apura\u00e7\u00e3o, invertendo o fluxo tradicional. O imposto ser\u00e1 retido no momento do pagamento e a administra\u00e7\u00e3o tribut\u00e1ria passar\u00e1 a realizar a pr\u00e9-apura\u00e7\u00e3o, que ser\u00e1 apenas validada pelo contribuinte.&nbsp;<\/p>\n\n\n\n<p>Essa transforma\u00e7\u00e3o refor\u00e7a a import\u00e2ncia de notas fiscais corretas desde a origem, j\u00e1 que os ajustes dever\u00e3o ser feitos por meio de eventos espec\u00edficos ou documentos complementares, como notas de cr\u00e9dito e d\u00e9bito.<\/p>\n\n\n\n<h2 class=\"wp-block-heading\">A nota fiscal ganha protagonismo: da apura\u00e7\u00e3o \u00e0 declara\u00e7\u00e3o<\/h2>\n\n\n\n<p>O centro da apura\u00e7\u00e3o passa a ser a emiss\u00e3o da nota fiscal, pois, o documento se torna declarat\u00f3rio e tem efeito direto sobre a confiss\u00e3o de d\u00edvida, o que exige rigor no preenchimento.&nbsp;<\/p>\n\n\n\n<p>Corre\u00e7\u00f5es que antes eram feitas na apura\u00e7\u00e3o agora devem ocorrer por eventos espec\u00edficos, nesse cen\u00e1rio, garantir a qualidade do dado desde a origem reduz custos de retrabalho e evita diverg\u00eancias entre a emiss\u00e3o e a apura\u00e7\u00e3o.<\/p>\n\n\n\n<p>As empresas precisam revisar processos de faturamento, recebimento e concilia\u00e7\u00e3o, assegurando que as informa\u00e7\u00f5es que entram no ERP sejam consistentes e rastre\u00e1veis. A integra\u00e7\u00e3o entre fiscal, TI, comercial e log\u00edstica se torna essencial para minimizar diferen\u00e7as entre pre\u00e7o, tributa\u00e7\u00e3o e destino.<\/p>\n\n\n\n<h2 class=\"wp-block-heading\">Qual \u00e9 o plano pr\u00e1tico para as empresas?&nbsp;<\/h2>\n\n\n\n<h3 class=\"wp-block-heading\">Governan\u00e7a e comit\u00ea interno<\/h3>\n\n\n\n<p>Crie um comit\u00ea multidisciplinar envolvendo fiscal, TI, compras, vendas, pricing, log\u00edstica e jur\u00eddico. Defina respons\u00e1veis por dados, fundamentos legais, integra\u00e7\u00f5es e testes. Registre decis\u00f5es e mantenha versionamento das regras aplicadas.<\/p>\n\n\n\n<h3 class=\"wp-block-heading\">Saneamento cadastral e dados mestres<\/h3>\n\n\n\n<p>Revise descri\u00e7\u00f5es de produtos e servi\u00e7os, atualize NCM e NBS, vincule benef\u00edcios e exce\u00e7\u00f5es e padronize unidades de medida e naturezas de opera\u00e7\u00e3o.&nbsp;<\/p>\n\n\n\n<p>Estabele\u00e7a crit\u00e9rios para o uso e manuten\u00e7\u00e3o do c\u00f3digo de classifica\u00e7\u00e3o tribut\u00e1ria (cClassTrib) e monitore atualiza\u00e7\u00f5es oficiais.<\/p>\n\n\n\n<h3 class=\"wp-block-heading\">Testes orientados a risco<\/h3>\n\n\n\n<p>Monte cen\u00e1rios completos, com foco em materialidade e complexidade, al\u00e9m disso, inclua devolu\u00e7\u00f5es, remessas, bonifica\u00e7\u00f5es, contratos longos e opera\u00e7\u00f5es interestaduais. Valide preenchimentos, regras de c\u00e1lculo e coer\u00eancia entre campos.<\/p>\n\n\n\n<h2 class=\"wp-block-heading\">Como a Avalara pode auxiliar sua empresa na transi\u00e7\u00e3o da Reforma Tribut\u00e1ria?<\/h2>\n\n\n\n<p>A Reforma Tribut\u00e1ria desloca o foco da apura\u00e7\u00e3o para a qualidade das informa\u00e7\u00f5es que comp\u00f5em cada nota fiscal, com isso, a seguran\u00e7a operacional depende de uma governan\u00e7a clara, dados estruturados e processos testados de ponta a ponta.<\/p>\n\n\n\n<p>Empresas que tratam esse per\u00edodo como um projeto cont\u00ednuo de adequa\u00e7\u00e3o reduzem riscos, ganham previsibilidade e iniciam 2026 em conformidade com as novas exig\u00eancias.<\/p>\n\n\n\n<p>Avalara apoia as empresas nesse processo com um ecossistema de solu\u00e7\u00f5es fiscais integradas. O AvaTax Brasil realiza o c\u00e1lculo automatizado de tributos com base legal sempre atualizada, enquanto a Mensageria DFe assegura a transmiss\u00e3o e o controle dos documentos fiscais eletr\u00f4nicos conforme os novos padr\u00f5es da Reforma Tribut\u00e1ria.<\/p>\n\n\n\n<p>O Tax Compliance centraliza o gerenciamento das obriga\u00e7\u00f5es acess\u00f3rias, e o Tax Central amplia a visibilidade sobre o ciclo fiscal e financeiro, facilitando o acompanhamento das apura\u00e7\u00f5es e dos recolhimentos.<\/p>\n\n\n\n<p>Al\u00e9m disso, o BPO Fiscal Avalara atua como uma extens\u00e3o da \u00e1rea tribut\u00e1ria da empresa, oferecendo suporte estrat\u00e9gico e operacional cont\u00ednuo, com equipes especializadas em legisla\u00e7\u00e3o, tecnologia e automa\u00e7\u00e3o fiscal.<\/p>\n\n\n\n<p>Quer garantir que sua empresa esteja preparada para o novo modelo tribut\u00e1rio desde j\u00e1?<\/p>\n\n\n\n<p><a href=\"https:\/\/www.avalara.com\/br\/pt\/index.html\">Fale com a Avalara e conte com quem entende de tecnologia, inova\u00e7\u00e3o e compliance fiscal.<\/a><\/p>\n","protected":false},"excerpt":{"rendered":"<p>A fase de testes da Reforma Tribut\u00e1ria j\u00e1 est\u00e1 em andamento e o in\u00edcio da obrigatoriedade de informar os novos campos nos documentos fiscais ocorre [&hellip;]<\/p>\n","protected":false},"author":2,"featured_media":15501,"comment_status":"open","ping_status":"open","sticky":false,"template":"","format":"standard","meta":{"footnotes":""},"categories":[3],"tags":[],"class_list":["post-15500","post","type-post","status-publish","format-standard","has-post-thumbnail","hentry","category-reforma-tributaria"],"yoast_head":"<!-- This site is optimized with the Yoast SEO plugin v27.0 - https:\/\/yoast.com\/product\/yoast-seo-wordpress\/ -->\n<title>Reforma Tribut\u00e1ria na pr\u00e1tica: como preparar sua empresa at\u00e9 janeiro de 2026<\/title>\n<meta name=\"description\" content=\"Veja o que mudou no Fisco em 2025 e saiba como preparar sua empresa para a obrigatoriedade da Reforma Tribut\u00e1ria em 2026.\" \/>\n<meta name=\"robots\" content=\"index, follow, max-snippet:-1, max-image-preview:large, max-video-preview:-1\" \/>\n<link rel=\"canonical\" href=\"https:\/\/site.avalarabrasil.com.br\/reforma-tributaria\/reforma-tributaria-na-pratica-preparacao-ate-2026\/\" \/>\n<meta property=\"og:locale\" content=\"pt_BR\" \/>\n<meta property=\"og:type\" content=\"article\" \/>\n<meta property=\"og:title\" content=\"Reforma Tribut\u00e1ria na pr\u00e1tica: como preparar sua empresa at\u00e9 janeiro de 2026\" \/>\n<meta property=\"og:description\" content=\"Veja o que mudou no Fisco em 2025 e saiba como preparar sua empresa para a obrigatoriedade da Reforma Tribut\u00e1ria em 2026.\" \/>\n<meta property=\"og:url\" content=\"https:\/\/site.avalarabrasil.com.br\/reforma-tributaria\/reforma-tributaria-na-pratica-preparacao-ate-2026\/\" \/>\n<meta property=\"og:site_name\" content=\"Descomplica Reforma Tribut\u00e1ria\" \/>\n<meta property=\"article:published_time\" content=\"2025-11-17T13:28:39+00:00\" \/>\n<meta property=\"og:image\" content=\"https:\/\/site.avalarabrasil.com.br\/reforma-tributaria\/wp-content\/uploads\/2025\/11\/Reforma-Tributaria-2026-scaled.jpg\" \/>\n\t<meta property=\"og:image:width\" content=\"2560\" \/>\n\t<meta property=\"og:image:height\" content=\"1709\" \/>\n\t<meta property=\"og:image:type\" content=\"image\/jpeg\" \/>\n<meta name=\"author\" content=\"Camila Nabosne\" \/>\n<meta name=\"twitter:card\" content=\"summary_large_image\" \/>\n<meta name=\"twitter:label1\" content=\"Escrito por\" \/>\n\t<meta name=\"twitter:data1\" content=\"Camila Nabosne\" \/>\n\t<meta name=\"twitter:label2\" content=\"Est. tempo de leitura\" \/>\n\t<meta name=\"twitter:data2\" content=\"9 minutos\" \/>\n<script type=\"application\/ld+json\" class=\"yoast-schema-graph\">{\"@context\":\"https:\/\/schema.org\",\"@graph\":[{\"@type\":\"Article\",\"@id\":\"https:\/\/site.avalarabrasil.com.br\/reforma-tributaria\/reforma-tributaria-na-pratica-preparacao-ate-2026\/#article\",\"isPartOf\":{\"@id\":\"https:\/\/site.avalarabrasil.com.br\/reforma-tributaria\/reforma-tributaria-na-pratica-preparacao-ate-2026\/\"},\"author\":{\"name\":\"Camila Nabosne\",\"@id\":\"https:\/\/site.avalarabrasil.com.br\/reforma-tributaria\/#\/schema\/person\/de5858a1b3c67568fd25d7180083992d\"},\"headline\":\"Reforma Tribut\u00e1ria na pr\u00e1tica: como preparar sua empresa at\u00e9 janeiro de 2026\",\"datePublished\":\"2025-11-17T13:28:39+00:00\",\"mainEntityOfPage\":{\"@id\":\"https:\/\/site.avalarabrasil.com.br\/reforma-tributaria\/reforma-tributaria-na-pratica-preparacao-ate-2026\/\"},\"wordCount\":1667,\"commentCount\":0,\"publisher\":{\"@id\":\"https:\/\/site.avalarabrasil.com.br\/reforma-tributaria\/#organization\"},\"image\":{\"@id\":\"https:\/\/site.avalarabrasil.com.br\/reforma-tributaria\/reforma-tributaria-na-pratica-preparacao-ate-2026\/#primaryimage\"},\"thumbnailUrl\":\"https:\/\/site.avalarabrasil.com.br\/reforma-tributaria\/wp-content\/uploads\/2025\/11\/Reforma-Tributaria-2026-scaled.jpg\",\"articleSection\":[\"Reforma Tribut\u00e1ria\"],\"inLanguage\":\"pt-BR\",\"potentialAction\":[{\"@type\":\"CommentAction\",\"name\":\"Comment\",\"target\":[\"https:\/\/site.avalarabrasil.com.br\/reforma-tributaria\/reforma-tributaria-na-pratica-preparacao-ate-2026\/#respond\"]}]},{\"@type\":\"WebPage\",\"@id\":\"https:\/\/site.avalarabrasil.com.br\/reforma-tributaria\/reforma-tributaria-na-pratica-preparacao-ate-2026\/\",\"url\":\"https:\/\/site.avalarabrasil.com.br\/reforma-tributaria\/reforma-tributaria-na-pratica-preparacao-ate-2026\/\",\"name\":\"Reforma Tribut\u00e1ria na pr\u00e1tica: como preparar sua empresa at\u00e9 janeiro de 2026\",\"isPartOf\":{\"@id\":\"https:\/\/site.avalarabrasil.com.br\/reforma-tributaria\/#website\"},\"primaryImageOfPage\":{\"@id\":\"https:\/\/site.avalarabrasil.com.br\/reforma-tributaria\/reforma-tributaria-na-pratica-preparacao-ate-2026\/#primaryimage\"},\"image\":{\"@id\":\"https:\/\/site.avalarabrasil.com.br\/reforma-tributaria\/reforma-tributaria-na-pratica-preparacao-ate-2026\/#primaryimage\"},\"thumbnailUrl\":\"https:\/\/site.avalarabrasil.com.br\/reforma-tributaria\/wp-content\/uploads\/2025\/11\/Reforma-Tributaria-2026-scaled.jpg\",\"datePublished\":\"2025-11-17T13:28:39+00:00\",\"description\":\"Veja o que mudou no Fisco em 2025 e saiba como preparar sua empresa para a obrigatoriedade da Reforma Tribut\u00e1ria em 2026.\",\"breadcrumb\":{\"@id\":\"https:\/\/site.avalarabrasil.com.br\/reforma-tributaria\/reforma-tributaria-na-pratica-preparacao-ate-2026\/#breadcrumb\"},\"inLanguage\":\"pt-BR\",\"potentialAction\":[{\"@type\":\"ReadAction\",\"target\":[\"https:\/\/site.avalarabrasil.com.br\/reforma-tributaria\/reforma-tributaria-na-pratica-preparacao-ate-2026\/\"]}]},{\"@type\":\"ImageObject\",\"inLanguage\":\"pt-BR\",\"@id\":\"https:\/\/site.avalarabrasil.com.br\/reforma-tributaria\/reforma-tributaria-na-pratica-preparacao-ate-2026\/#primaryimage\",\"url\":\"https:\/\/site.avalarabrasil.com.br\/reforma-tributaria\/wp-content\/uploads\/2025\/11\/Reforma-Tributaria-2026-scaled.jpg\",\"contentUrl\":\"https:\/\/site.avalarabrasil.com.br\/reforma-tributaria\/wp-content\/uploads\/2025\/11\/Reforma-Tributaria-2026-scaled.jpg\",\"width\":2560,\"height\":1709,\"caption\":\"Reforma Tribut\u00e1ria 2026\"},{\"@type\":\"BreadcrumbList\",\"@id\":\"https:\/\/site.avalarabrasil.com.br\/reforma-tributaria\/reforma-tributaria-na-pratica-preparacao-ate-2026\/#breadcrumb\",\"itemListElement\":[{\"@type\":\"ListItem\",\"position\":1,\"name\":\"In\u00edcio\",\"item\":\"https:\/\/site.avalarabrasil.com.br\/reforma-tributaria\/\"},{\"@type\":\"ListItem\",\"position\":2,\"name\":\"Reforma Tribut\u00e1ria na pr\u00e1tica: como preparar sua empresa at\u00e9 janeiro de 2026\"}]},{\"@type\":\"WebSite\",\"@id\":\"https:\/\/site.avalarabrasil.com.br\/reforma-tributaria\/#website\",\"url\":\"https:\/\/site.avalarabrasil.com.br\/reforma-tributaria\/\",\"name\":\"Descomplica Reforma Tribut\u00e1ria\",\"description\":\"Entenda o impacto da Reforma Tribut\u00e1ria no seu neg\u00f3cio. No Descomplica Reforma Tribut\u00e1ria, voc\u00ea encontra not\u00edcias, legisla\u00e7\u00e3o e orienta\u00e7\u00f5es pr\u00e1ticas para empresas.\",\"publisher\":{\"@id\":\"https:\/\/site.avalarabrasil.com.br\/reforma-tributaria\/#organization\"},\"alternateName\":\"Reforma Tribut\u00e1ria Avalara\",\"potentialAction\":[{\"@type\":\"SearchAction\",\"target\":{\"@type\":\"EntryPoint\",\"urlTemplate\":\"https:\/\/site.avalarabrasil.com.br\/reforma-tributaria\/?s={search_term_string}\"},\"query-input\":{\"@type\":\"PropertyValueSpecification\",\"valueRequired\":true,\"valueName\":\"search_term_string\"}}],\"inLanguage\":\"pt-BR\"},{\"@type\":\"Organization\",\"@id\":\"https:\/\/site.avalarabrasil.com.br\/reforma-tributaria\/#organization\",\"name\":\"Descomplica Reforma Tribut\u00e1ria\",\"url\":\"https:\/\/site.avalarabrasil.com.br\/reforma-tributaria\/\",\"logo\":{\"@type\":\"ImageObject\",\"inLanguage\":\"pt-BR\",\"@id\":\"https:\/\/site.avalarabrasil.com.br\/reforma-tributaria\/#\/schema\/logo\/image\/\",\"url\":\"https:\/\/site.avalarabrasil.com.br\/reforma-tributaria\/wp-content\/uploads\/2025\/11\/avalara.png\",\"contentUrl\":\"https:\/\/site.avalarabrasil.com.br\/reforma-tributaria\/wp-content\/uploads\/2025\/11\/avalara.png\",\"width\":1200,\"height\":675,\"caption\":\"Descomplica Reforma Tribut\u00e1ria\"},\"image\":{\"@id\":\"https:\/\/site.avalarabrasil.com.br\/reforma-tributaria\/#\/schema\/logo\/image\/\"}},{\"@type\":\"Person\",\"@id\":\"https:\/\/site.avalarabrasil.com.br\/reforma-tributaria\/#\/schema\/person\/de5858a1b3c67568fd25d7180083992d\",\"name\":\"Camila Nabosne\",\"image\":{\"@type\":\"ImageObject\",\"inLanguage\":\"pt-BR\",\"@id\":\"https:\/\/site.avalarabrasil.com.br\/reforma-tributaria\/#\/schema\/person\/image\/\",\"url\":\"https:\/\/site.avalarabrasil.com.br\/reforma-tributaria\/wp-content\/litespeed\/avatar\/0a8eaaf31c4400af2573088d03d0fcb5.jpg?ver=1777386826\",\"contentUrl\":\"https:\/\/site.avalarabrasil.com.br\/reforma-tributaria\/wp-content\/litespeed\/avatar\/0a8eaaf31c4400af2573088d03d0fcb5.jpg?ver=1777386826\",\"caption\":\"Camila Nabosne\"},\"url\":\"https:\/\/site.avalarabrasil.com.br\/reforma-tributaria\/author\/camila-nabosne\/\"}]}<\/script>\n<!-- \/ Yoast SEO plugin. -->","yoast_head_json":{"title":"Reforma Tribut\u00e1ria na pr\u00e1tica: como preparar sua empresa at\u00e9 janeiro de 2026","description":"Veja o que mudou no Fisco em 2025 e saiba como preparar sua empresa para a obrigatoriedade da Reforma Tribut\u00e1ria em 2026.","robots":{"index":"index","follow":"follow","max-snippet":"max-snippet:-1","max-image-preview":"max-image-preview:large","max-video-preview":"max-video-preview:-1"},"canonical":"https:\/\/site.avalarabrasil.com.br\/reforma-tributaria\/reforma-tributaria-na-pratica-preparacao-ate-2026\/","og_locale":"pt_BR","og_type":"article","og_title":"Reforma Tribut\u00e1ria na pr\u00e1tica: como preparar sua empresa at\u00e9 janeiro de 2026","og_description":"Veja o que mudou no Fisco em 2025 e saiba como preparar sua empresa para a obrigatoriedade da Reforma Tribut\u00e1ria em 2026.","og_url":"https:\/\/site.avalarabrasil.com.br\/reforma-tributaria\/reforma-tributaria-na-pratica-preparacao-ate-2026\/","og_site_name":"Descomplica Reforma Tribut\u00e1ria","article_published_time":"2025-11-17T13:28:39+00:00","og_image":[{"width":2560,"height":1709,"url":"https:\/\/site.avalarabrasil.com.br\/reforma-tributaria\/wp-content\/uploads\/2025\/11\/Reforma-Tributaria-2026-scaled.jpg","type":"image\/jpeg"}],"author":"Camila Nabosne","twitter_card":"summary_large_image","twitter_misc":{"Escrito por":"Camila Nabosne","Est. tempo de leitura":"9 minutos"},"schema":{"@context":"https:\/\/schema.org","@graph":[{"@type":"Article","@id":"https:\/\/site.avalarabrasil.com.br\/reforma-tributaria\/reforma-tributaria-na-pratica-preparacao-ate-2026\/#article","isPartOf":{"@id":"https:\/\/site.avalarabrasil.com.br\/reforma-tributaria\/reforma-tributaria-na-pratica-preparacao-ate-2026\/"},"author":{"name":"Camila Nabosne","@id":"https:\/\/site.avalarabrasil.com.br\/reforma-tributaria\/#\/schema\/person\/de5858a1b3c67568fd25d7180083992d"},"headline":"Reforma Tribut\u00e1ria na pr\u00e1tica: como preparar sua empresa at\u00e9 janeiro de 2026","datePublished":"2025-11-17T13:28:39+00:00","mainEntityOfPage":{"@id":"https:\/\/site.avalarabrasil.com.br\/reforma-tributaria\/reforma-tributaria-na-pratica-preparacao-ate-2026\/"},"wordCount":1667,"commentCount":0,"publisher":{"@id":"https:\/\/site.avalarabrasil.com.br\/reforma-tributaria\/#organization"},"image":{"@id":"https:\/\/site.avalarabrasil.com.br\/reforma-tributaria\/reforma-tributaria-na-pratica-preparacao-ate-2026\/#primaryimage"},"thumbnailUrl":"https:\/\/site.avalarabrasil.com.br\/reforma-tributaria\/wp-content\/uploads\/2025\/11\/Reforma-Tributaria-2026-scaled.jpg","articleSection":["Reforma Tribut\u00e1ria"],"inLanguage":"pt-BR","potentialAction":[{"@type":"CommentAction","name":"Comment","target":["https:\/\/site.avalarabrasil.com.br\/reforma-tributaria\/reforma-tributaria-na-pratica-preparacao-ate-2026\/#respond"]}]},{"@type":"WebPage","@id":"https:\/\/site.avalarabrasil.com.br\/reforma-tributaria\/reforma-tributaria-na-pratica-preparacao-ate-2026\/","url":"https:\/\/site.avalarabrasil.com.br\/reforma-tributaria\/reforma-tributaria-na-pratica-preparacao-ate-2026\/","name":"Reforma Tribut\u00e1ria na pr\u00e1tica: como preparar sua empresa at\u00e9 janeiro de 2026","isPartOf":{"@id":"https:\/\/site.avalarabrasil.com.br\/reforma-tributaria\/#website"},"primaryImageOfPage":{"@id":"https:\/\/site.avalarabrasil.com.br\/reforma-tributaria\/reforma-tributaria-na-pratica-preparacao-ate-2026\/#primaryimage"},"image":{"@id":"https:\/\/site.avalarabrasil.com.br\/reforma-tributaria\/reforma-tributaria-na-pratica-preparacao-ate-2026\/#primaryimage"},"thumbnailUrl":"https:\/\/site.avalarabrasil.com.br\/reforma-tributaria\/wp-content\/uploads\/2025\/11\/Reforma-Tributaria-2026-scaled.jpg","datePublished":"2025-11-17T13:28:39+00:00","description":"Veja o que mudou no Fisco em 2025 e saiba como preparar sua empresa para a obrigatoriedade da Reforma Tribut\u00e1ria em 2026.","breadcrumb":{"@id":"https:\/\/site.avalarabrasil.com.br\/reforma-tributaria\/reforma-tributaria-na-pratica-preparacao-ate-2026\/#breadcrumb"},"inLanguage":"pt-BR","potentialAction":[{"@type":"ReadAction","target":["https:\/\/site.avalarabrasil.com.br\/reforma-tributaria\/reforma-tributaria-na-pratica-preparacao-ate-2026\/"]}]},{"@type":"ImageObject","inLanguage":"pt-BR","@id":"https:\/\/site.avalarabrasil.com.br\/reforma-tributaria\/reforma-tributaria-na-pratica-preparacao-ate-2026\/#primaryimage","url":"https:\/\/site.avalarabrasil.com.br\/reforma-tributaria\/wp-content\/uploads\/2025\/11\/Reforma-Tributaria-2026-scaled.jpg","contentUrl":"https:\/\/site.avalarabrasil.com.br\/reforma-tributaria\/wp-content\/uploads\/2025\/11\/Reforma-Tributaria-2026-scaled.jpg","width":2560,"height":1709,"caption":"Reforma Tribut\u00e1ria 2026"},{"@type":"BreadcrumbList","@id":"https:\/\/site.avalarabrasil.com.br\/reforma-tributaria\/reforma-tributaria-na-pratica-preparacao-ate-2026\/#breadcrumb","itemListElement":[{"@type":"ListItem","position":1,"name":"In\u00edcio","item":"https:\/\/site.avalarabrasil.com.br\/reforma-tributaria\/"},{"@type":"ListItem","position":2,"name":"Reforma Tribut\u00e1ria na pr\u00e1tica: como preparar sua empresa at\u00e9 janeiro de 2026"}]},{"@type":"WebSite","@id":"https:\/\/site.avalarabrasil.com.br\/reforma-tributaria\/#website","url":"https:\/\/site.avalarabrasil.com.br\/reforma-tributaria\/","name":"Descomplica Reforma Tribut\u00e1ria","description":"Entenda o impacto da Reforma Tribut\u00e1ria no seu neg\u00f3cio. No Descomplica Reforma Tribut\u00e1ria, voc\u00ea encontra not\u00edcias, legisla\u00e7\u00e3o e orienta\u00e7\u00f5es pr\u00e1ticas para empresas.","publisher":{"@id":"https:\/\/site.avalarabrasil.com.br\/reforma-tributaria\/#organization"},"alternateName":"Reforma Tribut\u00e1ria Avalara","potentialAction":[{"@type":"SearchAction","target":{"@type":"EntryPoint","urlTemplate":"https:\/\/site.avalarabrasil.com.br\/reforma-tributaria\/?s={search_term_string}"},"query-input":{"@type":"PropertyValueSpecification","valueRequired":true,"valueName":"search_term_string"}}],"inLanguage":"pt-BR"},{"@type":"Organization","@id":"https:\/\/site.avalarabrasil.com.br\/reforma-tributaria\/#organization","name":"Descomplica Reforma Tribut\u00e1ria","url":"https:\/\/site.avalarabrasil.com.br\/reforma-tributaria\/","logo":{"@type":"ImageObject","inLanguage":"pt-BR","@id":"https:\/\/site.avalarabrasil.com.br\/reforma-tributaria\/#\/schema\/logo\/image\/","url":"https:\/\/site.avalarabrasil.com.br\/reforma-tributaria\/wp-content\/uploads\/2025\/11\/avalara.png","contentUrl":"https:\/\/site.avalarabrasil.com.br\/reforma-tributaria\/wp-content\/uploads\/2025\/11\/avalara.png","width":1200,"height":675,"caption":"Descomplica Reforma Tribut\u00e1ria"},"image":{"@id":"https:\/\/site.avalarabrasil.com.br\/reforma-tributaria\/#\/schema\/logo\/image\/"}},{"@type":"Person","@id":"https:\/\/site.avalarabrasil.com.br\/reforma-tributaria\/#\/schema\/person\/de5858a1b3c67568fd25d7180083992d","name":"Camila Nabosne","image":{"@type":"ImageObject","inLanguage":"pt-BR","@id":"https:\/\/site.avalarabrasil.com.br\/reforma-tributaria\/#\/schema\/person\/image\/","url":"https:\/\/site.avalarabrasil.com.br\/reforma-tributaria\/wp-content\/litespeed\/avatar\/0a8eaaf31c4400af2573088d03d0fcb5.jpg?ver=1777386826","contentUrl":"https:\/\/site.avalarabrasil.com.br\/reforma-tributaria\/wp-content\/litespeed\/avatar\/0a8eaaf31c4400af2573088d03d0fcb5.jpg?ver=1777386826","caption":"Camila Nabosne"},"url":"https:\/\/site.avalarabrasil.com.br\/reforma-tributaria\/author\/camila-nabosne\/"}]}},"_links":{"self":[{"href":"https:\/\/site.avalarabrasil.com.br\/reforma-tributaria\/wp-json\/wp\/v2\/posts\/15500","targetHints":{"allow":["GET"]}}],"collection":[{"href":"https:\/\/site.avalarabrasil.com.br\/reforma-tributaria\/wp-json\/wp\/v2\/posts"}],"about":[{"href":"https:\/\/site.avalarabrasil.com.br\/reforma-tributaria\/wp-json\/wp\/v2\/types\/post"}],"author":[{"embeddable":true,"href":"https:\/\/site.avalarabrasil.com.br\/reforma-tributaria\/wp-json\/wp\/v2\/users\/2"}],"replies":[{"embeddable":true,"href":"https:\/\/site.avalarabrasil.com.br\/reforma-tributaria\/wp-json\/wp\/v2\/comments?post=15500"}],"version-history":[{"count":1,"href":"https:\/\/site.avalarabrasil.com.br\/reforma-tributaria\/wp-json\/wp\/v2\/posts\/15500\/revisions"}],"predecessor-version":[{"id":15502,"href":"https:\/\/site.avalarabrasil.com.br\/reforma-tributaria\/wp-json\/wp\/v2\/posts\/15500\/revisions\/15502"}],"wp:featuredmedia":[{"embeddable":true,"href":"https:\/\/site.avalarabrasil.com.br\/reforma-tributaria\/wp-json\/wp\/v2\/media\/15501"}],"wp:attachment":[{"href":"https:\/\/site.avalarabrasil.com.br\/reforma-tributaria\/wp-json\/wp\/v2\/media?parent=15500"}],"wp:term":[{"taxonomy":"category","embeddable":true,"href":"https:\/\/site.avalarabrasil.com.br\/reforma-tributaria\/wp-json\/wp\/v2\/categories?post=15500"},{"taxonomy":"post_tag","embeddable":true,"href":"https:\/\/site.avalarabrasil.com.br\/reforma-tributaria\/wp-json\/wp\/v2\/tags?post=15500"}],"curies":[{"name":"wp","href":"https:\/\/api.w.org\/{rel}","templated":true}]}}