{"id":15532,"date":"2025-11-11T15:49:00","date_gmt":"2025-11-11T18:49:00","guid":{"rendered":"https:\/\/site.avalarabrasil.com.br\/reforma-tributaria\/?p=15532"},"modified":"2025-11-27T08:08:49","modified_gmt":"2025-11-27T11:08:49","slug":"avalara-future-tax","status":"publish","type":"post","link":"https:\/\/site.avalarabrasil.com.br\/reforma-tributaria\/avalara-future-tax\/","title":{"rendered":"Participe do Avalara FutureTax"},"content":{"rendered":"\n<p>No dia <strong>26 de novembro de 2025<\/strong>, a Avalara promove o <strong><a href=\"https:\/\/site.avalarabrasil.com.br\/eventos\/\">FutureTax<\/a><\/strong>, um evento presencial que vai reunir especialistas, autoridades e l\u00edderes empresariais para discutir o impacto da <strong>Reforma Tribut\u00e1ria<\/strong> e o papel da <strong>tecnologia no compliance fiscal<\/strong>.\u00a0<\/p>\n\n\n\n<p>O encontro acontece das 9h \u00e0s 18h, no Transam\u00e9rica Berrini, em S\u00e3o Paulo (SP).<\/p>\n\n\n\n<p>Com uma programa\u00e7\u00e3o intensa, o Future Tax prop\u00f5e uma imers\u00e3o em temas que est\u00e3o moldando o futuro da gest\u00e3o tribut\u00e1ria no Brasil.&nbsp;<\/p>\n\n\n\n<p>Ao longo do dia, pain\u00e9is e palestras apresentar\u00e3o <strong>estrat\u00e9gias, tend\u00eancias e solu\u00e7\u00f5es tecnol\u00f3gicas<\/strong> que apoiam as empresas na transi\u00e7\u00e3o para o novo modelo de tributa\u00e7\u00e3o, que entra em vigor a partir de 2026.<\/p>\n\n\n\n<p>Entre os destaques da agenda est\u00e3o as participa\u00e7\u00f5es de <strong>\u00c2ngelo de Angelis<\/strong> (FGV\/CCiF), <strong>Alberto Macedo<\/strong> (USP\/FDC) e <strong>Tony Ventura<\/strong>, palestrante internacional e refer\u00eancia em intelig\u00eancia artificial.&nbsp;<\/p>\n\n\n\n<p>Tamb\u00e9m sobem ao palco executivos da Avalara, como <strong>Alessandra Almeida<\/strong>, <strong>Carlos Mercuriali<\/strong>, <strong>Tricia Braga<\/strong>, <strong>Anthony Ungerman<\/strong> e <strong>Marco Martini<\/strong>, que v\u00e3o compartilhar como a empresa est\u00e1 ajudando organiza\u00e7\u00f5es a garantir conformidade, seguran\u00e7a e efici\u00eancia fiscal em um cen\u00e1rio de grandes transforma\u00e7\u00f5es.<\/p>\n\n\n\n<p>O evento combina conte\u00fado t\u00e9cnico e estrat\u00e9gico, com pain\u00e9is sobre o impacto da Reforma Tribut\u00e1ria, demonstra\u00e7\u00f5es de tecnologia aplicada e discuss\u00f5es sobre temas como seguran\u00e7a da informa\u00e7\u00e3o, automa\u00e7\u00e3o fiscal e transforma\u00e7\u00e3o digital.<\/p>\n\n\n\n<p>Mais do que um espa\u00e7o de debates, o Future Tax \u00e9 uma oportunidade de networking e troca de experi\u00eancias entre profissionais que est\u00e3o \u00e0 frente da inova\u00e7\u00e3o tribut\u00e1ria no pa\u00eds.<\/p>\n\n\n\n<p>A programa\u00e7\u00e3o inclui <strong>roundtables, apresenta\u00e7\u00f5es de especialistas e palestras <\/strong>sobre o futuro da tecnologia e os desafios na era da Reforma Tribut\u00e1ria. A agenda completa est\u00e1 dispon\u00edvel na p\u00e1gina oficial do evento.<\/p>\n\n\n\n<p>\ud83d\udcc5 <strong>Data:<\/strong> 26 de novembro de 2025<br>\ud83d\udccd <strong>Local:<\/strong> Transam\u00e9rica Berrini \u2014 S\u00e3o Paulo\/SP<br>\ud83d\udd58 <strong>Hor\u00e1rio:<\/strong> Das 9h \u00e0s 18h<\/p>\n\n\n\n<p>\ud83d\udd17 <strong>Garanta sua pr\u00e9 inscri\u00e7\u00e3o clicando no link abaixo:<\/strong><\/p>\n\n\n\n<style>\n  .custom-button {\n    font-family: \"Source Sans 3\", sans-serif;\n    background-color: #FA6400; \/* Laranja Avalara *\/\n    color: #ffffff;\n    border: none;\n    border-radius: 20px;\n    padding: 12px 24px;\n    font-size: 14px;\n    font-weight: bold;\n    text-align: center;\n    letter-spacing: normal;\n    display: inline-block;\n    text-decoration: none;\n    width: fit-content;\n    margin: 0 auto;\n    transition: background-color 0.3s ease, transform 0.2s ease;\n  }\n\n  .custom-button:hover {\n    background-color: #d95500; \/* tom um pouco mais escuro no hover *\/\n    transform: translateY(-2px);\n  }\n\n  .button-container {\n    text-align: center;\n  }\n<\/style>\n\n<div class=\"button-container\">\n  <a href=\"https:\/\/site.avalarabrasil.com.br\/eventos\/?ref=descomplica-reforma-tributaria\" class=\"custom-button\">\n    \u3164Fa\u00e7a sua pr\u00e9 inscri\u00e7\u00e3o\n  <\/a>\n<\/div>\n","protected":false},"excerpt":{"rendered":"<p>No dia 26 de novembro de 2025, a Avalara promove o FutureTax, um evento presencial que vai reunir especialistas, autoridades e l\u00edderes empresariais para discutir [&hellip;]<\/p>\n","protected":false},"author":2,"featured_media":15536,"comment_status":"open","ping_status":"open","sticky":false,"template":"","format":"standard","meta":{"footnotes":""},"categories":[3],"tags":[],"class_list":["post-15532","post","type-post","status-publish","format-standard","has-post-thumbnail","hentry","category-reforma-tributaria"],"yoast_head":"<!-- This site is optimized with the Yoast SEO plugin v27.0 - https:\/\/yoast.com\/product\/yoast-seo-wordpress\/ -->\n<title>Participe do Avalara FutureTax - Descomplica Reforma Tribut\u00e1ria<\/title>\n<meta name=\"description\" content=\"Participe do Avalara Future Tax 2025 e descubra como a tecnologia est\u00e1 transformando o compliance fiscal na era da Reforma Tribut\u00e1ria.\" \/>\n<meta name=\"robots\" content=\"index, follow, max-snippet:-1, max-image-preview:large, max-video-preview:-1\" \/>\n<link rel=\"canonical\" href=\"https:\/\/site.avalarabrasil.com.br\/reforma-tributaria\/avalara-future-tax\/\" \/>\n<meta property=\"og:locale\" content=\"pt_BR\" \/>\n<meta property=\"og:type\" content=\"article\" \/>\n<meta property=\"og:title\" content=\"Participe do Avalara FutureTax - Descomplica Reforma Tribut\u00e1ria\" \/>\n<meta property=\"og:description\" content=\"Participe do Avalara Future Tax 2025 e descubra como a tecnologia est\u00e1 transformando o compliance fiscal na era da Reforma Tribut\u00e1ria.\" \/>\n<meta property=\"og:url\" content=\"https:\/\/site.avalarabrasil.com.br\/reforma-tributaria\/avalara-future-tax\/\" \/>\n<meta property=\"og:site_name\" content=\"Descomplica Reforma Tribut\u00e1ria\" \/>\n<meta property=\"article:published_time\" content=\"2025-11-11T18:49:00+00:00\" \/>\n<meta property=\"article:modified_time\" content=\"2025-11-27T11:08:49+00:00\" \/>\n<meta property=\"og:image\" content=\"https:\/\/site.avalarabrasil.com.br\/reforma-tributaria\/wp-content\/uploads\/2025\/11\/Captura-de-tela-2025-11-11-155116.jpg\" \/>\n\t<meta property=\"og:image:width\" content=\"1369\" \/>\n\t<meta property=\"og:image:height\" content=\"657\" \/>\n\t<meta property=\"og:image:type\" content=\"image\/jpeg\" \/>\n<meta name=\"author\" content=\"Camila Nabosne\" \/>\n<meta name=\"twitter:card\" content=\"summary_large_image\" \/>\n<meta name=\"twitter:label1\" content=\"Escrito por\" \/>\n\t<meta name=\"twitter:data1\" content=\"Camila Nabosne\" \/>\n\t<meta name=\"twitter:label2\" content=\"Est. tempo de leitura\" \/>\n\t<meta name=\"twitter:data2\" content=\"2 minutos\" \/>\n<script type=\"application\/ld+json\" class=\"yoast-schema-graph\">{\"@context\":\"https:\/\/schema.org\",\"@graph\":[{\"@type\":\"Article\",\"@id\":\"https:\/\/site.avalarabrasil.com.br\/reforma-tributaria\/avalara-future-tax\/#article\",\"isPartOf\":{\"@id\":\"https:\/\/site.avalarabrasil.com.br\/reforma-tributaria\/avalara-future-tax\/\"},\"author\":{\"name\":\"Camila Nabosne\",\"@id\":\"https:\/\/site.avalarabrasil.com.br\/reforma-tributaria\/#\/schema\/person\/de5858a1b3c67568fd25d7180083992d\"},\"headline\":\"Participe do Avalara FutureTax\",\"datePublished\":\"2025-11-11T18:49:00+00:00\",\"dateModified\":\"2025-11-27T11:08:49+00:00\",\"mainEntityOfPage\":{\"@id\":\"https:\/\/site.avalarabrasil.com.br\/reforma-tributaria\/avalara-future-tax\/\"},\"wordCount\":355,\"commentCount\":0,\"publisher\":{\"@id\":\"https:\/\/site.avalarabrasil.com.br\/reforma-tributaria\/#organization\"},\"image\":{\"@id\":\"https:\/\/site.avalarabrasil.com.br\/reforma-tributaria\/avalara-future-tax\/#primaryimage\"},\"thumbnailUrl\":\"https:\/\/site.avalarabrasil.com.br\/reforma-tributaria\/wp-content\/uploads\/2025\/11\/Captura-de-tela-2025-11-11-155116.jpg\",\"articleSection\":[\"Reforma Tribut\u00e1ria\"],\"inLanguage\":\"pt-BR\",\"potentialAction\":[{\"@type\":\"CommentAction\",\"name\":\"Comment\",\"target\":[\"https:\/\/site.avalarabrasil.com.br\/reforma-tributaria\/avalara-future-tax\/#respond\"]}]},{\"@type\":\"WebPage\",\"@id\":\"https:\/\/site.avalarabrasil.com.br\/reforma-tributaria\/avalara-future-tax\/\",\"url\":\"https:\/\/site.avalarabrasil.com.br\/reforma-tributaria\/avalara-future-tax\/\",\"name\":\"Participe do Avalara FutureTax - Descomplica Reforma Tribut\u00e1ria\",\"isPartOf\":{\"@id\":\"https:\/\/site.avalarabrasil.com.br\/reforma-tributaria\/#website\"},\"primaryImageOfPage\":{\"@id\":\"https:\/\/site.avalarabrasil.com.br\/reforma-tributaria\/avalara-future-tax\/#primaryimage\"},\"image\":{\"@id\":\"https:\/\/site.avalarabrasil.com.br\/reforma-tributaria\/avalara-future-tax\/#primaryimage\"},\"thumbnailUrl\":\"https:\/\/site.avalarabrasil.com.br\/reforma-tributaria\/wp-content\/uploads\/2025\/11\/Captura-de-tela-2025-11-11-155116.jpg\",\"datePublished\":\"2025-11-11T18:49:00+00:00\",\"dateModified\":\"2025-11-27T11:08:49+00:00\",\"description\":\"Participe do Avalara Future Tax 2025 e descubra como a tecnologia est\u00e1 transformando o compliance fiscal na era da Reforma Tribut\u00e1ria.\",\"breadcrumb\":{\"@id\":\"https:\/\/site.avalarabrasil.com.br\/reforma-tributaria\/avalara-future-tax\/#breadcrumb\"},\"inLanguage\":\"pt-BR\",\"potentialAction\":[{\"@type\":\"ReadAction\",\"target\":[\"https:\/\/site.avalarabrasil.com.br\/reforma-tributaria\/avalara-future-tax\/\"]}]},{\"@type\":\"ImageObject\",\"inLanguage\":\"pt-BR\",\"@id\":\"https:\/\/site.avalarabrasil.com.br\/reforma-tributaria\/avalara-future-tax\/#primaryimage\",\"url\":\"https:\/\/site.avalarabrasil.com.br\/reforma-tributaria\/wp-content\/uploads\/2025\/11\/Captura-de-tela-2025-11-11-155116.jpg\",\"contentUrl\":\"https:\/\/site.avalarabrasil.com.br\/reforma-tributaria\/wp-content\/uploads\/2025\/11\/Captura-de-tela-2025-11-11-155116.jpg\",\"width\":1369,\"height\":657},{\"@type\":\"BreadcrumbList\",\"@id\":\"https:\/\/site.avalarabrasil.com.br\/reforma-tributaria\/avalara-future-tax\/#breadcrumb\",\"itemListElement\":[{\"@type\":\"ListItem\",\"position\":1,\"name\":\"In\u00edcio\",\"item\":\"https:\/\/site.avalarabrasil.com.br\/reforma-tributaria\/\"},{\"@type\":\"ListItem\",\"position\":2,\"name\":\"Participe do Avalara FutureTax\"}]},{\"@type\":\"WebSite\",\"@id\":\"https:\/\/site.avalarabrasil.com.br\/reforma-tributaria\/#website\",\"url\":\"https:\/\/site.avalarabrasil.com.br\/reforma-tributaria\/\",\"name\":\"Descomplica Reforma Tribut\u00e1ria\",\"description\":\"Entenda o impacto da Reforma Tribut\u00e1ria no seu neg\u00f3cio. No Descomplica Reforma Tribut\u00e1ria, voc\u00ea encontra not\u00edcias, legisla\u00e7\u00e3o e orienta\u00e7\u00f5es pr\u00e1ticas para empresas.\",\"publisher\":{\"@id\":\"https:\/\/site.avalarabrasil.com.br\/reforma-tributaria\/#organization\"},\"alternateName\":\"Reforma Tribut\u00e1ria Avalara\",\"potentialAction\":[{\"@type\":\"SearchAction\",\"target\":{\"@type\":\"EntryPoint\",\"urlTemplate\":\"https:\/\/site.avalarabrasil.com.br\/reforma-tributaria\/?s={search_term_string}\"},\"query-input\":{\"@type\":\"PropertyValueSpecification\",\"valueRequired\":true,\"valueName\":\"search_term_string\"}}],\"inLanguage\":\"pt-BR\"},{\"@type\":\"Organization\",\"@id\":\"https:\/\/site.avalarabrasil.com.br\/reforma-tributaria\/#organization\",\"name\":\"Descomplica Reforma Tribut\u00e1ria\",\"url\":\"https:\/\/site.avalarabrasil.com.br\/reforma-tributaria\/\",\"logo\":{\"@type\":\"ImageObject\",\"inLanguage\":\"pt-BR\",\"@id\":\"https:\/\/site.avalarabrasil.com.br\/reforma-tributaria\/#\/schema\/logo\/image\/\",\"url\":\"https:\/\/site.avalarabrasil.com.br\/reforma-tributaria\/wp-content\/uploads\/2025\/11\/avalara.png\",\"contentUrl\":\"https:\/\/site.avalarabrasil.com.br\/reforma-tributaria\/wp-content\/uploads\/2025\/11\/avalara.png\",\"width\":1200,\"height\":675,\"caption\":\"Descomplica Reforma Tribut\u00e1ria\"},\"image\":{\"@id\":\"https:\/\/site.avalarabrasil.com.br\/reforma-tributaria\/#\/schema\/logo\/image\/\"}},{\"@type\":\"Person\",\"@id\":\"https:\/\/site.avalarabrasil.com.br\/reforma-tributaria\/#\/schema\/person\/de5858a1b3c67568fd25d7180083992d\",\"name\":\"Camila Nabosne\",\"image\":{\"@type\":\"ImageObject\",\"inLanguage\":\"pt-BR\",\"@id\":\"https:\/\/site.avalarabrasil.com.br\/reforma-tributaria\/#\/schema\/person\/image\/\",\"url\":\"https:\/\/site.avalarabrasil.com.br\/reforma-tributaria\/wp-content\/litespeed\/avatar\/0a8eaaf31c4400af2573088d03d0fcb5.jpg?ver=1777386826\",\"contentUrl\":\"https:\/\/site.avalarabrasil.com.br\/reforma-tributaria\/wp-content\/litespeed\/avatar\/0a8eaaf31c4400af2573088d03d0fcb5.jpg?ver=1777386826\",\"caption\":\"Camila Nabosne\"},\"url\":\"https:\/\/site.avalarabrasil.com.br\/reforma-tributaria\/author\/camila-nabosne\/\"}]}<\/script>\n<!-- \/ Yoast SEO plugin. -->","yoast_head_json":{"title":"Participe do Avalara FutureTax - Descomplica Reforma Tribut\u00e1ria","description":"Participe do Avalara Future Tax 2025 e descubra como a tecnologia est\u00e1 transformando o compliance fiscal na era da Reforma Tribut\u00e1ria.","robots":{"index":"index","follow":"follow","max-snippet":"max-snippet:-1","max-image-preview":"max-image-preview:large","max-video-preview":"max-video-preview:-1"},"canonical":"https:\/\/site.avalarabrasil.com.br\/reforma-tributaria\/avalara-future-tax\/","og_locale":"pt_BR","og_type":"article","og_title":"Participe do Avalara FutureTax - Descomplica Reforma Tribut\u00e1ria","og_description":"Participe do Avalara Future Tax 2025 e descubra como a tecnologia est\u00e1 transformando o compliance fiscal na era da Reforma Tribut\u00e1ria.","og_url":"https:\/\/site.avalarabrasil.com.br\/reforma-tributaria\/avalara-future-tax\/","og_site_name":"Descomplica Reforma Tribut\u00e1ria","article_published_time":"2025-11-11T18:49:00+00:00","article_modified_time":"2025-11-27T11:08:49+00:00","og_image":[{"width":1369,"height":657,"url":"https:\/\/site.avalarabrasil.com.br\/reforma-tributaria\/wp-content\/uploads\/2025\/11\/Captura-de-tela-2025-11-11-155116.jpg","type":"image\/jpeg"}],"author":"Camila Nabosne","twitter_card":"summary_large_image","twitter_misc":{"Escrito por":"Camila Nabosne","Est. tempo de leitura":"2 minutos"},"schema":{"@context":"https:\/\/schema.org","@graph":[{"@type":"Article","@id":"https:\/\/site.avalarabrasil.com.br\/reforma-tributaria\/avalara-future-tax\/#article","isPartOf":{"@id":"https:\/\/site.avalarabrasil.com.br\/reforma-tributaria\/avalara-future-tax\/"},"author":{"name":"Camila Nabosne","@id":"https:\/\/site.avalarabrasil.com.br\/reforma-tributaria\/#\/schema\/person\/de5858a1b3c67568fd25d7180083992d"},"headline":"Participe do Avalara FutureTax","datePublished":"2025-11-11T18:49:00+00:00","dateModified":"2025-11-27T11:08:49+00:00","mainEntityOfPage":{"@id":"https:\/\/site.avalarabrasil.com.br\/reforma-tributaria\/avalara-future-tax\/"},"wordCount":355,"commentCount":0,"publisher":{"@id":"https:\/\/site.avalarabrasil.com.br\/reforma-tributaria\/#organization"},"image":{"@id":"https:\/\/site.avalarabrasil.com.br\/reforma-tributaria\/avalara-future-tax\/#primaryimage"},"thumbnailUrl":"https:\/\/site.avalarabrasil.com.br\/reforma-tributaria\/wp-content\/uploads\/2025\/11\/Captura-de-tela-2025-11-11-155116.jpg","articleSection":["Reforma Tribut\u00e1ria"],"inLanguage":"pt-BR","potentialAction":[{"@type":"CommentAction","name":"Comment","target":["https:\/\/site.avalarabrasil.com.br\/reforma-tributaria\/avalara-future-tax\/#respond"]}]},{"@type":"WebPage","@id":"https:\/\/site.avalarabrasil.com.br\/reforma-tributaria\/avalara-future-tax\/","url":"https:\/\/site.avalarabrasil.com.br\/reforma-tributaria\/avalara-future-tax\/","name":"Participe do Avalara FutureTax - Descomplica Reforma Tribut\u00e1ria","isPartOf":{"@id":"https:\/\/site.avalarabrasil.com.br\/reforma-tributaria\/#website"},"primaryImageOfPage":{"@id":"https:\/\/site.avalarabrasil.com.br\/reforma-tributaria\/avalara-future-tax\/#primaryimage"},"image":{"@id":"https:\/\/site.avalarabrasil.com.br\/reforma-tributaria\/avalara-future-tax\/#primaryimage"},"thumbnailUrl":"https:\/\/site.avalarabrasil.com.br\/reforma-tributaria\/wp-content\/uploads\/2025\/11\/Captura-de-tela-2025-11-11-155116.jpg","datePublished":"2025-11-11T18:49:00+00:00","dateModified":"2025-11-27T11:08:49+00:00","description":"Participe do Avalara Future Tax 2025 e descubra como a tecnologia est\u00e1 transformando o compliance fiscal na era da Reforma Tribut\u00e1ria.","breadcrumb":{"@id":"https:\/\/site.avalarabrasil.com.br\/reforma-tributaria\/avalara-future-tax\/#breadcrumb"},"inLanguage":"pt-BR","potentialAction":[{"@type":"ReadAction","target":["https:\/\/site.avalarabrasil.com.br\/reforma-tributaria\/avalara-future-tax\/"]}]},{"@type":"ImageObject","inLanguage":"pt-BR","@id":"https:\/\/site.avalarabrasil.com.br\/reforma-tributaria\/avalara-future-tax\/#primaryimage","url":"https:\/\/site.avalarabrasil.com.br\/reforma-tributaria\/wp-content\/uploads\/2025\/11\/Captura-de-tela-2025-11-11-155116.jpg","contentUrl":"https:\/\/site.avalarabrasil.com.br\/reforma-tributaria\/wp-content\/uploads\/2025\/11\/Captura-de-tela-2025-11-11-155116.jpg","width":1369,"height":657},{"@type":"BreadcrumbList","@id":"https:\/\/site.avalarabrasil.com.br\/reforma-tributaria\/avalara-future-tax\/#breadcrumb","itemListElement":[{"@type":"ListItem","position":1,"name":"In\u00edcio","item":"https:\/\/site.avalarabrasil.com.br\/reforma-tributaria\/"},{"@type":"ListItem","position":2,"name":"Participe do Avalara FutureTax"}]},{"@type":"WebSite","@id":"https:\/\/site.avalarabrasil.com.br\/reforma-tributaria\/#website","url":"https:\/\/site.avalarabrasil.com.br\/reforma-tributaria\/","name":"Descomplica Reforma Tribut\u00e1ria","description":"Entenda o impacto da Reforma Tribut\u00e1ria no seu neg\u00f3cio. No Descomplica Reforma Tribut\u00e1ria, voc\u00ea encontra not\u00edcias, legisla\u00e7\u00e3o e orienta\u00e7\u00f5es pr\u00e1ticas para empresas.","publisher":{"@id":"https:\/\/site.avalarabrasil.com.br\/reforma-tributaria\/#organization"},"alternateName":"Reforma Tribut\u00e1ria Avalara","potentialAction":[{"@type":"SearchAction","target":{"@type":"EntryPoint","urlTemplate":"https:\/\/site.avalarabrasil.com.br\/reforma-tributaria\/?s={search_term_string}"},"query-input":{"@type":"PropertyValueSpecification","valueRequired":true,"valueName":"search_term_string"}}],"inLanguage":"pt-BR"},{"@type":"Organization","@id":"https:\/\/site.avalarabrasil.com.br\/reforma-tributaria\/#organization","name":"Descomplica Reforma Tribut\u00e1ria","url":"https:\/\/site.avalarabrasil.com.br\/reforma-tributaria\/","logo":{"@type":"ImageObject","inLanguage":"pt-BR","@id":"https:\/\/site.avalarabrasil.com.br\/reforma-tributaria\/#\/schema\/logo\/image\/","url":"https:\/\/site.avalarabrasil.com.br\/reforma-tributaria\/wp-content\/uploads\/2025\/11\/avalara.png","contentUrl":"https:\/\/site.avalarabrasil.com.br\/reforma-tributaria\/wp-content\/uploads\/2025\/11\/avalara.png","width":1200,"height":675,"caption":"Descomplica Reforma Tribut\u00e1ria"},"image":{"@id":"https:\/\/site.avalarabrasil.com.br\/reforma-tributaria\/#\/schema\/logo\/image\/"}},{"@type":"Person","@id":"https:\/\/site.avalarabrasil.com.br\/reforma-tributaria\/#\/schema\/person\/de5858a1b3c67568fd25d7180083992d","name":"Camila Nabosne","image":{"@type":"ImageObject","inLanguage":"pt-BR","@id":"https:\/\/site.avalarabrasil.com.br\/reforma-tributaria\/#\/schema\/person\/image\/","url":"https:\/\/site.avalarabrasil.com.br\/reforma-tributaria\/wp-content\/litespeed\/avatar\/0a8eaaf31c4400af2573088d03d0fcb5.jpg?ver=1777386826","contentUrl":"https:\/\/site.avalarabrasil.com.br\/reforma-tributaria\/wp-content\/litespeed\/avatar\/0a8eaaf31c4400af2573088d03d0fcb5.jpg?ver=1777386826","caption":"Camila Nabosne"},"url":"https:\/\/site.avalarabrasil.com.br\/reforma-tributaria\/author\/camila-nabosne\/"}]}},"_links":{"self":[{"href":"https:\/\/site.avalarabrasil.com.br\/reforma-tributaria\/wp-json\/wp\/v2\/posts\/15532","targetHints":{"allow":["GET"]}}],"collection":[{"href":"https:\/\/site.avalarabrasil.com.br\/reforma-tributaria\/wp-json\/wp\/v2\/posts"}],"about":[{"href":"https:\/\/site.avalarabrasil.com.br\/reforma-tributaria\/wp-json\/wp\/v2\/types\/post"}],"author":[{"embeddable":true,"href":"https:\/\/site.avalarabrasil.com.br\/reforma-tributaria\/wp-json\/wp\/v2\/users\/2"}],"replies":[{"embeddable":true,"href":"https:\/\/site.avalarabrasil.com.br\/reforma-tributaria\/wp-json\/wp\/v2\/comments?post=15532"}],"version-history":[{"count":3,"href":"https:\/\/site.avalarabrasil.com.br\/reforma-tributaria\/wp-json\/wp\/v2\/posts\/15532\/revisions"}],"predecessor-version":[{"id":15537,"href":"https:\/\/site.avalarabrasil.com.br\/reforma-tributaria\/wp-json\/wp\/v2\/posts\/15532\/revisions\/15537"}],"wp:featuredmedia":[{"embeddable":true,"href":"https:\/\/site.avalarabrasil.com.br\/reforma-tributaria\/wp-json\/wp\/v2\/media\/15536"}],"wp:attachment":[{"href":"https:\/\/site.avalarabrasil.com.br\/reforma-tributaria\/wp-json\/wp\/v2\/media?parent=15532"}],"wp:term":[{"taxonomy":"category","embeddable":true,"href":"https:\/\/site.avalarabrasil.com.br\/reforma-tributaria\/wp-json\/wp\/v2\/categories?post=15532"},{"taxonomy":"post_tag","embeddable":true,"href":"https:\/\/site.avalarabrasil.com.br\/reforma-tributaria\/wp-json\/wp\/v2\/tags?post=15532"}],"curies":[{"name":"wp","href":"https:\/\/api.w.org\/{rel}","templated":true}]}}