{"id":15643,"date":"2026-01-21T09:00:00","date_gmt":"2026-01-21T12:00:00","guid":{"rendered":"https:\/\/site.avalarabrasil.com.br\/reforma-tributaria\/?p=15643"},"modified":"2026-01-13T15:13:12","modified_gmt":"2026-01-13T18:13:12","slug":"gtin-na-reforma-tributaria","status":"publish","type":"post","link":"https:\/\/site.avalarabrasil.com.br\/reforma-tributaria\/gtin-na-reforma-tributaria\/","title":{"rendered":"GTIN na Reforma Tribut\u00e1ria: alerta para empresas com produtos de al\u00edquota reduzida"},"content":{"rendered":"\n<p>A valida\u00e7\u00e3o do GTIN na Reforma Tribut\u00e1ria se tornou um ponto de aten\u00e7\u00e3o essencial para empresas que comercializam produtos com benef\u00edcios fiscais. Com a publica\u00e7\u00e3o da <a href=\"https:\/\/www.nfe.fazenda.gov.br\/portal\/exibirArquivo.aspx?conteudo=tfoysypOTPE=\">Nota T\u00e9cnica 2021.003 v.1.40<\/a>, a partir de 1\u00ba de outubro de 2025 ser\u00e1 obrigat\u00f3ria a valida\u00e7\u00e3o do GTIN no Cadastro Centralizado de GTIN (CCG) para produtos classificados no Grupo IV do Anexo I. Essa medida, alinhada \u00e0 Lei Complementar n\u00ba 214\/2025, afeta diretamente produtos que ter\u00e3o redu\u00e7\u00e3o ou isen\u00e7\u00e3o das al\u00edquotas do IBS (Imposto sobre Bens e Servi\u00e7os) e da CBS (Contribui\u00e7\u00e3o sobre Bens e Servi\u00e7os).<\/p>\n\n\n\n<p>Essa mudan\u00e7a representa um alerta estrat\u00e9gico para a conformidade fiscal e a competitividade das empresas. Confira o que muda para as empresas:<\/p>\n\n\n\n<h2 class=\"wp-block-heading\">O que muda com a obrigatoriedade do GTIN em 2026<\/h2>\n\n\n\n<p>A partir de outubro de 2025, todas as empresas que comercializam produtos enquadrados no Grupo IV dever\u00e3o preencher obrigatoriamente os campos cEAN e cEANTrib na Nota Fiscal Eletr\u00f4nica (NFe) com o n\u00famero GTIN v\u00e1lido. O c\u00f3digo ser\u00e1 verificado em tempo real pelo CCG, e qualquer diverg\u00eancia, seja na estrutura do c\u00f3digo, na descri\u00e7\u00e3o, NCM ou CEST, poder\u00e1 gerar rejei\u00e7\u00e3o da nota fiscal.<\/p>\n\n\n\n<h3 class=\"wp-block-heading\">A rela\u00e7\u00e3o entre o GTIN e o Cadastro Centralizado de GTIN (CCG)<\/h3>\n\n\n\n<p>O CCG \u00e9 uma base oficial gerida pela Secretaria da Fazenda, que consolida os dados de produtos registrados no Cadastro Nacional de Produtos da GS1 Brasil. Ele garante a padroniza\u00e7\u00e3o das informa\u00e7\u00f5es de identifica\u00e7\u00e3o comercial, evitando duplicidades e inconsist\u00eancias.<\/p>\n\n\n\n<h3 class=\"wp-block-heading\">Data de in\u00edcio e abrang\u00eancia da exig\u00eancia<\/h3>\n\n\n\n<p>A valida\u00e7\u00e3o do GTIN ser\u00e1 obrigat\u00f3ria a partir de 1\u00ba de outubro de 2025, inicialmente para produtos do Grupo IV, podendo ser expandida a outros segmentos em futuras vers\u00f5es da Nota T\u00e9cnica.<\/p>\n\n\n\n<h2 class=\"wp-block-heading\">Grupo IV: o foco da nova regra<\/h2>\n\n\n\n<p>O Grupo IV contempla mercadorias com redu\u00e7\u00e3o total ou parcial das al\u00edquotas de IBS e CBS, conforme previsto na LC 214\/2025. Esses produtos est\u00e3o listados em diversos anexos da lei, que abrangem desde alimentos b\u00e1sicos at\u00e9 dispositivos m\u00e9dicos e produtos de higiene.<\/p>\n\n\n\n<h3 class=\"wp-block-heading\">Produtos contemplados e respectivos anexos da LC 214\/2025<\/h3>\n\n\n\n<p>Entre os principais grupos de produtos inclu\u00eddos no Grupo IV est\u00e3o:<\/p>\n\n\n\n<ul class=\"wp-block-list\">\n<li>Anexo I: Produtos destinados \u00e0 alimenta\u00e7\u00e3o humana com al\u00edquota zero (exceto hort\u00edcolas, frutas e ovos).<\/li>\n\n\n\n<li>Anexo VII: Alimentos com redu\u00e7\u00e3o de 60%.<\/li>\n\n\n\n<li>Anexo VIII: Produtos de higiene e limpeza com redu\u00e7\u00e3o de 60%.<\/li>\n\n\n\n<li>Anexo IV e XII: Dispositivos m\u00e9dicos com redu\u00e7\u00e3o de 60% e al\u00edquota zero.<\/li>\n\n\n\n<li>Anexo V e XIII: Dispositivos de acessibilidade para pessoas com defici\u00eancia com redu\u00e7\u00e3o de 60% ou isen\u00e7\u00e3o total.<\/li>\n\n\n\n<li>Anexo IX: Insumos agropecu\u00e1rios e aqu\u00edcolas com redu\u00e7\u00e3o de 60%.<\/li>\n\n\n\n<li>Anexo XIV e XV: Medicamentos e produtos hort\u00edcolas, frutas e ovos com redu\u00e7\u00e3o total das al\u00edquotas.<\/li>\n<\/ul>\n\n\n\n<p>Essas categorias representam uma fatia expressiva do mercado nacional e exigir\u00e3o rastreabilidade e consist\u00eancia de dados fiscais para garantir a aplica\u00e7\u00e3o correta dos benef\u00edcios tribut\u00e1rios.<\/p>\n\n\n\n<h3 class=\"wp-block-heading\">Al\u00edquotas reduzidas e impacto no IBS e CBS<\/h3>\n\n\n\n<p>No novo modelo tribut\u00e1rio, as redu\u00e7\u00f5es e isen\u00e7\u00f5es t\u00eam impacto direto no recolhimento do IBS e da CBS. Por isso, o controle do GTIN ser\u00e1 essencial para comprovar o enquadramento correto de cada produto e assegurar que as redu\u00e7\u00f5es sejam aplicadas de forma leg\u00edtima.<\/p>\n\n\n\n<h2 class=\"wp-block-heading\">Por que a valida\u00e7\u00e3o do GTIN \u00e9 estrat\u00e9gica na Reforma Tribut\u00e1ria<\/h2>\n\n\n\n<p>A Reforma Tribut\u00e1ria estabelece um ambiente de fiscaliza\u00e7\u00e3o digital mais rigoroso, com foco em transpar\u00eancia e automa\u00e7\u00e3o de cruzamentos fiscais. Nesse contexto, o GTIN atua como um identificador \u00fanico e confi\u00e1vel para monitorar a trajet\u00f3ria de cada item, da fabrica\u00e7\u00e3o \u00e0 venda ao consumidor final.<\/p>\n\n\n\n<h3 class=\"wp-block-heading\">Fiscaliza\u00e7\u00e3o digital e rastreabilidade dos produtos<\/h3>\n\n\n\n<p>Com a integra\u00e7\u00e3o do CCG e da NFe, as autoridades fiscais poder\u00e3o rastrear automaticamente informa\u00e7\u00f5es sobre origem, classifica\u00e7\u00e3o e destina\u00e7\u00e3o dos produtos. Esse controle reduz fraudes, evita o uso indevido de al\u00edquotas reduzidas e amplia a seguran\u00e7a jur\u00eddica.<\/p>\n\n\n\n<h3 class=\"wp-block-heading\">Conex\u00e3o entre GTIN, IBS e CBS no novo modelo fiscal<\/h3>\n\n\n\n<p>O novo sistema dual de tributos sobre o consumo, IBS e CBS, depende de cadastros precisos para garantir neutralidade e equidade na cobran\u00e7a. O GTIN se torna um elo essencial entre a descri\u00e7\u00e3o comercial e a tributa\u00e7\u00e3o aplicada, permitindo maior clareza nas opera\u00e7\u00f5es e simplifica\u00e7\u00e3o nos cr\u00e9ditos fiscais.<\/p>\n\n\n\n<p>Como as empresas devem se preparar<\/p>\n\n\n\n<p>A adapta\u00e7\u00e3o ao novo modelo exige a\u00e7\u00f5es preventivas e integradas entre as \u00e1reas fiscal, cont\u00e1bil e de tecnologia.<\/p>\n\n\n\n<h3 class=\"wp-block-heading\">Revis\u00e3o e auditoria de cadastros de produtos<\/h3>\n\n\n\n<p>Empresas devem realizar uma auditoria preventiva em seus cadastros de produtos com GTIN, validando dados junto ao Cadastro Nacional de Produtos (CNP) da GS1. Essa etapa ajuda a corrigir erros antes que eles bloqueiem a emiss\u00e3o da NFe.<\/p>\n\n\n\n<h3 class=\"wp-block-heading\">Integra\u00e7\u00e3o de sistemas e automa\u00e7\u00e3o fiscal<\/h3>\n\n\n\n<p>\u00c9 importante que os sistemas de emiss\u00e3o fiscal estejam preparados para se comunicarem com o CCG e processar retornos de valida\u00e7\u00e3o. Solu\u00e7\u00f5es de mensageria eletr\u00f4nica e automa\u00e7\u00e3o fiscal, como as oferecidas pela Avalara, permitem adequar os fluxos de emiss\u00e3o, evitar rejei\u00e7\u00f5es e manter a conformidade com a NT 2021.003 v.1.40.<\/p>\n\n\n\n<h2 class=\"wp-block-heading\">Como informar o GTIN corretamente na NFe<\/h2>\n\n\n\n<p>A correta informa\u00e7\u00e3o do GTIN \u00e9 um requisito t\u00e9cnico que afeta diretamente a autoriza\u00e7\u00e3o da NFe.<\/p>\n\n\n\n<h3 class=\"wp-block-heading\">Campos cEAN e cEANTrib<\/h3>\n\n\n\n<p>Os campos cEAN e cEANTrib da NFe devem ser preenchidos com o n\u00famero GTIN correspondente ao produto. Caso o item n\u00e3o possua c\u00f3digo de barras, deve ser informado o literal \u201cSEM GTIN\u201d.<\/p>\n\n\n\n<h3 class=\"wp-block-heading\">Valida\u00e7\u00e3o junto ao CCG e rejei\u00e7\u00e3o de notas fiscais<\/h3>\n\n\n\n<p>Durante a transmiss\u00e3o da nota, a Secretaria da Fazenda cruza automaticamente as informa\u00e7\u00f5es com o CCG. Caso o c\u00f3digo esteja incorreto, inexistente ou incompat\u00edvel com o produto, a NFe ser\u00e1 rejeitada, impedindo a emiss\u00e3o do documento fiscal e o faturamento da venda.<\/p>\n\n\n\n<h2 class=\"wp-block-heading\">Conformidade como vantagem competitiva<\/h2>\n\n\n\n<p>O GTIN na Reforma Tribut\u00e1ria n\u00e3o deve ser visto apenas como uma obriga\u00e7\u00e3o t\u00e9cnica, mas como um diferencial competitivo. A adequa\u00e7\u00e3o antecipada garante que as empresas emitam notas sem interrup\u00e7\u00f5es, mantenham o aproveitamento correto dos benef\u00edcios fiscais e fortale\u00e7am a confian\u00e7a com o Fisco.<\/p>\n\n\n\n<p>Negligenciar essa valida\u00e7\u00e3o pode significar rejei\u00e7\u00f5es em s\u00e9rie, atrasos operacionais e perda de credibilidade. J\u00e1 a prepara\u00e7\u00e3o correta representa efici\u00eancia, seguran\u00e7a e transpar\u00eancia em toda a cadeia tribut\u00e1ria.<\/p>\n\n\n\n<h2 class=\"wp-block-heading\">Solu\u00e7\u00f5es Avalara para conformidade e mensageria fiscal<\/h2>\n\n\n\n<p>A Avalara oferece solu\u00e7\u00f5es especializadas em Mensageria DFe e automa\u00e7\u00e3o fiscal, garantindo conformidade com a NT 2021.003 v.1.40 e com as exig\u00eancias da Reforma Tribut\u00e1ria.<\/p>\n\n\n\n<p>Com a Mensageria 2.0 da Avalara, sua empresa ganha:<\/p>\n\n\n\n<ul class=\"wp-block-list\">\n<li>Gest\u00e3o completa de XML;<\/li>\n\n\n\n<li>Emiss\u00e3o em todos os tipos de conting\u00eancia;<\/li>\n\n\n\n<li>Relat\u00f3rios detalhados de notas autorizadas, rejeitadas e canceladas;<\/li>\n\n\n\n<li>Alta capacidade de processamento e reimpress\u00e3o de documentos;<\/li>\n\n\n\n<li>Mais autonomia e produtividade para a \u00e1rea fiscal.<\/li>\n<\/ul>\n\n\n\n<p>\u00a0Prepare-se para 2026 com a Avalara e mantenha a conformidade digital da sua empresa!<\/p>\n\n\n\n<style>\n  .custom-button {\n    font-family: Arial, sans-serif;\n    background-color: #FA6400; \/* Laranja Avalara *\/\n    color: #ffffff;\n    border: none;\n    border-radius: 20px;\n    padding: 12px 24px;\n    font-size: 14px;\n    font-weight: bold;\n    text-align: center;\n    letter-spacing: normal;\n    display: inline-block;\n    text-decoration: none;\n    width: fit-content;\n    margin: 0 auto;\n    transition: background-color 0.3s ease, transform 0.2s ease;\n  }\n\n  .custom-button:hover {\n    background-color: #d95500; \/* tom um pouco mais escuro no hover *\/\n    transform: translateY(-2px);\n  }\n\n  .button-container {\n    text-align: center;\n  }\n<\/style>\n\n<div class=\"button-container\">\n  <a href=\"https:\/\/www.avalara.com\/br\/pt\/index.html?ref=descomplica-reforma-tributaria\" class=\"custom-button\">\n    \u3164Saiba mais\u3164\n  <\/a>\n<\/div>\n\n\n\n<h2 class=\"wp-block-heading\">Perguntas frequentes sobre GTIN e Reforma Tribut\u00e1ria<\/h2>\n\n\n\n<p>1. O que \u00e9 o GTIN e para que serve?<br>O GTIN (Global Trade Item Number) \u00e9 o n\u00famero global que identifica de forma \u00fanica um produto comercial em qualquer parte do mundo. Ele \u00e9 usado em c\u00f3digos de barras e serve como base para rastrear produtos e validar informa\u00e7\u00f5es fiscais.<\/p>\n\n\n\n<p>2. Quando o GTIN passa a ser obrigat\u00f3rio para o Grupo IV?<br>A obrigatoriedade come\u00e7a em 1\u00ba de outubro de 2025, conforme a NT 2021.003 v.1.40.<\/p>\n\n\n\n<p>3. O que acontece se o GTIN estiver incorreto na NFe?<br>A nota fiscal ser\u00e1 rejeitada pela SEFAZ, impedindo o faturamento e a circula\u00e7\u00e3o da mercadoria.<\/p>\n\n\n\n<p>4. Quais produtos est\u00e3o inclu\u00eddos no Grupo IV?<br>Produtos aliment\u00edcios, de higiene, medicamentos, dispositivos m\u00e9dicos e insumos agropecu\u00e1rios com redu\u00e7\u00e3o ou isen\u00e7\u00e3o de IBS\/CBS conforme a LC 214\/2025.<\/p>\n\n\n\n<p>5. Como garantir conformidade antes do prazo?<br>Revise seus cadastros de produtos, integre seus sistemas ao CCG e utilize solu\u00e7\u00f5es fiscais automatizadas que garantam consist\u00eancia e atualiza\u00e7\u00e3o cont\u00ednua dos dados.<\/p>\n","protected":false},"excerpt":{"rendered":"<p>A valida\u00e7\u00e3o do GTIN na Reforma Tribut\u00e1ria se tornou um ponto de aten\u00e7\u00e3o essencial para empresas que comercializam produtos com benef\u00edcios fiscais. Com a publica\u00e7\u00e3o [&hellip;]<\/p>\n","protected":false},"author":3,"featured_media":15644,"comment_status":"open","ping_status":"open","sticky":false,"template":"","format":"standard","meta":{"footnotes":""},"categories":[5,3],"tags":[],"class_list":["post-15643","post","type-post","status-publish","format-standard","has-post-thumbnail","hentry","category-legislacao","category-reforma-tributaria"],"yoast_head":"<!-- This site is optimized with the Yoast SEO plugin v27.0 - https:\/\/yoast.com\/product\/yoast-seo-wordpress\/ -->\n<title>GTIN na Reforma Tribut\u00e1ria: alerta para empresas com al\u00edquota reduzida<\/title>\n<meta name=\"description\" content=\"A obrigatoriedade do GTIN na Reforma Tribut\u00e1ria impactar\u00e1 os produtos do Grupo IV. Entenda as novas regras, impactos e como se preparar.\" \/>\n<meta name=\"robots\" content=\"index, follow, max-snippet:-1, max-image-preview:large, max-video-preview:-1\" \/>\n<link rel=\"canonical\" href=\"https:\/\/site.avalarabrasil.com.br\/reforma-tributaria\/gtin-na-reforma-tributaria\/\" \/>\n<meta property=\"og:locale\" content=\"pt_BR\" \/>\n<meta property=\"og:type\" content=\"article\" \/>\n<meta property=\"og:title\" content=\"GTIN na Reforma Tribut\u00e1ria: alerta para empresas com al\u00edquota reduzida\" \/>\n<meta property=\"og:description\" content=\"A obrigatoriedade do GTIN na Reforma Tribut\u00e1ria impactar\u00e1 os produtos do Grupo IV. Entenda as novas regras, impactos e como se preparar.\" \/>\n<meta property=\"og:url\" content=\"https:\/\/site.avalarabrasil.com.br\/reforma-tributaria\/gtin-na-reforma-tributaria\/\" \/>\n<meta property=\"og:site_name\" content=\"Descomplica Reforma Tribut\u00e1ria\" \/>\n<meta property=\"article:published_time\" content=\"2026-01-21T12:00:00+00:00\" \/>\n<meta property=\"og:image\" content=\"https:\/\/site.avalarabrasil.com.br\/reforma-tributaria\/wp-content\/uploads\/2026\/01\/side-view-woman-office-working-with-laptop-scaled.jpg\" \/>\n\t<meta property=\"og:image:width\" content=\"2560\" \/>\n\t<meta property=\"og:image:height\" content=\"1709\" \/>\n\t<meta property=\"og:image:type\" content=\"image\/jpeg\" \/>\n<meta name=\"author\" content=\"Marianna Moreno\" \/>\n<meta name=\"twitter:card\" content=\"summary_large_image\" \/>\n<meta name=\"twitter:label1\" content=\"Escrito por\" \/>\n\t<meta name=\"twitter:data1\" content=\"Marianna Moreno\" \/>\n\t<meta name=\"twitter:label2\" content=\"Est. tempo de leitura\" \/>\n\t<meta name=\"twitter:data2\" content=\"8 minutos\" \/>\n<script type=\"application\/ld+json\" class=\"yoast-schema-graph\">{\"@context\":\"https:\/\/schema.org\",\"@graph\":[{\"@type\":\"Article\",\"@id\":\"https:\/\/site.avalarabrasil.com.br\/reforma-tributaria\/gtin-na-reforma-tributaria\/#article\",\"isPartOf\":{\"@id\":\"https:\/\/site.avalarabrasil.com.br\/reforma-tributaria\/gtin-na-reforma-tributaria\/\"},\"author\":{\"name\":\"Marianna Moreno\",\"@id\":\"https:\/\/site.avalarabrasil.com.br\/reforma-tributaria\/#\/schema\/person\/bd8270bd11b337a8420d96641bfd1dc7\"},\"headline\":\"GTIN na Reforma Tribut\u00e1ria: alerta para empresas com produtos de al\u00edquota reduzida\",\"datePublished\":\"2026-01-21T12:00:00+00:00\",\"mainEntityOfPage\":{\"@id\":\"https:\/\/site.avalarabrasil.com.br\/reforma-tributaria\/gtin-na-reforma-tributaria\/\"},\"wordCount\":1389,\"commentCount\":0,\"publisher\":{\"@id\":\"https:\/\/site.avalarabrasil.com.br\/reforma-tributaria\/#organization\"},\"image\":{\"@id\":\"https:\/\/site.avalarabrasil.com.br\/reforma-tributaria\/gtin-na-reforma-tributaria\/#primaryimage\"},\"thumbnailUrl\":\"https:\/\/site.avalarabrasil.com.br\/reforma-tributaria\/wp-content\/uploads\/2026\/01\/side-view-woman-office-working-with-laptop-scaled.jpg\",\"articleSection\":[\"Legisla\u00e7\u00e3o\",\"Reforma Tribut\u00e1ria\"],\"inLanguage\":\"pt-BR\",\"potentialAction\":[{\"@type\":\"CommentAction\",\"name\":\"Comment\",\"target\":[\"https:\/\/site.avalarabrasil.com.br\/reforma-tributaria\/gtin-na-reforma-tributaria\/#respond\"]}]},{\"@type\":\"WebPage\",\"@id\":\"https:\/\/site.avalarabrasil.com.br\/reforma-tributaria\/gtin-na-reforma-tributaria\/\",\"url\":\"https:\/\/site.avalarabrasil.com.br\/reforma-tributaria\/gtin-na-reforma-tributaria\/\",\"name\":\"GTIN na Reforma Tribut\u00e1ria: alerta para empresas com al\u00edquota reduzida\",\"isPartOf\":{\"@id\":\"https:\/\/site.avalarabrasil.com.br\/reforma-tributaria\/#website\"},\"primaryImageOfPage\":{\"@id\":\"https:\/\/site.avalarabrasil.com.br\/reforma-tributaria\/gtin-na-reforma-tributaria\/#primaryimage\"},\"image\":{\"@id\":\"https:\/\/site.avalarabrasil.com.br\/reforma-tributaria\/gtin-na-reforma-tributaria\/#primaryimage\"},\"thumbnailUrl\":\"https:\/\/site.avalarabrasil.com.br\/reforma-tributaria\/wp-content\/uploads\/2026\/01\/side-view-woman-office-working-with-laptop-scaled.jpg\",\"datePublished\":\"2026-01-21T12:00:00+00:00\",\"description\":\"A obrigatoriedade do GTIN na Reforma Tribut\u00e1ria impactar\u00e1 os produtos do Grupo IV. Entenda as novas regras, impactos e como se preparar.\",\"breadcrumb\":{\"@id\":\"https:\/\/site.avalarabrasil.com.br\/reforma-tributaria\/gtin-na-reforma-tributaria\/#breadcrumb\"},\"inLanguage\":\"pt-BR\",\"potentialAction\":[{\"@type\":\"ReadAction\",\"target\":[\"https:\/\/site.avalarabrasil.com.br\/reforma-tributaria\/gtin-na-reforma-tributaria\/\"]}]},{\"@type\":\"ImageObject\",\"inLanguage\":\"pt-BR\",\"@id\":\"https:\/\/site.avalarabrasil.com.br\/reforma-tributaria\/gtin-na-reforma-tributaria\/#primaryimage\",\"url\":\"https:\/\/site.avalarabrasil.com.br\/reforma-tributaria\/wp-content\/uploads\/2026\/01\/side-view-woman-office-working-with-laptop-scaled.jpg\",\"contentUrl\":\"https:\/\/site.avalarabrasil.com.br\/reforma-tributaria\/wp-content\/uploads\/2026\/01\/side-view-woman-office-working-with-laptop-scaled.jpg\",\"width\":2560,\"height\":1709,\"caption\":\"gtin-na-reforma-tributaria\"},{\"@type\":\"BreadcrumbList\",\"@id\":\"https:\/\/site.avalarabrasil.com.br\/reforma-tributaria\/gtin-na-reforma-tributaria\/#breadcrumb\",\"itemListElement\":[{\"@type\":\"ListItem\",\"position\":1,\"name\":\"In\u00edcio\",\"item\":\"https:\/\/site.avalarabrasil.com.br\/reforma-tributaria\/\"},{\"@type\":\"ListItem\",\"position\":2,\"name\":\"GTIN na Reforma Tribut\u00e1ria: alerta para empresas com produtos de al\u00edquota reduzida\"}]},{\"@type\":\"WebSite\",\"@id\":\"https:\/\/site.avalarabrasil.com.br\/reforma-tributaria\/#website\",\"url\":\"https:\/\/site.avalarabrasil.com.br\/reforma-tributaria\/\",\"name\":\"Descomplica Reforma Tribut\u00e1ria\",\"description\":\"Entenda o impacto da Reforma Tribut\u00e1ria no seu neg\u00f3cio. No Descomplica Reforma Tribut\u00e1ria, voc\u00ea encontra not\u00edcias, legisla\u00e7\u00e3o e orienta\u00e7\u00f5es pr\u00e1ticas para empresas.\",\"publisher\":{\"@id\":\"https:\/\/site.avalarabrasil.com.br\/reforma-tributaria\/#organization\"},\"alternateName\":\"Reforma Tribut\u00e1ria Avalara\",\"potentialAction\":[{\"@type\":\"SearchAction\",\"target\":{\"@type\":\"EntryPoint\",\"urlTemplate\":\"https:\/\/site.avalarabrasil.com.br\/reforma-tributaria\/?s={search_term_string}\"},\"query-input\":{\"@type\":\"PropertyValueSpecification\",\"valueRequired\":true,\"valueName\":\"search_term_string\"}}],\"inLanguage\":\"pt-BR\"},{\"@type\":\"Organization\",\"@id\":\"https:\/\/site.avalarabrasil.com.br\/reforma-tributaria\/#organization\",\"name\":\"Descomplica Reforma Tribut\u00e1ria\",\"url\":\"https:\/\/site.avalarabrasil.com.br\/reforma-tributaria\/\",\"logo\":{\"@type\":\"ImageObject\",\"inLanguage\":\"pt-BR\",\"@id\":\"https:\/\/site.avalarabrasil.com.br\/reforma-tributaria\/#\/schema\/logo\/image\/\",\"url\":\"https:\/\/site.avalarabrasil.com.br\/reforma-tributaria\/wp-content\/uploads\/2025\/11\/avalara.png\",\"contentUrl\":\"https:\/\/site.avalarabrasil.com.br\/reforma-tributaria\/wp-content\/uploads\/2025\/11\/avalara.png\",\"width\":1200,\"height\":675,\"caption\":\"Descomplica Reforma Tribut\u00e1ria\"},\"image\":{\"@id\":\"https:\/\/site.avalarabrasil.com.br\/reforma-tributaria\/#\/schema\/logo\/image\/\"}},{\"@type\":\"Person\",\"@id\":\"https:\/\/site.avalarabrasil.com.br\/reforma-tributaria\/#\/schema\/person\/bd8270bd11b337a8420d96641bfd1dc7\",\"name\":\"Marianna Moreno\",\"image\":{\"@type\":\"ImageObject\",\"inLanguage\":\"pt-BR\",\"@id\":\"https:\/\/site.avalarabrasil.com.br\/reforma-tributaria\/#\/schema\/person\/image\/\",\"url\":\"https:\/\/site.avalarabrasil.com.br\/reforma-tributaria\/wp-content\/litespeed\/avatar\/72c8d539496a030c90c8f6dceaf836cc.jpg?ver=1777396390\",\"contentUrl\":\"https:\/\/site.avalarabrasil.com.br\/reforma-tributaria\/wp-content\/litespeed\/avatar\/72c8d539496a030c90c8f6dceaf836cc.jpg?ver=1777396390\",\"caption\":\"Marianna Moreno\"},\"url\":\"https:\/\/site.avalarabrasil.com.br\/reforma-tributaria\/author\/marianna-moreno\/\"}]}<\/script>\n<!-- \/ Yoast SEO plugin. -->","yoast_head_json":{"title":"GTIN na Reforma Tribut\u00e1ria: alerta para empresas com al\u00edquota reduzida","description":"A obrigatoriedade do GTIN na Reforma Tribut\u00e1ria impactar\u00e1 os produtos do Grupo IV. Entenda as novas regras, impactos e como se preparar.","robots":{"index":"index","follow":"follow","max-snippet":"max-snippet:-1","max-image-preview":"max-image-preview:large","max-video-preview":"max-video-preview:-1"},"canonical":"https:\/\/site.avalarabrasil.com.br\/reforma-tributaria\/gtin-na-reforma-tributaria\/","og_locale":"pt_BR","og_type":"article","og_title":"GTIN na Reforma Tribut\u00e1ria: alerta para empresas com al\u00edquota reduzida","og_description":"A obrigatoriedade do GTIN na Reforma Tribut\u00e1ria impactar\u00e1 os produtos do Grupo IV. Entenda as novas regras, impactos e como se preparar.","og_url":"https:\/\/site.avalarabrasil.com.br\/reforma-tributaria\/gtin-na-reforma-tributaria\/","og_site_name":"Descomplica Reforma Tribut\u00e1ria","article_published_time":"2026-01-21T12:00:00+00:00","og_image":[{"width":2560,"height":1709,"url":"https:\/\/site.avalarabrasil.com.br\/reforma-tributaria\/wp-content\/uploads\/2026\/01\/side-view-woman-office-working-with-laptop-scaled.jpg","type":"image\/jpeg"}],"author":"Marianna Moreno","twitter_card":"summary_large_image","twitter_misc":{"Escrito por":"Marianna Moreno","Est. tempo de leitura":"8 minutos"},"schema":{"@context":"https:\/\/schema.org","@graph":[{"@type":"Article","@id":"https:\/\/site.avalarabrasil.com.br\/reforma-tributaria\/gtin-na-reforma-tributaria\/#article","isPartOf":{"@id":"https:\/\/site.avalarabrasil.com.br\/reforma-tributaria\/gtin-na-reforma-tributaria\/"},"author":{"name":"Marianna Moreno","@id":"https:\/\/site.avalarabrasil.com.br\/reforma-tributaria\/#\/schema\/person\/bd8270bd11b337a8420d96641bfd1dc7"},"headline":"GTIN na Reforma Tribut\u00e1ria: alerta para empresas com produtos de al\u00edquota reduzida","datePublished":"2026-01-21T12:00:00+00:00","mainEntityOfPage":{"@id":"https:\/\/site.avalarabrasil.com.br\/reforma-tributaria\/gtin-na-reforma-tributaria\/"},"wordCount":1389,"commentCount":0,"publisher":{"@id":"https:\/\/site.avalarabrasil.com.br\/reforma-tributaria\/#organization"},"image":{"@id":"https:\/\/site.avalarabrasil.com.br\/reforma-tributaria\/gtin-na-reforma-tributaria\/#primaryimage"},"thumbnailUrl":"https:\/\/site.avalarabrasil.com.br\/reforma-tributaria\/wp-content\/uploads\/2026\/01\/side-view-woman-office-working-with-laptop-scaled.jpg","articleSection":["Legisla\u00e7\u00e3o","Reforma Tribut\u00e1ria"],"inLanguage":"pt-BR","potentialAction":[{"@type":"CommentAction","name":"Comment","target":["https:\/\/site.avalarabrasil.com.br\/reforma-tributaria\/gtin-na-reforma-tributaria\/#respond"]}]},{"@type":"WebPage","@id":"https:\/\/site.avalarabrasil.com.br\/reforma-tributaria\/gtin-na-reforma-tributaria\/","url":"https:\/\/site.avalarabrasil.com.br\/reforma-tributaria\/gtin-na-reforma-tributaria\/","name":"GTIN na Reforma Tribut\u00e1ria: alerta para empresas com al\u00edquota reduzida","isPartOf":{"@id":"https:\/\/site.avalarabrasil.com.br\/reforma-tributaria\/#website"},"primaryImageOfPage":{"@id":"https:\/\/site.avalarabrasil.com.br\/reforma-tributaria\/gtin-na-reforma-tributaria\/#primaryimage"},"image":{"@id":"https:\/\/site.avalarabrasil.com.br\/reforma-tributaria\/gtin-na-reforma-tributaria\/#primaryimage"},"thumbnailUrl":"https:\/\/site.avalarabrasil.com.br\/reforma-tributaria\/wp-content\/uploads\/2026\/01\/side-view-woman-office-working-with-laptop-scaled.jpg","datePublished":"2026-01-21T12:00:00+00:00","description":"A obrigatoriedade do GTIN na Reforma Tribut\u00e1ria impactar\u00e1 os produtos do Grupo IV. Entenda as novas regras, impactos e como se preparar.","breadcrumb":{"@id":"https:\/\/site.avalarabrasil.com.br\/reforma-tributaria\/gtin-na-reforma-tributaria\/#breadcrumb"},"inLanguage":"pt-BR","potentialAction":[{"@type":"ReadAction","target":["https:\/\/site.avalarabrasil.com.br\/reforma-tributaria\/gtin-na-reforma-tributaria\/"]}]},{"@type":"ImageObject","inLanguage":"pt-BR","@id":"https:\/\/site.avalarabrasil.com.br\/reforma-tributaria\/gtin-na-reforma-tributaria\/#primaryimage","url":"https:\/\/site.avalarabrasil.com.br\/reforma-tributaria\/wp-content\/uploads\/2026\/01\/side-view-woman-office-working-with-laptop-scaled.jpg","contentUrl":"https:\/\/site.avalarabrasil.com.br\/reforma-tributaria\/wp-content\/uploads\/2026\/01\/side-view-woman-office-working-with-laptop-scaled.jpg","width":2560,"height":1709,"caption":"gtin-na-reforma-tributaria"},{"@type":"BreadcrumbList","@id":"https:\/\/site.avalarabrasil.com.br\/reforma-tributaria\/gtin-na-reforma-tributaria\/#breadcrumb","itemListElement":[{"@type":"ListItem","position":1,"name":"In\u00edcio","item":"https:\/\/site.avalarabrasil.com.br\/reforma-tributaria\/"},{"@type":"ListItem","position":2,"name":"GTIN na Reforma Tribut\u00e1ria: alerta para empresas com produtos de al\u00edquota reduzida"}]},{"@type":"WebSite","@id":"https:\/\/site.avalarabrasil.com.br\/reforma-tributaria\/#website","url":"https:\/\/site.avalarabrasil.com.br\/reforma-tributaria\/","name":"Descomplica Reforma Tribut\u00e1ria","description":"Entenda o impacto da Reforma Tribut\u00e1ria no seu neg\u00f3cio. No Descomplica Reforma Tribut\u00e1ria, voc\u00ea encontra not\u00edcias, legisla\u00e7\u00e3o e orienta\u00e7\u00f5es pr\u00e1ticas para empresas.","publisher":{"@id":"https:\/\/site.avalarabrasil.com.br\/reforma-tributaria\/#organization"},"alternateName":"Reforma Tribut\u00e1ria Avalara","potentialAction":[{"@type":"SearchAction","target":{"@type":"EntryPoint","urlTemplate":"https:\/\/site.avalarabrasil.com.br\/reforma-tributaria\/?s={search_term_string}"},"query-input":{"@type":"PropertyValueSpecification","valueRequired":true,"valueName":"search_term_string"}}],"inLanguage":"pt-BR"},{"@type":"Organization","@id":"https:\/\/site.avalarabrasil.com.br\/reforma-tributaria\/#organization","name":"Descomplica Reforma Tribut\u00e1ria","url":"https:\/\/site.avalarabrasil.com.br\/reforma-tributaria\/","logo":{"@type":"ImageObject","inLanguage":"pt-BR","@id":"https:\/\/site.avalarabrasil.com.br\/reforma-tributaria\/#\/schema\/logo\/image\/","url":"https:\/\/site.avalarabrasil.com.br\/reforma-tributaria\/wp-content\/uploads\/2025\/11\/avalara.png","contentUrl":"https:\/\/site.avalarabrasil.com.br\/reforma-tributaria\/wp-content\/uploads\/2025\/11\/avalara.png","width":1200,"height":675,"caption":"Descomplica Reforma Tribut\u00e1ria"},"image":{"@id":"https:\/\/site.avalarabrasil.com.br\/reforma-tributaria\/#\/schema\/logo\/image\/"}},{"@type":"Person","@id":"https:\/\/site.avalarabrasil.com.br\/reforma-tributaria\/#\/schema\/person\/bd8270bd11b337a8420d96641bfd1dc7","name":"Marianna Moreno","image":{"@type":"ImageObject","inLanguage":"pt-BR","@id":"https:\/\/site.avalarabrasil.com.br\/reforma-tributaria\/#\/schema\/person\/image\/","url":"https:\/\/site.avalarabrasil.com.br\/reforma-tributaria\/wp-content\/litespeed\/avatar\/72c8d539496a030c90c8f6dceaf836cc.jpg?ver=1777396390","contentUrl":"https:\/\/site.avalarabrasil.com.br\/reforma-tributaria\/wp-content\/litespeed\/avatar\/72c8d539496a030c90c8f6dceaf836cc.jpg?ver=1777396390","caption":"Marianna Moreno"},"url":"https:\/\/site.avalarabrasil.com.br\/reforma-tributaria\/author\/marianna-moreno\/"}]}},"_links":{"self":[{"href":"https:\/\/site.avalarabrasil.com.br\/reforma-tributaria\/wp-json\/wp\/v2\/posts\/15643","targetHints":{"allow":["GET"]}}],"collection":[{"href":"https:\/\/site.avalarabrasil.com.br\/reforma-tributaria\/wp-json\/wp\/v2\/posts"}],"about":[{"href":"https:\/\/site.avalarabrasil.com.br\/reforma-tributaria\/wp-json\/wp\/v2\/types\/post"}],"author":[{"embeddable":true,"href":"https:\/\/site.avalarabrasil.com.br\/reforma-tributaria\/wp-json\/wp\/v2\/users\/3"}],"replies":[{"embeddable":true,"href":"https:\/\/site.avalarabrasil.com.br\/reforma-tributaria\/wp-json\/wp\/v2\/comments?post=15643"}],"version-history":[{"count":1,"href":"https:\/\/site.avalarabrasil.com.br\/reforma-tributaria\/wp-json\/wp\/v2\/posts\/15643\/revisions"}],"predecessor-version":[{"id":15645,"href":"https:\/\/site.avalarabrasil.com.br\/reforma-tributaria\/wp-json\/wp\/v2\/posts\/15643\/revisions\/15645"}],"wp:featuredmedia":[{"embeddable":true,"href":"https:\/\/site.avalarabrasil.com.br\/reforma-tributaria\/wp-json\/wp\/v2\/media\/15644"}],"wp:attachment":[{"href":"https:\/\/site.avalarabrasil.com.br\/reforma-tributaria\/wp-json\/wp\/v2\/media?parent=15643"}],"wp:term":[{"taxonomy":"category","embeddable":true,"href":"https:\/\/site.avalarabrasil.com.br\/reforma-tributaria\/wp-json\/wp\/v2\/categories?post=15643"},{"taxonomy":"post_tag","embeddable":true,"href":"https:\/\/site.avalarabrasil.com.br\/reforma-tributaria\/wp-json\/wp\/v2\/tags?post=15643"}],"curies":[{"name":"wp","href":"https:\/\/api.w.org\/{rel}","templated":true}]}}