{"id":15655,"date":"2026-01-23T14:06:29","date_gmt":"2026-01-23T17:06:29","guid":{"rendered":"https:\/\/site.avalarabrasil.com.br\/reforma-tributaria\/?p=15655"},"modified":"2026-01-23T14:06:29","modified_gmt":"2026-01-23T17:06:29","slug":"lei-complementar-227-2026-reforma-tributaria-consumo","status":"publish","type":"post","link":"https:\/\/site.avalarabrasil.com.br\/reforma-tributaria\/lei-complementar-227-2026-reforma-tributaria-consumo\/","title":{"rendered":"Lei Complementar 227\/2026 e a consolida\u00e7\u00e3o da Reforma Tribut\u00e1ria do Consumo"},"content":{"rendered":"\n<p>A publica\u00e7\u00e3o da Lei Complementar n\u00ba 227\/2026, no dia 14 de janeiro de 2026, marca um novo est\u00e1gio da Reforma Tribut\u00e1ria sobre o Consumo no Brasil. Ap\u00f3s a promulga\u00e7\u00e3o da Emenda Constitucional n\u00ba 132\/2023 e a edi\u00e7\u00e3o da Lei Complementar n\u00ba 214\/2025, o pa\u00eds avan\u00e7a para uma fase de consolida\u00e7\u00e3o normativa e prepara\u00e7\u00e3o operacional dos novos tributos, especialmente o Imposto sobre Bens e Servi\u00e7os (IBS) e a Contribui\u00e7\u00e3o Social sobre Bens e Servi\u00e7os (CBS).<\/p>\n\n\n\n<p>A LC 227\/2026 n\u00e3o apenas institui formalmente o Comit\u00ea Gestor do IBS, como tamb\u00e9m estabelece regras centrais para o processo administrativo tribut\u00e1rio, a distribui\u00e7\u00e3o da arrecada\u00e7\u00e3o entre os entes federativos e a uniformiza\u00e7\u00e3o de normas relativas ao ITCMD. Trata-se de uma norma estruturante, com efeitos diretos sobre a gest\u00e3o tribut\u00e1ria de empresas, estados e munic\u00edpios.<\/p>\n\n\n\n<h2 class=\"wp-block-heading\">O contexto da LC 227\/2026 dentro da Reforma Tribut\u00e1ria<\/h2>\n\n\n\n<p>A Reforma Tribut\u00e1ria do Consumo foi desenhada para substituir um sistema fragmentado por um modelo mais uniforme, transparente e alinhado \u00e0s melhores pr\u00e1ticas internacionais. A Emenda Constitucional n\u00ba 132\/2023 delegou ao legislador complementar a tarefa de detalhar o funcionamento dos novos tributos e suas estruturas de governan\u00e7a.<\/p>\n\n\n\n<h3 class=\"wp-block-heading\">Da Emenda Constitucional 132\/2023 \u00e0 estrutura\u00e7\u00e3o infraconstitucional<\/h3>\n\n\n\n<p>Com a edi\u00e7\u00e3o da LC 214\/2025, foram institu\u00eddos o IBS, a CBS e o Imposto Seletivo, al\u00e9m da cria\u00e7\u00e3o inicial do Comit\u00ea Gestor do IBS. A Lei Complementar 227\/2026 surge como a segunda etapa desse processo, aprofundando aspectos operacionais e institucionais que n\u00e3o poderiam permanecer indefinidos em um modelo de tributa\u00e7\u00e3o compartilhada.<\/p>\n\n\n\n<h2 class=\"wp-block-heading\">Principais avan\u00e7os trazidos pela Lei Complementar 227\/2026<\/h2>\n\n\n\n<p>A LC 227\/2026 traz avan\u00e7os relevantes ao detalhar a governan\u00e7a do IBS e estabelecer regras claras para o contencioso administrativo, reduzindo assimetrias interpretativas entre estados e munic\u00edpios.<\/p>\n\n\n\n<h3 class=\"wp-block-heading\">Cria\u00e7\u00e3o e estrutura do Comit\u00ea Gestor do IBS (CGIBS)<\/h3>\n\n\n\n<p>O Comit\u00ea Gestor do IBS passa a ser a entidade respons\u00e1vel pela administra\u00e7\u00e3o do imposto, com compet\u00eancia nacional e composi\u00e7\u00e3o parit\u00e1ria entre representantes dos estados, do Distrito Federal e dos munic\u00edpios. Essa estrutura busca assegurar equil\u00edbrio federativo e decis\u00f5es colegiadas em um tributo de compet\u00eancia compartilhada.<\/p>\n\n\n\n<h3 class=\"wp-block-heading\">Processo administrativo do IBS e uniformiza\u00e7\u00e3o de entendimentos<\/h3>\n\n\n\n<p>A Lei Complementar n\u00ba 227\/2026 organiza o processo administrativo do IBS em tr\u00eas inst\u00e2ncias. As C\u00e2maras de Julgamento, como primeira inst\u00e2ncia, analisam impugna\u00e7\u00f5es ao lan\u00e7amento, enquanto as C\u00e2maras Recursais apreciam recursos volunt\u00e1rios e de of\u00edcio, ambas com composi\u00e7\u00e3o parit\u00e1ria entre Estados, Distrito Federal e Munic\u00edpios, conforme o caso. O pedido de retifica\u00e7\u00e3o pode ser apreciado em qualquer uma das inst\u00e2ncias, nos termos do artigo 80. A C\u00e2mara Superior do IBS atua como \u00f3rg\u00e3o nacional de uniformiza\u00e7\u00e3o, respons\u00e1vel pela consolida\u00e7\u00e3o de entendimentos e pela edi\u00e7\u00e3o de provimentos vinculantes.<\/p>\n\n\n\n<h2 class=\"wp-block-heading\">Impactos da LC 227\/2026 sobre tributos patrimoniais<\/h2>\n\n\n\n<p>Al\u00e9m do IBS e da CBS, a LC 227\/2026 consolida normas gerais relativas ao ITCMD e define par\u00e2metros relevantes para o ITBI, trazendo maior previsibilidade jur\u00eddica.<\/p>\n\n\n\n<h3 class=\"wp-block-heading\">Novas regras gerais do ITCMD<\/h3>\n\n\n\n<p>O ITCMD passa a observar normas gerais de alcance nacional quanto ao fato gerador, ao momento de sua ocorr\u00eancia, \u00e0s hip\u00f3teses de imunidade e \u00e0 base de c\u00e1lculo. A Lei Complementar n\u00ba 227\/2026 define que o imposto incide sobre o valor de mercado do bem ou direito transmitido e prev\u00ea hip\u00f3teses de n\u00e3o incid\u00eancia, entre as quais se incluem benef\u00edcios decorrentes de contratos de previd\u00eancia complementar, seguros, pec\u00falios e neg\u00f3cios jur\u00eddicos onerosos com elementos de aleatoriedade, ainda que o benefici\u00e1rio seja terceiro.<\/p>\n\n\n\n<h3 class=\"wp-block-heading\">Defini\u00e7\u00e3o do fato gerador e base de c\u00e1lculo do ITBI<\/h3>\n\n\n\n<p>No caso do ITBI, a LC 227\/2026 define como fato gerador a celebra\u00e7\u00e3o do ato oneroso e conceitua valor venal como aquele praticado \u00e0 vista, em condi\u00e7\u00f5es normais de mercado. Apesar disso, foi vetada a possibilidade de uniformiza\u00e7\u00e3o nacional do momento exato da incid\u00eancia, preservando diverg\u00eancias municipais j\u00e1 existentes.<\/p>\n\n\n\n<h2 class=\"wp-block-heading\">Vetos presidenciais e seus efeitos pr\u00e1ticos<\/h2>\n\n\n\n<p>A vers\u00e3o final da LC 227\/2026 apresenta diferen\u00e7as relevantes em rela\u00e7\u00e3o ao texto aprovado pelo Congresso, em raz\u00e3o de vetos presidenciais fundamentados em contrariedade ao interesse p\u00fablico.<\/p>\n\n\n\n<h3 class=\"wp-block-heading\">Programas de fidelidade, SAFs e Zona Franca de Manaus<\/h3>\n\n\n\n<p>Entre os vetos, destaca-se a exclus\u00e3o dos pontos de programas de fidelidade da base de c\u00e1lculo do IBS e da CBS, evitando tributa\u00e7\u00e3o sobre benef\u00edcios concedidos de forma n\u00e3o onerosa.&nbsp;<\/p>\n\n\n\n<p>No caso das Sociedades An\u00f4nimas de Futebol, foi vetada a redu\u00e7\u00e3o da al\u00edquota dos tributos federais unificados de 4% para 3%, mantendo-se, portanto, o percentual originalmente previsto. Tamb\u00e9m foi vetada a exclus\u00e3o das receitas decorrentes da cess\u00e3o de direitos desportivos da base de c\u00e1lculo aplic\u00e1vel ao regime das SAFs.<\/p>\n\n\n\n<p>Na Zona Franca de Manaus, o veto presidencial recaiu sobre o dispositivo que atribu\u00eda ao Conselho de Administra\u00e7\u00e3o da Suframa a compet\u00eancia para regulamentar o incidente de verifica\u00e7\u00e3o do cumprimento do processo produtivo b\u00e1sico e de outros compromissos assumidos pelos contribuintes, preservando a atua\u00e7\u00e3o das administra\u00e7\u00f5es tribut\u00e1rias competentes.<\/p>\n\n\n\n<p>O veto presidencial alcan\u00e7ou exclusivamente o acr\u00e9scimo que pretendia incluir, entre os alimentos destinados ao consumo humano com redu\u00e7\u00e3o de 60% das al\u00edquotas do IBS e da CBS, os alimentos l\u00edquidos naturais produzidos \u00e0 base de vegetais, cereais, frutas, leguminosas, oleaginosas e tub\u00e9rculos, ainda que mistos. Permanece vigente, contudo, o item 2 do Anexo VII da Lei Complementar n\u00ba 214\/2025, que mant\u00e9m o benef\u00edcio para leite fermentado, bebidas e compostos l\u00e1cteos, desde que atendidos os requisitos da legisla\u00e7\u00e3o espec\u00edfica e observada a classifica\u00e7\u00e3o nos c\u00f3digos NCM\/SH 0403.20.00, 0403.90.00 e 2202.99.00.<\/p>\n\n\n\n<h2 class=\"wp-block-heading\">Altera\u00e7\u00f5es na Lei Complementar 214\/2025<\/h2>\n\n\n\n<p>A LC 227\/2026 promove ajustes pontuais na LC 214\/2025, com reflexos diretos sobre o funcionamento do IBS, da CBS e do Imposto Seletivo, refor\u00e7ando a coer\u00eancia normativa do novo sistema.<\/p>\n\n\n\n<h3 class=\"wp-block-heading\">Ajustes no IBS, CBS e Imposto Seletivo<\/h3>\n\n\n\n<p>A Lei Complementar n\u00ba 227\/2026 promove ajustes relevantes em benef\u00edcios fiscais previstos no novo modelo de tributa\u00e7\u00e3o sobre o consumo, incluindo medicamentos, regimes diferenciados e regras espec\u00edficas aplic\u00e1veis ao Imposto Seletivo. No caso dos medicamentos, a norma atribui ao Minist\u00e9rio da Fazenda e ao Comit\u00ea Gestor do IBS a responsabilidade de publicar, a cada 120 dias, mediante consulta ao Minist\u00e9rio da Sa\u00fade, a rela\u00e7\u00e3o de produtos sujeitos \u00e0 redu\u00e7\u00e3o a zero das al\u00edquotas do IBS e da CBS.&nbsp;<\/p>\n\n\n\n<p>O benef\u00edcio abrange f\u00e1rmacos destinados ao tratamento de doen\u00e7as raras ou negligenciadas, condi\u00e7\u00f5es oncol\u00f3gicas, diabetes, aids\/HIV e outras infec\u00e7\u00f5es sexualmente transmiss\u00edveis, doen\u00e7as cardiovasculares, al\u00e9m daqueles inclu\u00eddos no Programa Farm\u00e1cia Popular do Brasil ou em iniciativas equivalentes.&nbsp;<\/p>\n\n\n\n<p>No \u00e2mbito do Imposto Seletivo, a Lei Complementar n\u00ba 227\/2026 promove ajustes pontuais em sua base de c\u00e1lculo, com destaque para as seguintes altera\u00e7\u00f5es:<\/p>\n\n\n\n<ul class=\"wp-block-list\">\n<li>amplia\u00e7\u00e3o da hip\u00f3tese de incid\u00eancia sobre produtos fum\u00edgenos, que passa a abranger tanto a comercializa\u00e7\u00e3o quanto a importa\u00e7\u00e3o;<\/li>\n\n\n\n<li>inclus\u00e3o da regra geral segundo a qual, nas demais hip\u00f3teses, a base de c\u00e1lculo corresponder\u00e1 ao valor de mercado do bem.<\/li>\n<\/ul>\n\n\n\n<p>A aplica\u00e7\u00e3o operacional do tributo permanece condicionada \u00e0 edi\u00e7\u00e3o de atos infralegais.<\/p>\n\n\n\n<h2 class=\"wp-block-heading\">Pr\u00f3ximos passos da Reforma Tribut\u00e1ria&nbsp;<\/h2>\n\n\n\n<p>Com a san\u00e7\u00e3o da Lei Complementar n\u00ba 227\/2026, a Reforma Tribut\u00e1ria avan\u00e7a para uma etapa voltada \u00e0 edi\u00e7\u00e3o de normas infralegais e \u00e0 implementa\u00e7\u00e3o dos recursos tecnol\u00f3gicos necess\u00e1rios \u00e0 aplica\u00e7\u00e3o pr\u00e1tica do novo modelo tribut\u00e1rio.<\/p>\n\n\n\n<p>A Lei Complementar n\u00ba 227\/2026 institui o Programa Nacional de Conformidade Tribut\u00e1ria (PNCT), voltado \u00e0 integra\u00e7\u00e3o dos regimes de conformidade do IBS e da CBS, com o objetivo de promover seguran\u00e7a jur\u00eddica, previsibilidade, transpar\u00eancia e o aprimoramento da rela\u00e7\u00e3o entre as administra\u00e7\u00f5es tribut\u00e1rias e os contribuintes. A iniciativa refor\u00e7a o papel da tecnologia e da padroniza\u00e7\u00e3o de processos na nova estrutura tribut\u00e1ria, ampliando a necessidade de automa\u00e7\u00e3o e integra\u00e7\u00e3o de dados fiscais pelas empresas.<\/p>\n\n\n\n<h2 class=\"wp-block-heading\">O que empresas precisam observar desde j\u00e1<\/h2>\n\n\n\n<p>Empresas de todos os portes precisam avaliar impactos operacionais, revisar processos fiscais e investir em solu\u00e7\u00f5es tecnol\u00f3gicas capazes de lidar com a complexidade do IBS, da CBS e das novas regras de governan\u00e7a tribut\u00e1ria.<\/p>\n\n\n\n<h2 class=\"wp-block-heading\">Como a Avalara apoia sua empresa na Reforma Tribut\u00e1ria<\/h2>\n\n\n\n<p>A Lei Complementar 227\/2026 representa um marco na transi\u00e7\u00e3o da Reforma Tribut\u00e1ria do Consumo do plano normativo para o operacional. Ao definir estruturas, processos e compet\u00eancias, a norma amplia a previsibilidade, mas tamb\u00e9m exige preparo t\u00e9cnico e tecnol\u00f3gico das empresas para um ambiente tribut\u00e1rio mais integrado e din\u00e2mico.<\/p>\n\n\n\n<p>A Avalara oferece um portf\u00f3lio completo de solu\u00e7\u00f5es para ajudar sua empresa a enfrentar essa transi\u00e7\u00e3o com seguran\u00e7a e efici\u00eancia. Desde o c\u00e1lculo automatizado de tributos com o AvaTax Brasil, passando pela Mensageria DFe integrada ao novo modelo do IVA, at\u00e9 a centraliza\u00e7\u00e3o das obriga\u00e7\u00f5es com o Tax Compliance e o controle operacional com o Tax Central, nossas tecnologias permitem que sua empresa mantenha conformidade e reduza riscos em todas as etapas do processo.<\/p>\n\n\n\n<p>Al\u00e9m disso, o nosso servi\u00e7o de BPO Fiscal atua como uma extens\u00e3o da sua \u00e1rea tribut\u00e1ria, oferecendo suporte estrat\u00e9gico e operacional cont\u00ednuo para lidar com as exig\u00eancias do novo sistema.&nbsp;<\/p>\n\n\n\n<p>Fale com a Avalara e conte com quem entende de tecnologia, inova\u00e7\u00e3o e compliance fiscal.<\/p>\n\n\n\n<style>\n  .custom-button {\n    font-family: Arial, sans-serif;\n    background-color: #FA6400; \/* Laranja Avalara *\/\n    color: #ffffff;\n    border: none;\n    border-radius: 20px;\n    padding: 12px 24px;\n    font-size: 14px;\n    font-weight: bold;\n    text-align: center;\n    letter-spacing: normal;\n    display: inline-block;\n    text-decoration: none;\n    width: fit-content;\n    margin: 0 auto;\n    transition: background-color 0.3s ease, transform 0.2s ease;\n  }\n\n  .custom-button:hover {\n    background-color: #d95500; \/* tom um pouco mais escuro no hover *\/\n    transform: translateY(-2px);\n  }\n\n  .button-container {\n    text-align: center;\n  }\n<\/style>\n\n<div class=\"button-container\">\n  <a href=\"https:\/\/www.avalara.com\/br\/pt\/index.html?ref=descomplica-reforma-tributaria\" class=\"custom-button\">\n    \u3164Saiba mais\u3164\n  <\/a>\n<\/div>\n\n\n\n<h2 class=\"wp-block-heading\">Perguntas frequentes sobre a Lei Complementar 227\/2026<\/h2>\n\n\n\n<p><strong>1. A LC 227\/2026 cria novos tributos?<\/strong><\/p>\n\n\n\n<p>N\u00e3o. A lei detalha e organiza aspectos institucionais e procedimentais dos tributos j\u00e1 previstos na Constitui\u00e7\u00e3o Federal e na Lei Complementar n\u00ba 214\/2025, permanecendo a regulamenta\u00e7\u00e3o operacional dependente de atos infralegais.<\/p>\n\n\n\n<p><strong>2. O que muda no contencioso do IBS?<\/strong><\/p>\n\n\n\n<p>Passa a existir um processo administrativo nacional, com inst\u00e2ncias bem definidas e \u00f3rg\u00e3o de uniformiza\u00e7\u00e3o.<\/p>\n\n\n\n<p><strong>3. Programas de fidelidade ser\u00e3o tributados?<\/strong><\/p>\n\n\n\n<p>N\u00e3o. Os pontos concedidos de forma n\u00e3o onerosa ficaram fora da base de c\u00e1lculo do IBS e da CBS.<\/p>\n\n\n\n<p><strong>4. O ITCMD passa a ter regras nacionais?<\/strong><\/p>\n\n\n\n<p>Sim. A lei estabelece normas gerais aplic\u00e1veis a todos os estados e ao Distrito Federal.<\/p>\n\n\n\n<p><strong>5. Empresas j\u00e1 precisam se adequar?<\/strong><\/p>\n\n\n\n<p>Sim. Apesar da transi\u00e7\u00e3o gradual, o planejamento deve come\u00e7ar agora.<\/p>\n","protected":false},"excerpt":{"rendered":"<p>A publica\u00e7\u00e3o da Lei Complementar n\u00ba 227\/2026, no dia 14 de janeiro de 2026, marca um novo est\u00e1gio da Reforma Tribut\u00e1ria sobre o Consumo no [&hellip;]<\/p>\n","protected":false},"author":3,"featured_media":15656,"comment_status":"open","ping_status":"open","sticky":false,"template":"","format":"standard","meta":{"footnotes":""},"categories":[3],"tags":[23],"class_list":["post-15655","post","type-post","status-publish","format-standard","has-post-thumbnail","hentry","category-reforma-tributaria","tag-destaque"],"yoast_head":"<!-- This site is optimized with the Yoast SEO plugin v27.0 - https:\/\/yoast.com\/product\/yoast-seo-wordpress\/ -->\n<title>Lei Complementar 227\/2026 e a consolida\u00e7\u00e3o da Reforma Tribut\u00e1ria do Consumo - Descomplica Reforma Tribut\u00e1ria<\/title>\n<meta name=\"description\" content=\"Veja o que muda com a Lei Complementar 227\/2026, que regulamenta o IBS, define o Comit\u00ea Gestor, altera regras do ITCMD e avan\u00e7a na Reforma Tribut\u00e1ria.\" \/>\n<meta name=\"robots\" content=\"index, follow, max-snippet:-1, max-image-preview:large, max-video-preview:-1\" \/>\n<link rel=\"canonical\" href=\"https:\/\/site.avalarabrasil.com.br\/reforma-tributaria\/lei-complementar-227-2026-reforma-tributaria-consumo\/\" \/>\n<meta property=\"og:locale\" content=\"pt_BR\" \/>\n<meta property=\"og:type\" content=\"article\" \/>\n<meta property=\"og:title\" content=\"Lei Complementar 227\/2026 e a consolida\u00e7\u00e3o da Reforma Tribut\u00e1ria do Consumo - Descomplica Reforma Tribut\u00e1ria\" \/>\n<meta property=\"og:description\" content=\"Veja o que muda com a Lei Complementar 227\/2026, que regulamenta o IBS, define o Comit\u00ea Gestor, altera regras do ITCMD e avan\u00e7a na Reforma Tribut\u00e1ria.\" \/>\n<meta property=\"og:url\" content=\"https:\/\/site.avalarabrasil.com.br\/reforma-tributaria\/lei-complementar-227-2026-reforma-tributaria-consumo\/\" \/>\n<meta property=\"og:site_name\" content=\"Descomplica Reforma Tribut\u00e1ria\" \/>\n<meta property=\"article:published_time\" content=\"2026-01-23T17:06:29+00:00\" \/>\n<meta property=\"og:image\" content=\"https:\/\/site.avalarabrasil.com.br\/reforma-tributaria\/wp-content\/uploads\/2026\/01\/director-signing-documents-with-fashion-pen-high-quality-photo-scaled.jpg\" \/>\n\t<meta property=\"og:image:width\" content=\"2560\" \/>\n\t<meta property=\"og:image:height\" content=\"1707\" \/>\n\t<meta property=\"og:image:type\" content=\"image\/jpeg\" \/>\n<meta name=\"author\" content=\"Marianna Moreno\" \/>\n<meta name=\"twitter:card\" content=\"summary_large_image\" \/>\n<meta name=\"twitter:label1\" content=\"Escrito por\" \/>\n\t<meta name=\"twitter:data1\" content=\"Marianna Moreno\" \/>\n\t<meta name=\"twitter:label2\" content=\"Est. tempo de leitura\" \/>\n\t<meta name=\"twitter:data2\" content=\"9 minutos\" \/>\n<script type=\"application\/ld+json\" class=\"yoast-schema-graph\">{\"@context\":\"https:\/\/schema.org\",\"@graph\":[{\"@type\":\"Article\",\"@id\":\"https:\/\/site.avalarabrasil.com.br\/reforma-tributaria\/lei-complementar-227-2026-reforma-tributaria-consumo\/#article\",\"isPartOf\":{\"@id\":\"https:\/\/site.avalarabrasil.com.br\/reforma-tributaria\/lei-complementar-227-2026-reforma-tributaria-consumo\/\"},\"author\":{\"name\":\"Marianna Moreno\",\"@id\":\"https:\/\/site.avalarabrasil.com.br\/reforma-tributaria\/#\/schema\/person\/bd8270bd11b337a8420d96641bfd1dc7\"},\"headline\":\"Lei Complementar 227\/2026 e a consolida\u00e7\u00e3o da Reforma Tribut\u00e1ria do Consumo\",\"datePublished\":\"2026-01-23T17:06:29+00:00\",\"mainEntityOfPage\":{\"@id\":\"https:\/\/site.avalarabrasil.com.br\/reforma-tributaria\/lei-complementar-227-2026-reforma-tributaria-consumo\/\"},\"wordCount\":1760,\"commentCount\":0,\"publisher\":{\"@id\":\"https:\/\/site.avalarabrasil.com.br\/reforma-tributaria\/#organization\"},\"image\":{\"@id\":\"https:\/\/site.avalarabrasil.com.br\/reforma-tributaria\/lei-complementar-227-2026-reforma-tributaria-consumo\/#primaryimage\"},\"thumbnailUrl\":\"https:\/\/site.avalarabrasil.com.br\/reforma-tributaria\/wp-content\/uploads\/2026\/01\/director-signing-documents-with-fashion-pen-high-quality-photo-scaled.jpg\",\"keywords\":[\"destaque\"],\"articleSection\":[\"Reforma Tribut\u00e1ria\"],\"inLanguage\":\"pt-BR\",\"potentialAction\":[{\"@type\":\"CommentAction\",\"name\":\"Comment\",\"target\":[\"https:\/\/site.avalarabrasil.com.br\/reforma-tributaria\/lei-complementar-227-2026-reforma-tributaria-consumo\/#respond\"]}]},{\"@type\":\"WebPage\",\"@id\":\"https:\/\/site.avalarabrasil.com.br\/reforma-tributaria\/lei-complementar-227-2026-reforma-tributaria-consumo\/\",\"url\":\"https:\/\/site.avalarabrasil.com.br\/reforma-tributaria\/lei-complementar-227-2026-reforma-tributaria-consumo\/\",\"name\":\"Lei Complementar 227\/2026 e a consolida\u00e7\u00e3o da Reforma Tribut\u00e1ria do Consumo - Descomplica Reforma Tribut\u00e1ria\",\"isPartOf\":{\"@id\":\"https:\/\/site.avalarabrasil.com.br\/reforma-tributaria\/#website\"},\"primaryImageOfPage\":{\"@id\":\"https:\/\/site.avalarabrasil.com.br\/reforma-tributaria\/lei-complementar-227-2026-reforma-tributaria-consumo\/#primaryimage\"},\"image\":{\"@id\":\"https:\/\/site.avalarabrasil.com.br\/reforma-tributaria\/lei-complementar-227-2026-reforma-tributaria-consumo\/#primaryimage\"},\"thumbnailUrl\":\"https:\/\/site.avalarabrasil.com.br\/reforma-tributaria\/wp-content\/uploads\/2026\/01\/director-signing-documents-with-fashion-pen-high-quality-photo-scaled.jpg\",\"datePublished\":\"2026-01-23T17:06:29+00:00\",\"description\":\"Veja o que muda com a Lei Complementar 227\/2026, que regulamenta o IBS, define o Comit\u00ea Gestor, altera regras do ITCMD e avan\u00e7a na Reforma Tribut\u00e1ria.\",\"breadcrumb\":{\"@id\":\"https:\/\/site.avalarabrasil.com.br\/reforma-tributaria\/lei-complementar-227-2026-reforma-tributaria-consumo\/#breadcrumb\"},\"inLanguage\":\"pt-BR\",\"potentialAction\":[{\"@type\":\"ReadAction\",\"target\":[\"https:\/\/site.avalarabrasil.com.br\/reforma-tributaria\/lei-complementar-227-2026-reforma-tributaria-consumo\/\"]}]},{\"@type\":\"ImageObject\",\"inLanguage\":\"pt-BR\",\"@id\":\"https:\/\/site.avalarabrasil.com.br\/reforma-tributaria\/lei-complementar-227-2026-reforma-tributaria-consumo\/#primaryimage\",\"url\":\"https:\/\/site.avalarabrasil.com.br\/reforma-tributaria\/wp-content\/uploads\/2026\/01\/director-signing-documents-with-fashion-pen-high-quality-photo-scaled.jpg\",\"contentUrl\":\"https:\/\/site.avalarabrasil.com.br\/reforma-tributaria\/wp-content\/uploads\/2026\/01\/director-signing-documents-with-fashion-pen-high-quality-photo-scaled.jpg\",\"width\":2560,\"height\":1707,\"caption\":\"lei-complementar-227-2026-reforma-tributaria-consumo\"},{\"@type\":\"BreadcrumbList\",\"@id\":\"https:\/\/site.avalarabrasil.com.br\/reforma-tributaria\/lei-complementar-227-2026-reforma-tributaria-consumo\/#breadcrumb\",\"itemListElement\":[{\"@type\":\"ListItem\",\"position\":1,\"name\":\"In\u00edcio\",\"item\":\"https:\/\/site.avalarabrasil.com.br\/reforma-tributaria\/\"},{\"@type\":\"ListItem\",\"position\":2,\"name\":\"Lei Complementar 227\/2026 e a consolida\u00e7\u00e3o da Reforma Tribut\u00e1ria do Consumo\"}]},{\"@type\":\"WebSite\",\"@id\":\"https:\/\/site.avalarabrasil.com.br\/reforma-tributaria\/#website\",\"url\":\"https:\/\/site.avalarabrasil.com.br\/reforma-tributaria\/\",\"name\":\"Descomplica Reforma Tribut\u00e1ria\",\"description\":\"Entenda o impacto da Reforma Tribut\u00e1ria no seu neg\u00f3cio. No Descomplica Reforma Tribut\u00e1ria, voc\u00ea encontra not\u00edcias, legisla\u00e7\u00e3o e orienta\u00e7\u00f5es pr\u00e1ticas para empresas.\",\"publisher\":{\"@id\":\"https:\/\/site.avalarabrasil.com.br\/reforma-tributaria\/#organization\"},\"alternateName\":\"Reforma Tribut\u00e1ria Avalara\",\"potentialAction\":[{\"@type\":\"SearchAction\",\"target\":{\"@type\":\"EntryPoint\",\"urlTemplate\":\"https:\/\/site.avalarabrasil.com.br\/reforma-tributaria\/?s={search_term_string}\"},\"query-input\":{\"@type\":\"PropertyValueSpecification\",\"valueRequired\":true,\"valueName\":\"search_term_string\"}}],\"inLanguage\":\"pt-BR\"},{\"@type\":\"Organization\",\"@id\":\"https:\/\/site.avalarabrasil.com.br\/reforma-tributaria\/#organization\",\"name\":\"Descomplica Reforma Tribut\u00e1ria\",\"url\":\"https:\/\/site.avalarabrasil.com.br\/reforma-tributaria\/\",\"logo\":{\"@type\":\"ImageObject\",\"inLanguage\":\"pt-BR\",\"@id\":\"https:\/\/site.avalarabrasil.com.br\/reforma-tributaria\/#\/schema\/logo\/image\/\",\"url\":\"https:\/\/site.avalarabrasil.com.br\/reforma-tributaria\/wp-content\/uploads\/2025\/11\/avalara.png\",\"contentUrl\":\"https:\/\/site.avalarabrasil.com.br\/reforma-tributaria\/wp-content\/uploads\/2025\/11\/avalara.png\",\"width\":1200,\"height\":675,\"caption\":\"Descomplica Reforma Tribut\u00e1ria\"},\"image\":{\"@id\":\"https:\/\/site.avalarabrasil.com.br\/reforma-tributaria\/#\/schema\/logo\/image\/\"}},{\"@type\":\"Person\",\"@id\":\"https:\/\/site.avalarabrasil.com.br\/reforma-tributaria\/#\/schema\/person\/bd8270bd11b337a8420d96641bfd1dc7\",\"name\":\"Marianna Moreno\",\"image\":{\"@type\":\"ImageObject\",\"inLanguage\":\"pt-BR\",\"@id\":\"https:\/\/site.avalarabrasil.com.br\/reforma-tributaria\/#\/schema\/person\/image\/\",\"url\":\"https:\/\/site.avalarabrasil.com.br\/reforma-tributaria\/wp-content\/litespeed\/avatar\/72c8d539496a030c90c8f6dceaf836cc.jpg?ver=1777396390\",\"contentUrl\":\"https:\/\/site.avalarabrasil.com.br\/reforma-tributaria\/wp-content\/litespeed\/avatar\/72c8d539496a030c90c8f6dceaf836cc.jpg?ver=1777396390\",\"caption\":\"Marianna Moreno\"},\"url\":\"https:\/\/site.avalarabrasil.com.br\/reforma-tributaria\/author\/marianna-moreno\/\"}]}<\/script>\n<!-- \/ Yoast SEO plugin. -->","yoast_head_json":{"title":"Lei Complementar 227\/2026 e a consolida\u00e7\u00e3o da Reforma Tribut\u00e1ria do Consumo - Descomplica Reforma Tribut\u00e1ria","description":"Veja o que muda com a Lei Complementar 227\/2026, que regulamenta o IBS, define o Comit\u00ea Gestor, altera regras do ITCMD e avan\u00e7a na Reforma Tribut\u00e1ria.","robots":{"index":"index","follow":"follow","max-snippet":"max-snippet:-1","max-image-preview":"max-image-preview:large","max-video-preview":"max-video-preview:-1"},"canonical":"https:\/\/site.avalarabrasil.com.br\/reforma-tributaria\/lei-complementar-227-2026-reforma-tributaria-consumo\/","og_locale":"pt_BR","og_type":"article","og_title":"Lei Complementar 227\/2026 e a consolida\u00e7\u00e3o da Reforma Tribut\u00e1ria do Consumo - Descomplica Reforma Tribut\u00e1ria","og_description":"Veja o que muda com a Lei Complementar 227\/2026, que regulamenta o IBS, define o Comit\u00ea Gestor, altera regras do ITCMD e avan\u00e7a na Reforma Tribut\u00e1ria.","og_url":"https:\/\/site.avalarabrasil.com.br\/reforma-tributaria\/lei-complementar-227-2026-reforma-tributaria-consumo\/","og_site_name":"Descomplica Reforma Tribut\u00e1ria","article_published_time":"2026-01-23T17:06:29+00:00","og_image":[{"width":2560,"height":1707,"url":"https:\/\/site.avalarabrasil.com.br\/reforma-tributaria\/wp-content\/uploads\/2026\/01\/director-signing-documents-with-fashion-pen-high-quality-photo-scaled.jpg","type":"image\/jpeg"}],"author":"Marianna Moreno","twitter_card":"summary_large_image","twitter_misc":{"Escrito por":"Marianna Moreno","Est. tempo de leitura":"9 minutos"},"schema":{"@context":"https:\/\/schema.org","@graph":[{"@type":"Article","@id":"https:\/\/site.avalarabrasil.com.br\/reforma-tributaria\/lei-complementar-227-2026-reforma-tributaria-consumo\/#article","isPartOf":{"@id":"https:\/\/site.avalarabrasil.com.br\/reforma-tributaria\/lei-complementar-227-2026-reforma-tributaria-consumo\/"},"author":{"name":"Marianna Moreno","@id":"https:\/\/site.avalarabrasil.com.br\/reforma-tributaria\/#\/schema\/person\/bd8270bd11b337a8420d96641bfd1dc7"},"headline":"Lei Complementar 227\/2026 e a consolida\u00e7\u00e3o da Reforma Tribut\u00e1ria do Consumo","datePublished":"2026-01-23T17:06:29+00:00","mainEntityOfPage":{"@id":"https:\/\/site.avalarabrasil.com.br\/reforma-tributaria\/lei-complementar-227-2026-reforma-tributaria-consumo\/"},"wordCount":1760,"commentCount":0,"publisher":{"@id":"https:\/\/site.avalarabrasil.com.br\/reforma-tributaria\/#organization"},"image":{"@id":"https:\/\/site.avalarabrasil.com.br\/reforma-tributaria\/lei-complementar-227-2026-reforma-tributaria-consumo\/#primaryimage"},"thumbnailUrl":"https:\/\/site.avalarabrasil.com.br\/reforma-tributaria\/wp-content\/uploads\/2026\/01\/director-signing-documents-with-fashion-pen-high-quality-photo-scaled.jpg","keywords":["destaque"],"articleSection":["Reforma Tribut\u00e1ria"],"inLanguage":"pt-BR","potentialAction":[{"@type":"CommentAction","name":"Comment","target":["https:\/\/site.avalarabrasil.com.br\/reforma-tributaria\/lei-complementar-227-2026-reforma-tributaria-consumo\/#respond"]}]},{"@type":"WebPage","@id":"https:\/\/site.avalarabrasil.com.br\/reforma-tributaria\/lei-complementar-227-2026-reforma-tributaria-consumo\/","url":"https:\/\/site.avalarabrasil.com.br\/reforma-tributaria\/lei-complementar-227-2026-reforma-tributaria-consumo\/","name":"Lei Complementar 227\/2026 e a consolida\u00e7\u00e3o da Reforma Tribut\u00e1ria do Consumo - Descomplica Reforma Tribut\u00e1ria","isPartOf":{"@id":"https:\/\/site.avalarabrasil.com.br\/reforma-tributaria\/#website"},"primaryImageOfPage":{"@id":"https:\/\/site.avalarabrasil.com.br\/reforma-tributaria\/lei-complementar-227-2026-reforma-tributaria-consumo\/#primaryimage"},"image":{"@id":"https:\/\/site.avalarabrasil.com.br\/reforma-tributaria\/lei-complementar-227-2026-reforma-tributaria-consumo\/#primaryimage"},"thumbnailUrl":"https:\/\/site.avalarabrasil.com.br\/reforma-tributaria\/wp-content\/uploads\/2026\/01\/director-signing-documents-with-fashion-pen-high-quality-photo-scaled.jpg","datePublished":"2026-01-23T17:06:29+00:00","description":"Veja o que muda com a Lei Complementar 227\/2026, que regulamenta o IBS, define o Comit\u00ea Gestor, altera regras do ITCMD e avan\u00e7a na Reforma Tribut\u00e1ria.","breadcrumb":{"@id":"https:\/\/site.avalarabrasil.com.br\/reforma-tributaria\/lei-complementar-227-2026-reforma-tributaria-consumo\/#breadcrumb"},"inLanguage":"pt-BR","potentialAction":[{"@type":"ReadAction","target":["https:\/\/site.avalarabrasil.com.br\/reforma-tributaria\/lei-complementar-227-2026-reforma-tributaria-consumo\/"]}]},{"@type":"ImageObject","inLanguage":"pt-BR","@id":"https:\/\/site.avalarabrasil.com.br\/reforma-tributaria\/lei-complementar-227-2026-reforma-tributaria-consumo\/#primaryimage","url":"https:\/\/site.avalarabrasil.com.br\/reforma-tributaria\/wp-content\/uploads\/2026\/01\/director-signing-documents-with-fashion-pen-high-quality-photo-scaled.jpg","contentUrl":"https:\/\/site.avalarabrasil.com.br\/reforma-tributaria\/wp-content\/uploads\/2026\/01\/director-signing-documents-with-fashion-pen-high-quality-photo-scaled.jpg","width":2560,"height":1707,"caption":"lei-complementar-227-2026-reforma-tributaria-consumo"},{"@type":"BreadcrumbList","@id":"https:\/\/site.avalarabrasil.com.br\/reforma-tributaria\/lei-complementar-227-2026-reforma-tributaria-consumo\/#breadcrumb","itemListElement":[{"@type":"ListItem","position":1,"name":"In\u00edcio","item":"https:\/\/site.avalarabrasil.com.br\/reforma-tributaria\/"},{"@type":"ListItem","position":2,"name":"Lei Complementar 227\/2026 e a consolida\u00e7\u00e3o da Reforma Tribut\u00e1ria do Consumo"}]},{"@type":"WebSite","@id":"https:\/\/site.avalarabrasil.com.br\/reforma-tributaria\/#website","url":"https:\/\/site.avalarabrasil.com.br\/reforma-tributaria\/","name":"Descomplica Reforma Tribut\u00e1ria","description":"Entenda o impacto da Reforma Tribut\u00e1ria no seu neg\u00f3cio. No Descomplica Reforma Tribut\u00e1ria, voc\u00ea encontra not\u00edcias, legisla\u00e7\u00e3o e orienta\u00e7\u00f5es pr\u00e1ticas para empresas.","publisher":{"@id":"https:\/\/site.avalarabrasil.com.br\/reforma-tributaria\/#organization"},"alternateName":"Reforma Tribut\u00e1ria Avalara","potentialAction":[{"@type":"SearchAction","target":{"@type":"EntryPoint","urlTemplate":"https:\/\/site.avalarabrasil.com.br\/reforma-tributaria\/?s={search_term_string}"},"query-input":{"@type":"PropertyValueSpecification","valueRequired":true,"valueName":"search_term_string"}}],"inLanguage":"pt-BR"},{"@type":"Organization","@id":"https:\/\/site.avalarabrasil.com.br\/reforma-tributaria\/#organization","name":"Descomplica Reforma Tribut\u00e1ria","url":"https:\/\/site.avalarabrasil.com.br\/reforma-tributaria\/","logo":{"@type":"ImageObject","inLanguage":"pt-BR","@id":"https:\/\/site.avalarabrasil.com.br\/reforma-tributaria\/#\/schema\/logo\/image\/","url":"https:\/\/site.avalarabrasil.com.br\/reforma-tributaria\/wp-content\/uploads\/2025\/11\/avalara.png","contentUrl":"https:\/\/site.avalarabrasil.com.br\/reforma-tributaria\/wp-content\/uploads\/2025\/11\/avalara.png","width":1200,"height":675,"caption":"Descomplica Reforma Tribut\u00e1ria"},"image":{"@id":"https:\/\/site.avalarabrasil.com.br\/reforma-tributaria\/#\/schema\/logo\/image\/"}},{"@type":"Person","@id":"https:\/\/site.avalarabrasil.com.br\/reforma-tributaria\/#\/schema\/person\/bd8270bd11b337a8420d96641bfd1dc7","name":"Marianna Moreno","image":{"@type":"ImageObject","inLanguage":"pt-BR","@id":"https:\/\/site.avalarabrasil.com.br\/reforma-tributaria\/#\/schema\/person\/image\/","url":"https:\/\/site.avalarabrasil.com.br\/reforma-tributaria\/wp-content\/litespeed\/avatar\/72c8d539496a030c90c8f6dceaf836cc.jpg?ver=1777396390","contentUrl":"https:\/\/site.avalarabrasil.com.br\/reforma-tributaria\/wp-content\/litespeed\/avatar\/72c8d539496a030c90c8f6dceaf836cc.jpg?ver=1777396390","caption":"Marianna Moreno"},"url":"https:\/\/site.avalarabrasil.com.br\/reforma-tributaria\/author\/marianna-moreno\/"}]}},"_links":{"self":[{"href":"https:\/\/site.avalarabrasil.com.br\/reforma-tributaria\/wp-json\/wp\/v2\/posts\/15655","targetHints":{"allow":["GET"]}}],"collection":[{"href":"https:\/\/site.avalarabrasil.com.br\/reforma-tributaria\/wp-json\/wp\/v2\/posts"}],"about":[{"href":"https:\/\/site.avalarabrasil.com.br\/reforma-tributaria\/wp-json\/wp\/v2\/types\/post"}],"author":[{"embeddable":true,"href":"https:\/\/site.avalarabrasil.com.br\/reforma-tributaria\/wp-json\/wp\/v2\/users\/3"}],"replies":[{"embeddable":true,"href":"https:\/\/site.avalarabrasil.com.br\/reforma-tributaria\/wp-json\/wp\/v2\/comments?post=15655"}],"version-history":[{"count":1,"href":"https:\/\/site.avalarabrasil.com.br\/reforma-tributaria\/wp-json\/wp\/v2\/posts\/15655\/revisions"}],"predecessor-version":[{"id":15657,"href":"https:\/\/site.avalarabrasil.com.br\/reforma-tributaria\/wp-json\/wp\/v2\/posts\/15655\/revisions\/15657"}],"wp:featuredmedia":[{"embeddable":true,"href":"https:\/\/site.avalarabrasil.com.br\/reforma-tributaria\/wp-json\/wp\/v2\/media\/15656"}],"wp:attachment":[{"href":"https:\/\/site.avalarabrasil.com.br\/reforma-tributaria\/wp-json\/wp\/v2\/media?parent=15655"}],"wp:term":[{"taxonomy":"category","embeddable":true,"href":"https:\/\/site.avalarabrasil.com.br\/reforma-tributaria\/wp-json\/wp\/v2\/categories?post=15655"},{"taxonomy":"post_tag","embeddable":true,"href":"https:\/\/site.avalarabrasil.com.br\/reforma-tributaria\/wp-json\/wp\/v2\/tags?post=15655"}],"curies":[{"name":"wp","href":"https:\/\/api.w.org\/{rel}","templated":true}]}}