{"id":15663,"date":"2026-02-11T09:14:10","date_gmt":"2026-02-11T12:14:10","guid":{"rendered":"https:\/\/site.avalarabrasil.com.br\/reforma-tributaria\/?p=15663"},"modified":"2026-02-10T14:05:46","modified_gmt":"2026-02-10T17:05:46","slug":"obrigacoes-ibs-cbs-2026","status":"publish","type":"post","link":"https:\/\/site.avalarabrasil.com.br\/reforma-tributaria\/obrigacoes-ibs-cbs-2026\/","title":{"rendered":"Obriga\u00e7\u00f5es do IBS e da CBS em 2026: orienta\u00e7\u00f5es oficiais da Receita Federal e do Comit\u00ea Gestor"},"content":{"rendered":"\n<p>A entrada em vigor do IBS e da CBS em 2026 marca o in\u00edcio de um novo ciclo operacional para empresas, profissionais cont\u00e1beis e desenvolvedores de sistemas fiscais.&nbsp;<\/p>\n\n\n\n<p>Para orientar esse processo, a Receita Federal e o Comit\u00ea Gestor do IBS publicaram o <a href=\"https:\/\/www.gov.br\/receitafederal\/pt-br\/assuntos\/noticias\/2025\/dezembro\/comunicado-conjunto\">Comunicado Conjunto CGIBS\/RFB 01\/2025<\/a>, documento que re\u00fane as regras iniciais sobre obriga\u00e7\u00f5es principais e acess\u00f3rias que passam a valer a partir de janeiro.&nbsp;<\/p>\n\n\n\n<p>As regras divulgadas apresentam as obriga\u00e7\u00f5es que os contribuintes dever\u00e3o cumprir ao longo de 2026, abrangendo emiss\u00e3o de documentos fiscais, declara\u00e7\u00f5es espec\u00edficas, requisitos para plataformas digitais e procedimentos ligados \u00e0 compensa\u00e7\u00e3o de benef\u00edcios fiscais.&nbsp;<\/p>\n\n\n\n<p>Essas instru\u00e7\u00f5es constituem a base oficial para ajustes dos sistemas autorizadores e processos internos das empresas. Confira:&nbsp;<\/p>\n\n\n\n<h2 class=\"wp-block-heading\">Obriga\u00e7\u00f5es v\u00e1lidas a partir de 1\u00ba de janeiro de 2026<\/h2>\n\n\n\n<p>A partir de 1\u00ba de janeiro de 2026, os contribuintes ter\u00e3o as seguintes obriga\u00e7\u00f5es:<\/p>\n\n\n\n<h3 class=\"wp-block-heading\">Emiss\u00e3o de documentos fiscais com destaque de IBS e CBS<\/h3>\n\n\n\n<p>A partir de 2026, todos os contribuintes estar\u00e3o obrigados a emitir documentos fiscais eletr\u00f4nicos com destaque de IBS e CBS por opera\u00e7\u00e3o, seguindo os leiautes e regras definidos nas Notas T\u00e9cnicas espec\u00edficas de cada documento.&nbsp;<\/p>\n\n\n\n<p>\u00c9 v\u00e1lido mencionar que, a apura\u00e7\u00e3o dos novos tributos depender\u00e1 diretamente dessas informa\u00e7\u00f5es.<\/p>\n\n\n\n<h3 class=\"wp-block-heading\">Declara\u00e7\u00f5es dos Regimes Espec\u00edficos (DeRE)<\/h3>\n\n\n\n<p>Sempre que dispon\u00edveis, as Declara\u00e7\u00f5es dos Regimes Espec\u00edficos dever\u00e3o ser apresentadas conforme os leiautes que ser\u00e3o definidos em documentos t\u00e9cnicos pr\u00f3prios.<\/p>\n\n\n\n<h3 class=\"wp-block-heading\">Obriga\u00e7\u00f5es para plataformas digitais<\/h3>\n\n\n\n<p>As plataformas digitais tamb\u00e9m entram no escopo das obriga\u00e7\u00f5es acess\u00f3rias a partir de 2026.&nbsp;<\/p>\n\n\n\n<p>As orienta\u00e7\u00f5es trazem que a forma de presta\u00e7\u00e3o de informa\u00e7\u00f5es sobre opera\u00e7\u00f5es e importa\u00e7\u00f5es com bens ou servi\u00e7os intermediados por essas plataformas ser\u00e1 definida em ato conjunto do Comit\u00ea Gestor do IBS e da Receita Federal.&nbsp;<\/p>\n\n\n\n<p>Al\u00e9m disso, os leiautes e datas de vig\u00eancia ainda ser\u00e3o publicados, e as empresas devem acompanhar as atualiza\u00e7\u00f5es oficiais para ajustar seus sistemas e fluxos operacionais conforme as regras forem divulgadas<\/p>\n\n\n\n<h2 class=\"wp-block-heading\">Pessoa f\u00edsica contribuinte deve obter CNPJ a partir de julho de 2026<\/h2>\n\n\n\n<p>Pessoas f\u00edsicas que sejam contribuintes do IBS e da CBS dever\u00e3o se inscrever no CNPJ a partir de julho de 2026.&nbsp;<\/p>\n\n\n\n<p>O comunicado refor\u00e7a que essa inscri\u00e7\u00e3o n\u00e3o transforma a pessoa f\u00edsica em jur\u00eddica; trata-se apenas de um mecanismo para facilitar a apura\u00e7\u00e3o dos tributos .<\/p>\n\n\n\n<h2 class=\"wp-block-heading\">Documentos fiscais que precisar\u00e3o destacar IBS e CBS<\/h2>\n\n\n\n<p>A partir de janeiro de 2026, os seguintes documentos fiscais eletr\u00f4nicos dever\u00e3o ser emitidos com destaque do IBS e da CBS:<\/p>\n\n\n\n<ul class=\"wp-block-list\">\n<li>Nota Fiscal Eletr\u00f4nica \u2013 NFe;<\/li>\n\n\n\n<li>\u00a0Nota Fiscal de Consumidor Eletr\u00f4nica \u2013 NFCe;<\/li>\n\n\n\n<li>Conhecimento de Transporte Eletr\u00f4nico \u2013 CTe;<\/li>\n\n\n\n<li>Conhecimento de Transporte Eletr\u00f4nico &#8211; Outros Servi\u00e7os &#8211; CTe OS;<\/li>\n\n\n\n<li>Nota Fiscal de Servi\u00e7o Eletr\u00f4nica \u2013 NFSe;<\/li>\n\n\n\n<li>Nota Fiscal de Servi\u00e7o Eletr\u00f4nica de Explora\u00e7\u00e3o de Via \u2013 NFSe Via;<\/li>\n\n\n\n<li>Nota Fiscal Fatura de Servi\u00e7os de Comunica\u00e7\u00e3o Eletr\u00f4nica \u2013 NFCom;<\/li>\n\n\n\n<li>\u00a0Nota Fiscal de Energia El\u00e9trica Eletr\u00f4nica \u2013 NF3e;<\/li>\n\n\n\n<li>Bilhete de Passagem Eletr\u00f4nico \u2013 BPe; e<\/li>\n\n\n\n<li>\u00a0Bilhete de Passagem Eletr\u00f4nico Transporte Metropolitano \u2013 BPe TM;<\/li>\n<\/ul>\n\n\n\n<p>Todos ser\u00e3o autorizados conforme regras e leiautes espec\u00edficos definidos em Notas T\u00e9cnicas pr\u00f3prias .<\/p>\n\n\n\n<h3 class=\"wp-block-heading\">Exce\u00e7\u00e3o em caso de indisponibilidade do ente federativo<\/h3>\n\n\n\n<p>Quando o contribuinte estiver impedido de emitir documentos fiscais por falha exclusiva do ente federativo, n\u00e3o haver\u00e1 descumprimento da obriga\u00e7\u00e3o acess\u00f3ria.<\/p>\n\n\n\n<h2 class=\"wp-block-heading\">Leiautes j\u00e1 definidos, mas sem data de vig\u00eancia<\/h2>\n\n\n\n<p>A NF-ABI, a NFAg e o BP-e A\u00e9reo j\u00e1 possuem leiautes definidos, embora ainda n\u00e3o tenham data de vig\u00eancia estabelecida.&nbsp;<\/p>\n\n\n\n<p>Esses prazos ser\u00e3o divulgados em documento t\u00e9cnico ou ato conjunto do CGIBS e da Receita Federal.<\/p>\n\n\n\n<h2 class=\"wp-block-heading\">Leiautes em constru\u00e7\u00e3o<\/h2>\n\n\n\n<p><strong>NFe G\u00e1s: <\/strong>A Nota Fiscal de G\u00e1s ter\u00e1 leiaute e data de vig\u00eancia divulgados futuramente.<\/p>\n\n\n\n<h3 class=\"wp-block-heading\">DeRE para setores espec\u00edficos<\/h3>\n\n\n\n<p>A Declara\u00e7\u00e3o dos Regimes Espec\u00edficos segue em constru\u00e7\u00e3o para setores como:<\/p>\n\n\n\n<ul class=\"wp-block-list\">\n<li>institui\u00e7\u00f5es financeiras<\/li>\n\n\n\n<li>planos de assist\u00eancia \u00e0 sa\u00fade<\/li>\n\n\n\n<li>concursos de progn\u00f3sticos<\/li>\n\n\n\n<li>administra\u00e7\u00e3o de cons\u00f3rcios<\/li>\n\n\n\n<li>opera\u00e7\u00f5es de seguro e previd\u00eancia<\/li>\n<\/ul>\n\n\n\n<h3 class=\"wp-block-heading\">Situa\u00e7\u00f5es que passar\u00e3o a exigir documento fiscal<\/h3>\n\n\n\n<p>Outros fatos geradores que atualmente n\u00e3o exigem documento fiscal passar\u00e3o a ser inclu\u00eddos em DFes contendo o destaque de IBS e CBS. Os leiautes e datas ser\u00e3o definidos em atos conjuntos do CGIBS e da Receita.<\/p>\n\n\n\n<h2 class=\"wp-block-heading\">Dispensa de recolhimento do IBS e da CBS durante o ano de teste<\/h2>\n\n\n\n<p>Em 2026, o IBS e a CBS ser\u00e3o aplicados em car\u00e1ter de testes, e o contribuinte que cumprir as obriga\u00e7\u00f5es acess\u00f3rias, incluindo a emiss\u00e3o dos documentos fiscais com os novos campos e o envio das declara\u00e7\u00f5es aplic\u00e1veis, ficar\u00e1 dispensado do recolhimento desses tributos.&nbsp;<\/p>\n\n\n\n<p>A dispensa tamb\u00e9m vale para contribuintes que ainda n\u00e3o tiverem obriga\u00e7\u00e3o acess\u00f3ria definida.<\/p>\n\n\n\n<h2 class=\"wp-block-heading\">Fundos de Compensa\u00e7\u00e3o de Benef\u00edcios Fiscais<\/h2>\n\n\n\n<p>A partir de janeiro de 2026, titulares de benef\u00edcios onerosos de ICMS poder\u00e3o solicitar habilita\u00e7\u00e3o para futuros direitos de compensa\u00e7\u00e3o, conforme art. 384 da LC 214\/2025.&nbsp;<\/p>\n\n\n\n<p>O procedimento ser\u00e1 realizado via e-CAC, com envio de formul\u00e1rio eletr\u00f4nico no SISEN, al\u00e9m disso, ser\u00e1 necess\u00e1rio preencher um requerimento para cada benef\u00edcio usufru\u00eddo.<\/p>\n\n\n\n<h2 class=\"wp-block-heading\">Conclus\u00e3o<\/h2>\n\n\n\n<p>As orienta\u00e7\u00f5es j\u00e1 divulgadas formam a base inicial para a implanta\u00e7\u00e3o do IBS e da CBS. Outras instru\u00e7\u00f5es ser\u00e3o publicadas ao longo do processo, e \u00e9 importante que as empresas acompanhem essas atualiza\u00e7\u00f5es para manter sistemas e rotinas alinhados \u00e0s exig\u00eancias legais.<\/p>\n\n\n\n<p>O primeiro ano do novo modelo tribut\u00e1rio exige aten\u00e7\u00e3o redobrada \u00e0 emiss\u00e3o dos documentos fiscais, ao envio das declara\u00e7\u00f5es e ao cumprimento das obriga\u00e7\u00f5es aplic\u00e1veis a cada setor.<\/p>\n\n\n\n<p>A Avalara apoia empresas na jornada de conformidade tribut\u00e1ria, com solu\u00e7\u00f5es que automatizam o c\u00e1lculo de tributos, a emiss\u00e3o de documentos fiscais e o controle das obriga\u00e7\u00f5es acess\u00f3rias.<\/p>\n\n\n\n<p>Com tecnologia integrada e atualiza\u00e7\u00f5es cont\u00ednuas, suas opera\u00e7\u00f5es permanecem alinhadas \u00e0 legisla\u00e7\u00e3o e preparadas para o novo modelo tribut\u00e1rio brasileiro.<\/p>\n\n\n\n<p>Conhe\u00e7a as solu\u00e7\u00f5es da Avalara e descubra como a automa\u00e7\u00e3o pode tornar sua rotina fiscal mais eficiente e segura durante a Reforma Tribut\u00e1ria.<\/p>\n\n\n\n<style>\n  .custom-button {\n    font-family: Arial, sans-serif;\n    background-color: #FA6400; \/* Laranja Avalara *\/\n    color: #ffffff;\n    border: none;\n    border-radius: 20px;\n    padding: 12px 24px;\n    font-size: 14px;\n    font-weight: bold;\n    text-align: center;\n    letter-spacing: normal;\n    display: inline-block;\n    text-decoration: none;\n    width: fit-content;\n    margin: 0 auto;\n    transition: background-color 0.3s ease, transform 0.2s ease;\n  }\n\n  .custom-button:hover {\n    background-color: #d95500; \/* tom um pouco mais escuro no hover *\/\n    transform: translateY(-2px);\n  }\n\n  .button-container {\n    text-align: center;\n  }\n<\/style>\n\n<div class=\"button-container\">\n  <a href=\"https:\/\/www.avalara.com\/br\/pt\/index.html?ref=descomplica-reforma-tributaria\" class=\"custom-button\">\n    \u3164Saiba mais\u3164\n  <\/a>\n<\/div>\n","protected":false},"excerpt":{"rendered":"<p>A entrada em vigor do IBS e da CBS em 2026 marca o in\u00edcio de um novo ciclo operacional para empresas, profissionais cont\u00e1beis e desenvolvedores [&hellip;]<\/p>\n","protected":false},"author":2,"featured_media":15664,"comment_status":"open","ping_status":"open","sticky":false,"template":"","format":"standard","meta":{"footnotes":""},"categories":[5,3],"tags":[23],"class_list":["post-15663","post","type-post","status-publish","format-standard","has-post-thumbnail","hentry","category-legislacao","category-reforma-tributaria","tag-destaque"],"yoast_head":"<!-- This site is optimized with the Yoast SEO plugin v27.0 - https:\/\/yoast.com\/product\/yoast-seo-wordpress\/ -->\n<title>Obriga\u00e7\u00f5es do IBS e da CBS em 2026: orienta\u00e7\u00f5es oficiais da Receita Federal e do Comit\u00ea Gestor<\/title>\n<meta name=\"description\" content=\"Entenda as obriga\u00e7\u00f5es do IBS e da CBS em 2026 e saiba como as empresas devem se preparar para emitir documentos fiscais e cumprir as novas regras.\" \/>\n<meta name=\"robots\" content=\"index, follow, max-snippet:-1, max-image-preview:large, max-video-preview:-1\" \/>\n<link rel=\"canonical\" href=\"https:\/\/site.avalarabrasil.com.br\/reforma-tributaria\/obrigacoes-ibs-cbs-2026\/\" \/>\n<meta property=\"og:locale\" content=\"pt_BR\" \/>\n<meta property=\"og:type\" content=\"article\" \/>\n<meta property=\"og:title\" content=\"Obriga\u00e7\u00f5es do IBS e da CBS em 2026: orienta\u00e7\u00f5es oficiais da Receita Federal e do Comit\u00ea Gestor\" \/>\n<meta property=\"og:description\" content=\"Entenda as obriga\u00e7\u00f5es do IBS e da CBS em 2026 e saiba como as empresas devem se preparar para emitir documentos fiscais e cumprir as novas regras.\" \/>\n<meta property=\"og:url\" content=\"https:\/\/site.avalarabrasil.com.br\/reforma-tributaria\/obrigacoes-ibs-cbs-2026\/\" \/>\n<meta property=\"og:site_name\" content=\"Descomplica Reforma Tribut\u00e1ria\" \/>\n<meta property=\"article:published_time\" content=\"2026-02-11T12:14:10+00:00\" \/>\n<meta property=\"og:image\" content=\"https:\/\/site.avalarabrasil.com.br\/reforma-tributaria\/wp-content\/uploads\/2026\/02\/man-calculating-writing-close-up-scaled.jpg\" \/>\n\t<meta property=\"og:image:width\" content=\"2560\" \/>\n\t<meta property=\"og:image:height\" content=\"1708\" \/>\n\t<meta property=\"og:image:type\" content=\"image\/jpeg\" \/>\n<meta name=\"author\" content=\"Camila Nabosne\" \/>\n<meta name=\"twitter:card\" content=\"summary_large_image\" \/>\n<meta name=\"twitter:label1\" content=\"Escrito por\" \/>\n\t<meta name=\"twitter:data1\" content=\"Camila Nabosne\" \/>\n\t<meta name=\"twitter:label2\" content=\"Est. tempo de leitura\" \/>\n\t<meta name=\"twitter:data2\" content=\"6 minutos\" \/>\n<script type=\"application\/ld+json\" class=\"yoast-schema-graph\">{\"@context\":\"https:\/\/schema.org\",\"@graph\":[{\"@type\":\"Article\",\"@id\":\"https:\/\/site.avalarabrasil.com.br\/reforma-tributaria\/obrigacoes-ibs-cbs-2026\/#article\",\"isPartOf\":{\"@id\":\"https:\/\/site.avalarabrasil.com.br\/reforma-tributaria\/obrigacoes-ibs-cbs-2026\/\"},\"author\":{\"name\":\"Camila Nabosne\",\"@id\":\"https:\/\/site.avalarabrasil.com.br\/reforma-tributaria\/#\/schema\/person\/de5858a1b3c67568fd25d7180083992d\"},\"headline\":\"Obriga\u00e7\u00f5es do IBS e da CBS em 2026: orienta\u00e7\u00f5es oficiais da Receita Federal e do Comit\u00ea Gestor\",\"datePublished\":\"2026-02-11T12:14:10+00:00\",\"mainEntityOfPage\":{\"@id\":\"https:\/\/site.avalarabrasil.com.br\/reforma-tributaria\/obrigacoes-ibs-cbs-2026\/\"},\"wordCount\":1091,\"commentCount\":0,\"publisher\":{\"@id\":\"https:\/\/site.avalarabrasil.com.br\/reforma-tributaria\/#organization\"},\"image\":{\"@id\":\"https:\/\/site.avalarabrasil.com.br\/reforma-tributaria\/obrigacoes-ibs-cbs-2026\/#primaryimage\"},\"thumbnailUrl\":\"https:\/\/site.avalarabrasil.com.br\/reforma-tributaria\/wp-content\/uploads\/2026\/02\/man-calculating-writing-close-up-scaled.jpg\",\"keywords\":[\"destaque\"],\"articleSection\":[\"Legisla\u00e7\u00e3o\",\"Reforma Tribut\u00e1ria\"],\"inLanguage\":\"pt-BR\",\"potentialAction\":[{\"@type\":\"CommentAction\",\"name\":\"Comment\",\"target\":[\"https:\/\/site.avalarabrasil.com.br\/reforma-tributaria\/obrigacoes-ibs-cbs-2026\/#respond\"]}]},{\"@type\":\"WebPage\",\"@id\":\"https:\/\/site.avalarabrasil.com.br\/reforma-tributaria\/obrigacoes-ibs-cbs-2026\/\",\"url\":\"https:\/\/site.avalarabrasil.com.br\/reforma-tributaria\/obrigacoes-ibs-cbs-2026\/\",\"name\":\"Obriga\u00e7\u00f5es do IBS e da CBS em 2026: orienta\u00e7\u00f5es oficiais da Receita Federal e do Comit\u00ea Gestor\",\"isPartOf\":{\"@id\":\"https:\/\/site.avalarabrasil.com.br\/reforma-tributaria\/#website\"},\"primaryImageOfPage\":{\"@id\":\"https:\/\/site.avalarabrasil.com.br\/reforma-tributaria\/obrigacoes-ibs-cbs-2026\/#primaryimage\"},\"image\":{\"@id\":\"https:\/\/site.avalarabrasil.com.br\/reforma-tributaria\/obrigacoes-ibs-cbs-2026\/#primaryimage\"},\"thumbnailUrl\":\"https:\/\/site.avalarabrasil.com.br\/reforma-tributaria\/wp-content\/uploads\/2026\/02\/man-calculating-writing-close-up-scaled.jpg\",\"datePublished\":\"2026-02-11T12:14:10+00:00\",\"description\":\"Entenda as obriga\u00e7\u00f5es do IBS e da CBS em 2026 e saiba como as empresas devem se preparar para emitir documentos fiscais e cumprir as novas regras.\",\"breadcrumb\":{\"@id\":\"https:\/\/site.avalarabrasil.com.br\/reforma-tributaria\/obrigacoes-ibs-cbs-2026\/#breadcrumb\"},\"inLanguage\":\"pt-BR\",\"potentialAction\":[{\"@type\":\"ReadAction\",\"target\":[\"https:\/\/site.avalarabrasil.com.br\/reforma-tributaria\/obrigacoes-ibs-cbs-2026\/\"]}]},{\"@type\":\"ImageObject\",\"inLanguage\":\"pt-BR\",\"@id\":\"https:\/\/site.avalarabrasil.com.br\/reforma-tributaria\/obrigacoes-ibs-cbs-2026\/#primaryimage\",\"url\":\"https:\/\/site.avalarabrasil.com.br\/reforma-tributaria\/wp-content\/uploads\/2026\/02\/man-calculating-writing-close-up-scaled.jpg\",\"contentUrl\":\"https:\/\/site.avalarabrasil.com.br\/reforma-tributaria\/wp-content\/uploads\/2026\/02\/man-calculating-writing-close-up-scaled.jpg\",\"width\":2560,\"height\":1708,\"caption\":\"obrigacoes-ibs-cbs-2026\"},{\"@type\":\"BreadcrumbList\",\"@id\":\"https:\/\/site.avalarabrasil.com.br\/reforma-tributaria\/obrigacoes-ibs-cbs-2026\/#breadcrumb\",\"itemListElement\":[{\"@type\":\"ListItem\",\"position\":1,\"name\":\"In\u00edcio\",\"item\":\"https:\/\/site.avalarabrasil.com.br\/reforma-tributaria\/\"},{\"@type\":\"ListItem\",\"position\":2,\"name\":\"Obriga\u00e7\u00f5es do IBS e da CBS em 2026: orienta\u00e7\u00f5es oficiais da Receita Federal e do Comit\u00ea Gestor\"}]},{\"@type\":\"WebSite\",\"@id\":\"https:\/\/site.avalarabrasil.com.br\/reforma-tributaria\/#website\",\"url\":\"https:\/\/site.avalarabrasil.com.br\/reforma-tributaria\/\",\"name\":\"Descomplica Reforma Tribut\u00e1ria\",\"description\":\"Entenda o impacto da Reforma Tribut\u00e1ria no seu neg\u00f3cio. No Descomplica Reforma Tribut\u00e1ria, voc\u00ea encontra not\u00edcias, legisla\u00e7\u00e3o e orienta\u00e7\u00f5es pr\u00e1ticas para empresas.\",\"publisher\":{\"@id\":\"https:\/\/site.avalarabrasil.com.br\/reforma-tributaria\/#organization\"},\"alternateName\":\"Reforma Tribut\u00e1ria Avalara\",\"potentialAction\":[{\"@type\":\"SearchAction\",\"target\":{\"@type\":\"EntryPoint\",\"urlTemplate\":\"https:\/\/site.avalarabrasil.com.br\/reforma-tributaria\/?s={search_term_string}\"},\"query-input\":{\"@type\":\"PropertyValueSpecification\",\"valueRequired\":true,\"valueName\":\"search_term_string\"}}],\"inLanguage\":\"pt-BR\"},{\"@type\":\"Organization\",\"@id\":\"https:\/\/site.avalarabrasil.com.br\/reforma-tributaria\/#organization\",\"name\":\"Descomplica Reforma Tribut\u00e1ria\",\"url\":\"https:\/\/site.avalarabrasil.com.br\/reforma-tributaria\/\",\"logo\":{\"@type\":\"ImageObject\",\"inLanguage\":\"pt-BR\",\"@id\":\"https:\/\/site.avalarabrasil.com.br\/reforma-tributaria\/#\/schema\/logo\/image\/\",\"url\":\"https:\/\/site.avalarabrasil.com.br\/reforma-tributaria\/wp-content\/uploads\/2025\/11\/avalara.png\",\"contentUrl\":\"https:\/\/site.avalarabrasil.com.br\/reforma-tributaria\/wp-content\/uploads\/2025\/11\/avalara.png\",\"width\":1200,\"height\":675,\"caption\":\"Descomplica Reforma Tribut\u00e1ria\"},\"image\":{\"@id\":\"https:\/\/site.avalarabrasil.com.br\/reforma-tributaria\/#\/schema\/logo\/image\/\"}},{\"@type\":\"Person\",\"@id\":\"https:\/\/site.avalarabrasil.com.br\/reforma-tributaria\/#\/schema\/person\/de5858a1b3c67568fd25d7180083992d\",\"name\":\"Camila Nabosne\",\"image\":{\"@type\":\"ImageObject\",\"inLanguage\":\"pt-BR\",\"@id\":\"https:\/\/site.avalarabrasil.com.br\/reforma-tributaria\/#\/schema\/person\/image\/\",\"url\":\"https:\/\/site.avalarabrasil.com.br\/reforma-tributaria\/wp-content\/litespeed\/avatar\/0a8eaaf31c4400af2573088d03d0fcb5.jpg?ver=1777386826\",\"contentUrl\":\"https:\/\/site.avalarabrasil.com.br\/reforma-tributaria\/wp-content\/litespeed\/avatar\/0a8eaaf31c4400af2573088d03d0fcb5.jpg?ver=1777386826\",\"caption\":\"Camila Nabosne\"},\"url\":\"https:\/\/site.avalarabrasil.com.br\/reforma-tributaria\/author\/camila-nabosne\/\"}]}<\/script>\n<!-- \/ Yoast SEO plugin. -->","yoast_head_json":{"title":"Obriga\u00e7\u00f5es do IBS e da CBS em 2026: orienta\u00e7\u00f5es oficiais da Receita Federal e do Comit\u00ea Gestor","description":"Entenda as obriga\u00e7\u00f5es do IBS e da CBS em 2026 e saiba como as empresas devem se preparar para emitir documentos fiscais e cumprir as novas regras.","robots":{"index":"index","follow":"follow","max-snippet":"max-snippet:-1","max-image-preview":"max-image-preview:large","max-video-preview":"max-video-preview:-1"},"canonical":"https:\/\/site.avalarabrasil.com.br\/reforma-tributaria\/obrigacoes-ibs-cbs-2026\/","og_locale":"pt_BR","og_type":"article","og_title":"Obriga\u00e7\u00f5es do IBS e da CBS em 2026: orienta\u00e7\u00f5es oficiais da Receita Federal e do Comit\u00ea Gestor","og_description":"Entenda as obriga\u00e7\u00f5es do IBS e da CBS em 2026 e saiba como as empresas devem se preparar para emitir documentos fiscais e cumprir as novas regras.","og_url":"https:\/\/site.avalarabrasil.com.br\/reforma-tributaria\/obrigacoes-ibs-cbs-2026\/","og_site_name":"Descomplica Reforma Tribut\u00e1ria","article_published_time":"2026-02-11T12:14:10+00:00","og_image":[{"width":2560,"height":1708,"url":"https:\/\/site.avalarabrasil.com.br\/reforma-tributaria\/wp-content\/uploads\/2026\/02\/man-calculating-writing-close-up-scaled.jpg","type":"image\/jpeg"}],"author":"Camila Nabosne","twitter_card":"summary_large_image","twitter_misc":{"Escrito por":"Camila Nabosne","Est. tempo de leitura":"6 minutos"},"schema":{"@context":"https:\/\/schema.org","@graph":[{"@type":"Article","@id":"https:\/\/site.avalarabrasil.com.br\/reforma-tributaria\/obrigacoes-ibs-cbs-2026\/#article","isPartOf":{"@id":"https:\/\/site.avalarabrasil.com.br\/reforma-tributaria\/obrigacoes-ibs-cbs-2026\/"},"author":{"name":"Camila Nabosne","@id":"https:\/\/site.avalarabrasil.com.br\/reforma-tributaria\/#\/schema\/person\/de5858a1b3c67568fd25d7180083992d"},"headline":"Obriga\u00e7\u00f5es do IBS e da CBS em 2026: orienta\u00e7\u00f5es oficiais da Receita Federal e do Comit\u00ea Gestor","datePublished":"2026-02-11T12:14:10+00:00","mainEntityOfPage":{"@id":"https:\/\/site.avalarabrasil.com.br\/reforma-tributaria\/obrigacoes-ibs-cbs-2026\/"},"wordCount":1091,"commentCount":0,"publisher":{"@id":"https:\/\/site.avalarabrasil.com.br\/reforma-tributaria\/#organization"},"image":{"@id":"https:\/\/site.avalarabrasil.com.br\/reforma-tributaria\/obrigacoes-ibs-cbs-2026\/#primaryimage"},"thumbnailUrl":"https:\/\/site.avalarabrasil.com.br\/reforma-tributaria\/wp-content\/uploads\/2026\/02\/man-calculating-writing-close-up-scaled.jpg","keywords":["destaque"],"articleSection":["Legisla\u00e7\u00e3o","Reforma Tribut\u00e1ria"],"inLanguage":"pt-BR","potentialAction":[{"@type":"CommentAction","name":"Comment","target":["https:\/\/site.avalarabrasil.com.br\/reforma-tributaria\/obrigacoes-ibs-cbs-2026\/#respond"]}]},{"@type":"WebPage","@id":"https:\/\/site.avalarabrasil.com.br\/reforma-tributaria\/obrigacoes-ibs-cbs-2026\/","url":"https:\/\/site.avalarabrasil.com.br\/reforma-tributaria\/obrigacoes-ibs-cbs-2026\/","name":"Obriga\u00e7\u00f5es do IBS e da CBS em 2026: orienta\u00e7\u00f5es oficiais da Receita Federal e do Comit\u00ea Gestor","isPartOf":{"@id":"https:\/\/site.avalarabrasil.com.br\/reforma-tributaria\/#website"},"primaryImageOfPage":{"@id":"https:\/\/site.avalarabrasil.com.br\/reforma-tributaria\/obrigacoes-ibs-cbs-2026\/#primaryimage"},"image":{"@id":"https:\/\/site.avalarabrasil.com.br\/reforma-tributaria\/obrigacoes-ibs-cbs-2026\/#primaryimage"},"thumbnailUrl":"https:\/\/site.avalarabrasil.com.br\/reforma-tributaria\/wp-content\/uploads\/2026\/02\/man-calculating-writing-close-up-scaled.jpg","datePublished":"2026-02-11T12:14:10+00:00","description":"Entenda as obriga\u00e7\u00f5es do IBS e da CBS em 2026 e saiba como as empresas devem se preparar para emitir documentos fiscais e cumprir as novas regras.","breadcrumb":{"@id":"https:\/\/site.avalarabrasil.com.br\/reforma-tributaria\/obrigacoes-ibs-cbs-2026\/#breadcrumb"},"inLanguage":"pt-BR","potentialAction":[{"@type":"ReadAction","target":["https:\/\/site.avalarabrasil.com.br\/reforma-tributaria\/obrigacoes-ibs-cbs-2026\/"]}]},{"@type":"ImageObject","inLanguage":"pt-BR","@id":"https:\/\/site.avalarabrasil.com.br\/reforma-tributaria\/obrigacoes-ibs-cbs-2026\/#primaryimage","url":"https:\/\/site.avalarabrasil.com.br\/reforma-tributaria\/wp-content\/uploads\/2026\/02\/man-calculating-writing-close-up-scaled.jpg","contentUrl":"https:\/\/site.avalarabrasil.com.br\/reforma-tributaria\/wp-content\/uploads\/2026\/02\/man-calculating-writing-close-up-scaled.jpg","width":2560,"height":1708,"caption":"obrigacoes-ibs-cbs-2026"},{"@type":"BreadcrumbList","@id":"https:\/\/site.avalarabrasil.com.br\/reforma-tributaria\/obrigacoes-ibs-cbs-2026\/#breadcrumb","itemListElement":[{"@type":"ListItem","position":1,"name":"In\u00edcio","item":"https:\/\/site.avalarabrasil.com.br\/reforma-tributaria\/"},{"@type":"ListItem","position":2,"name":"Obriga\u00e7\u00f5es do IBS e da CBS em 2026: orienta\u00e7\u00f5es oficiais da Receita Federal e do Comit\u00ea Gestor"}]},{"@type":"WebSite","@id":"https:\/\/site.avalarabrasil.com.br\/reforma-tributaria\/#website","url":"https:\/\/site.avalarabrasil.com.br\/reforma-tributaria\/","name":"Descomplica Reforma Tribut\u00e1ria","description":"Entenda o impacto da Reforma Tribut\u00e1ria no seu neg\u00f3cio. No Descomplica Reforma Tribut\u00e1ria, voc\u00ea encontra not\u00edcias, legisla\u00e7\u00e3o e orienta\u00e7\u00f5es pr\u00e1ticas para empresas.","publisher":{"@id":"https:\/\/site.avalarabrasil.com.br\/reforma-tributaria\/#organization"},"alternateName":"Reforma Tribut\u00e1ria Avalara","potentialAction":[{"@type":"SearchAction","target":{"@type":"EntryPoint","urlTemplate":"https:\/\/site.avalarabrasil.com.br\/reforma-tributaria\/?s={search_term_string}"},"query-input":{"@type":"PropertyValueSpecification","valueRequired":true,"valueName":"search_term_string"}}],"inLanguage":"pt-BR"},{"@type":"Organization","@id":"https:\/\/site.avalarabrasil.com.br\/reforma-tributaria\/#organization","name":"Descomplica Reforma Tribut\u00e1ria","url":"https:\/\/site.avalarabrasil.com.br\/reforma-tributaria\/","logo":{"@type":"ImageObject","inLanguage":"pt-BR","@id":"https:\/\/site.avalarabrasil.com.br\/reforma-tributaria\/#\/schema\/logo\/image\/","url":"https:\/\/site.avalarabrasil.com.br\/reforma-tributaria\/wp-content\/uploads\/2025\/11\/avalara.png","contentUrl":"https:\/\/site.avalarabrasil.com.br\/reforma-tributaria\/wp-content\/uploads\/2025\/11\/avalara.png","width":1200,"height":675,"caption":"Descomplica Reforma Tribut\u00e1ria"},"image":{"@id":"https:\/\/site.avalarabrasil.com.br\/reforma-tributaria\/#\/schema\/logo\/image\/"}},{"@type":"Person","@id":"https:\/\/site.avalarabrasil.com.br\/reforma-tributaria\/#\/schema\/person\/de5858a1b3c67568fd25d7180083992d","name":"Camila Nabosne","image":{"@type":"ImageObject","inLanguage":"pt-BR","@id":"https:\/\/site.avalarabrasil.com.br\/reforma-tributaria\/#\/schema\/person\/image\/","url":"https:\/\/site.avalarabrasil.com.br\/reforma-tributaria\/wp-content\/litespeed\/avatar\/0a8eaaf31c4400af2573088d03d0fcb5.jpg?ver=1777386826","contentUrl":"https:\/\/site.avalarabrasil.com.br\/reforma-tributaria\/wp-content\/litespeed\/avatar\/0a8eaaf31c4400af2573088d03d0fcb5.jpg?ver=1777386826","caption":"Camila Nabosne"},"url":"https:\/\/site.avalarabrasil.com.br\/reforma-tributaria\/author\/camila-nabosne\/"}]}},"_links":{"self":[{"href":"https:\/\/site.avalarabrasil.com.br\/reforma-tributaria\/wp-json\/wp\/v2\/posts\/15663","targetHints":{"allow":["GET"]}}],"collection":[{"href":"https:\/\/site.avalarabrasil.com.br\/reforma-tributaria\/wp-json\/wp\/v2\/posts"}],"about":[{"href":"https:\/\/site.avalarabrasil.com.br\/reforma-tributaria\/wp-json\/wp\/v2\/types\/post"}],"author":[{"embeddable":true,"href":"https:\/\/site.avalarabrasil.com.br\/reforma-tributaria\/wp-json\/wp\/v2\/users\/2"}],"replies":[{"embeddable":true,"href":"https:\/\/site.avalarabrasil.com.br\/reforma-tributaria\/wp-json\/wp\/v2\/comments?post=15663"}],"version-history":[{"count":1,"href":"https:\/\/site.avalarabrasil.com.br\/reforma-tributaria\/wp-json\/wp\/v2\/posts\/15663\/revisions"}],"predecessor-version":[{"id":15665,"href":"https:\/\/site.avalarabrasil.com.br\/reforma-tributaria\/wp-json\/wp\/v2\/posts\/15663\/revisions\/15665"}],"wp:featuredmedia":[{"embeddable":true,"href":"https:\/\/site.avalarabrasil.com.br\/reforma-tributaria\/wp-json\/wp\/v2\/media\/15664"}],"wp:attachment":[{"href":"https:\/\/site.avalarabrasil.com.br\/reforma-tributaria\/wp-json\/wp\/v2\/media?parent=15663"}],"wp:term":[{"taxonomy":"category","embeddable":true,"href":"https:\/\/site.avalarabrasil.com.br\/reforma-tributaria\/wp-json\/wp\/v2\/categories?post=15663"},{"taxonomy":"post_tag","embeddable":true,"href":"https:\/\/site.avalarabrasil.com.br\/reforma-tributaria\/wp-json\/wp\/v2\/tags?post=15663"}],"curies":[{"name":"wp","href":"https:\/\/api.w.org\/{rel}","templated":true}]}}